{"id":7697,"date":"2010-05-02T19:07:14","date_gmt":"2010-05-02T18:07:14","guid":{"rendered":"http:\/\/www.hohenlohe-ungefiltert.de\/?p=7697"},"modified":"2010-05-02T19:07:14","modified_gmt":"2010-05-02T18:07:14","slug":"jazz-zum-vatertag-in-obersontheim","status":"publish","type":"post","link":"https:\/\/www.hohenlohe-ungefiltert.de\/?p=7697","title":{"rendered":"&#8222;Jazz zum Vatertag&#8220; in Obersontheim"},"content":{"rendered":"<p>&#8222;Mittagsjazz zum Vaddertach&#8220; gibt es am Donnerstag 13. Mai 2010, um 12 in der Koppenm\u00fchle Obersontheim. Ansonsten ist jeden Donnerstag, um 20.30 Uhr &#8222;Jazz in der Koppenm\u00fchle&#8220; in der Haller Stra\u00dfe 14 in Obersontheim mit Stefan Beyer, Rick von Bracken und guests<\/p>\n<p><strong>Weitere Informationen:<\/strong><\/p>\n<p><a href=\"http:\/\/www.koppenm\u00fchle.de\" target=\"_blank\">www.koppenm\u00fchle.de<\/a><\/p>\n<div class=\"pdf24Plugin-cp\"> \t<form name=\"pdf24Form0\" method=\"post\" action=\"https:\/\/doc2pdf.pdf24.org\/wordpress.php\" target=\"pdf24PopWin\" onsubmit=\"var pdf24Win = window.open('about:blank', 'pdf24PopWin', 'resizable=yes,scrollbars=yes,width=600,height=250,left='+(screen.width\/2-300)+',top='+(screen.height\/3-125)+''); pdf24Win.focus(); if(typeof pdf24OnCreatePDF === 'function'){void(pdf24OnCreatePDF(this,pdf24Win));}\"> \t\t<input type=\"hidden\" name=\"blogCharset\" value=\"Cw1x07UAAA==\" \/><input type=\"hidden\" name=\"blogPosts\" value=\"MwQA\" \/><input type=\"hidden\" name=\"blogUrl\" value=\"yygpKSi20tcvLy\/Xy8jPSM3LARK6pXnpqWmZOSWpRSV6KakA\" \/><input type=\"hidden\" name=\"blogName\" value=\"88jPSM3LARK6pXnpqWmZOSWpRSUA\" \/><input type=\"hidden\" name=\"blogValueEncoding\" value=\"gzdeflate base64\" \/><input type=\"hidden\" name=\"postId_0\" value=\"MzezNAcA\" \/><input type=\"hidden\" name=\"postTitle_0\" value=\"U1O2MDIysvZKrKpSqCrNVQhLLEktKklMVwOJG1grZOYp+CelFhXn55VkpGbmAgA=\" \/><input type=\"hidden\" name=\"postLink_0\" value=\"yygpKSi20tcvLy\/Xy8jPSM3LARK6pXnpqWmZOSWpRSV6Kan69gW25maW5gA=\" \/><input type=\"hidden\" name=\"postAuthor_0\" value=\"AwA=\" \/><input type=\"hidden\" name=\"postDateTime_0\" value=\"MzIwNNA1MNU1MFIwtLQyMLUyNAEA\" \/><input type=\"hidden\" name=\"postContent_0\" value=\"bY47TsNAEIZ7TvHLSFSRX6FAiWMJRMFDERIIKNEkntgb27vW7piIXIaL0OVibEKAFKlmRv9jvqzLz04v0jQdT5UIlW5J6zXWfYsXKgq2QvNqZ4jHKNVMwA7U4tpozdb5AJJhiCkppHESD+CDSQql4bO4N13Hut18VQ3jYeYDRkvFqg1xqf3uhDWUEyy58Nt\/6a4njcNhjOfKYk94t0U7Uv3Lt5duqGn8eBJLm09Gcr4VDr+jVeJlXpDGFX+wHeBRzWu8G39bmteepdcFyp6duCzq8pOsyzMn1ugyf2UlbBm3emFsS6KMZj3Kor38ZydUlheToBLpRlG0Wq3C+gA6LDiAkC1ZJsHbrCFdB\/kRUxbRT+c3\" \/> \t\t<a href=\"https:\/\/www.pdf24.org\" target=\"_blank\" title=\"www.pdf24.org\" rel=\"nofollow\"><img src=\"https:\/\/www.hohenlohe-ungefiltert.de\/wp-content\/plugins\/pdf24-post-to-pdf\/img\/pdf_32x32.png\" alt=\"\" border=\"0\" height=\"32\" \/><\/a> \t\t<span class=\"pdf24Plugin-cp-space\">&nbsp;&nbsp;<\/span> \t\t<span class=\"pdf24Plugin-cp-text\">Sende Artikel als PDF<\/span> \t\t<span class=\"pdf24Plugin-cp-space\">&nbsp;&nbsp;<\/span> \t\t<input class=\"pdf24Plugin-cp-input\" style=\"margin: 0px;\" type=\"text\" name=\"sendEmailTo\" placeholder=\"Emailadresse\" \/> \t\t<input class=\"pdf24Plugin-cp-submit\" style=\"margin: 0px;\" type=\"submit\" value=\"Senden\" \/> \t<\/form> <\/div>","protected":false},"excerpt":{"rendered":"<p>&#8222;Mittagsjazz zum Vaddertach&#8220; gibt es am Donnerstag 13. Mai 2010, um 12 in der Koppenm\u00fchle Obersontheim. Ansonsten ist jeden Donnerstag, um 20.30 Uhr &#8222;Jazz in der Koppenm\u00fchle&#8220; in der Haller Stra\u00dfe 14 in Obersontheim mit Stefan Beyer, Rick von Bracken und guests Weitere Informationen: www.koppenm\u00fchle.de &nbsp;&nbsp; Sende Artikel als PDF &nbsp;&nbsp;<\/p>\n","protected":false},"author":3,"featured_media":0,"comment_status":"open","ping_status":"open","sticky":false,"template":"","format":"standard","meta":[],"categories":[],"tags":[],"_links":{"self":[{"href":"https:\/\/www.hohenlohe-ungefiltert.de\/index.php?rest_route=\/wp\/v2\/posts\/7697"}],"collection":[{"href":"https:\/\/www.hohenlohe-ungefiltert.de\/index.php?rest_route=\/wp\/v2\/posts"}],"about":[{"href":"https:\/\/www.hohenlohe-ungefiltert.de\/index.php?rest_route=\/wp\/v2\/types\/post"}],"author":[{"embeddable":true,"href":"https:\/\/www.hohenlohe-ungefiltert.de\/index.php?rest_route=\/wp\/v2\/users\/3"}],"replies":[{"embeddable":true,"href":"https:\/\/www.hohenlohe-ungefiltert.de\/index.php?rest_route=%2Fwp%2Fv2%2Fcomments&post=7697"}],"version-history":[{"count":2,"href":"https:\/\/www.hohenlohe-ungefiltert.de\/index.php?rest_route=\/wp\/v2\/posts\/7697\/revisions"}],"predecessor-version":[{"id":7716,"href":"https:\/\/www.hohenlohe-ungefiltert.de\/index.php?rest_route=\/wp\/v2\/posts\/7697\/revisions\/7716"}],"wp:attachment":[{"href":"https:\/\/www.hohenlohe-ungefiltert.de\/index.php?rest_route=%2Fwp%2Fv2%2Fmedia&parent=7697"}],"wp:term":[{"taxonomy":"category","embeddable":true,"href":"https:\/\/www.hohenlohe-ungefiltert.de\/index.php?rest_route=%2Fwp%2Fv2%2Fcategories&post=7697"},{"taxonomy":"post_tag","embeddable":true,"href":"https:\/\/www.hohenlohe-ungefiltert.de\/index.php?rest_route=%2Fwp%2Fv2%2Ftags&post=7697"}],"curies":[{"name":"wp","href":"https:\/\/api.w.org\/{rel}","templated":true}]}}