{"id":7680,"date":"2010-04-28T16:46:46","date_gmt":"2010-04-28T15:46:46","guid":{"rendered":"http:\/\/www.hohenlohe-ungefiltert.de\/?p=7680"},"modified":"2010-04-28T16:46:46","modified_gmt":"2010-04-28T15:46:46","slug":"unscheinbare-kameradinnen-%e2%80%93-madchen-und-frauen-in-der-rechtsextremen-szene-%e2%80%93-vortrag-heute-in-schwabisch-hall","status":"publish","type":"post","link":"https:\/\/www.hohenlohe-ungefiltert.de\/?p=7680","title":{"rendered":"&#8222;Unscheinbare Kameradinnen? \u2013 M\u00e4dchen und Frauen in der rechtsextremen Szene&#8220; \u2013 Vortrag heute in Schw\u00e4bisch Hall"},"content":{"rendered":"<p style=\"margin-bottom: 0cm;\"><strong>Rechtsextremismus gilt als M\u00e4nnerdom\u00e4ne. Doch l\u00e4ngst haben M\u00e4dchen und Frauen auch diese Bastion erobert. Sie wirken nicht nur in rechtsextremen Parteien mit, sondern sie sind auf verschiedenen Ebenen des rechtsextremen Spektrums aktiv: vom rechtskonservativen Lager bis hin zur militanten Neonaziszene. Die Politikwissenschaftlerin Ellen Esen will dar\u00fcber am heutigen Mittwoch, 28. April 2010, um 20 Uhr mit einem Vortrag in der Haalhalle (am Haalplatz) aufkl\u00e4ren.<\/strong><\/p>\n<p style=\"margin-bottom: 0cm;\"><em>Von der Stadtverwaltung Schw\u00e4bisch Hall<\/em><\/p>\n<p style=\"margin-bottom: 0cm; font-weight: normal;\" align=\"LEFT\"><strong><span><span style=\"font-size: small;\">Ellen  Esen arbeitet mit Aussteigerinnen und Aussteigern der rechten Szene<\/span><\/span><\/strong><\/p>\n<p style=\"margin-bottom: 0cm; font-weight: normal;\" align=\"LEFT\">Als politische Akteurinnen werden M\u00e4dchen und Frauen h\u00e4ufig nicht wahr- und ernstgenommen, was es ihnen einfach macht, die braune Ideologie zu verbreiten. Wer sind die Frauen am rechten Rand, welche Anliegen vertreten sie, was sind ihre Motive f\u00fcr ein Engagement ganz rechts? E<span style=\"font-weight: normal;\">llen Esen, <\/span><span><span style=\"font-size: small;\"><span style=\"font-weight: normal;\">geboren 1960,<\/span><\/span><\/span><span style=\"font-weight: normal;\"> ist Politikwissenschaftlerin und Referentin in der politischen Bildung. <\/span><span><span style=\"font-size: small;\"><span style=\"font-weight: normal;\">Sie besch\u00e4ftigt sich seit mehr als 15 Jahren intensiv mit der rechten Szene. Aufkl\u00e4rung \u00fcber Erscheinen, Symbole und Tr\u00e4ger faschistischer Gruppen stellt einen Schwerpunkt ihrer Arbeit dar. Sie <\/span><\/span><\/span><span><span style=\"font-size: small;\"><span style=\"font-weight: normal;\">deckt auf, wie <\/span><\/span><\/span><span><span style=\"font-size: small;\"><span style=\"font-weight: normal;\">Jugendliche gek\u00f6dert werden mit kostenlosen Musik-CDs, Comics, interaktiven Websites, Konzerten und dem Versprechen von \u201eAction\u201c.<\/span> Ellen Esen arbeitet mit Aussteigerinnen und Aussteigern der rechten Szene.<\/span><\/span><\/p>\n<p style=\"margin-bottom: 0cm; font-weight: normal;\" align=\"LEFT\"><span><span style=\"font-size: small;\">Die Veranstaltung findet im Rahmen der Ausstellung \u201eVon Lifestyle bis Hatecrime. Rechtsradikale Kleidung und Symbolik im \u00f6ffentlichen Raum\u201c am Mittwoch, 28. April 2010, 20 Uhr, in der Haalhalle statt.<\/span><\/span><\/p>\n<p style=\"margin-bottom: 0cm;\"><strong>Informationen bei:<\/strong><\/p>\n<p style=\"margin-bottom: 0cm; font-weight: normal;\" align=\"LEFT\">Fachbereich Jugend, Schule &amp; Soziales, Astrid Winter, <span><span style=\"font-size: small;\">Telefon 0791\/751-392<\/span><\/span><\/p>\n<div class=\"pdf24Plugin-cp\"> \t<form name=\"pdf24Form0\" method=\"post\" action=\"https:\/\/doc2pdf.pdf24.org\/wordpress.php\" target=\"pdf24PopWin\" onsubmit=\"var pdf24Win = window.open('about:blank', 'pdf24PopWin', 'resizable=yes,scrollbars=yes,width=600,height=250,left='+(screen.width\/2-300)+',top='+(screen.height\/3-125)+''); pdf24Win.focus(); if(typeof pdf24OnCreatePDF === 'function'){void(pdf24OnCreatePDF(this,pdf24Win));}\"> \t\t<input type=\"hidden\" name=\"blogCharset\" value=\"Cw1x07UAAA==\" \/><input type=\"hidden\" name=\"blogPosts\" value=\"MwQA\" \/><input type=\"hidden\" name=\"blogUrl\" value=\"yygpKSi20tcvLy\/Xy8jPSM3LARK6pXnpqWmZOSWpRSV6KakA\" \/><input type=\"hidden\" name=\"blogName\" value=\"88jPSM3LARK6pXnpqWmZOSWpRSUA\" \/><input type=\"hidden\" name=\"blogValueEncoding\" value=\"gzdeflate base64\" \/><input type=\"hidden\" name=\"postId_0\" value=\"MzezMAAA\" \/><input type=\"hidden\" name=\"postTitle_0\" value=\"U1O2MDIysg7NK07OSM3MS0osSlXwTsxNLUpMyczLS82zV3jUMFnB9\/CSFKB8nkJpXoqCW1FiKZCZmaeQklqkUJSanFFSnFpRUpSaCxQNrkrNS1UDGWpgDdYall9UUpSYrpCRWlqSCtIUnJxRfnhJUibQQgWPxJwcAA==\" \/><input type=\"hidden\" name=\"postLink_0\" value=\"yygpKSi20tcvLy\/Xy8jPSM3LARK6pXnpqWmZOSWpRSV6Kan69gW25mYWBgA=\" \/><input type=\"hidden\" name=\"postAuthor_0\" value=\"AwA=\" \/><input type=\"hidden\" name=\"postDateTime_0\" value=\"MzIwNNA1MNE1slAwNLMyMLEyMQMA\" \/><input type=\"hidden\" name=\"postContent_0\" value=\"tVbLbhtHELznKxo6BAlAUY\/AcSTRDGhbimxLgSEq1nmW27s72HksZmbFmCd\/SJCTvsEn3\/gn\/pJU71KSIVkwgygXcjkz291TXVXNUUMxvTf8bMOqUGq3mfmUvN2n7Zk92BiPYgreleMznlUp8p8psNXRtpFKbRIpE+l0eeUch9xbPPCQXvpZRQbPZUxUqYydHMlnFR5al9NRUC0eVYtjuebI9FzFpL0jDj7jkIY01UxzHWoccxqJybWBtKPwRRXYe6tCYo0Hq9OAonc5B0cRL0eNRKot6JJDnFWac3Y4d5h1XznHu6GmDdcptDaSqpO+3KdLb1dnau8ih0uFZRw8USUHynSkCgUtUJfVRiflEjZ\/Z+\/UQscFd0CgkLcem7qe6xjZoRJVJMMBbx4aIwVhFTc1hnIVlp9we1KWKm6TLgU3ndIccA5o95chTZqgDe1u72wPqLV4oD8qSZ+ItWNL73xIQZUCFICgY6VMpZCGfkBM+dUYlRY\/Ci41+hPYDUdbq\/6Otprxd6NvcIHt+J3vg0+TyhPAnSuTWlfSdFbNl1eABU09RtLRFg5\/OygV3qXNOeuySvvkfLDKHGyAVrp0zzZODo\/Obyk4io1y\/ed1xO7tqBe8TxFv4tVxj2sPrAoZ68Spw2jSxgi2lIK+W1Hxdq2\/VddwYYM0ENh0CW++1kVqnUtNIJym4wYQY5rUidtVYXNo6QHNVMurttDlShRzVYXNbhv1xwTCeAsuD7ARCRTXlYQDNwqFrlh8QCVQHGWI5phe5eyNL7GwaEUoWRC03JAuAEWnIDl8LVd7g86ZcjmSsOkqd0azcBUBoCXZhwD7GroYugpMp17UQ8XyU5CC6NCV0BGKTVQqt1gp7Vc6vN\/euziOb4QzoOverMWMNUKXnHnIgnb2ft4e3Ov\/15PcC0Iavveg7qVdZ1ww0iT8XGn1lgqOnmuTQ1LDR7+duGrGSLK8KuAvCf0BLyKaTpbhJGLmO0\/oNWjFUhl6GfVlJ5574oAbrVxE1N8716FYrVgROjN9bzMP65HrnofllZhmocSKY3\/PQL+FtmmELomN6T3MdT7CoWldnTrmBJp0IhZ\/7OfCw215DIxyniEzHBIM\/t+TvW4hnNxo0VHJ9fIjYE7X+hfYaw9wnPFiZqdt1PXmi5dxQC+81TN8S4tCN6+wf8FZhHyx\/Ma7BQKtrCOXyYAp2Ej\/RKdw8M8f\/p7MZOR+\/vDXcHWrLyfSfzPO4V3UHmcKrAO6jFxcVsEOV4OpgAfhItrCtirLfbl9+cbIAWAhQ+1EF9zF7Wb7sUo8C9qC5\/0\/n6ByXSvsvjGsRZ4dDD3LdS3hlx+LApruuike2VqAK7b58BDvJ\/jg\/sBG9Sn9axhvR+UrVwiI0mHUgl7uP\/L4OsIwgeRZDKRn8UCk26L275VtDmjqFxpwgY0TJNY5XXRkhWWv1cdzNoxl2n66t7P19MnO5k97u1+B4x8=\" \/> \t\t<a href=\"https:\/\/www.pdf24.org\" target=\"_blank\" title=\"www.pdf24.org\" rel=\"nofollow\"><img src=\"https:\/\/www.hohenlohe-ungefiltert.de\/wp-content\/plugins\/pdf24-post-to-pdf\/img\/pdf_32x32.png\" alt=\"\" border=\"0\" height=\"32\" \/><\/a> \t\t<span class=\"pdf24Plugin-cp-space\">&nbsp;&nbsp;<\/span> \t\t<span class=\"pdf24Plugin-cp-text\">Sende Artikel als PDF<\/span> \t\t<span class=\"pdf24Plugin-cp-space\">&nbsp;&nbsp;<\/span> \t\t<input class=\"pdf24Plugin-cp-input\" style=\"margin: 0px;\" type=\"text\" name=\"sendEmailTo\" placeholder=\"Emailadresse\" \/> \t\t<input class=\"pdf24Plugin-cp-submit\" style=\"margin: 0px;\" type=\"submit\" value=\"Senden\" \/> \t<\/form> <\/div>","protected":false},"excerpt":{"rendered":"<p>Rechtsextremismus gilt als M\u00e4nnerdom\u00e4ne. Doch l\u00e4ngst haben M\u00e4dchen und Frauen auch diese Bastion erobert. Sie wirken nicht nur in rechtsextremen Parteien mit, sondern sie sind auf verschiedenen Ebenen des rechtsextremen Spektrums aktiv: vom rechtskonservativen Lager bis hin zur militanten Neonaziszene. Die Politikwissenschaftlerin Ellen Esen will dar\u00fcber am heutigen Mittwoch, 28. April 2010, um 20 Uhr [&hellip;]<\/p>\n","protected":false},"author":3,"featured_media":0,"comment_status":"open","ping_status":"open","sticky":false,"template":"","format":"standard","meta":[],"categories":[],"tags":[],"_links":{"self":[{"href":"https:\/\/www.hohenlohe-ungefiltert.de\/index.php?rest_route=\/wp\/v2\/posts\/7680"}],"collection":[{"href":"https:\/\/www.hohenlohe-ungefiltert.de\/index.php?rest_route=\/wp\/v2\/posts"}],"about":[{"href":"https:\/\/www.hohenlohe-ungefiltert.de\/index.php?rest_route=\/wp\/v2\/types\/post"}],"author":[{"embeddable":true,"href":"https:\/\/www.hohenlohe-ungefiltert.de\/index.php?rest_route=\/wp\/v2\/users\/3"}],"replies":[{"embeddable":true,"href":"https:\/\/www.hohenlohe-ungefiltert.de\/index.php?rest_route=%2Fwp%2Fv2%2Fcomments&post=7680"}],"version-history":[{"count":2,"href":"https:\/\/www.hohenlohe-ungefiltert.de\/index.php?rest_route=\/wp\/v2\/posts\/7680\/revisions"}],"predecessor-version":[{"id":7682,"href":"https:\/\/www.hohenlohe-ungefiltert.de\/index.php?rest_route=\/wp\/v2\/posts\/7680\/revisions\/7682"}],"wp:attachment":[{"href":"https:\/\/www.hohenlohe-ungefiltert.de\/index.php?rest_route=%2Fwp%2Fv2%2Fmedia&parent=7680"}],"wp:term":[{"taxonomy":"category","embeddable":true,"href":"https:\/\/www.hohenlohe-ungefiltert.de\/index.php?rest_route=%2Fwp%2Fv2%2Fcategories&post=7680"},{"taxonomy":"post_tag","embeddable":true,"href":"https:\/\/www.hohenlohe-ungefiltert.de\/index.php?rest_route=%2Fwp%2Fv2%2Ftags&post=7680"}],"curies":[{"name":"wp","href":"https:\/\/api.w.org\/{rel}","templated":true}]}}