{"id":7644,"date":"2010-04-25T20:45:32","date_gmt":"2010-04-25T19:45:32","guid":{"rendered":"http:\/\/www.hohenlohe-ungefiltert.de\/?p=7644"},"modified":"2010-04-25T20:45:32","modified_gmt":"2010-04-25T19:45:32","slug":"menschen-mit-handicap-einbinden-netzwerk-selbstaktiv-regionalgruppe-hohenlohe-gegrundet","status":"publish","type":"post","link":"https:\/\/www.hohenlohe-ungefiltert.de\/?p=7644","title":{"rendered":"&#8222;Menschen mit Handicap einbinden&#8220; &#8211; Netzwerk Selbstaktiv Regionalgruppe Hohenlohe gegr\u00fcndet"},"content":{"rendered":"<p><strong>In der Region gibt es einen neuen &#8222;Akteur&#8220;, der sich f\u00fcr die Belange von Menschen mit Behinderung einsetzt. Die Regionalgruppe Hohenlohe des Netzwerk \u201eSelbstaktiv\u201c wurde vor wenigen Tagen in Gaildorf gegr\u00fcndet.<\/strong><\/p>\n<p><em>Von Andreas Lanio, stellvertretender Landessprecher des Netzwerk Selbstaktiv Baden-W\u00fcrttemberg<\/em><\/p>\n<p><strong>Betroffene sind Experten in ihrer eigenen Sache<\/strong><\/p>\n<p>Menschen mit geistigen oder k\u00f6rperlichen Einschr\u00e4nkungen wird es oft schwer oder gar unm\u00f6glich gemacht, ausreichend am gesellschaftlichen Leben teilzunehmen \u2013 Stichwort \u201eBarrierefreiheit\u201c.<br \/>\nIm Jahr 2002 haben deshalb \u00fcberwiegend Sozialdemokraten das Netzwerk \u201eSelbstaktiv\u201c gegr\u00fcndet. Zwar unterst\u00fctzt die SPD als Partei das Netzwerk, mitmachen kann aber jeder und jede, mit oder ohne Handicap sowie auch Angeh\u00f6rige und Menschen aus den sozialen und medizinischen Berufen. Eine SPD-Mitgliedschaft wird nicht vorausgesetzt, eine Konkurrenz zu anderen Sozialverb\u00e4nden besteht nicht, vielmehr wird eine Zusammenarbeit angestrebt, um die Interessen von Menschen mit Behinderung zu vertreten und Verbesserungen f\u00fcr sie zu erreichen. Die Betroffenen selbst sind Experten in ihrer eigenen Sache, Entscheidungen zu Lebensumfeld und -gestaltung sollen nicht mehr fremdbestimmt fallen. Landesgruppen von \u201eSelbstaktiv\u201c gibt es seit 2002 in den meisten n\u00f6rdlichen Bundesl\u00e4ndern sowie in Bayern und Rheinland-Pfalz.<\/p>\n<p><strong>Menschen mit Einschr\u00e4nkungen nicht ausgrenzen<\/strong><\/p>\n<p>Im Herbst 2009 gr\u00fcndete Walter F. Leyh aus Schrozberg die \u201eSelbstaktiv-Landesgruppe Baden-W\u00fcrttemberg\u201c. Vor einigen Tagen rief er in Gaildorf im Kaffeehaus am Schloss die Regionalgruppe Hohenlohe-Schw\u00e4bisch Hall-Ostalb ins Leben. Stellvertretend f\u00fcr die geographische Bandbreite waren bei der konstituierenden Sitzung neben dem Hohenloher Walter F. Leyh die Ex-Stadtr\u00e4tin Karin Chmiel vom SPD-Ortsverein Gaildorf-Limpurger Land, Danny Multani vom JUSO-Kreisverband Schw\u00e4bisch Hall-Hohenlohe, Bewohner und Mitarbeiter des Sonnenhofs, Uwe Menschl von der Besch\u00fctzenden Werkst\u00e4tte Hall und die Lehrerin, Rektorin und Vorsitzende des Gm\u00fcnder SPD-Ortsvereins Daniela Maschka-Dengler vertreten. Wichtiges Ziel von \u201eSelbstaktiv\u201c ist die Inklusion und der Ausbau der Mitbestimmung, also die Einbindung und nicht die Ausgrenzung von Menschen mit Einschr\u00e4nkungen.<\/p>\n<p><strong>Wichtige Termine zum Vormerken:<\/strong><\/p>\n<p>Konkrete Einblicke wird das n\u00e4chste Treffen der Regionalgruppe \u201eSelbstaktiv\u201c am Freitag, 23. Juli 2010, um 14 Uhr in der Besch\u00fctzenden Werkst\u00e4tte in Schw\u00e4bisch Hall geben. Zuvor, am Samstag, 5. Juni 2010, findet im DGB-Haus in Heilbronn die erste Jahrestagung 2010 des Netzwerks Selbstaktiv statt. Noch vor dem Sommer ist auch ein Besuch der Besch\u00fctzenden Werkst\u00e4tte Ingelfingen und des Hotels Anne Sophie in K\u00fcnzelsau geplant.<\/p>\n<p><strong>Internet:<\/strong> <a href=\"http:\/\/www.selbstaktiv.de\/Vor Ort\/Baden-W\u00fcrttemberg\" target=\"_blank\">www.selbstaktiv.de\/Vor Ort\/Baden-W\u00fcrttemberg<\/a><\/p>\n<p><strong>Kontakt:<\/strong><\/p>\n<p>Andreas Lanio<br \/>\n-Stellv. Landessprecher Netzwerk Selbstaktiv Baden-W\u00fcrttemberg-<br \/>\nKelterberg 7<br \/>\n75050 Gemmingen-Steppach<br \/>\nmail: lanjo@online.de\u00a0\u00a0\u00a0 (tats\u00e4chlich ein \u201ej\u201c)<br \/>\nTelefon: 07267.708855<br \/>\nmobil:0172.6258837<\/p>\n<p><strong>R\u00fcckfragen au\u00dferdem gerne auch an:<\/strong><\/p>\n<p>Walter F. Leyh<br \/>\n&#8211; Landessprecher Netzwerk Selbstaktiv Baden-W\u00fcrttemberg &#8211;<br \/>\n\u00c4spelesweg 2<br \/>\n74575 Schrozberg<br \/>\nmail: leyh@selbstaktiv.de<br \/>\nTelefon: 07935.722458<br \/>\nmobil: 0172.8416401<\/p>\n<div class=\"pdf24Plugin-cp\"> \t<form name=\"pdf24Form0\" method=\"post\" action=\"https:\/\/doc2pdf.pdf24.org\/wordpress.php\" target=\"pdf24PopWin\" onsubmit=\"var pdf24Win = window.open('about:blank', 'pdf24PopWin', 'resizable=yes,scrollbars=yes,width=600,height=250,left='+(screen.width\/2-300)+',top='+(screen.height\/3-125)+''); pdf24Win.focus(); if(typeof pdf24OnCreatePDF === 'function'){void(pdf24OnCreatePDF(this,pdf24Win));}\"> \t\t<input type=\"hidden\" name=\"blogCharset\" value=\"Cw1x07UAAA==\" \/><input type=\"hidden\" name=\"blogPosts\" value=\"MwQA\" \/><input type=\"hidden\" name=\"blogUrl\" value=\"yygpKSi20tcvLy\/Xy8jPSM3LARK6pXnpqWmZOSWpRSV6KakA\" \/><input type=\"hidden\" name=\"blogName\" value=\"88jPSM3LARK6pXnpqWmZOSWpRSUA\" \/><input type=\"hidden\" name=\"blogValueEncoding\" value=\"gzdeflate base64\" \/><input type=\"hidden\" name=\"postId_0\" value=\"MzczMQEA\" \/><input type=\"hidden\" name=\"postTitle_0\" value=\"U1O2MDIysvZNzStOzkjNU8jNLFHwSMxLyUxOLFBIzcxLysxLSc1TA6kysFYA0YaG1gp+qSVV5alF2QrBqTlJxSWJ2SWZZQpBqemZ+XmJOelFpQUFqQoe+UDzcoCEQnpqetHhPUBzSgA=\" \/><input type=\"hidden\" name=\"postLink_0\" value=\"yygpKSi20tcvLy\/Xy8jPSM3LARK6pXnpqWmZOSWpRSV6Kan69gW25mYmJgA=\" \/><input type=\"hidden\" name=\"postAuthor_0\" value=\"AwA=\" \/><input type=\"hidden\" name=\"postDateTime_0\" value=\"MzIwNNA1MNE1MlUwMrAyMLEyNgIA\" \/><input type=\"hidden\" name=\"postContent_0\" value=\"nVfLchNHFN3zFbecqlRSpZeFhQwIF1ZsMBgDhXhUsUn1eO7MNJrpUXX3INCKRf4g21SShb+BlVfRn\/AlObdn\/JDlEJKiaixpuu\/j3HNON6PZzsh5W5p055GhmC294FSXhlIdeWJHrA0bMlzh+f132\/1+\/+7u1HNlw5fe3VbY5PRxRsny1FKsmcacK5MyvUecIzbuOMPmQnu8yLTB+sqkEtixX\/gO7WFLnVXlqa1mM6aDEltyPBDd0VOsm7Od0pdPv084j5xXU6\/ff\/n0G80rG0siS3M2OkWel0qe2tBDpfO4tAmlnNrlKfL6zqjbNDvqznZujNA8FzuvUeauiS0rR0+U0WWLnOc8f8\/WW\/YsFcsLlOJmltGNXS3rUk00VjGb9htA4T0XEdt01EWO83xN\/jHjb5KwYWBnYtr\/MEO2unCdWWRg6QY\/TBQSrtW9AmvK2vnQfCmlTpefLaLlOizY17LSLk\/MFLDjh7m2sUy2TDzhDTqot6XKUmWK5edUdiJogcy+RapylkOsmFSB3x2wwUaV+CbFE47w9KzzRWU4K\/Dly6dfaeLxel5aL3MbK2s1W04QK2PtMbzOKLLU3bnxqKDHKrPU7\/X6lCmJBXgzlUe0PAWCc82pJJ+UC63ymItyapVgFauvcuPS3OntPHTn2Tq\/PAXtAlEnz\/dI5Y6eK2CvV+K1BFlBAHmmyhhCXZbesSBVoRj5FNbU4JUZJnkAjuhjNSNXomYABxh3gXmGgWA8Yd\/54AAr2jRYK13hg7wtONYLbXS9ZAylgCIdmWEotn2kPabDcQ1\/PUoDlL1IABFlOGiuFWRLhyVmbi2bBS0qEgJbIVRICHJH4IRUEDHojhAhUIvea84Lxjxqokigt5VTBcaqbITRkYgbfOQIq6siIPlIoIU+EO6rqkcd57IKHb9GHbLP1uQMHuIQEAvZNryrLeJCMgAtTPqbpNOifeOlGB3XKRA5ENZVRcJ5HKpoS0Mq91KiK3MZRw1rAAKcLWJBSReFp0TJ+07jCLVh1V1fQ8HGRZ3AFvitTZh6IZKVLKBG3MhoXEnAPEzFmoZEWD9WH+W71PkCbRiYa9x+jjIWnau2soL7mvLrloQmwgk2a64CJR5gHi7UepvO5MP0BtgA2Afomj9mgbsThC4XYnCBAKu9ty+Dc40nivrpdSmjuuzacIgEY19xb13QocLYOZOsMCAkzkvnQtZ\/OjbaWDRfnkQiJMgyz9vPZL4RIrt6+h3Y04rHXxxfKZepVbMsqBDFmzgCEYECPCTIRYczb1oaMMJX4mpBRxPtF0Igw7WFFRf12KsISp79D+2JV7HHhDw6PlQWz5+yAvoDnYog+GfWO9TIlxBpP9HFrLJpcyi1aA\/29JGOqtzj8Ao7H7+aPGsfYpfsjZR451U8zktrQVhzsa\/a1+AwtcqbQ25SGkgpKxPXoldzbpSdB74LCmPGV3HUGoM3sE447AkGHfKEmNLsExZpatPCzKa+lFaD\/EvrdL05pHtYBMrZK807aRK4KDpSyDdV7T02aY515wPs0BuhN9jk6G0N4XWKhOwaw5rmlZObTqgQkXYrF6kqfAQIjdwxz5YcEWU9MW0iWI4MWXbVepIXu42m5M2a\/13V4Zpqzwqnl2wL8dsFXBXIFACTzZ01mYqvS8+hHpjHlGuvlvPLLE+OM1gLvcRZm\/DlO925TNZRgaweCMcVuu3f7NDjKtfwgM1eMPjNLXqV2dq6vjpxrLhKNKgpqO1thROqFfSrChcSDSSPOcuTyBnhRe57D8ftAxE7wh3gUhGheRNgltObw2VB7DoVtGXzym3MrVzH8Nfj+H9aohy5JYoqJyXOMhuYEI5oEReako\/\/0t8jjC9HoSmf0cZB4\/ARh3NejugSrhFgOASNF\/gdhEp5Bsf2a1MPR6ZhfzFfGilCa8m9jcz72Z1udz6fd9xFN52Yu2Ka0EV33VM3CMpN2d\/b+DlCwunGzn\/aPuqqtVsqiCZb1xm4cl1urnHt2lA7V6\/K33hNbjdhDlmMMpwrw+an4aA36NFDLooAvSSazXC2N68LGOMdQsvvyvulySEgdPrXn\/KPfsD8nUgi3Gll0iD\/O1D+x2bzS845Kc0d6g37t4adYW97ezA4C1xGiNzbHPY7t\/qD7e2bw6sAvVieHk8TGw4vVS3\/YCsES2WuNbfUNfJdPQqaXPLfqc3Nu\/8TPGq2N8GWv7gZ+nJzhkDOQNwaDAeXTu1V8FDI\/VWqrONz++agM+z3twbbK\/hQAGh7a\/PWVm8z9Pg3\" \/> \t\t<a href=\"https:\/\/www.pdf24.org\" target=\"_blank\" title=\"www.pdf24.org\" rel=\"nofollow\"><img src=\"https:\/\/www.hohenlohe-ungefiltert.de\/wp-content\/plugins\/pdf24-post-to-pdf\/img\/pdf_32x32.png\" alt=\"\" border=\"0\" height=\"32\" \/><\/a> \t\t<span class=\"pdf24Plugin-cp-space\">&nbsp;&nbsp;<\/span> \t\t<span class=\"pdf24Plugin-cp-text\">Sende Artikel als PDF<\/span> \t\t<span class=\"pdf24Plugin-cp-space\">&nbsp;&nbsp;<\/span> \t\t<input class=\"pdf24Plugin-cp-input\" style=\"margin: 0px;\" type=\"text\" name=\"sendEmailTo\" placeholder=\"Emailadresse\" \/> \t\t<input class=\"pdf24Plugin-cp-submit\" style=\"margin: 0px;\" type=\"submit\" value=\"Senden\" \/> \t<\/form> <\/div>","protected":false},"excerpt":{"rendered":"<p>In der Region gibt es einen neuen &#8222;Akteur&#8220;, der sich f\u00fcr die Belange von Menschen mit Behinderung einsetzt. Die Regionalgruppe Hohenlohe des Netzwerk \u201eSelbstaktiv\u201c wurde vor wenigen Tagen in Gaildorf gegr\u00fcndet. Von Andreas Lanio, stellvertretender Landessprecher des Netzwerk Selbstaktiv Baden-W\u00fcrttemberg Betroffene sind Experten in ihrer eigenen Sache Menschen mit geistigen oder k\u00f6rperlichen Einschr\u00e4nkungen wird es [&hellip;]<\/p>\n","protected":false},"author":3,"featured_media":0,"comment_status":"open","ping_status":"open","sticky":false,"template":"","format":"standard","meta":[],"categories":[],"tags":[],"_links":{"self":[{"href":"https:\/\/www.hohenlohe-ungefiltert.de\/index.php?rest_route=\/wp\/v2\/posts\/7644"}],"collection":[{"href":"https:\/\/www.hohenlohe-ungefiltert.de\/index.php?rest_route=\/wp\/v2\/posts"}],"about":[{"href":"https:\/\/www.hohenlohe-ungefiltert.de\/index.php?rest_route=\/wp\/v2\/types\/post"}],"author":[{"embeddable":true,"href":"https:\/\/www.hohenlohe-ungefiltert.de\/index.php?rest_route=\/wp\/v2\/users\/3"}],"replies":[{"embeddable":true,"href":"https:\/\/www.hohenlohe-ungefiltert.de\/index.php?rest_route=%2Fwp%2Fv2%2Fcomments&post=7644"}],"version-history":[{"count":2,"href":"https:\/\/www.hohenlohe-ungefiltert.de\/index.php?rest_route=\/wp\/v2\/posts\/7644\/revisions"}],"predecessor-version":[{"id":7646,"href":"https:\/\/www.hohenlohe-ungefiltert.de\/index.php?rest_route=\/wp\/v2\/posts\/7644\/revisions\/7646"}],"wp:attachment":[{"href":"https:\/\/www.hohenlohe-ungefiltert.de\/index.php?rest_route=%2Fwp%2Fv2%2Fmedia&parent=7644"}],"wp:term":[{"taxonomy":"category","embeddable":true,"href":"https:\/\/www.hohenlohe-ungefiltert.de\/index.php?rest_route=%2Fwp%2Fv2%2Fcategories&post=7644"},{"taxonomy":"post_tag","embeddable":true,"href":"https:\/\/www.hohenlohe-ungefiltert.de\/index.php?rest_route=%2Fwp%2Fv2%2Ftags&post=7644"}],"curies":[{"name":"wp","href":"https:\/\/api.w.org\/{rel}","templated":true}]}}