{"id":7530,"date":"2010-04-15T12:10:51","date_gmt":"2010-04-15T11:10:51","guid":{"rendered":"http:\/\/www.hohenlohe-ungefiltert.de\/?p=7530"},"modified":"2010-04-16T20:52:43","modified_gmt":"2010-04-16T19:52:43","slug":"hermann-josef-pelgrim-kandidiert-fur-landtagsmandat-im-wahlkreis-hohenlohe","status":"publish","type":"post","link":"https:\/\/www.hohenlohe-ungefiltert.de\/?p=7530","title":{"rendered":"Hermann-Josef Pelgrim (SPD) kandidiert f\u00fcr Landtagsmandat im Wahlkreis Hohenlohe"},"content":{"rendered":"<div id=\"attachment_7534\" style=\"width: 160px\" class=\"wp-caption alignleft\"><a href=\"https:\/\/www.hohenlohe-ungefiltert.de\/wp-content\/uploads\/2010\/04\/eu-diskussion_hall_3-kopie_pelgrim_kubosch.jpg\"><img aria-describedby=\"caption-attachment-7534\" loading=\"lazy\" class=\"size-thumbnail wp-image-7534\" title=\"eu-diskussion_hall_3-kopie_pelgrim_kubosch\" src=\"https:\/\/www.hohenlohe-ungefiltert.de\/wp-content\/uploads\/2010\/04\/eu-diskussion_hall_3-kopie_pelgrim_kubosch-150x150.jpg\" alt=\"Hermann-Josef Pelgrim m\u00f6chte f\u00fcr den Landtag kandidieren\" width=\"150\" height=\"150\" \/><\/a><p id=\"caption-attachment-7534\" class=\"wp-caption-text\">Hermann-Josef Pelgrim will f\u00fcr die SPD in den Landtag.<\/p><\/div>\n<p><strong>Einstimmig hat der Kreisvorstand der SPD Hohenlohe gestern Abend (14. April 2010) dem  Schw\u00e4bisch Haller Oberb\u00fcrgermeister Hermann-Josef Pelgrim die Kandidatur f\u00fcr das  Landtagsmandat zur Landtagswahl am 27. M\u00e4rz 2011 angetragen.<br \/>\n<\/strong><\/p>\n<p><em>Pressemitteilung der Stadt Schw\u00e4bisch Hall<\/em><\/p>\n<p><strong>&#8222;Region muss mit einer Stimme sprechen<\/strong>&#8220;<\/p>\n<p>Unterst\u00fctzt wird die Kandidatur auch von Ortsvereinen des Haller SPD-Kreisverbandes, die zum Wahlkreis Hohenlohe geh\u00f6ren.\u201eEinstimmig zur Kandidatur aufgefordert zu werden, das ist schon  eine besondere Ehre und Verpflichtung f\u00fcr mich. F\u00fcr mich ist dies ein  klares Signal f\u00fcr eine starke Zusammenarbeit der Raumschaft im Interesse  der hier lebenden Menschen\u201c, bekundete Pelgrim seine  Bereitschaft zur Kandidatur. \u201eWenn die Region mit einer Stimme spricht,  wird sie geh\u00f6rt und kann sie entsprechend ihrer Spitzenstellung als  dynamischer Wirtschaftsraum in Baden-W\u00fcrttemberg auch in anderen  zentralen Zukunftsfeldern viel erreichen\u201c, so der Haller  Oberb\u00fcrgermeister.<\/p>\n<p><strong>Wahlkreis 21: Hohenlohekreis und sechs Gemeinden im Landkreis Schw\u00e4bisch Hall<\/strong><\/p>\n<p>Zum Wahlkreis 21 \u2013 Hohenlohe geh\u00f6ren alle Gemeinden im  Hohenlohekreis sowie Blaufelden, Braunsbach, Gerabronn, Langenburg,  Schrozberg und Unterm\u00fcnkheim im Landkreis Schw\u00e4bisch Hall.<\/p>\n<div class=\"pdf24Plugin-cp\"> \t<form name=\"pdf24Form0\" method=\"post\" action=\"https:\/\/doc2pdf.pdf24.org\/wordpress.php\" target=\"pdf24PopWin\" onsubmit=\"var pdf24Win = window.open('about:blank', 'pdf24PopWin', 'resizable=yes,scrollbars=yes,width=600,height=250,left='+(screen.width\/2-300)+',top='+(screen.height\/3-125)+''); pdf24Win.focus(); if(typeof pdf24OnCreatePDF === 'function'){void(pdf24OnCreatePDF(this,pdf24Win));}\"> \t\t<input type=\"hidden\" name=\"blogCharset\" value=\"Cw1x07UAAA==\" \/><input type=\"hidden\" name=\"blogPosts\" value=\"MwQA\" \/><input type=\"hidden\" name=\"blogUrl\" value=\"yygpKSi20tcvLy\/Xy8jPSM3LARK6pXnpqWmZOSWpRSV6KakA\" \/><input type=\"hidden\" name=\"blogName\" value=\"88jPSM3LARK6pXnpqWmZOSWpRSUA\" \/><input type=\"hidden\" name=\"blogValueEncoding\" value=\"gzdeflate base64\" \/><input type=\"hidden\" name=\"postId_0\" value=\"Mzc1NgAA\" \/><input type=\"hidden\" name=\"postTitle_0\" value=\"80gtyk3My9P1yi9OTVMISM1JL8rMVdAIDnDRVMhOzEvJTMlMLSpRSDu8p0jBB8gvSUwvBmpISSxRAKoLT8zIyS5KzSxW8MjPSM3LARIA\" \/><input type=\"hidden\" name=\"postLink_0\" value=\"yygpKSi20tcvLy\/Xy8jPSM3LARK6pXnpqWmZOSWpRSV6Kan69gW25qbGBgA=\" \/><input type=\"hidden\" name=\"postAuthor_0\" value=\"S0zJzcwDAA==\" \/><input type=\"hidden\" name=\"postDateTime_0\" value=\"MzIwNNA1MNE1NFUwNLIyMLEyNQQA\" \/><input type=\"hidden\" name=\"postContent_0\" value=\"vZTPbttGEMbveYoBCxQtIJKS4jSFIwmI0bRukyBGjNaAL8ZSHJFb7S6J3aVk65R36LXoKc+Qk296kzxJv11RdvynRU89SKJ2uTPf\/OabnZRyRbKcJsJ7Ma81G3\/x\/NnTg4Scv1I8Tday9PUhjb4btpcJzZVwDottOhetl40hoWRlFC98MpsIqi0vpkntfesO83y9Xmd1U7NR+Eo7U\/FCKs\/WZyXnIUZjPBLmXasaUbp8PBwN8+FBzl1aSrfsnEOGi1oodfE0XTat5IuWVWWlvlh2RePmdfZ7WyGx1BUJK0VasptbWXBZXE2TXmJ6W1q6Ky1kk6aaJkpsrm6KcnLDqa87XRghFUGf1KLi\/oyXPuD479JA0M7\/Txbp6NnwEp\/IBH3x0+SYrRbGpL80jhd0snuf9PbTvPZMi+21pZINvRGm9KKiJX5lKdmySSg2fpogYEI1y6r2\/Z98NsnFbNJG2\/wj4wdOST1fwiSPS1pLpXo9kun05AeS5ktp2SRvkRZmnT2Z4Ml525hq9koa56XWsqJaeByw9NqydKvGOo+TcSVEO96Tp4odqBt6WTD2vxkdZPSyteh3AP4tDmii03m93n4sJKDSMYgjyLuCbQF9FeQjAULQ45UE\/a8jR+E729ckHO0rcTiDLdpgc7+0FrUioWn8PKO32492E8SMSMAk3sKCJpsUFtyfTPK+8IAjgmA9O7HsHGvpPUsFY+2K9qL0DwqZ5Hj\/5mwf6+uvvh+Pxy\/ecxXmWcNphGDE0sQ4wMvkWstzILwREA8NX+xj\/QrzAvn22m88mmnL+xxEBwkrxH9nvVvBYYgeOuz2gNGldNc7gMY5doMYY9NpOgOfZdi708d6+wlGzT5\/+OsLGwSsd9IuMGiNBZKAnNaMRzOIHUEXCWCgKdZKBbsGeS3TK1xj1MEev7FtF0piWgLX2EuNfxn9uH+MUaDThRhESyXQDTrFnSh6Q8fYcKNdMp13TgCnEbZgufPre9FpqBALT3DPz4FjaCfFzRqzSIqDVUHrLRsXmvD5w58DqF1CIWOM985zMRMdBbi+D3kXR0aAdcbGRLL7hj\/S61DxgHaNdHIP20cmuCRMXMSs721RkgQyRGil30ClZxWdKBSMX14ZoYMF8cKZtL00Z1F4mPIjgdrSM6CCgTXGrNqZBVsitgNYERODoPB43qFsnF6wKsMYryQrYouSb8i4JrLrffXI5Gb3J+DWX+PR4a3HdkuhZocqHf3ECBA7AdphdncvPByye0N6fsfC4xG68McjTqYg+G6S+1pcswb4IwVbh\/ph5CNgNK7A3TvAUSsKZMbym3B3mKKz1SBeZ7bZRLKhmDirenttlrjW9b\/XskP1Nw==\" \/> \t\t<a href=\"https:\/\/www.pdf24.org\" target=\"_blank\" title=\"www.pdf24.org\" rel=\"nofollow\"><img src=\"https:\/\/www.hohenlohe-ungefiltert.de\/wp-content\/plugins\/pdf24-post-to-pdf\/img\/pdf_32x32.png\" alt=\"\" border=\"0\" height=\"32\" \/><\/a> \t\t<span class=\"pdf24Plugin-cp-space\">&nbsp;&nbsp;<\/span> \t\t<span class=\"pdf24Plugin-cp-text\">Sende Artikel als PDF<\/span> \t\t<span class=\"pdf24Plugin-cp-space\">&nbsp;&nbsp;<\/span> \t\t<input class=\"pdf24Plugin-cp-input\" style=\"margin: 0px;\" type=\"text\" name=\"sendEmailTo\" placeholder=\"Emailadresse\" \/> \t\t<input class=\"pdf24Plugin-cp-submit\" style=\"margin: 0px;\" type=\"submit\" value=\"Senden\" \/> \t<\/form> <\/div>","protected":false},"excerpt":{"rendered":"<p>Einstimmig hat der Kreisvorstand der SPD Hohenlohe gestern Abend (14. April 2010) dem Schw\u00e4bisch Haller Oberb\u00fcrgermeister Hermann-Josef Pelgrim die Kandidatur f\u00fcr das Landtagsmandat zur Landtagswahl am 27. M\u00e4rz 2011 angetragen. Pressemitteilung der Stadt Schw\u00e4bisch Hall &#8222;Region muss mit einer Stimme sprechen&#8220; Unterst\u00fctzt wird die Kandidatur auch von Ortsvereinen des Haller SPD-Kreisverbandes, die zum Wahlkreis Hohenlohe [&hellip;]<\/p>\n","protected":false},"author":1,"featured_media":0,"comment_status":"open","ping_status":"open","sticky":false,"template":"","format":"standard","meta":[],"categories":[],"tags":[],"_links":{"self":[{"href":"https:\/\/www.hohenlohe-ungefiltert.de\/index.php?rest_route=\/wp\/v2\/posts\/7530"}],"collection":[{"href":"https:\/\/www.hohenlohe-ungefiltert.de\/index.php?rest_route=\/wp\/v2\/posts"}],"about":[{"href":"https:\/\/www.hohenlohe-ungefiltert.de\/index.php?rest_route=\/wp\/v2\/types\/post"}],"author":[{"embeddable":true,"href":"https:\/\/www.hohenlohe-ungefiltert.de\/index.php?rest_route=\/wp\/v2\/users\/1"}],"replies":[{"embeddable":true,"href":"https:\/\/www.hohenlohe-ungefiltert.de\/index.php?rest_route=%2Fwp%2Fv2%2Fcomments&post=7530"}],"version-history":[{"count":7,"href":"https:\/\/www.hohenlohe-ungefiltert.de\/index.php?rest_route=\/wp\/v2\/posts\/7530\/revisions"}],"predecessor-version":[{"id":7532,"href":"https:\/\/www.hohenlohe-ungefiltert.de\/index.php?rest_route=\/wp\/v2\/posts\/7530\/revisions\/7532"}],"wp:attachment":[{"href":"https:\/\/www.hohenlohe-ungefiltert.de\/index.php?rest_route=%2Fwp%2Fv2%2Fmedia&parent=7530"}],"wp:term":[{"taxonomy":"category","embeddable":true,"href":"https:\/\/www.hohenlohe-ungefiltert.de\/index.php?rest_route=%2Fwp%2Fv2%2Fcategories&post=7530"},{"taxonomy":"post_tag","embeddable":true,"href":"https:\/\/www.hohenlohe-ungefiltert.de\/index.php?rest_route=%2Fwp%2Fv2%2Ftags&post=7530"}],"curies":[{"name":"wp","href":"https:\/\/api.w.org\/{rel}","templated":true}]}}