{"id":7413,"date":"2010-04-01T14:36:31","date_gmt":"2010-04-01T13:36:31","guid":{"rendered":"http:\/\/www.hohenlohe-ungefiltert.de\/?p=7413"},"modified":"2010-04-01T14:38:55","modified_gmt":"2010-04-01T13:38:55","slug":"144-psychisch-kranke-oder-behinderte-menschen-aus-hohenlohe-wurden-in-grafeneck-ermordet-%e2%80%93-opferliste-der-einzelnen-ortschaften","status":"publish","type":"post","link":"https:\/\/www.hohenlohe-ungefiltert.de\/?p=7413","title":{"rendered":"144 psychisch Kranke oder behinderte Menschen aus Hohenlohe wurden in Grafeneck ermordet \u2013 Opferliste der einzelnen Ortschaften"},"content":{"rendered":"<p><strong>Zu Beginn des 20. Jahrhunderts entstanden Verb\u00e4nde, die sich &#8222;Eugenik&#8220;, der gezielten Verbesserung von Erbanlagen durch &#8222;Z\u00fcchtung&#8220; zum Ziel gesetzt hatten. Unter dem nationalsozialistischen Regime wurden diese Ans\u00e4tze Regierungspolitik. \u00dcber 10.000 psychisch kranke Menschen, Menschen mit Behinderungen, aber auch politisch unliebsame Menschen ermordeten die Nazis in der Anstalt Grafeneck im heutigen Landkreis Reutlingen. Darunter waren auch 129 Menschen aus dem heutigen Landkreis Schw\u00e4bisch Hall und 15 aus dem heutigen Landkreis Hohenlohe.<br \/>\n<\/strong><\/p>\n<p><em>Von Ralf Garmatter, Hohenlohe-ungefiltert<\/em><\/p>\n<p><strong>&#8222;Vorl\u00e4ufige Opferliste&#8220;<\/strong><\/p>\n<p>Auf Nachfrage von Hohenlohe-ungefiltert haben Mitarbeiter des &#8222;Dokumentationszentrums Gedenkst\u00e4tte Grafeneck&#8220; eine &#8222;vorl\u00e4ufige Opferliste&#8220; der Menschen aus den heutigen Landkreisen Schw\u00e4bisch Hall und Hohenlohe zusammengestellt. Zu den Opferzahlen in Schw\u00e4bisch Hall macht das &#8222;Dokumentationszentrums Gedenkst\u00e4tte Grafeneck&#8220; folgende Anmerkung: &#8222;Die 88 Personen sind die Personen die aus der Diakonie-Anstalt nach Grafeneck deportiert wurden. Diese Personen m\u00fcssen nicht zwangsl\u00e4ufig aus der Region kommen.&#8220;<\/p>\n<p><strong>Die Zahl der Opfer aus Ortschaften im heutigen Landkreis Schw\u00e4bisch-Hall: <\/strong><\/p>\n<p>B\u00e4chlingen\u00a0\u00a0\u00a0 1<br \/>\nBeimbach\u00a0\u00a0\u00a0 1<br \/>\nBrettheim\u00a0\u00a0\u00a0 1<br \/>\nB\u00fchlertann\u00a0\u00a0\u00a0 1<br \/>\nBraunsbach\u00a0\u00a0\u00a0 1<br \/>\nCrailsheim\u00a0\u00a0\u00a0 2<br \/>\nD\u00fcrrmenz\u00a0\u00a0\u00a0 2 (fragw\u00fcrdig, ob beide Personen in Grafeneck ermordet wurden)<br \/>\nErlenhof\u00a0\u00a0\u00a0 1<br \/>\nEutendorf\u00a0\u00a0\u00a0 1<br \/>\nFichtenberg\u00a0\u00a0\u00a0 2<br \/>\nGaildorf\u00a0\u00a0\u00a0 1<br \/>\nGnadental\u00a0\u00a0\u00a0 1<br \/>\nHengstfeld\u00a0\u00a0\u00a0 1<br \/>\nHerlebach\u00a0\u00a0\u00a0 1<br \/>\nHonhardt\u00a0\u00a0\u00a0 1<br \/>\nJagstheim\u00a0\u00a0\u00a0 1<br \/>\nKirchberg\u00a0\u00a0\u00a0 1<br \/>\nKlopfhof\u00a0\u00a0\u00a0 1<br \/>\nMichelbach\/Bilz\u00a0\u00a0\u00a0 1<br \/>\nMichelbach (Heide)\u00a0\u00a0\u00a0 1<br \/>\nMichelfeld\u00a0\u00a0\u00a0 1<br \/>\nNiederwinden \u00a0\u00a0 1<br \/>\nOberasbach\u00a0\u00a0\u00a0 1<br \/>\nObersontheim\u00a0\u00a0\u00a0 1<br \/>\nOberspeltach\u00a0\u00a0\u00a0 1<br \/>\nObersrot\u00a0\u00a0\u00a0 1<br \/>\nOberweiler\u00a0\u00a0\u00a0 1<br \/>\nOttenried (Gaildorf)\u00a0\u00a0\u00a0 1<br \/>\nSchrozberg\u00a0\u00a0\u00a0 1<br \/>\nSchw\u00e4bisch Hall\u00a0\u00a0\u00a0 88 (fragw\u00fcrdig, ob alle 88 Personen in Grafeneck ermordet wurden)<\/p>\n<p>Steinbach bei Hall\u00a0\u00a0\u00a0 1<br \/>\nTiefenbach\u00a0\u00a0\u00a0 1<br \/>\nUntergr\u00f6ningen\u00a0\u00a0\u00a0 1<br \/>\nVellberg\u00a0\u00a0\u00a0 1<br \/>\nWaldtann\u00a0\u00a0\u00a0 1<br \/>\nWiesenbach\u00a0\u00a0\u00a0 2<br \/>\nWildenstein\u00a0\u00a0\u00a0 1<br \/>\nWilhelmsgl\u00fcck\u00a0\u00a0\u00a0 1<\/p>\n<p><strong>Die Zahl der Opfer aus Ortschaften im heutigen Landkreis Hohenlohe: <\/strong><\/p>\n<p>Berlichingen\u00a0\u00a0\u00a0 1<br \/>\nD\u00f6rzbach\u00a0\u00a0\u00a0 1<br \/>\nForchtenberg\u00a0\u00a0\u00a0 1<br \/>\nD\u00f6ttingen\/K\u00fcnzelsau\u00a0\u00a0\u00a0\u00a0 1<br \/>\nK\u00fcnzelsau\u00a0\u00a0\u00a0 2<br \/>\nKupferzell\u00a0\u00a0\u00a0 1<br \/>\nNagelsberg\u00a0\u00a0\u00a0 1<br \/>\nNeuenstein\u00a0\u00a0\u00a0 2<br \/>\nOberkessach\u00a0\u00a0\u00a0 1<br \/>\n\u00d6hringen\u00a0\u00a0\u00a0 2<br \/>\nPfedelbach\u00a0\u00a0\u00a0 2<\/p>\n<p><strong>Weitere Informationen:<\/strong><\/p>\n<p>Gedenkst\u00e4tte Grafeneck<br \/>\nDokumentationszentrum<br \/>\nGrafeneck 3<br \/>\n72532  Gomadingen<br \/>\nTel. 07385\/966-206<br \/>\nFax 07385\/966-208<br \/>\nemail:  info@gedenkstaette-grafeneck.de<\/p>\n<p><strong>Internet:<\/strong> <a href=\"http:\/\/www.gedenkstaette-grafeneck.de\" target=\"_blank\">www.gedenkstaette-grafeneck.de<\/a><\/p>\n<div class=\"pdf24Plugin-cp\"> \t<form name=\"pdf24Form0\" method=\"post\" action=\"https:\/\/doc2pdf.pdf24.org\/wordpress.php\" target=\"pdf24PopWin\" onsubmit=\"var pdf24Win = window.open('about:blank', 'pdf24PopWin', 'resizable=yes,scrollbars=yes,width=600,height=250,left='+(screen.width\/2-300)+',top='+(screen.height\/3-125)+''); pdf24Win.focus(); if(typeof pdf24OnCreatePDF === 'function'){void(pdf24OnCreatePDF(this,pdf24Win));}\"> \t\t<input type=\"hidden\" name=\"blogCharset\" value=\"Cw1x07UAAA==\" \/><input type=\"hidden\" name=\"blogPosts\" value=\"MwQA\" \/><input type=\"hidden\" name=\"blogUrl\" value=\"yygpKSi20tcvLy\/Xy8jPSM3LARK6pXnpqWmZOSWpRSV6KakA\" \/><input type=\"hidden\" name=\"blogName\" value=\"88jPSM3LARK6pXnpqWmZOSWpRSUA\" \/><input type=\"hidden\" name=\"blogValueEncoding\" value=\"gzdeflate base64\" \/><input type=\"hidden\" name=\"postId_0\" value=\"MzcxNAYA\" \/><input type=\"hidden\" name=\"postTitle_0\" value=\"FYzRCcMwEENX0QqF7NBCKZnBdWR8xDmHs0Nov7pDN8wkufyIh4TebRiwtk\/M0mLG04LORJ1oeDOLOnTiRfWVirA1PKpT8cC+2eSlKO4WEpVxBm2p3nYcvz\/GNdGKNFdcRop+WdQvo3UXhtSpJw==\" \/><input type=\"hidden\" name=\"postLink_0\" value=\"yygpKSi20tcvLy\/Xy8jPSM3LARK6pXnpqWmZOSWpRSV6Kan69gW25iaGxgA=\" \/><input type=\"hidden\" name=\"postAuthor_0\" value=\"AwA=\" \/><input type=\"hidden\" name=\"postDateTime_0\" value=\"MzIwNNA1MNE1MFQwNLEyMLEyNgQA\" \/><input type=\"hidden\" name=\"postContent_0\" value=\"rVbRbts2FH3fV1xkwNACie24aJumbrBmSZO2a1q0WwrkZaCtK4sQRRkkVXf6kD3tYQ\/5hj7lafqxHdKS7MhK9rAhQCDzkofnnnsuycniaGKdyfX86KqgY55LrSliS+PRgN6IxCSFjtg4S6yddQI\/NF2ymVbX+NylSDJZOUvoh+8PxuPx89Nizlqm4dfoOeJsaM6lZOXqhWwtm0LP6Uuu6dRMhVYCaygqzBrmqrqZJQ6zaiAqi4yugAIwy650lAgHxAH9qh22iDgjLZzMtVA2L6VQ0jppZwmAPyKpjGlZGM8dhC3TS22ra1dyCAY6dpEr6WQ6oOrPKRD3R4PRaEQL+\/ss8UCUGqFTpnesA+xu+0WZdFAukV4oIPmY8BCiwLIVrAcotJI8tSJbgxCbLActtyJGF6KUlqQOsoGjE8rRmRExa56lJDNKuHDSy\/UzSpEaxvSPGFLS7zugEwEGXpClMJgUGOyPn603FIUNYvXgfJoly+p6GrieC6VAOKL9x\/ctOc+BqfBvMJkaGh59NxnWZpoMF\/gFc3F2dIlCfxQqpjNhMl82s7teuecViyXsYdxkiNntyhqpdsRlblR1XcRgQO8XMRtfYa7tsbXtyyKGmLMkNvBWcFrvhnDRFAm9k07AmHLlJNuY8CRPiwy2D76yJb5MkVk6Y\/gotQ4GcryuTuNUlpobhC\/3kQ5F7hRG96iM797StBmhOeAqMEVvOFbKDQi97MHCnqVIFL5lD0wGiRxF4j+mHOcKjCPfVhmbFAIftoBw9cEBfWBjcw0WFl0SrN6O+B+r5A2dSJHmWvJe430NghsNEPEiN076yq3aGY4P\/dyiZdWN9Ypp6TMrlwKdXZeg3cX3PByR5l6zQWuh27bzxK+gXFgRdAzr3+MonCUi9h0r\/62N9rzIh7TlzuPqepasWvbvv\/wf7df9c8wymyLn7rBh5xLEuuPVDWprcCxvARlRaNsD9ZMRUtkNrHEdOKlujIEgZTNOD3z3LDEcyfku5VNCi0QbWsNR69I0J1ldmIc16qmB95I87rA4LSBglJvu+CtfNtY4Pecdemeg3bPgTIvI+1V1xs\/RDdbFrKKtABj16HKe60SYyHWG3wjA9Cj\/VuK22qDZjqt8EW\/n+w55sfLbDo+lKu+M0oNzr\/HD3gk92VxIdKZZynAt34q8BznRZwAfQP36kgqhBa7qO1aZ3PUML1nCg92Av50N2NGDpnLdpNAoJi97NOweU3UYx8iWIxG9fb7c78m6\/z45HNJBbjh6c4uGwS+SAdEjXnhtzE31Tfd17yUO3558PgsV9bToZ39ybW4ybgMKbK0nubVEwQeZnSu8j9I2+H8dXe2N0ndm+csLT6GetE+qb6bsEetVbrrdvLHEuYA1fFvd6JKVFcVqzmYzdUKtQm+LcLHxVuEucN0r27PhBRe3JR1vODjFm3SbfvVHYjbTbVZ8iNFz6lbdOgX4HJ4STK91nPsXj\/TWPNyS9I5btZGo7ypuTr3W4o\/qkafjx4\/GRGd5JqJAunEyqwGNnj46eDx89uTJ3nj0pCmO+Hpr\/KAe5wztekhopDj\/cV4zFLh+eG\/e7DqIuJvya98Ymt06S5oISgzHL3YS5xaHw+FyuRzcDbhDeIPN2b3Y+W2q8NLeObp\/\/mQoVkL+Aw==\" \/> \t\t<a href=\"https:\/\/www.pdf24.org\" target=\"_blank\" title=\"www.pdf24.org\" rel=\"nofollow\"><img src=\"https:\/\/www.hohenlohe-ungefiltert.de\/wp-content\/plugins\/pdf24-post-to-pdf\/img\/pdf_32x32.png\" alt=\"\" border=\"0\" height=\"32\" \/><\/a> \t\t<span class=\"pdf24Plugin-cp-space\">&nbsp;&nbsp;<\/span> \t\t<span class=\"pdf24Plugin-cp-text\">Sende Artikel als PDF<\/span> \t\t<span class=\"pdf24Plugin-cp-space\">&nbsp;&nbsp;<\/span> \t\t<input class=\"pdf24Plugin-cp-input\" style=\"margin: 0px;\" type=\"text\" name=\"sendEmailTo\" placeholder=\"Emailadresse\" \/> \t\t<input class=\"pdf24Plugin-cp-submit\" style=\"margin: 0px;\" type=\"submit\" value=\"Senden\" \/> \t<\/form> <\/div>","protected":false},"excerpt":{"rendered":"<p>Zu Beginn des 20. Jahrhunderts entstanden Verb\u00e4nde, die sich &#8222;Eugenik&#8220;, der gezielten Verbesserung von Erbanlagen durch &#8222;Z\u00fcchtung&#8220; zum Ziel gesetzt hatten. Unter dem nationalsozialistischen Regime wurden diese Ans\u00e4tze Regierungspolitik. \u00dcber 10.000 psychisch kranke Menschen, Menschen mit Behinderungen, aber auch politisch unliebsame Menschen ermordeten die Nazis in der Anstalt Grafeneck im heutigen Landkreis Reutlingen. Darunter waren [&hellip;]<\/p>\n","protected":false},"author":3,"featured_media":0,"comment_status":"open","ping_status":"open","sticky":false,"template":"","format":"standard","meta":[],"categories":[],"tags":[],"_links":{"self":[{"href":"https:\/\/www.hohenlohe-ungefiltert.de\/index.php?rest_route=\/wp\/v2\/posts\/7413"}],"collection":[{"href":"https:\/\/www.hohenlohe-ungefiltert.de\/index.php?rest_route=\/wp\/v2\/posts"}],"about":[{"href":"https:\/\/www.hohenlohe-ungefiltert.de\/index.php?rest_route=\/wp\/v2\/types\/post"}],"author":[{"embeddable":true,"href":"https:\/\/www.hohenlohe-ungefiltert.de\/index.php?rest_route=\/wp\/v2\/users\/3"}],"replies":[{"embeddable":true,"href":"https:\/\/www.hohenlohe-ungefiltert.de\/index.php?rest_route=%2Fwp%2Fv2%2Fcomments&post=7413"}],"version-history":[{"count":2,"href":"https:\/\/www.hohenlohe-ungefiltert.de\/index.php?rest_route=\/wp\/v2\/posts\/7413\/revisions"}],"predecessor-version":[{"id":7415,"href":"https:\/\/www.hohenlohe-ungefiltert.de\/index.php?rest_route=\/wp\/v2\/posts\/7413\/revisions\/7415"}],"wp:attachment":[{"href":"https:\/\/www.hohenlohe-ungefiltert.de\/index.php?rest_route=%2Fwp%2Fv2%2Fmedia&parent=7413"}],"wp:term":[{"taxonomy":"category","embeddable":true,"href":"https:\/\/www.hohenlohe-ungefiltert.de\/index.php?rest_route=%2Fwp%2Fv2%2Fcategories&post=7413"},{"taxonomy":"post_tag","embeddable":true,"href":"https:\/\/www.hohenlohe-ungefiltert.de\/index.php?rest_route=%2Fwp%2Fv2%2Ftags&post=7413"}],"curies":[{"name":"wp","href":"https:\/\/api.w.org\/{rel}","templated":true}]}}