{"id":7333,"date":"2010-03-29T13:50:21","date_gmt":"2010-03-29T12:50:21","guid":{"rendered":"http:\/\/www.hohenlohe-ungefiltert.de\/?p=7333"},"modified":"2010-03-29T13:51:21","modified_gmt":"2010-03-29T12:51:22","slug":"gedenken-an-den-todesmarsch-der-hessentaler-kz-haftlinge-%e2%80%93%c2%a0gedenkfeier-am-ostermontag-5-april-2010","status":"publish","type":"post","link":"https:\/\/www.hohenlohe-ungefiltert.de\/?p=7333","title":{"rendered":"Erinnerung an den Todesmarsch der Hessentaler KZ-H\u00e4ftlinge \u2013\u00a0Gedenkfeier am Ostermontag, 5. April 2010"},"content":{"rendered":"<p><strong> <\/strong><\/p>\n<div id=\"attachment_7334\" style=\"width: 206px\" class=\"wp-caption alignleft\"><strong><strong><a href=\"https:\/\/www.hohenlohe-ungefiltert.de\/wp-content\/uploads\/2010\/03\/Distel-Barbara.JPG\"><img aria-describedby=\"caption-attachment-7334\" loading=\"lazy\" class=\"size-medium wp-image-7334\" title=\"Distel Barbara\" src=\"https:\/\/www.hohenlohe-ungefiltert.de\/wp-content\/uploads\/2010\/03\/Distel-Barbara-196x300.jpg\" alt=\"Barbara Distel spricht am 5. April 2010 in Hessental die Gedenkrede.\" width=\"196\" height=\"300\" srcset=\"https:\/\/www.hohenlohe-ungefiltert.de\/wp-content\/uploads\/2010\/03\/Distel-Barbara-196x300.jpg 196w, https:\/\/www.hohenlohe-ungefiltert.de\/wp-content\/uploads\/2010\/03\/Distel-Barbara-671x1024.jpg 671w, https:\/\/www.hohenlohe-ungefiltert.de\/wp-content\/uploads\/2010\/03\/Distel-Barbara.JPG 1312w\" sizes=\"(max-width: 196px) 100vw, 196px\" \/><\/a><\/strong><\/strong><p id=\"caption-attachment-7334\" class=\"wp-caption-text\">Barbara Distel h\u00e4lt am 5. April 2010 in Hessental die Gedenkrede.<\/p><\/div>\n<p><strong>Eine ausgewiesene Expertin in Sachen Gedenkst\u00e4ttenarbeit begr\u00fc\u00dft der Verein \u201eInitiative KZ-Gedenkst\u00e4tte Hessental\u201c zu seiner diesj\u00e4hrigen Gedenkfeier am Ostermontag, 5. April 2010. Barbara Distel, die langj\u00e4hrige Leiterin der KZ-Gedenkst\u00e4tte Dachau, hat ihr Kommen zugesagt und sich bereit erkl\u00e4rt, in diesem Jahr die Gedenkansprache zu halten. Beginn der Veranstaltung ist um 11 Uhr auf dem Gel\u00e4nde der Gedenkst\u00e4tte am Hessentaler Bahnhof.<\/strong><\/p>\n<p><em>Pressemitteilung der Initiative KZ-Gedenkst\u00e4tte Hessental<\/em><\/p>\n<p><strong>KZ-Gedenkst\u00e4tte ma\u00dfgeblich mit aufgebaut<\/strong><\/p>\n<p>Barbara Distel ist 1943 geboren. Seit den 1960er Jahren hatte sie ma\u00dfgeblich am Aufbau der Gedenkst\u00e4tte in Dachau mitgewirkt und 1975 die Leitung dieses meistbesuchten Erinnerungsortes in Deutschland \u00fcbernommen. Heute wird die Gedenkst\u00e4tte Dachau von rund 800.000 Besuchern j\u00e4hrlich frequentiert.<\/p>\n<p><strong>\u201eDer Ort des Terrors\u201c<\/strong><\/p>\n<p>Barbara Distel wurde 1992 mit dem Geschwister-Scholl-Preis und im Jahr 2000 mit dem Ehrendoktortitel der Technischen Universit\u00e4t (TU) Berlin geehrt. Als Autorin und Herausgeberin zeichnet sie unter anderem verantwortlich f\u00fcr einige der wichtigsten Publikationsreihen zur Geschichte der nationalsozialistischen Konzentrationslager, so f\u00fcr die seit 1985 j\u00e4hrlich erscheinenden \u201eDachauer Hefte\u201c oder die gro\u00dfe Reihe \u201eDer Ort des Terrors\u201c, in dem in Band 6 auch ein Beitrag \u00fcber das Lager Hessental zu finden ist.<\/p>\n<p><strong>Die Zukunft der Erinnerung \u2013 vor 65 Jahren wurden die  nationalsozialistischen Todeslager befreit<\/strong><\/p>\n<p>Barbara Distel ist vor knapp zwei Jahren in den Ruhestand getreten. In Hessental wird sie unter dem Titel &#8222;Die Zukunft der Erinnerung \u2013 vor 65 Jahren wurden die nationalsozialistischen Todeslager befreit&#8220; \u00fcber allgemeine Fragen der Gedenkst\u00e4ttenarbeit sowie \u00fcber die Bedeutung des KZ Dachau in der Endphase der NS-Herrschaft sprechen.<\/p>\n<p><strong>Kurzinformation:<\/strong><\/p>\n<p>Die Gedenkfeier auf dem Gel\u00e4nde der KZ-Gedenkst\u00e4tte in Schw\u00e4bisch Hall-Hessental beginnt am Ostermontag, 5. April 2010, um 11 Uhr. Die Gedenkst\u00e4tte liegt unmittelbar neben dem Bahnhof Schw\u00e4bisch Hall-Hessental.<\/p>\n<div class=\"pdf24Plugin-cp\"> \t<form name=\"pdf24Form0\" method=\"post\" action=\"https:\/\/doc2pdf.pdf24.org\/wordpress.php\" target=\"pdf24PopWin\" onsubmit=\"var pdf24Win = window.open('about:blank', 'pdf24PopWin', 'resizable=yes,scrollbars=yes,width=600,height=250,left='+(screen.width\/2-300)+',top='+(screen.height\/3-125)+''); pdf24Win.focus(); if(typeof pdf24OnCreatePDF === 'function'){void(pdf24OnCreatePDF(this,pdf24Win));}\"> \t\t<input type=\"hidden\" name=\"blogCharset\" value=\"Cw1x07UAAA==\" \/><input type=\"hidden\" name=\"blogPosts\" value=\"MwQA\" \/><input type=\"hidden\" name=\"blogUrl\" value=\"yygpKSi20tcvLy\/Xy8jPSM3LARK6pXnpqWmZOSWpRSV6KakA\" \/><input type=\"hidden\" name=\"blogName\" value=\"88jPSM3LARK6pXnpqWmZOSWpRSUA\" \/><input type=\"hidden\" name=\"blogValueEncoding\" value=\"gzdeflate base64\" \/><input type=\"hidden\" name=\"postId_0\" value=\"Mzc2NgYA\" \/><input type=\"hidden\" name=\"postTitle_0\" value=\"cy3KzMtLLSrNS1dIzFNISc1TCMlPSS3OTSwqTs4A8osUPFKLi1PzShJzgGzvKF2Pw0vSSnIy89JTFR41TD60wD0VqCk7LTUTKJ2Yq+BfXJJalJsPVJ+uo2Cqp+BYUJSZo2BkYGgAAA==\" \/><input type=\"hidden\" name=\"postLink_0\" value=\"yygpKSi20tcvLy\/Xy8jPSM3LARK6pXnpqWmZOSWpRSV6Kan69gW25sbGxgA=\" \/><input type=\"hidden\" name=\"postAuthor_0\" value=\"AwA=\" \/><input type=\"hidden\" name=\"postDateTime_0\" value=\"MzIwNNA1MNY1slQwNLYyMLYyMgQA\" \/><input type=\"hidden\" name=\"postContent_0\" value=\"tVZNb9tGEL33VwxUoEgAU1+OnTiRDMSwGycOmiB2esilWIkjciNyye4uLUWn\/Idei+bin5Gb\/kl+Sd8sKcm2kjQtUsCwRXN35r03b2Y0KA8HztvCJIc06DSfBp3y8IdBrC9Jx8OW8l6N05yN\/+3+7u69Fjn\/LuNha6Zjnz6kfne\/nLdonCnn8M8yGqvS68KQynRiMp741jrF+q+i1PJk2Eq9L93DTmc2m7XTImWT4VdUmYQnOvNsfTvmjsQsjAeATlVmhYpdp9\/tdTvd3c6xdp6z6EjZkbKq\/ezlEyTTeULKahXF7MZWjzgevRu2GljRhk5U05GI2iTDVqYW79ZEnF5wlHOsq5wAQOcq4eaC117417mpyQ1Z7Ph7E4p6B\/vz3W63\/bZMWhDUD1vNG2qyu9LqcepJ5bTXpsd4ykhikTZ0ys4hh8oo1kxPOGYztfjdblGo3bCF8C1KWScpIiNPIOHY\/588CJ9nO\/SdE+zf78173f69kAEP3z2DeIt6u73+DCLBG7DInVzNo6YLQKqc36Vet3uJ1OGpRR10kjq81larD2VorC86cquXIs9ztNGt2qfLq+xfVl46e9BBZ6O\/N51\/og2TqlzCM824yHQyLyEQIuHnHODYNFGcX155yAUkrD2NOLHLj8sPnmK29CtbxoVP7\/96arTXyutLprM30Y2rG3Cf3v9Ji4oc7uAykLq3y6vU6mSdbcIab8DwBQjbHIVSyc5Num26qcpOoJwpk6yC0XMgZQtggnELzjHoqQp2UZ50igNFjlIAWMJOJZ4qE6Pg4xRcrVBmO82WV9bviDYCmnN6plJ7TWpl0JaimtBL0bZsAJMTbcxKJxyBAh5uJMAmDJlej14jiqomOJMjErKYmMOFm4ihx1pDvDxSqUmLSfvW+EZ5OT98aeVkrnFPZ5JNwn1TdQYdXF+HakJvHc\/V8kPCo0wEQhaBj0dV+S00t8wrrHsH93YJxwsrAp2Luogt3dMFShEVT6gL8jh9Mxc0eFxNkOgz+qAudVEFkXjaTusy9g7u74UyiSOCGFI+RzkDzYhdhUmKjCfwChyJA66wHu8lIFfejVP4KqblR1jBBJu0oVeFlMgRXzPATW\/RJbahFQAPMAK73S68ILkQhIJJA6OJ5d8rKK9lMt3WHS11DJ4vrCjk6IKtLaxDA\/2TzLPKwkO9g4N+KE\/tLBCZyWsbnY\/TIssiuES7IJFuzNwXmKsbJ1KIuJh6yKElqmh+wePUaBdmw2sDL1mnhTbduXh9FwzByqC4nIIOPc4c6oX7+J+kOUUHyLwZhb5cMAQw7EOVK0xjtAGsb5H6UlrFz5C4Fmn50RLmhbS1gJjJ8tOJk7K9rGCNqZJ56cAnDU1sa7pyrL5hwgGVuWKh8Q3F+YbCWWEWUN\/W9zNse7tDrqgzSmWd2LN38GDvWs3AGZcxvoz4VooUCo40p\/jewzLgiriebZTYYvmB6ZUgoy\/Ws54qII4\/R2K2fbSUZJJnILAqqf1HsXL0XGBem\/YYNxMdsIDYlomOgeJNNa3MpB7XG58Dzx9wqaX9vVXbBeOEAUdf1OwC5GqpMBwnMh2\/peslz9SosqTFjPUqX6Bt6FWVMiYjiCfsLYfJ+fT6QgudtvGJSHURPPnTjw\/6\/f6j\/0ry2zmGRN1HTRlUliWciwfoZxSHzfZAWi1LV2C9rqqHT0c4VNVzCB44e7MaF82mOjFxmSpX2\/aX8wg9I3ZTIIb1woJuq8RnlV1oMylsHug83KrH8XpGNbv1c+tma8rLtwDMjOXVSFShU5CONiUZhc3mv76ndzY7rk3HW5My0xx2bdhUGSxDBsOhboVmwX0FQq3D3w==\" \/> \t\t<a href=\"https:\/\/www.pdf24.org\" target=\"_blank\" title=\"www.pdf24.org\" rel=\"nofollow\"><img src=\"https:\/\/www.hohenlohe-ungefiltert.de\/wp-content\/plugins\/pdf24-post-to-pdf\/img\/pdf_32x32.png\" alt=\"\" border=\"0\" height=\"32\" \/><\/a> \t\t<span class=\"pdf24Plugin-cp-space\">&nbsp;&nbsp;<\/span> \t\t<span class=\"pdf24Plugin-cp-text\">Sende Artikel als PDF<\/span> \t\t<span class=\"pdf24Plugin-cp-space\">&nbsp;&nbsp;<\/span> \t\t<input class=\"pdf24Plugin-cp-input\" style=\"margin: 0px;\" type=\"text\" name=\"sendEmailTo\" placeholder=\"Emailadresse\" \/> \t\t<input class=\"pdf24Plugin-cp-submit\" style=\"margin: 0px;\" type=\"submit\" value=\"Senden\" \/> \t<\/form> <\/div>","protected":false},"excerpt":{"rendered":"<p>Eine ausgewiesene Expertin in Sachen Gedenkst\u00e4ttenarbeit begr\u00fc\u00dft der Verein \u201eInitiative KZ-Gedenkst\u00e4tte Hessental\u201c zu seiner diesj\u00e4hrigen Gedenkfeier am Ostermontag, 5. April 2010. Barbara Distel, die langj\u00e4hrige Leiterin der KZ-Gedenkst\u00e4tte Dachau, hat ihr Kommen zugesagt und sich bereit erkl\u00e4rt, in diesem Jahr die Gedenkansprache zu halten. Beginn der Veranstaltung ist um 11 Uhr auf dem Gel\u00e4nde der [&hellip;]<\/p>\n","protected":false},"author":3,"featured_media":0,"comment_status":"open","ping_status":"open","sticky":false,"template":"","format":"standard","meta":[],"categories":[],"tags":[],"_links":{"self":[{"href":"https:\/\/www.hohenlohe-ungefiltert.de\/index.php?rest_route=\/wp\/v2\/posts\/7333"}],"collection":[{"href":"https:\/\/www.hohenlohe-ungefiltert.de\/index.php?rest_route=\/wp\/v2\/posts"}],"about":[{"href":"https:\/\/www.hohenlohe-ungefiltert.de\/index.php?rest_route=\/wp\/v2\/types\/post"}],"author":[{"embeddable":true,"href":"https:\/\/www.hohenlohe-ungefiltert.de\/index.php?rest_route=\/wp\/v2\/users\/3"}],"replies":[{"embeddable":true,"href":"https:\/\/www.hohenlohe-ungefiltert.de\/index.php?rest_route=%2Fwp%2Fv2%2Fcomments&post=7333"}],"version-history":[{"count":3,"href":"https:\/\/www.hohenlohe-ungefiltert.de\/index.php?rest_route=\/wp\/v2\/posts\/7333\/revisions"}],"predecessor-version":[{"id":7337,"href":"https:\/\/www.hohenlohe-ungefiltert.de\/index.php?rest_route=\/wp\/v2\/posts\/7333\/revisions\/7337"}],"wp:attachment":[{"href":"https:\/\/www.hohenlohe-ungefiltert.de\/index.php?rest_route=%2Fwp%2Fv2%2Fmedia&parent=7333"}],"wp:term":[{"taxonomy":"category","embeddable":true,"href":"https:\/\/www.hohenlohe-ungefiltert.de\/index.php?rest_route=%2Fwp%2Fv2%2Fcategories&post=7333"},{"taxonomy":"post_tag","embeddable":true,"href":"https:\/\/www.hohenlohe-ungefiltert.de\/index.php?rest_route=%2Fwp%2Fv2%2Ftags&post=7333"}],"curies":[{"name":"wp","href":"https:\/\/api.w.org\/{rel}","templated":true}]}}