{"id":7304,"date":"2010-03-27T18:24:31","date_gmt":"2010-03-27T17:24:31","guid":{"rendered":"http:\/\/www.hohenlohe-ungefiltert.de\/?p=7304"},"modified":"2010-05-02T17:46:51","modified_gmt":"2010-05-02T16:46:51","slug":"mobbing-als-strategie-um-selbstbewusste-mitarbeiter-loszuwerden-%e2%80%93%c2%a0enthullungsjournalist-gunter-wallraff-hier-zum-nachhoren","status":"publish","type":"post","link":"https:\/\/www.hohenlohe-ungefiltert.de\/?p=7304","title":{"rendered":"&#8222;Un-Rechtsanw\u00e4lte helfen beim Mobbing unliebsamer Mitarbeiter&#8220; \u2013\u00a0Enth\u00fcllungsjournalist G\u00fcnter Wallraff in Stuttgart"},"content":{"rendered":"<p><strong> <\/strong><\/p>\n<div id=\"attachment_7345\" style=\"width: 210px\" class=\"wp-caption alignleft\"><strong><strong><a href=\"https:\/\/www.hohenlohe-ungefiltert.de\/wp-content\/uploads\/2010\/03\/G\u00fcnter_Wallraff_2007.jpg\"><img aria-describedby=\"caption-attachment-7345\" loading=\"lazy\" class=\"size-full wp-image-7345\" title=\"G\u00fcnter_Wallraff_2007\" src=\"https:\/\/www.hohenlohe-ungefiltert.de\/wp-content\/uploads\/2010\/03\/G\u00fcnter_Wallraff_2007.jpg\" alt=\"G\u00fcnter Wallraff im Jahr 2007 in K\u00f6ln. Foto: Elke Wetzig\" width=\"200\" height=\"152\" \/><\/a><\/strong><\/strong><p id=\"caption-attachment-7345\" class=\"wp-caption-text\">G\u00fcnter Wallraff im Jahr 2007 bei einer Veranstaltung in K\u00f6ln. Foto: Elke Wetzig<\/p><\/div>\n<p><strong>Der Enth\u00fcllungsjournalist G\u00fcnter Wallraff berichtete gestern (Freitag, 26. M\u00e4rz 2010) beim Deutschen Gewerkschaftsbund (DGB) und ver.di in Stuttgart \u00fcber Missst\u00e4nde in der Arbeitswelt, \u00fcber &#8222;Unrechtsanw\u00e4lte&#8220;, von seinen Erlebnissen als Schwarzer in Deutschland Ost und West. Auch einige Betroffene kamen zu Wort.<br \/>\n<\/strong><\/p>\n<p><em>Von Ralf Garmatter, Hohenlohe-ungefiltert<\/em><\/p>\n<p><strong>Weitere Informationen \u00fcber G\u00fcnter Wallraff im Internet:<\/strong><\/p>\n<p><a href=\"http:\/\/www.guenter-wallraff.com\/\" target=\"_blank\">http:\/\/www.guenter-wallraff.com\/<\/a><\/p>\n<p><a href=\"http:\/\/www.guenter-wallraff.com\/biographie.html\" target=\"_blank\">http:\/\/www.guenter-wallraff.com\/biographie.html<\/a><\/p>\n<p><a href=\"http:\/\/de.wikipedia.org\/wiki\/G\u00fcnter_Wallraff\" target=\"_blank\">http:\/\/de.wikipedia.org\/wiki\/G\u00fcnter_Wallraff<\/a><\/p>\n<p><strong>B\u00fccher von G\u00fcnter Wallraff im Verlag Kiepenheuer und Witsch (KiWi):<\/strong> <a href=\"http:\/\/www.kiwi-verlag.de\/50-0-autorsuche.htm?id=939\" target=\"_blank\">http:\/\/www.kiwi-verlag.de\/50-0-autorsuche.htm?id=939<\/a><\/p>\n<div class=\"pdf24Plugin-cp\"> \t<form name=\"pdf24Form0\" method=\"post\" action=\"https:\/\/doc2pdf.pdf24.org\/wordpress.php\" target=\"pdf24PopWin\" onsubmit=\"var pdf24Win = window.open('about:blank', 'pdf24PopWin', 'resizable=yes,scrollbars=yes,width=600,height=250,left='+(screen.width\/2-300)+',top='+(screen.height\/3-125)+''); pdf24Win.focus(); if(typeof pdf24OnCreatePDF === 'function'){void(pdf24OnCreatePDF(this,pdf24Win));}\"> \t\t<input type=\"hidden\" name=\"blogCharset\" value=\"Cw1x07UAAA==\" \/><input type=\"hidden\" name=\"blogPosts\" value=\"MwQA\" \/><input type=\"hidden\" name=\"blogUrl\" value=\"yygpKSi20tcvLy\/Xy8jPSM3LARK6pXnpqWmZOSWpRSV6KakA\" \/><input type=\"hidden\" name=\"blogName\" value=\"88jPSM3LARK6pXnpqWmZOSWpRSUA\" \/><input type=\"hidden\" name=\"blogValueEncoding\" value=\"gzdeflate base64\" \/><input type=\"hidden\" name=\"postId_0\" value=\"Mzc2MAEA\" \/><input type=\"hidden\" name=\"postTitle_0\" value=\"Fcw9CsJAEEDhqwwI6QTZSkgtVmkUsZ6V2R+ZTGB2lrTewQtYeIxU7k08ibF+H6\/b7J1z\/UW2J7olKyhze7MRJOJAAp7yCMPkfZYIVTiTLziSwpANda1G2v0fux6+j+fndRBLbWGuEst9qirIuRgc2yIrhSsyK4YAWeBs1Syi2g8=\" \/><input type=\"hidden\" name=\"postLink_0\" value=\"yygpKSi20tcvLy\/Xy8jPSM3LARK6pXnpqWmZOSWpRSV6Kan69gW25sYGJgA=\" \/><input type=\"hidden\" name=\"postAuthor_0\" value=\"AwA=\" \/><input type=\"hidden\" name=\"postDateTime_0\" value=\"MzIwNNA1MNY1MlcwtLAyMLYyNgQA\" \/><input type=\"hidden\" name=\"postContent_0\" value=\"tVRNb9tGEL3nVwxYoLAB88Ny3TSOpCKGHTc1ggINGh2NJTlcTrRcErtDM9bv8W\/oyTf9sc7KjJzGipscepGWO7tv3rx5s9NuPvXsWqvnME3H1TTt5s+mJV0DlbNIMauibtDy1fOjn44j8HxjcBYNVHJ9ApPDrPsYQWGU97LZxYXqmFoLypC2BiuOtim2\/wpqh9Usqpk7f5KmwzAkdVujNfIT91ZjRYbRcVJiGjBby0Ig7TvTqtKnk+wwS7Oj9GJ9JwF3tVDGOFVVV5Mse5586LTkpEaDcqTiEn3hKMcyv5lFI7v4oar4vqoATFbPIqNWN9t6PK0wrnpjQFhQozSOx5k4iLCTgEjkiv+zONGWt7nhUxyogd9V7SCcA7Jwuf7b2ARet9yewLlZIiyQVyT3N72bRXIwghpJ1wJ3eDyJIJXmq\/lnTvi06DZe+Kp6j9ofM36Uzj\/NMUcCJCvx9+iU9Sx1iT5PcQ\/enKbiTXHog3fPBOLccr2+M0YA\/Ie2d1YM6BkeMcjRUVEzMoJGLyELe68dEit9AJOfE3i7vnUrCF3YDwwbOMOefSENhAsc0C1lrSr2eW9L2Du7ON2HsLpGl5QUuL\/jnlkrx7C+k2zwlrz3vL61JYZwKVuvnCCzH9DwwXjqxx9+mUwmL\/+yDoWeV3ZY34pNNtvZywO4lpnyQS0L585gbgUVw5h5eFfUg3IrARH4ka1RwukPESBwW0ihCbzqizroTRrhFEW5qkKLsFTSSFj1sGjFk9PciQueffEYiNTYzN8LhT+VqeBCuUY8gO4Aftvl7Gkqp7c3R6SFVIwO4Y2t2nBdXCJ574vf5ZM3Yccinzzm8vn7MU6Y7jGcj4cRISnaJpU5VU6juPsqF0GW0fy\/btzb\/zvT5NRqp7qaMKm5Md+f9QuAp0iUmAy0pA5LUknrdBq+Hr0VX6Xwbdf\/RWAU\/3R9JzPgNj7c1S4ZYaM0XBJ2aGvsJbyxHgU3wt4lLWj\/oZWwS9wlDRRfb3DC23icxVmsem6dF+dupPlVXqEXRy+eVPibUbZV\/gM=\" \/> \t\t<a href=\"https:\/\/www.pdf24.org\" target=\"_blank\" title=\"www.pdf24.org\" rel=\"nofollow\"><img src=\"https:\/\/www.hohenlohe-ungefiltert.de\/wp-content\/plugins\/pdf24-post-to-pdf\/img\/pdf_32x32.png\" alt=\"\" border=\"0\" height=\"32\" \/><\/a> \t\t<span class=\"pdf24Plugin-cp-space\">&nbsp;&nbsp;<\/span> \t\t<span class=\"pdf24Plugin-cp-text\">Sende Artikel als PDF<\/span> \t\t<span class=\"pdf24Plugin-cp-space\">&nbsp;&nbsp;<\/span> \t\t<input class=\"pdf24Plugin-cp-input\" style=\"margin: 0px;\" type=\"text\" name=\"sendEmailTo\" placeholder=\"Emailadresse\" \/> \t\t<input class=\"pdf24Plugin-cp-submit\" style=\"margin: 0px;\" type=\"submit\" value=\"Senden\" \/> \t<\/form> <\/div>","protected":false},"excerpt":{"rendered":"<p>Der Enth\u00fcllungsjournalist G\u00fcnter Wallraff berichtete gestern (Freitag, 26. M\u00e4rz 2010) beim Deutschen Gewerkschaftsbund (DGB) und ver.di in Stuttgart \u00fcber Missst\u00e4nde in der Arbeitswelt, \u00fcber &#8222;Unrechtsanw\u00e4lte&#8220;, von seinen Erlebnissen als Schwarzer in Deutschland Ost und West. Auch einige Betroffene kamen zu Wort. Von Ralf Garmatter, Hohenlohe-ungefiltert Weitere Informationen \u00fcber G\u00fcnter Wallraff im Internet: http:\/\/www.guenter-wallraff.com\/ http:\/\/www.guenter-wallraff.com\/biographie.html http:\/\/de.wikipedia.org\/wiki\/G\u00fcnter_Wallraff [&hellip;]<\/p>\n","protected":false},"author":3,"featured_media":0,"comment_status":"open","ping_status":"open","sticky":false,"template":"","format":"standard","meta":[],"categories":[],"tags":[],"_links":{"self":[{"href":"https:\/\/www.hohenlohe-ungefiltert.de\/index.php?rest_route=\/wp\/v2\/posts\/7304"}],"collection":[{"href":"https:\/\/www.hohenlohe-ungefiltert.de\/index.php?rest_route=\/wp\/v2\/posts"}],"about":[{"href":"https:\/\/www.hohenlohe-ungefiltert.de\/index.php?rest_route=\/wp\/v2\/types\/post"}],"author":[{"embeddable":true,"href":"https:\/\/www.hohenlohe-ungefiltert.de\/index.php?rest_route=\/wp\/v2\/users\/3"}],"replies":[{"embeddable":true,"href":"https:\/\/www.hohenlohe-ungefiltert.de\/index.php?rest_route=%2Fwp%2Fv2%2Fcomments&post=7304"}],"version-history":[{"count":14,"href":"https:\/\/www.hohenlohe-ungefiltert.de\/index.php?rest_route=\/wp\/v2\/posts\/7304\/revisions"}],"predecessor-version":[{"id":7323,"href":"https:\/\/www.hohenlohe-ungefiltert.de\/index.php?rest_route=\/wp\/v2\/posts\/7304\/revisions\/7323"}],"wp:attachment":[{"href":"https:\/\/www.hohenlohe-ungefiltert.de\/index.php?rest_route=%2Fwp%2Fv2%2Fmedia&parent=7304"}],"wp:term":[{"taxonomy":"category","embeddable":true,"href":"https:\/\/www.hohenlohe-ungefiltert.de\/index.php?rest_route=%2Fwp%2Fv2%2Fcategories&post=7304"},{"taxonomy":"post_tag","embeddable":true,"href":"https:\/\/www.hohenlohe-ungefiltert.de\/index.php?rest_route=%2Fwp%2Fv2%2Ftags&post=7304"}],"curies":[{"name":"wp","href":"https:\/\/api.w.org\/{rel}","templated":true}]}}