{"id":7176,"date":"2010-03-22T14:30:10","date_gmt":"2010-03-22T13:30:10","guid":{"rendered":"http:\/\/www.hohenlohe-ungefiltert.de\/?p=7176"},"modified":"2010-03-24T07:37:40","modified_gmt":"2010-03-24T06:37:40","slug":"viele-behinderte-opfer-der-morde-in-grafeneck-stammten-aus-hohenlohe-%e2%80%93%c2%a0uber-50-wohnorte-sind-dokumentiert","status":"publish","type":"post","link":"https:\/\/www.hohenlohe-ungefiltert.de\/?p=7176","title":{"rendered":"Viele Opfer der Euthanasie-Morde in Grafeneck stammten aus Hohenlohe \u2013\u00a0\u00dcber 50 ehemalige Wohnorte in der Region sind dokumentiert"},"content":{"rendered":"<p><strong> <\/strong><\/p>\n<div id=\"attachment_7190\" style=\"width: 201px\" class=\"wp-caption alignleft\"><strong><strong><a href=\"https:\/\/www.hohenlohe-ungefiltert.de\/wp-content\/uploads\/2010\/03\/eugenik3.jpg\"><img aria-describedby=\"caption-attachment-7190\" loading=\"lazy\" class=\"size-medium wp-image-7190\" title=\"eugenik3\" src=\"https:\/\/www.hohenlohe-ungefiltert.de\/wp-content\/uploads\/2010\/03\/eugenik3-191x300.jpg\" alt=\"Ein Fotodokumente in der Sonderausstellung des Freilandmuseums Wackershofen.\" width=\"191\" height=\"300\" srcset=\"https:\/\/www.hohenlohe-ungefiltert.de\/wp-content\/uploads\/2010\/03\/eugenik3-191x300.jpg 191w, https:\/\/www.hohenlohe-ungefiltert.de\/wp-content\/uploads\/2010\/03\/eugenik3.jpg 220w\" sizes=\"(max-width: 191px) 100vw, 191px\" \/><\/a><\/strong><\/strong><p id=\"caption-attachment-7190\" class=\"wp-caption-text\">Fotodokument eines Euthanasie-Opfers in der Sonderausstellung des Freilandmuseums Wackershofen.<\/p><\/div>\n<p><strong>In Grafeneck auf der Schw\u00e4bischen Alb (heutiger Landkreis Reutlingen) begann im Jahr 1940 die sogenannte Aktion &#8222;T4&#8220;. In einem Jahr wurden dort unter nationalsozialistischer Herrschaft 10.654 Menschen mit geistigen Behinderungen oder psychischen Erkrankungen ermordet. Auch 87 Menschen, die zuvor im Diakonie-Krankenhaus in Schw\u00e4bisch Hall untergebracht gewesen waren, wurden in Grafeneck ermordet. Die Gedenkst\u00e4tte Grafeneck hat eine Liste der Orte zusammengestellt, in denen die Mordopfer zuvor gelebt hatten. Auch \u00fcber 50 Orte\u00a0 aus den heutigen Landkreisen Schw\u00e4bisch Hall und Hohenlohe sind darunter.<\/strong><\/p>\n<p><em>Von Ralf Garmatter, Hohenlohe-ungefiltert<\/em><\/p>\n<p><strong>St\u00e4dte und Ortschaften im heutigen Landkreis Schw\u00e4bisch Hall aus denen Grafeneck-Opfer stammten:<\/strong><\/p>\n<p>B\u00e4chlingen, Beimbach, Braunsbach, Brettheim, B\u00fchlertann, Crailsheim, Erlenhof-Gaildorf, Eutendorf, Fichtenberg, Gaildorf, Gnadental, Hengstfeld, Herlebach (bei Oberfischach, Gemeinde Obersontheim), Honhardt, Hornberg, Mummelsweiler, Jagstheim, Kirchberg\/Jagst, Klopfhof, Langenburg, Michelbach, Michelbach\/Heide, Michelbach\/Bilz, Michelfeld, Niederwinden, Oberaspach, Obersontheim, Oberspeltach, Obersrot (m\u00f6glicherweise Oberrot), Oberweiler, Ottenried bei Gaildorf, Rot am See, Schrozberg, Schw\u00e4bisch Hall, Steinbach bei Schw\u00e4bisch Hall, Tiefenbach, Unterfischach, Untergr\u00f6ningen, Vellberg, Waldtann, Wiesenbach, Wildenstein, Wilhelmsgl\u00fcck<\/p>\n<p><strong>St\u00e4dte und Ortschaften im heutigen Landkreis Hohenlohe aus denen Grafeneck-Opfer stammten:<\/strong><\/p>\n<p>Berlichingen, D\u00f6rzbach, Forchtenberg, K\u00fcnzelsau, Kupferzell, Nagelsberg, Neuenstein, Oberkessach, \u00d6hringen, Pfedelbach<\/p>\n<p><strong>Weitere Ortschaften im Bereich der Region Hohenlohe-Franken und den angrenzenden Gebieten aus denen Grafeneck-Opfer stammten:<\/strong><\/p>\n<p>Aalen, Bopfingen, Creglingen, Edelfingen, Ellenberg, Ellwangen, Finsterlohr, Fornsbach, Grab bei Murrhardt, Gschwend, Heilbronn, Heilbronn-B\u00f6ckingen, Jagstzell, Ilsfeld, Langenbeutingen, Lauda, Mergentheim, M\u00f6ckm\u00fchl, Murrhardt, Neuler, Oberkochen, Oberlauda, Oberstetten, Rudersberg, Schwabsberg, Stuppach, Sulzbach\/Murr, Tauberbischofsheim, Wasseralfingen, Welzheim, Wertheim, Wildentierbach, Willsbach, W\u00fcstenrot<\/p>\n<p><strong>Anmerkung von Hohenlohe-ungefiltert:<\/strong> Die ver\u00f6ffentlichte Liste kann unvollst\u00e4ndig sein. Falls eine Ortschaft einem falschen Landkreis zugeordnet wurde, bitte ich um Mitteilung der richtigen Zuordnung an die E-Mail-Adresse redaktion@hohenlohe-ungefiltert.de. Vielen Dank. Die Gedenkst\u00e4tte Grafeneck hat auch eine Namensliste der 10.654 Ermordeten erstellt, die sie auf Nachfrage zur Einsicht zur Verf\u00fcgung stellt. Die Liste der Namen und die Liste der Orte sind von der Gedenkst\u00e4tte Grafeneck bewusst in zwei getrennten B\u00fcchern zusammengestellt, damit Unbefugte keine Zuordnung von Namen und Herkunftsorten vornehmen k\u00f6nnen. Angeh\u00f6rige von Opfern sowie Gemeinde- und Landkreisverwaltungen und andere Beh\u00f6rden erhalten bei der Gedenkst\u00e4tte Grafeneck auch genauere Informationen \u00fcber die Opfer.<\/p>\n<p><strong>Dokument eines Schreibens, das im Staatsarchiv Ludwigsburg lagert. In diesem Brief wird der Witwe eines Opfers aus Schrozberg der Tod ihres Mannes mitgeteilt:<\/strong> <a href=\"http:\/\/www.landesarchiv-bw.de\/stal\/grafeneck\/grafeneck07a.htm\" target=\"_blank\">http:\/\/www.landesarchiv-bw.de\/stal\/grafeneck\/grafeneck07a.htm<\/a><\/p>\n<p><strong>Zeitungsdokumente \u00fcber die juristische Aufarbeitung der Grafenecker Krankenmorde nach dem Zweiten Weltkrieg:<\/strong> &#8222;T\u00f6tung in einer Minute.&#8220;<br \/>\nQuellen zur Euthanasie im Staatsarchiv Ludwigsburg <a href=\"http:\/\/www.landesarchiv-bw.de\/stal\/grafeneck\/index.htm\" target=\"_blank\">http:\/\/www.landesarchiv-bw.de\/stal\/grafeneck\/index.htm<\/a><\/p>\n<p><strong>Weitere Informationen zu Grafeneck im Internet:<\/strong> <a href=\"http:\/\/www.gedenkstaette-grafeneck.de\/\" target=\"_blank\">http:\/\/www.gedenkstaette-grafeneck.de\/<\/a> \/\/ <a href=\"http:\/\/de.wikipedia.org\/wiki\/T\u00f6tungsanstalt_Schloss_Grafeneck\" target=\"_blank\">http:\/\/de.wikipedia.org\/wiki\/T\u00f6tungsanstalt_Schloss_Grafeneck<\/a> \/\/ <a href=\"http:\/\/www.spur-der-erinnerung.de\/\" target=\"_blank\">http:\/\/www.spur-der-erinnerung.de\/<\/a><\/p>\n<p><strong>Artikel in Hohenlohe-ungefiltert:<\/strong> &#8222;Spur der Erinnerung von ehemaliger Krankent\u00f6tungsanstalt Grafeneck nach Stuttgart \u2013 87 Menschen aus dem DIAK unter den Ermordeten&#8220; <a href=\"https:\/\/www.hohenlohe-ungefiltert.de\/?p=3998\" target=\"_blank\">https:\/\/www.hohenlohe-ungefiltert.de\/?p=3998<\/a><\/p>\n<p><strong>Sonderausstellung im Freilandmuseum Schw\u00e4bisch Hall-Wackershofen:<\/strong> <em>&#8222;Eugenik und Euthanasie \u2013 Rassenpolitik im Dritten Reich&#8220;<\/em> vom 21. M\u00e4rz 2010 bis 7. November 2010 \u2013 Zu Beginn des 20. Jahrhunderts entstanden Verb\u00e4nde, die sich &#8222;Eugenik&#8220;, d. h. die gezielte Verbesserung von Erbanlagen durch &#8222;Z\u00fcchtung&#8220; zum Ziel gesetzt hatten. Unter dem nationalsozialistischen Regime wurden diese Ans\u00e4tze Regierungspolitik. Sie beinhaltete im Wesentlichen die F\u00f6rderung des als rassisch hochwertig eingestuften Nachwuchses, die zwangsweise Sterilisierung von als rassisch minderwertig angesehenen Menschen und die Ermordung von geistig und\/oder k\u00f6rperlich behinderten Erwachsenen und Kindern sowie von psychisch Kranken. Opfer und T\u00e4ter dieser Politik lassen sich in fast jedem Dorf nachweisen. In der Ausstellung soll den Spuren f\u00fcr den Raum Schw\u00e4bisch Hall nachgegangen werden. <a href=\"http:\/\/www.wackershofen.de\/freilandmuseum\/cms\/front_content.php?idart=45\" target=\"_blank\">http:\/\/www.wackershofen.de\/freilandmuseum\/cms\/front_content.php?idart=45<\/a><\/p>\n<p><strong>Geschichte und Gegenwart der heutigen Gedenkst\u00e4tte Grafeneck<\/strong><\/p>\n<p><strong>Der 70. Jahrestag der Beschlagnahmung Grafenecks: 14. Oktober 2009<\/strong><\/p>\n<p><em>Von Thomas St\u00f6ckle, Leiter der Gedenkst\u00e4tte Grafeneck<\/em><\/p>\n<p>Grafeneck ist ein Ort mit einer ungeheuren Symbolkraft. Seine Geschichte steht f\u00fcr knapp eintausend Jahre deutscher Geschichte. Gleichzeitig symbolisiert das Jahr 1940 \u2013 mit der Ermordung von \u00fcber 10.600 Menschen \u2013 einen zivilisatorischen R\u00fcckschritt in die Barbarei, einen Zivilisationsbruch. Vorbereitet und eingeleitet wurde dieses Menschheitsverbrechen durch die Beschlagnahme Grafenecks am 14. Oktober 1939.<\/p>\n<p><strong>Der Geschichtsort Grafeneck<\/strong><br \/>\nGrafeneck blickt auf eine fast tausendj\u00e4hrige Vergangenheit zur\u00fcck. In der Zeit der Renaissance Mitte des 16. Jahrhunderts trat an die Stelle der mittelalterlichen Burg das Jagdschloss der Herz\u00f6ge von W\u00fcrttemberg. Im 18. Jahrhundert lie\u00df Herzog Karl Eugen Grafeneck zu einer eindrucksvollen barocken Sommerresidenz erweitern. Das 19. Jahrhundert aber brachte den Niedergang des Schlosses. Grafeneck zerfiel und einzelne Geb\u00e4ude wurden \u201eauf Abbruch verkauft\u201c. Das Schloss diente schlie\u00dflich als Forstamt bis es schlie\u00dflich zu Anfang des 20. Jahrhunderts in Privatbesitz gelangte.<\/p>\n<p><strong>Das Samariterstift Grafeneck<\/strong><br \/>\nIm Jahr 1928 erwarb die evangelische Samariterstiftung Stuttgart das Schloss und wandelte es in ein Behindertenheim f\u00fcr \u201ekr\u00fcppelhafte\u201c M\u00e4nner um. Kurz nach Beginn des Zweiten Weltkrieges, am 14. Oktober 1939, wurde Grafeneck f\u00fcr \u201eZwecke des Reichs\u201c im Auftrag von Berlin durch das W\u00fcrttembergische Innenministerium beschlagnahmt. Vorausgegangen war diesem hoheitlichen Akt des Staates, der sich hierbei auf das am 1. September 1939, also dem Tag des Kriegsbeginns, in Kraft getretene \u201aReichsleistungsgesetz\u2019. Die rechtliche Verf\u00fcgung, die im Oktober 1939 Stadtpfarrer Fischer, dem Vorstand der Samariterstiftung und ehemaligen Stadtpfarrer der Stiftskirche in Stuttgart zuging, stammte hierbei vom zust\u00e4ndigen Landrat Richard Alber in M\u00fcnsingen. Grafeneck, so hie\u00df es in dem Schreiben werde ab dem 14. Oktober 1939 f\u00fcr \u201eZwecke des Reichs\u201c in Anspruch genommen und sei von der Samariterstiftung zu r\u00e4umen. Erw\u00e4hnt wurde ausdr\u00fccklich, dass sich dies auf \u201eInsassen und Pflegepersonen\u201c bezog, w\u00e4hrend \u201edie gesamte zur Anstalt geh\u00f6rende Einrichtung sowie die Vorr\u00e4te\u201c zur\u00fcckzulassen waren. Wenige Tage vor dem 14. Oktober war diese \u201aInanspruchnahme\u2019 Pfarrer Fischer auf dem W\u00fcrttembergischen Innenministerium angek\u00fcndigt worden. Die Grafenecker Heimbewohner kamen in den ersten Kriegsjahren im oberschw\u00e4bischen Kloster Reute bei Bad Waldsee, sp\u00e4ter in der Heil- und Pflegeanstalt Schussenried und im Samariterstift Obersontheim unter. Nicht alle sollten den Krieg \u00fcberleben, aber keinen der \u00fcber 100 Bewohner sollte das grausame Schicksal der Ermordung in der Gaskammer von Grafeneck ereilen.<\/p>\n<p><strong>Grafeneck 1940 \u2013 Geschichte und Erinnerung<\/strong><\/p>\n<p>Am 18. Januar 1940 begannen auf dem Gel\u00e4nde des Schlosses Grafeneck die NS-\u201eEuthanasie\u201c-Morde. Es waren damit die ersten reichsweit und damit der Auftakt der so genannten \u201eAktion T4\u201c, der in Deutschland 1940 und 1941 \u00fcber 70.000 Menschen aus Heil- und Pflegeanstalten zum Opfer fielen. In Grafeneck wurden 1940 von Mitte Januar bis Mitte Dezember 10.654 M\u00e4nner, Frauen und Kinder ermordet. aus 48 Behinderteneinrichtungen und psychiatrischen Kliniken. Die Opfer, in der Regel Menschen mit geistiger Behinderung oder psychischer Erkrankung, stammten aus 48 Heil- und Pflegeeinrichtungen des heutigen Baden-W\u00fcrttemberg, Bayern, Hessen und Nordrhein-Westfalen. Nach der Beendigung der Morde im Winter 1940\/41 wurde Grafeneck f\u00fcr die \u201eKinderlandverschickung\u201c, sp\u00e4ter von der franz\u00f6sischen Besatzungsbeh\u00f6rde genutzt und 1946\/47 wieder an die Samariterstiftung zur\u00fcckgegeben. Die bei Kriegsbeginn aus Grafeneck vertriebenen behinderten Menschen, die den Krieg \u00fcberlebten, zogen erneut ins Schloss ein. Grafeneck ist seither wieder ein von der Samariterstiftung genutzter Ort \u2013 Lebensraum, Wohnort und Arbeitsplatz f\u00fcr behinderte sowie psychisch erkrankte M\u00e4nner und Frauen. Spuren, die an die \u201eEuthanasie\u201c-Morde erinnern, wurden bereits in den 1950er und 1960er Jahren sichtbar: Zwei Urnengr\u00e4ber, ein fr\u00fcher Gedenkort auf dem Friedhof der Einrichtung und schlie\u00dflich 1982 die erste Texttafel, die an die Verbrechen von 1940 erinnert. Der eigentliche Ort des Mahnens und Gedenkens, eine offene Kapelle, entstand 1990 unter dem Leitgedanken: \u201eDas Gedenken braucht einen Ort\u201c. Die Erg\u00e4nzung hierzu, ein \u201eOrt der Information\u201c, ist seit Oktober 2005 mit dem Dokumentationszentrum Gedenkst\u00e4tte Grafeneck geschaffen. Gerade diese Gleichzeitigkeit von Einrichtung und Gedenkst\u00e4tte lassen Grafeneck nicht nur in Baden-W\u00fcrttemberg, sondern weit dar\u00fcber hinaus zu einem einzigartigen Ort werden. Dass Erinnerung nicht zum Selbstzweck erstarrt, macht der Besuch von fast 20.000 Besuchern in Grafeneck, darunter viele Angeh\u00f6rige und Verwandte von Opfern, Vertretern von Einrichtungen und Verb\u00e4nden, von Landkreisen und (Kirchen-) deutlich. Gedenkst\u00e4ttenarbeit in Grafeneck meint nicht zuletzt auch historisch-politische Bildungsarbeit mit heute nahezu 200 Besuchergruppen, darunter vielen Jugendlichen und Sch\u00fclern. Denn gerade die Verbrechen des NS-Staates machen deutlich, wof\u00fcr es lohnt, sich in der Gegenwart und Zukunft zu engagieren: f\u00fcr Demokratie und Freiheit, f\u00fcr Menschenrechte und Menschenw\u00fcrde aller Menschen.<\/p>\n<div class=\"pdf24Plugin-cp\"> \t<form name=\"pdf24Form0\" method=\"post\" action=\"https:\/\/doc2pdf.pdf24.org\/wordpress.php\" target=\"pdf24PopWin\" onsubmit=\"var pdf24Win = window.open('about:blank', 'pdf24PopWin', 'resizable=yes,scrollbars=yes,width=600,height=250,left='+(screen.width\/2-300)+',top='+(screen.height\/3-125)+''); pdf24Win.focus(); if(typeof pdf24OnCreatePDF === 'function'){void(pdf24OnCreatePDF(this,pdf24Win));}\"> \t\t<input type=\"hidden\" name=\"blogCharset\" value=\"Cw1x07UAAA==\" \/><input type=\"hidden\" name=\"blogPosts\" value=\"MwQA\" \/><input type=\"hidden\" name=\"blogUrl\" value=\"yygpKSi20tcvLy\/Xy8jPSM3LARK6pXnpqWmZOSWpRSV6KakA\" \/><input type=\"hidden\" name=\"blogName\" value=\"88jPSM3LARK6pXnpqWmZOSWpRSUA\" \/><input type=\"hidden\" name=\"blogValueEncoding\" value=\"gzdeflate base64\" \/><input type=\"hidden\" name=\"postId_0\" value=\"Mzc0NwMA\" \/><input type=\"hidden\" name=\"postTitle_0\" value=\"HYyxDQIxEARb2QaQSCgBQYKQCCA2eP99evsO2fc5PZASUAt0QiUYgpls5ijMxP46sCJ21rOnoKEJFzurkRDFpoaBysuE5qEUpyLMDVtL1NyFz+3+er4f596vlmBiCVlG4mRJrfp\/8psfOIopmmhEtGkuVBdW\/wI=\" \/><input type=\"hidden\" name=\"postLink_0\" value=\"yygpKSi20tcvLy\/Xy8jPSM3LARK6pXnpqWmZOSWpRSV6Kan69gW25obmZgA=\" \/><input type=\"hidden\" name=\"postAuthor_0\" value=\"AwA=\" \/><input type=\"hidden\" name=\"postDateTime_0\" value=\"MzIwNNA1MNY1MlIwNLEyMLYyNAAA\" \/><input type=\"hidden\" name=\"postContent_0\" value=\"tVrbbhzHdn0\/X1FggMAGOBfSsiXqSDqhjkhK1sWOKIuAXowadk1Pe7qrB1XVHGme\/A8BAiQITvLgb9CTnsI\/8ZdkrV3Vl+FFTuyTF7Knu2vXvu+1d\/WD1aMHPrja5o\/Ug0m6ejBZPfrTg6y4UEX2cEeHoM8XlbHhx7t7B9Md5cOH0jzcWRdZWNxX+9O91fsddV5q73FzNTrXq1DUVumyyG1p5mGn26L7r9XCmfnDnUUIK39\/Mlmv1+NFvTC2xJ9RY3MzL8pgXBhnZkKatQ1gYNKsylpnfoJNp5PpVxPT5MYWy6\/GP61ybFNUudKu0KPM+HNXzEw2+\/BwJzE06gUZRUFIq7D5w51Sbz50IvhiY0aVyYqmUti6qHRu0oJQBEre7gpVuPO\/nxCjvYO9919NpyIM1Bce7hwVVh3Xoc7qZUPGjcKNzDh1Wlv80433wZQl9sJdr46dKUpts6rxpqm8OtPnS+P8op4bO95RYrGHO9hmRy1MkS+wA\/YTMbwJ\/z+SKFyvd9Xf09Jqf3+6BtcwFOz1RaXfj5IzYq\/V+y\/V3nR6gT3l146awKH1o4F3txcr8e9b3eOaS4+CeQ9vHhpEmcJC8UdNWGirfWFG363mUPkfsBOj78EE0YcY7KPzmVUnTuO5OV8q3cwj9fPF+vKXWeHPoVB1WM7UFwvThCLHsxegv8Q+Xr3GrRJ+buyXamZyba0qKvWtXjho6M5UZYVRvsZjPIGHHS4lfP\/xH+7t7+\/\/+c0duZj+eazAAqVNS9eNy7BpVrugGqxzymou1KWvNwWC3wfhy6mnxjlc6XmAYcbffH1HvTQ2slwVQeWGr2J79dgsCqqLXmFVTQlX\/sP5Isl35JZO22V8alxVg4EwVofN+ULdu9sR3RWBNs1F7Sjnk0IvawvDPOdiYxcwBq0z0J16qssyCpGbmYMXkKu18dhnrR1JJmmLoRV6Fp5gwxODF5Y+XP4SoMT+rYWOTqJeQEwjZvvOBTLodQUXyo24RtiNLmOpU5B7CdI1XSlJkpvSzAKpITyS0JefZnj+9VQI\/vd\/KUpGLpMP2N4HzI3yZuppG4kIJvzMtBMtjK+UArihqR69hVe81uVcnWhXkQ+32xMYhvKDCd7uViZKp9BMBrm5LfiNDmHEFa\/ze53bJJsZGCCGGsoR9AhK968x\/fjyl\/NF9PxdOFdRzWBaXCEerW+vTQjIhRUuLz8tSnCPKNhVf3W6KH18cORKuE09H53gHvx9vst4NzZeHhdwF2NhiXxX9W+cWA12gy6hIxjZh7kpM16DGLdWX8xMob7DsjmFFGZOTGUYAHLbIxFy\/y+pZHitywKvXNrpZQPnKf0aiYR2+FZji8ju88KdL\/jSRG7iRglHAv+71C90MWuEAPg2ZdRCfz15aorMbN15XJSb9kYU4lUBX3drsgpVkVntV0JoyHj6tTJl6J+5OqgvqsuPeUl6bk3flCd48GV8pxXpO3q6w1aKmuo1+xokdKVODdiEm7h6EzVy1WVwJ0CdomxSuP78TWHgSVEFP9Dve1PIz9xdfrTJfd4iRuM+Z7rMopOcFUwRcf0Z2EMC4o7yA8qqfF5efjpf\/rFI6EP0d4UA\/A2aTkI8ufzoNpHf49oN\/Pb55Se7gTvpBtcNaeIXNPQK2Kf08Z1XpukEpJ2WxnshdfmvC5c2+H4OzxC3uSr0mSmgUXNVYPBnwJ+kxdcmZ+HpU8pxzNiiKOY1eC+S8cbQ7xAss8KQyu9Ry6EuJScgMBLnf3Umb1PFEWRo7x+VZaskXK51vHtcUBMOXDpRZZtOwMFMnO1l41yK2RPIuwbPDP6inIEPO7gcPb78eL5Mm0nARs0\/K30MthSzdIz40gvdZBoByWLVRtpLEqmYwHaHW8NkMZRorjoWR16XkYREZDCMM4RVAxv4PpT0rP0RmlWM7tOmFO+ZcAuEj27whgRUPU+58gyQCemgU9+ZKTfpCVJrupJQCQXWtqFTJv2dXX7yjPo6XPWfQ1tBBgKoiy0fGZSd3sxSkC8MwncOhwilpOhUgJfEP429qLEpAtFmRa48nHqsjpEUfKzVnZcmxDMHqhEM0sflBoAUNdqaEMHBrpoVrPz0ZnQOL\/mjSIjPKUcWJLLfNVzF+zpW+qPRS+S20WHmEFBGOZNpQWD\/dBtMHqu3BdCAVU8QHr8NPjShgkj1SgNv+LLDIQmNHSUcI6iqBSMCCgsjUPMVbDN3SAUQ2in0JJ7SyI+3SJqXn3KKE1dGfnqsI3vGCC6uYSABHbQn79wmw8ysCZ8JjzaoDUBCAVmAXQJLNquIvQFMZZrY8gcEzrzJaXbRQK987trz9lR8ax480CxuAXBZw1ZALVEBrAAu0F4gfcKGslYyjAVuXov6Y+EeCbHOR+CBa7RxEbDyiSa6NcS5oJSJvhd4ARfMGZ9TghiREL0hgWd2XhOCwUuwNsJAqleYGl8NnSfbvQprpkFvbD215JmFT4PWwWtUBPT8L5psXeSeKEGVMDp8jtA\/Y7FDwkZFnqOTdJnwe1aEtUmEU+fDfNzXZXnrTZ2pArt69RLRh3+wDcyI+BgG7dZUILWK7JJM4mw0W7NJRFYvJ3mrmf5qelePF6FCl66RGdHN\/jjD6uXOoz9ELraO2wp9h1oGo\/q+K+9N8FPj2s4HIH2u3Sy+HK3bEsd1akck9NA6SQ2s1Ls166Rl3gxLqDof6KftyC4\/CsEitmMOqcYCjo5Tn\/Zg5tDx\/umfG8PKFSO2604\/a+zfp3\/6\/fu\/g+I7OjdpvEUP246\/aQYRAsmeEbQhIf+GT+UpxjQr36jjgDx9VobPrCPPajK5th2S9bpYFiuTFXpcA5Lz1yRZ0GtLHYQfES1l7f2PnTC3svE76d3GHqXyq8aN4JwjAxBnpfn+TU3csuYmyx26UCxNSW\/9raKd\/PsUxCVajjriknHNwlScKfaxE7blHjiDxBOASwi5dkH9+vO\/DCcECTJW6smzw+dpeJHJgKEthCmW1P9tUPmX1cOvDg7u3ay6\/+3qm5R4fYoEb98eIl1rb0bDodIwItCbJ00fxZmalKZBjqC2XhPH2VVdFjCfjFEcAY0FSEftb1MN+3zYplL7e2Ng0F\/chuPgKZCQV3fH6lV9YSomRrlJsu8aFL8cZpUx2P50LLOkRUPxArCXDbCkwHsAixnRmWmhCMTaZjsxgedjtRjLW7nZABkhH3M10VTnPEfAmpbVDDs3rqf1jgiCTtRafANVvgMR0PImbPqJyw\/JTapb5lxW+pfKdIMx1kvABo9SvjHyUNjxSaljdQqOUR2sQIAgufmMDaXg1TQGOhag4NrBITZVaLa9WHlRs7FAfOUsBIQ+jbRVhGtr4AVvfJqFsW3xsddGT+wKMF30utkiWskELpFl6+ERd0y2XfC0WC5GS0skTfH4dCKTOyAnt4rdJ6SMg70gQbbW5M0mUs\/lSYukSKqb+bVxPo7QQl5\/A3XGUgvrqu+Tg5birtFLkGnmGnjxJyMhXru5pAMR30Yog5WHg2Dy6AUkATD14B8QbUwIr\/UNgSXUcs5R6U3QVEayN6XW9XCsiwifb0Xs5LzyuFXb8GMaeo9Xi9VfigwZ6+Gdrz+bgP8Q5ZsyzImBeLFNopZPDGRbM3VSV91U4hZ0en1a2CJPLL6bghzuqSMKesy9EItWLyqqv6Pj76u9OzD2MtQxa0wPbh1EvlnUFcDraWDnWyJLvBCI8DkQvTWWHAAHL8iYHYnMoyOoYnKG3HSH0w\/VrC6XWAAkfCp9xEBd8CL0QuIyS6tXK64PSNXo+KPcYKkJcRLeLxurk5KZdAOu2YDKFhKVQUB5P51n2iRbsSIOQy6CTjZx02kfnnyfPAIeFReMdB1q12YojqNwyVwu42ZE3GNAVA332U2r3rWrkOP8zCGPoN+skU4dFRzEPSTdlPG3pLsYjz5xgTY\/sPmZORMTmWRc2Wxg+oFlPAd6Q9PvHXx1ML7JmzoNslO7yQMj+h10j0hAyyBtrFhOUkOyz0+XvyykoUO5iOFMzgmZqacuVRDupwGV1YUH3Dg3sb+XnLz3zZUqFhy77qjdU+aY2PFWXFEy17uU4B8TdUdr55mPoE1eRTu6ufyYOs0zuBZWspDm4AmKure1oSoLc\/mfsqbO1XPtSiUVcgCHAJSjV7NLhUmXnuMPtp3a1eccsZ3WaJ8dgrRA6GyUTGEJptHOg7+9g+0dNW0UD0qMJMo4EaYORSUJgBo\/HjLB+aopWwfamFICCVW+ybqq+evPf6OpDmfieZzhLPE7\/Przf0ROTlstFdJ3UWmUXqoM69hx7Tj1CwJBwMnWC1DDoZ23TF5DHwiI711xoQOgQxE2PHLBu4jVa45IRnSlHVWEqjf\/jCc+607a9u9RrYg2cQxzQYcrY6O4TYzx3WPXbCA1VbcmPiLGMT61gN25WRAHrmIygiaX8OPVypQyboUKCdGsJLdqrJ43QGuCkweI7Fr7SQhxQ2ymA7GBdds9QQEOJcQEKnruC57QCyMuYuKSoXSXFiDf0MWjRp5x6gIswnmR40n8bJA5gmQkxHBfhbVrBxTE10ULoQ6XIToke16BQxwL0xcWHD+aIh6l6piAmN1XkY0kJUGeYL43OjrNcyrFz0RjXo7snrMuxKEUNEf0\/O9R8JKIiIAvIslff\/63OBtjUoz8DaZnEahBT0Mtk+0srOYagenUcTxO3RV+3oqf2ziEue4+EmNtv2S36cgKvuiXPCmSTwp6d9s0EA3spNl5pyei\/E3TTkzTJJSJ7jUk0S7j6TMIg9bLy0\/Wy\/h3EP0gWJMWEpVJh+NVP4mKKAppRW5fdbbf8C1LkL1yaUDGPBaBpReu7S0aQi5wyDwVuQQkRSWwbS2DY2VSAWgkmZH56DP0MHEY8PLM+og5udX38xKhspKzL2PJ1cwgGSNKWGGIBLAiNiheVyHOUQ9T1xrnijzU4GhVBsURlBIPcxFs7Yh6STfVpk2TEK8cT48Rr5Z17I2WmuGuqbGLD7rnM6uTwqQMwzEhwJaPpQ8MquuBaa9HJiNwCZvDLaDBOsJhGUoPpl1Pefpq1vWC6Wcpc9d43B1HzjYF1k8ETHIwRLb91ucNz5ECg1ThJkjjBOiSyWmc51GgX8XOIH14wQOW0cA47YwAPtdQc3KwyMeciG3n8uEhZpwOoJWVibdmLWe3QI6zlusIxEoz44GHlMZlhFLkowVpU2S9JH4kIFknZxaDNsgWcIrX5RWcl6Q50X7JAbcTjx5+gsDDUnutQvVvdBjyCsLvhyvXD8daiGEbnUBo\/GxEJifRMU5MKd35drkfcEbHfXU6gt\/3kwU48IjfNQD9HvnoumlOLxUxOoKcB7JZjVAzPZeObR70Ml4jmbTfqwhmSN+svLmDLWKSh+KeRNzNvihK0cSLvWQUdCbTIXLmVOgWt5FhY5Xa0Lmcvgg87OVN+EX2oY0iPkw6JBiJN56YTaov6UuYWJF31TE8YasjHnxeQsbu3BuWedMnirQoNs06uC5aEKLLNhSF8d3Wm15DsPLmj3Dc8COcq5\/guMEnOF2FsC17V1W3zSP9pOsjH\/PbiNEwuezi3gfgTZ6Mdmn1FeR3iEK8iu5xrkXrr3Q6Ln5sDHNOO1sXx5IZSiGTGlpiAlvfCFQyGXP9LWqaDnIh2QYhCHLiQ206aSvIHHIDk\/ukXjQyOmxY3WfpMIcO2XBglLzsm8mdu2otuLhrBm6oQpLOgWOYPaKtmNmGMEP02\/MPTmFkvi7HRv1gZfv7p+vZSU55N3X8eMrCFHCHHlrKCeh2U4wCGmj0JASR5u31NEkfT\/Yk4bwgjx5uzSNfZL74oRiAghyJ+FUJBUZr9FKkqtdPgEx0ODzpsCtIxGAZp3lNFDjp+OaEo9Kguv+SK\/azvq1CewdfTxPxvYNvePltLEVy1Ik26b5gY\/UDNGdzlOMZ44kqmcOCi27oQCHbHHnMGrOo46d6w9Iu6GTYmOwd3Nvvc6B6Y96HAEuUW5K97RtqmkEyTRKLp65iobydHooVMjlwQ82xPk11yKIc\/EkvXPN03KBlXLFJ3e3Gr6B9MO3m4pWMVnKTySzuPjXMBqglxj6wYXGMNQ\/7xmZNJoQ5jMYoERi5aaLGQOC7NFkanOdI1LVuN5wBfZ3GH5zlxfO2OJvY4Mo11a1HprmRI\/y54FDjdDul2Jq8LLmZDIiv2GebakJbgwMGwQO2kUJzUzrzdRxrSiHLtIslB37OaE79eCV9cEHcLWmRWmnniU+IOgcnIDYdufPDp3Lmw2Yd6z8M5lzYVZV8tZjGa9I612kOuh\/LXLxNloYfMe523\/ypC5a1rXNu6uEte1bLz5X6U29+DeWk33H2qvJS6u7G93iZbwy\/ROTzL+QrNWjtSxmP0WfH2zq38eh0+5NLHrOHThelDOjlaBzZIo25RnG+Ll3k46LM5IAokqIfLQQ9AvgaGGF\/oJfcNeiV7VWFWPUthylZaijJO1Lm5acyDkeM5ei7da5hjDL4AIBS5yn2kbtRWOShWnIfHpVIjrBgO7yOE8x2\/soN3zXycYK4jc01DxIYiLL+ialqpMhQmJQZTcH+dzc+bWuC9JzxjfbWGs\/Z7CDy+\/cikPwf\" \/> \t\t<a href=\"https:\/\/www.pdf24.org\" target=\"_blank\" title=\"www.pdf24.org\" rel=\"nofollow\"><img src=\"https:\/\/www.hohenlohe-ungefiltert.de\/wp-content\/plugins\/pdf24-post-to-pdf\/img\/pdf_32x32.png\" alt=\"\" border=\"0\" height=\"32\" \/><\/a> \t\t<span class=\"pdf24Plugin-cp-space\">&nbsp;&nbsp;<\/span> \t\t<span class=\"pdf24Plugin-cp-text\">Sende Artikel als PDF<\/span> \t\t<span class=\"pdf24Plugin-cp-space\">&nbsp;&nbsp;<\/span> \t\t<input class=\"pdf24Plugin-cp-input\" style=\"margin: 0px;\" type=\"text\" name=\"sendEmailTo\" placeholder=\"Emailadresse\" \/> \t\t<input class=\"pdf24Plugin-cp-submit\" style=\"margin: 0px;\" type=\"submit\" value=\"Senden\" \/> \t<\/form> <\/div>","protected":false},"excerpt":{"rendered":"<p>In Grafeneck auf der Schw\u00e4bischen Alb (heutiger Landkreis Reutlingen) begann im Jahr 1940 die sogenannte Aktion &#8222;T4&#8220;. In einem Jahr wurden dort unter nationalsozialistischer Herrschaft 10.654 Menschen mit geistigen Behinderungen oder psychischen Erkrankungen ermordet. Auch 87 Menschen, die zuvor im Diakonie-Krankenhaus in Schw\u00e4bisch Hall untergebracht gewesen waren, wurden in Grafeneck ermordet. Die Gedenkst\u00e4tte Grafeneck hat [&hellip;]<\/p>\n","protected":false},"author":3,"featured_media":0,"comment_status":"open","ping_status":"open","sticky":false,"template":"","format":"standard","meta":[],"categories":[],"tags":[],"_links":{"self":[{"href":"https:\/\/www.hohenlohe-ungefiltert.de\/index.php?rest_route=\/wp\/v2\/posts\/7176"}],"collection":[{"href":"https:\/\/www.hohenlohe-ungefiltert.de\/index.php?rest_route=\/wp\/v2\/posts"}],"about":[{"href":"https:\/\/www.hohenlohe-ungefiltert.de\/index.php?rest_route=\/wp\/v2\/types\/post"}],"author":[{"embeddable":true,"href":"https:\/\/www.hohenlohe-ungefiltert.de\/index.php?rest_route=\/wp\/v2\/users\/3"}],"replies":[{"embeddable":true,"href":"https:\/\/www.hohenlohe-ungefiltert.de\/index.php?rest_route=%2Fwp%2Fv2%2Fcomments&post=7176"}],"version-history":[{"count":19,"href":"https:\/\/www.hohenlohe-ungefiltert.de\/index.php?rest_route=\/wp\/v2\/posts\/7176\/revisions"}],"predecessor-version":[{"id":7178,"href":"https:\/\/www.hohenlohe-ungefiltert.de\/index.php?rest_route=\/wp\/v2\/posts\/7176\/revisions\/7178"}],"wp:attachment":[{"href":"https:\/\/www.hohenlohe-ungefiltert.de\/index.php?rest_route=%2Fwp%2Fv2%2Fmedia&parent=7176"}],"wp:term":[{"taxonomy":"category","embeddable":true,"href":"https:\/\/www.hohenlohe-ungefiltert.de\/index.php?rest_route=%2Fwp%2Fv2%2Fcategories&post=7176"},{"taxonomy":"post_tag","embeddable":true,"href":"https:\/\/www.hohenlohe-ungefiltert.de\/index.php?rest_route=%2Fwp%2Fv2%2Ftags&post=7176"}],"curies":[{"name":"wp","href":"https:\/\/api.w.org\/{rel}","templated":true}]}}