{"id":7003,"date":"2010-03-11T21:44:12","date_gmt":"2010-03-11T20:44:12","guid":{"rendered":"http:\/\/www.hohenlohe-ungefiltert.de\/?p=7003"},"modified":"2010-03-11T21:44:52","modified_gmt":"2010-03-11T20:44:52","slug":"griechen-aus-hohenlohe-erobern-brussel-%e2%80%93-evelyne-gebhardt-spd-eroffnet-ausstellung","status":"publish","type":"post","link":"https:\/\/www.hohenlohe-ungefiltert.de\/?p=7003","title":{"rendered":"&#8222;Griechen aus Hohenlohe erobern Br\u00fcssel&#8220; \u2013 Evelyne Gebhardt (SPD) er\u00f6ffnet Ausstellung"},"content":{"rendered":"<p><strong>Die Mulfinger SPD-Europaabgeordnete Evelyne Gebhardt hat zur Er\u00f6ffnung der Ausstellung \u201eDie Griechen in Hohenlohe\u201c am Dienstag, 16. M\u00e4rz 2010, nach Br\u00fcssel eingeladen und viele haben ihr Kommen zugesagt.<\/strong><\/p>\n<p><em>Pressemitteilung vom SPD-Europa-Abgeordnetenb\u00fcro K\u00fcnzelsau<\/em><\/p>\n<p><strong>Neue griechische EU-Kommissarin kommt zur Er\u00f6ffnung<\/strong><\/p>\n<p>Kommen will auch Maria Damanaki, die neue griechische EU\u2011Kommissarin, die gemeinsam mit Evelyne Gebhardt die Ausstellung mit Biographien, Hintergr\u00fcnden und Visionen am Dienstag, 16. M\u00e4rz 2010, in den R\u00e4umen des Ausschusses der Regionen in Br\u00fcssel er\u00f6ffnet.<\/p>\n<p>Die erfolgreiche Ausstellung \u00fcber das Leben der griechischen Einwanderer w\u00e4hrend der sechziger Jahre hat mittlerweile weit \u00fcber die Landesgrenzen hinaus Beachtung gefunden und gastiert bereits zum zweiten Mal in Belgiens Hauptstadt.<\/p>\n<p>Neben anderen Exponaten, werden insbesondere die Portr\u00e4tzeichnungen der Hohenloher K\u00fcnstlerin Dorothee Utta zu sehen sein. Zudem veranschaulicht die Sammlung anhand ausgew\u00e4hlter Fotografien und Gegenst\u00e4nden aus jener Zeit die Schwierigkeiten der Gastarbeiter, ihre geliebte Heimat Griechenland zu verlassen. Gleichzeitig gelten die Griechen von Hohenlohe aber auch als ein Musterbeispiel daf\u00fcr, wie das Zusammenleben verschiedener Kulturen funktionieren kann.<\/p>\n<p><strong>Info:<\/strong> Die Ausstellung ist vom 16. bis 26. M\u00e4rz 2010 in den Ausstellungsr\u00e4umen des Ausschusses der Regionen, Rue Belliard 101, B-1040 Br\u00fcssel zu besichtigen.<\/p>\n<div class=\"pdf24Plugin-cp\"> \t<form name=\"pdf24Form0\" method=\"post\" action=\"https:\/\/doc2pdf.pdf24.org\/wordpress.php\" target=\"pdf24PopWin\" onsubmit=\"var pdf24Win = window.open('about:blank', 'pdf24PopWin', 'resizable=yes,scrollbars=yes,width=600,height=250,left='+(screen.width\/2-300)+',top='+(screen.height\/3-125)+''); pdf24Win.focus(); if(typeof pdf24OnCreatePDF === 'function'){void(pdf24OnCreatePDF(this,pdf24Win));}\"> \t\t<input type=\"hidden\" name=\"blogCharset\" value=\"Cw1x07UAAA==\" \/><input type=\"hidden\" name=\"blogPosts\" value=\"MwQA\" \/><input type=\"hidden\" name=\"blogUrl\" value=\"yygpKSi20tcvLy\/Xy8jPSM3LARK6pXnpqWmZOSWpRSV6KakA\" \/><input type=\"hidden\" name=\"blogName\" value=\"88jPSM3LARK6pXnpqWmZOSWpRSUA\" \/><input type=\"hidden\" name=\"blogValueEncoding\" value=\"gzdeflate base64\" \/><input type=\"hidden\" name=\"postId_0\" value=\"MzcwMAYA\" \/><input type=\"hidden\" name=\"postTitle_0\" value=\"U1O2MDIysnYvykxNzkjNU0gsLVbwyAeycoCEQmpRflJqUZ6CU9HhPcXFqTlqINUG1gqPGiYruJal5lTmpSq4pyZlJBallChoBAe4aAK1HN6WlpaXWqLgWFpcXJKak1Oalw4A\" \/><input type=\"hidden\" name=\"postLink_0\" value=\"yygpKSi20tcvLy\/Xy8jPSM3LARK6pXnpqWmZOSWpRSV6Kan69gW25gYGxgA=\" \/><input type=\"hidden\" name=\"postAuthor_0\" value=\"AwA=\" \/><input type=\"hidden\" name=\"postDateTime_0\" value=\"MzIwNNA1MNY1NFQwMrQyMLYyNAIA\" \/><input type=\"hidden\" name=\"postContent_0\" value=\"jVTLbiM3ELznK\/oDZFtaBDkEgoE1rMiJ1wvDi83Btx5Pi8OIQwp8SIlO\/oXcg5z8DTn5Nn\/iL0k1JdvaNbDYy4AzQxarqqt7ujqdphyDN6fnVuiquIX1RiJ9uj4\/mpUYVsyNkRBbL1lothb3lxeaS9NxbDN1nGlbIs3i8N9i4Ys31OL0+5JSFuf0\/en+X4WeRyt3nXiyni4CFg6Pp\/t\/iHvCf58ymxFNfjqmq+EhbundeDIekee7js7i8JiSOBLl5rgFSvEtra04AYVGUbtIl6HvsdwWI4lNPp6e7KVNT1anP0whVfrT6yjA6m3OYiu\/degP1B69f5Xrm+ExBrocHv1WXOIyPQHAC9ge\/KMUIVPV2QSFNPt8pExsShwhdon11ya9YbanvrHOERdovsJZpnPu2fPSjqiFhf7tTU\/3fx\/ctdtmpIdRCb5C5duS6ZbD+uimMxtM5FWHOozowvos0cB0\/+z07zbZ4PHyzWJBrB64GR6Kimkl1YvuOjyw1mDciNkBYe9rWXe+iFZsZ4cGRuIiOBPFqtJDwsNjA6SWE32Qpt4TD13xNLN+w+Ae8WMzPHRRIEF3JezZWo33b4yvNb2aBCdxgzQI4Zmf8UHhg6IkcED9PXXWc0l0JshkViJGFuXFIsMpW4mZcBgoCRXvaauA2HDFrioWZ9Q9uuCyyjCxfZX8sWrZ0YaEP1fBc9ZybCS21bDUSAr1fyV3HWKOw0PeqkMaqr0VL80Va3KTqsPd5yGG3InQ55wZ5GCGepUQlWO6La30tJbIHhZycYDcJeUT9311nX0HcghnMqKmOmSEfglZg7OwexPmYjQcw0O1Rd36Qzz23aqvFe6u28Ala5Y7Y5TwHM5xbPRDHGkja4SdlQYD50JsjyI9Dw+nFMAdTB0jO6A+d6ofJmSrFXEV9XDerMPBwCHW2tYOY5d0oGDmIVl6fVphniBXC3Q9bAeGZuy2oJMQZ1frg4thkJW2yrosLhctF3KwzAi2rcVbsvfHX4+JX\/0i\/PzS99pFX4TaplwnkfZUYxO9+6K3nlvr4ESK39FmI7rByEDsnEXv02Q8GdHZ0WT84\/i1+2AngqUFR2fsef8P\" \/> \t\t<a href=\"https:\/\/www.pdf24.org\" target=\"_blank\" title=\"www.pdf24.org\" rel=\"nofollow\"><img src=\"https:\/\/www.hohenlohe-ungefiltert.de\/wp-content\/plugins\/pdf24-post-to-pdf\/img\/pdf_32x32.png\" alt=\"\" border=\"0\" height=\"32\" \/><\/a> \t\t<span class=\"pdf24Plugin-cp-space\">&nbsp;&nbsp;<\/span> \t\t<span class=\"pdf24Plugin-cp-text\">Sende Artikel als PDF<\/span> \t\t<span class=\"pdf24Plugin-cp-space\">&nbsp;&nbsp;<\/span> \t\t<input class=\"pdf24Plugin-cp-input\" style=\"margin: 0px;\" type=\"text\" name=\"sendEmailTo\" placeholder=\"Emailadresse\" \/> \t\t<input class=\"pdf24Plugin-cp-submit\" style=\"margin: 0px;\" type=\"submit\" value=\"Senden\" \/> \t<\/form> <\/div>","protected":false},"excerpt":{"rendered":"<p>Die Mulfinger SPD-Europaabgeordnete Evelyne Gebhardt hat zur Er\u00f6ffnung der Ausstellung \u201eDie Griechen in Hohenlohe\u201c am Dienstag, 16. M\u00e4rz 2010, nach Br\u00fcssel eingeladen und viele haben ihr Kommen zugesagt. Pressemitteilung vom SPD-Europa-Abgeordnetenb\u00fcro K\u00fcnzelsau Neue griechische EU-Kommissarin kommt zur Er\u00f6ffnung Kommen will auch Maria Damanaki, die neue griechische EU\u2011Kommissarin, die gemeinsam mit Evelyne Gebhardt die Ausstellung mit [&hellip;]<\/p>\n","protected":false},"author":3,"featured_media":0,"comment_status":"open","ping_status":"open","sticky":false,"template":"","format":"standard","meta":[],"categories":[],"tags":[],"_links":{"self":[{"href":"https:\/\/www.hohenlohe-ungefiltert.de\/index.php?rest_route=\/wp\/v2\/posts\/7003"}],"collection":[{"href":"https:\/\/www.hohenlohe-ungefiltert.de\/index.php?rest_route=\/wp\/v2\/posts"}],"about":[{"href":"https:\/\/www.hohenlohe-ungefiltert.de\/index.php?rest_route=\/wp\/v2\/types\/post"}],"author":[{"embeddable":true,"href":"https:\/\/www.hohenlohe-ungefiltert.de\/index.php?rest_route=\/wp\/v2\/users\/3"}],"replies":[{"embeddable":true,"href":"https:\/\/www.hohenlohe-ungefiltert.de\/index.php?rest_route=%2Fwp%2Fv2%2Fcomments&post=7003"}],"version-history":[{"count":3,"href":"https:\/\/www.hohenlohe-ungefiltert.de\/index.php?rest_route=\/wp\/v2\/posts\/7003\/revisions"}],"predecessor-version":[{"id":7024,"href":"https:\/\/www.hohenlohe-ungefiltert.de\/index.php?rest_route=\/wp\/v2\/posts\/7003\/revisions\/7024"}],"wp:attachment":[{"href":"https:\/\/www.hohenlohe-ungefiltert.de\/index.php?rest_route=%2Fwp%2Fv2%2Fmedia&parent=7003"}],"wp:term":[{"taxonomy":"category","embeddable":true,"href":"https:\/\/www.hohenlohe-ungefiltert.de\/index.php?rest_route=%2Fwp%2Fv2%2Fcategories&post=7003"},{"taxonomy":"post_tag","embeddable":true,"href":"https:\/\/www.hohenlohe-ungefiltert.de\/index.php?rest_route=%2Fwp%2Fv2%2Ftags&post=7003"}],"curies":[{"name":"wp","href":"https:\/\/api.w.org\/{rel}","templated":true}]}}