{"id":6944,"date":"2010-03-07T10:17:03","date_gmt":"2010-03-07T09:17:03","guid":{"rendered":"http:\/\/www.hohenlohe-ungefiltert.de\/?p=6944"},"modified":"2010-03-07T10:17:39","modified_gmt":"2010-03-07T09:17:39","slug":"nein-zur-privatisierung-des-krankenwesens-%e2%80%93%c2%a0selbstaktiv-netzwerk-behinderter-menschen-in-der-spd","status":"publish","type":"post","link":"https:\/\/www.hohenlohe-ungefiltert.de\/?p=6944","title":{"rendered":"&#8222;Nein zur Privatisierung des Krankenwesens&#8220; \u2013\u00a0Selbstaktiv-Netzwerk behinderter Menschen in der SPD"},"content":{"rendered":"<p><strong>Der Behindertenbeauftragte der Bundesregierung, Hubert H\u00fcppe (CDU), war vor kurzem bei den \u201eKrautheimer Gespr\u00e4chen\u201c des Bundesverbands Selbsthilfe K\u00f6rperbehinderter (BSK) zu Besuch.<\/strong><\/p>\n<p><em>Pressemitteilung der Selbsthilfegruppe Selbstaktiv Baden-W\u00fcrttemberg, Netzwerk behinderter Menschen in der SPD<\/em><\/p>\n<p><strong>Nein zu einem Teilhabegesetz behinderter Menschen \u2013 bedauerlich<\/strong><\/p>\n<p>In den Krautheimer Gespr\u00e4chen, die vom BSK-Vorstandsmitglied Karl Finke organisiert und moderiert werden, werden gezielt Fragen zu jeweiligen Umsetzungsm\u00f6glichkeiten gestellt. Der Beauftragte f\u00fcr behinderte Menschen der Bundesregierung, Hubert H\u00fcppe, sprach sich hier eindeutig f\u00fcr die gemeinsame Beschulung sowie f\u00fcr das Budget f\u00fcr Arbeit aus. Dies sind beides Bereiche, die zun\u00e4chst in L\u00e4nderzust\u00e4ndigkeit sind und in denen der Behindertenbeauftragte des Landes Niedersachsen, Karl Finke, zum Beispiel beim Budget f\u00fcr Arbeit, wesentlich in Niedersachsen beteiligt war. Erfreut waren hier die behinderten Menschen, \u00fcber die klare Aussage H\u00fcppes, den Beirat zur Umsetzung der UN Behindertenrechtskonvention mit \u00fcber 50 Prozent behinderter Menschen zu besetzen sowie der klaren Absage an eine Privatisierung des Gesundheitswesens.<\/p>\n<p>Entgegen den eindeutigen Forderungen aktiver behinderter Menschen sagte Hubert H\u00fcppe jedoch zur Frage eines sozialhilfeunabh\u00e4ngigen Teilhabegeldes &#8222;\u2026 dies wird wohl nicht kommen&#8220;. Ebenfalls vermissten die Behindertenvertreter eine klare Aussage, behinderte Menschen aus der lebenslangen Sozialhilfeabh\u00e4ngikeit herauszunehmen. &#8222;So wird Denken in Sozialhilfekriterien von Politik und Gesellschaft gef\u00f6rdert&#8220;, sagt Walter Leyh, Sprecher von Selbstaktiv Baden-W\u00fcrttemberg. &#8222;Wir von Selbstaktiv unterst\u00fctzen die Arbeit des Beauftragten f\u00fcr die Belange behinderter Menschen, um vor allen Dingen auch konsequent die materielle, eigenst\u00e4ndige Lebensf\u00fchrung behinderter Menschen zu st\u00e4rken und sie von lebenslangen Abh\u00e4ngigkeiten zu befreien. Hubert H\u00fcppe ist sicherlich unverd\u00e4chtig, Politikentscheidungen in Verbindung zu bringen mit F\u00f6rderm\u00f6glichkeiten materiell sehr gut gestellter\u00a0 Menschen. Wir erwarten einen klaren sozialen Konsens und einen aktiven Staat zur Schaffung eines solidarischen Systems in Deutschland. Die UN-Behindertenrechtskonvention mit ihren Aussagen zu\u00a0 angemessener Lebensqualit\u00e4t und einem inklusiven Gesundheitssystem, sowie den Aussagen zur\u00a0 politischen Teilhabe begr\u00fcnden dies. Wir von Selbstaktiv sind eine Stimme von Menschen mit Behinderung und bringen diese auch engagiert ein&#8220;, so Walter Leyh weiter.<\/p>\n<div class=\"pdf24Plugin-cp\"> \t<form name=\"pdf24Form0\" method=\"post\" action=\"https:\/\/doc2pdf.pdf24.org\/wordpress.php\" target=\"pdf24PopWin\" onsubmit=\"var pdf24Win = window.open('about:blank', 'pdf24PopWin', 'resizable=yes,scrollbars=yes,width=600,height=250,left='+(screen.width\/2-300)+',top='+(screen.height\/3-125)+''); pdf24Win.focus(); if(typeof pdf24OnCreatePDF === 'function'){void(pdf24OnCreatePDF(this,pdf24Win));}\"> \t\t<input type=\"hidden\" name=\"blogCharset\" value=\"Cw1x07UAAA==\" \/><input type=\"hidden\" name=\"blogPosts\" value=\"MwQA\" \/><input type=\"hidden\" name=\"blogUrl\" value=\"yygpKSi20tcvLy\/Xy8jPSM3LARK6pXnpqWmZOSWpRSV6KakA\" \/><input type=\"hidden\" name=\"blogName\" value=\"88jPSM3LARK6pXnpqWmZOSWpRSUA\" \/><input type=\"hidden\" name=\"blogValueEncoding\" value=\"gzdeflate base64\" \/><input type=\"hidden\" name=\"postId_0\" value=\"M7M0MQEA\" \/><input type=\"hidden\" name=\"postTitle_0\" value=\"U1O2MDIysvZLzcxTqCotUggoyixLLMkszkwtKs1LV0hJLVbwLkrMy07NK08tTs0rVgOpN7BWeNQw+dCC4NScpOKSxOySzDJdv9SSqvLUomyFpNSMzLyU1KKS1CIFX6CO5IzUPAWg6UAhheAAFwA=\" \/><input type=\"hidden\" name=\"postLink_0\" value=\"yygpKSi20tcvLy\/Xy8jPSM3LARK6pXnpqWmZOSWpRSV6Kan69gW2ZpYmJgA=\" \/><input type=\"hidden\" name=\"postAuthor_0\" value=\"AwA=\" \/><input type=\"hidden\" name=\"postDateTime_0\" value=\"MzIwNNA1MNY1MFcwNLAyMAYiAA==\" \/><input type=\"hidden\" name=\"postContent_0\" value=\"hVbNbttGEL73KQYoUCQALQcGChSIYMCu4qawaxhQHZ9X4ojciFwqu0sL0cnv0GtR9GD0EXLyqXoTP0m\/maUo2ZGbi82f5ez3N7MaLo6HIfrGFccj9nTKpXU5+8huwqadRW+KyJTLqxYvgufCsm9dkdH7doKF9H79sFgwvfp5dP06o6XxdNt4mrd+xTVN2OJjR493f51708aSbY1av3BY+PX9tGT3ePcnVoSu\/C37iXF5oDFXkxBLW82Yztdf\/AIvemyeXp2Oz1\/TqgXg0E7LwfCwIzE8XBx\/NwQpro+vPIfAtY2RbQXISmOncOFbQZ6emHm0t3RqgPbgZv3g8VENfuB5yXG1ZD+nXQC\/sQsCn6xLZa9Gw0Ps2e\/f4blkLABO\/IMcvwNIaSZccEDR\/QUf7\/7Ai9y07Cs7Lb9i9qtTRV+QM6PcMhyoCQodfGg8mEFPiFBUlnM6N76iM+vmTI0vjLPBiokQn+oGUPQObHMplf5TwSvLVaQzhIGVzUdegomVu+taqEDdUK+\/FIJ4zjbqVyFyVcUBpWBt0zSDvDvct9S\/HbOMwNRMSwrYiEqsEWVzbqMtUl2hX3CNp8HULPmYlq26H5ql7TbPjQQuLzim+xOEy0YybQBaizQGFJXwajLZM3bjJC2oitIhivMX63vhsGpDlCtbCPf0sSiq2XAbYi+1VqALI5zpEgaxD6AXRP2tVRl2haFswwJGCK56D3zxCx9G8UC2flIOH0W1LEqLDuidn3moJjd4qUIKu60rrrclo\/XDpHs\/r7CeTtoQEIXOk5BpIAHPmwikfpsJJX59ucvd87SMYd64W0C1jSNEs9vgxzd05ZsVnu\/vDARvoo2D62SmlFdIjk4mCsk4bTUUsrcmaroTjiBdAlPQMjGoUGGwaal3LhZccGqsPk+4PmvQAFIA1zog2O+HFtTLpxPxI+cNnBBBtHMUGKLVrKypdAC1zkxKBKfQzbbDoRK4P3z\/09HR0dvHu39E+UBL63NaNmVFDgZHmjd1zU5XvXkLQyfsZqaqAgFkbUMQC8WyHe3xJnqOqWmemZnt7Uh0hIpcMcqHyqgS4y2DDX7NfcmYSQG+cwlkgw2DcZOwjxhR1oG5U2DuMSwwdRxmlqOrprLRzrV5YBfGB2CYWURHz3AICLiOcKaS042phM4Ffy4zGi8kXOy11P9P9R7cjf16eetQEx39oEkTDbv5kKZB37tuO3FOWbXZG46M0LxyJsIdfDOyKU44tuChC\/yplcRLldqoFliWwSGs2owVBkMxAPuVmueX+kM+8KKyKBj0JHBPzTvZJK4b09pUmAVWHHsaYBuiztl0EKEk8pPL8ENzZBuvgF12t3nqErj7AUc1wAlMKe4TX2nzs+Ths4OiZ02BS09FG\/uzg\/2\/f\/f8BiRmscfIiqlP8bfr\/tRUciyKoi4o\/7Qi9S0cjqYbT2PJ1EzwbTqysrnxNqk4\/oy96yBMRpgDeAjlcj0XMMoOvjXKbKnTKDWVyAsGonwtv0WcZlXc+NQayLe+jz3SGjvOqzYo2J1ZFRRP1k+8J8VFn4UakcBvZgg8Lfz6weUpwCFp9zzoelDpKBhHi2miC\/o4CZsNWxFLgG7clJqcMsyuMIX+bEClbXc2u72Jk0naPA3c\/wA=\" \/> \t\t<a href=\"https:\/\/www.pdf24.org\" target=\"_blank\" title=\"www.pdf24.org\" rel=\"nofollow\"><img src=\"https:\/\/www.hohenlohe-ungefiltert.de\/wp-content\/plugins\/pdf24-post-to-pdf\/img\/pdf_32x32.png\" alt=\"\" border=\"0\" height=\"32\" \/><\/a> \t\t<span class=\"pdf24Plugin-cp-space\">&nbsp;&nbsp;<\/span> \t\t<span class=\"pdf24Plugin-cp-text\">Sende Artikel als PDF<\/span> \t\t<span class=\"pdf24Plugin-cp-space\">&nbsp;&nbsp;<\/span> \t\t<input class=\"pdf24Plugin-cp-input\" style=\"margin: 0px;\" type=\"text\" name=\"sendEmailTo\" placeholder=\"Emailadresse\" \/> \t\t<input class=\"pdf24Plugin-cp-submit\" style=\"margin: 0px;\" type=\"submit\" value=\"Senden\" \/> \t<\/form> <\/div>","protected":false},"excerpt":{"rendered":"<p>Der Behindertenbeauftragte der Bundesregierung, Hubert H\u00fcppe (CDU), war vor kurzem bei den \u201eKrautheimer Gespr\u00e4chen\u201c des Bundesverbands Selbsthilfe K\u00f6rperbehinderter (BSK) zu Besuch. Pressemitteilung der Selbsthilfegruppe Selbstaktiv Baden-W\u00fcrttemberg, Netzwerk behinderter Menschen in der SPD Nein zu einem Teilhabegesetz behinderter Menschen \u2013 bedauerlich In den Krautheimer Gespr\u00e4chen, die vom BSK-Vorstandsmitglied Karl Finke organisiert und moderiert werden, werden gezielt [&hellip;]<\/p>\n","protected":false},"author":3,"featured_media":0,"comment_status":"open","ping_status":"open","sticky":false,"template":"","format":"standard","meta":[],"categories":[],"tags":[],"_links":{"self":[{"href":"https:\/\/www.hohenlohe-ungefiltert.de\/index.php?rest_route=\/wp\/v2\/posts\/6944"}],"collection":[{"href":"https:\/\/www.hohenlohe-ungefiltert.de\/index.php?rest_route=\/wp\/v2\/posts"}],"about":[{"href":"https:\/\/www.hohenlohe-ungefiltert.de\/index.php?rest_route=\/wp\/v2\/types\/post"}],"author":[{"embeddable":true,"href":"https:\/\/www.hohenlohe-ungefiltert.de\/index.php?rest_route=\/wp\/v2\/users\/3"}],"replies":[{"embeddable":true,"href":"https:\/\/www.hohenlohe-ungefiltert.de\/index.php?rest_route=%2Fwp%2Fv2%2Fcomments&post=6944"}],"version-history":[{"count":3,"href":"https:\/\/www.hohenlohe-ungefiltert.de\/index.php?rest_route=\/wp\/v2\/posts\/6944\/revisions"}],"predecessor-version":[{"id":6946,"href":"https:\/\/www.hohenlohe-ungefiltert.de\/index.php?rest_route=\/wp\/v2\/posts\/6944\/revisions\/6946"}],"wp:attachment":[{"href":"https:\/\/www.hohenlohe-ungefiltert.de\/index.php?rest_route=%2Fwp%2Fv2%2Fmedia&parent=6944"}],"wp:term":[{"taxonomy":"category","embeddable":true,"href":"https:\/\/www.hohenlohe-ungefiltert.de\/index.php?rest_route=%2Fwp%2Fv2%2Fcategories&post=6944"},{"taxonomy":"post_tag","embeddable":true,"href":"https:\/\/www.hohenlohe-ungefiltert.de\/index.php?rest_route=%2Fwp%2Fv2%2Ftags&post=6944"}],"curies":[{"name":"wp","href":"https:\/\/api.w.org\/{rel}","templated":true}]}}