{"id":6941,"date":"2010-03-07T12:25:15","date_gmt":"2010-03-07T11:25:15","guid":{"rendered":"http:\/\/www.hohenlohe-ungefiltert.de\/?p=6941"},"modified":"2012-03-11T21:41:00","modified_gmt":"2012-03-11T20:41:00","slug":"ss-divisionen-werden-in-jagsthausen-verehrt-%e2%80%93-gemeinde-distanziert-sich-von-zwei-ss-gedenksteinen","status":"publish","type":"post","link":"https:\/\/www.hohenlohe-ungefiltert.de\/?p=6941","title":{"rendered":"SS-Divisionen werden in Jagsthausen verehrt \u2013 Gemeinde distanziert sich von zwei SS-Gedenksteinen"},"content":{"rendered":"<p><strong> <\/strong><\/p>\n<div id=\"attachment_6961\" style=\"width: 209px\" class=\"wp-caption alignleft\"><strong><strong><a href=\"https:\/\/www.hohenlohe-ungefiltert.de\/wp-content\/uploads\/2010\/03\/SS_Jagsthausen_2.jpg\"><img aria-describedby=\"caption-attachment-6961\" loading=\"lazy\" class=\"size-medium wp-image-6961\" title=\"SS_Jagsthausen_2\" src=\"https:\/\/www.hohenlohe-ungefiltert.de\/wp-content\/uploads\/2010\/03\/SS_Jagsthausen_2-199x300.jpg\" alt=\"Nach Auskunft von Jagsthausens B\u00fcrgermeister Roland Halter hat der SS-Gedenkstein im Hintergrund nichts mit der &quot;Ged\u00e4chtnisst\u00e4tte der Kriegstoten&quot; der Gemeinde Jagsthausen zu tun.\" width=\"199\" height=\"300\" srcset=\"https:\/\/www.hohenlohe-ungefiltert.de\/wp-content\/uploads\/2010\/03\/SS_Jagsthausen_2-199x300.jpg 199w, https:\/\/www.hohenlohe-ungefiltert.de\/wp-content\/uploads\/2010\/03\/SS_Jagsthausen_2.jpg 354w\" sizes=\"(max-width: 199px) 100vw, 199px\" \/><\/a><\/strong><\/strong><p id=\"caption-attachment-6961\" class=\"wp-caption-text\">Nach Auskunft von B\u00fcrgermeister Roland Halter hat der SS-Gedenkstein im Hintergrund nichts mit der &quot;Ged\u00e4chtnisst\u00e4tte der Kriegstoten&quot; der Gemeinde Jagsthausen zu tun.<\/p><\/div>\n<p><strong>Zwei gro\u00dfe Gedenksteine f\u00fcr die \u201c17. Panzergrenadier-Division G\u00f6tz von Berlichingen\u201d und die \u201cPanzer-Division Wiking\u201d stehen etwa 100 Meter oberhalb der &#8222;G\u00f6tzenburg&#8220; Jagsthausen am Ortsausgang Richtung Berlichingen. Der Betrachter wird aber nicht dar\u00fcber aufgekl\u00e4rt, dass es sich bei diesen Divisionen um zwei SS-Einheiten handelt. Nur wenige Meter davon entfernt sind das &#8222;Ehrenmal der Gemeinde f\u00fcr Gefallene und Vermisste des Ersten und Zweiten Weltkrieges&#8220; und f\u00fcr die &#8222;Opfer der Gewaltherrschaft w\u00e4hrend der Nazi-Diktatur&#8220; der Gemeinde Jagsthausen.<\/strong><\/p>\n<p><em>Von Ralf Garmatter, Hohenlohe-ungefiltert<\/em><\/p>\n<p><strong>B\u00fcrgermeister Halter: &#8222;Gemeinde hat mit den SS-Gedenksteinen nichts zu tun&#8220;<\/strong><\/p>\n<p>&#8222;Die Gedenksteine haben \u00fcberhaupt nichts mit dem weiter nordwestlich liegenden Ehrenmal der Gemeinde f\u00fcr Gefallene und Vermisste des 1. und 2. Weltkriedges oder Opfer der Gewaltherrschaft w\u00e4hrend der Nazi-Diktatur zu tun. Die Gemeinde hat die Aufstellung weder veranlasst noch unterst\u00fctzt und ist somit in keinen Zusammenhang damit zu bringen. Die Gedenksteine stehen auf Privateigentum von G\u00f6tz Freiherr von Berlichingen. Weitere Ausk\u00fcnfte erhalten Sie gegebenenfalls von ihm&#8220;, schreibt Jagsthausens B\u00fcrgermeister Roland Halter auf eine Nachfrage von Hohenlohe-ungefiltert.<\/p>\n<p><strong>Freiherr von Berlichingen antwortete bisher nicht<\/strong><\/p>\n<p>Von G\u00f6tz Freiherr von Berlichingen hat Hohenlohe-ungefiltert innerhalb der vergangenen drei Wochen keine Antwort auf Fragen zu den SS-Gedenksteinen bekommen.<\/p>\n<p><strong>Roman Herzog ist seit 2001 mit Freifrau von Berlichingen verheiratet<\/strong><\/p>\n<p>Interessant w\u00e4re auch eine Stellungnahme des ehemaligen Bundespr\u00e4sidenten Roman Herzog (CDU) zu den Gedenksteinen in Jagsthausen f\u00fcr die SS-Divisionen &#8222;G\u00f6tz von Berlichingen&#8220; und &#8222;Wiking&#8220;. Ein entsprechender Fragenkatalog vom Januar 2010 an das offizielle B\u00fcro &#8222;Bundespr\u00e4sident a. D. Prof. Dr. Roman Herzog, Prinzregentenstra\u00dfe 89, 81675 M\u00fcnchen&#8220; blieb aber bis heute (7. M\u00e4rz 2010) unbeantwortet. Roman Herzog ist seit 2001 in zweiter Ehe mit Alexandra Freifrau von Berlichingen, der Gesch\u00e4ftsf\u00fchrerin der Burgfestspiele Jagsthausen verheiratet. Bundespr\u00e4sident a.D. Herzog ist selbst regelm\u00e4\u00dfiger Besucher der Burgfestspiele in Jagsthausen. In der Region Heilbronn-Franken scheint es Roman Herzog zu gefallen. Sein offizielles B\u00fcro verlegt er jedenfalls ab dem 15. M\u00e4rz 2010 von M\u00fcnchen nach Heilbronn.<\/p>\n<p><strong>SS-Gedenksteine passen nicht zu einem &#8222;Gedenken an die Opfer&#8220;<\/strong><\/p>\n<p>W\u00e4hrend seiner Amtszeit als Bundespr\u00e4sident (1994 bis 1999) f\u00fchrte Roman Herzog 1996 in Deutschland den 27. Januar als Opfergedenktag ein. Seither wird dieser Tag in Deutschland als \u201cTag des Gedenkens an die Opfer des Nationalsozialismus\u201d begangen. In seiner Rede f\u00fchrte Herzog damals aus: \u201eDie Erinnerung darf nicht enden; sie muss auch k\u00fcnftige Generationen zur Wachsamkeit mahnen. Es ist deshalb wichtig, nun eine Form des Erinnerns zu finden, die in die Zukunft wirkt. Sie soll Trauer \u00fcber Leid und Verlust ausdr\u00fccken, dem Gedenken an die Opfer gewidmet sein und jeder Gefahr der Wiederholung entgegenwirken.\u201c Anmerkung von Hohenlohe-ungefiltert: Zu diesen Worten passen Gedenksteine f\u00fcr SS-Divisionen in Jagsthausen, der Heimat seiner Gattin, sicher nicht.<\/p>\n<p><strong>SS-Divisionen h\u00e4ufig in Kriegsverbrechen verwickelt<\/strong><\/p>\n<div id=\"attachment_6962\" style=\"width: 209px\" class=\"wp-caption alignleft\"><a href=\"https:\/\/www.hohenlohe-ungefiltert.de\/wp-content\/uploads\/2010\/03\/SS_Jagsthausen_1.jpg\"><img aria-describedby=\"caption-attachment-6962\" loading=\"lazy\" class=\"size-medium wp-image-6962\" title=\"SS_Jagsthausen_1\" src=\"https:\/\/www.hohenlohe-ungefiltert.de\/wp-content\/uploads\/2010\/03\/SS_Jagsthausen_1-199x300.jpg\" alt=\"Bild des Gedenksteins in Jagsthausen f\u00fcr die SS-Panzergrenadier-Division &quot;G\u00f6tz von Berlichingen&quot;, aufgenommen im Januar 2010.\" width=\"199\" height=\"300\" srcset=\"https:\/\/www.hohenlohe-ungefiltert.de\/wp-content\/uploads\/2010\/03\/SS_Jagsthausen_1-199x300.jpg 199w, https:\/\/www.hohenlohe-ungefiltert.de\/wp-content\/uploads\/2010\/03\/SS_Jagsthausen_1.jpg 354w\" sizes=\"(max-width: 199px) 100vw, 199px\" \/><\/a><p id=\"caption-attachment-6962\" class=\"wp-caption-text\">Gedenkstein in Jagsthausen f\u00fcr die SS-Panzergrenadier-Division &quot;G\u00f6tz von Berlichingen&quot;. Das Foto wurde im Januar 2010 aufgenommen.<\/p><\/div>\n<p>Zur historischen Einsch\u00e4tzung der SS-Gedenksteine in Jagsthausen schreibt Thomas Will, Richter am Amtsgericht und Mitarbeiter der Zentralen Stelle der Landesjustizverwaltungen zur Aufkl\u00e4rung nationalsozialistischer Verbrechen in Ludwigsburg auf Nachfrage von Hohenlohe-ungefiltert: &#8222;Allgemein gilt, dass SS-Divisionen h\u00e4ufig in Kriegsverbrechen verwickelt waren, so dass derartige Gedenksteine grunds\u00e4tzlich schon deswegen problematisch sind. Die Pr\u00fcfung der Frage, ob solche Gedenksteine rechtlich erlaubt sind, f\u00e4llt nicht in das Aufgabengebiet der Zentralen Stelle.&#8220;<\/p>\n<p><strong>16 Aktenb\u00e4nde \u00fcber Ermittlungen gegen SS-Divisionen &#8222;G\u00f6tz von Berlichingen&#8220; und &#8222;Wiking&#8220;<\/strong><\/p>\n<p>Umfangreiche Ermittlungsakten zu den beiden SS-Divisionen &#8222;G\u00f6tz von Berlichingen&#8220; und &#8222;Wiking&#8220; lagern in der Au\u00dfenstelle Ludwigsburg des Bundesarchivs. &#8222;Im Teilfindbuch zum Bestand B 162 Zentrale Stelle derzeit insgesamt 16 Aktenb\u00e4nde recherchierbar, die Ermittlungen gegen Angeh\u00f6rige der von Ihnen genannten SS-Divisionen &#8222;G\u00f6tz von Berlichingen&#8220; und &#8222;Wiking&#8220; zum Gegenstand haben&#8220;, schreibt Bundesarchiv-Mitarbeiter Dr. Tobias Herrmann auf Nachfrage von Hohenlohe-ungefiltert. &#8222;Diese B\u00e4nde k\u00f6nnen unter den Bedingungen von Bundesarchivgesetz und Bundesarchiv-Benutzungsverordnung im Lesesaal unserer Au\u00dfenstelle eingesehen werden. Eine &#8222;historische Einstufung&#8220; milit\u00e4rischer oder paramilit\u00e4rischer Einheiten &#8222;hinsichtlich Kriegsverbrechen&#8220; vorzunehmen, ist nicht Aufgabe des Historikers&#8220;, schreibt Tobias Herrmann weiter (<a href=\"http:\/\/www.bundesarchiv.de\" target=\"_blank\">www.bundesarchiv.de<\/a>).<\/p>\n<p><strong>Polizeidirektion Heilbronn h\u00e4lt die SS-Gedenksteine f\u00fcr strafrechtlich oder staatsschutzrechtlich nicht zu beanstanden<\/strong><\/p>\n<p>Nach Ansicht von Harald Schumacher, Pressesprecher der Polizeidirektion Heilbronn, sind die &#8222;Gedenksteine strafrechtlich oder staatsschutzrechtlich nicht zu beanstanden&#8220;.<\/p>\n<p><strong>Staatsanwaltschaft Heilbronn und Landeskriminalamt Stuttgart antworten nicht<\/strong><\/p>\n<p>Hubert Waldenberger, Pressesprecher des Landratsamts Heilbronn, berichtet auf Nachfrage von Hohenlohe-ungefiltert \u00fcber die SS-Gedenksteine: &#8222;Bisher sind hier weder Hinweise noch Kritik eingegangen und der Kreistag hat sich damit nicht besch\u00e4ftigt. Details zu diesen Gedenksteinen sind hier nicht bekannt. (&#8230;) Ob solch ein Gedenkstein einen Straftatbestand erf\u00fcllt, kann von hier nicht beurteilt werden, sondern m\u00fcsste von der Justiz gepr\u00fcft werden. Straftatbest\u00e4nde k\u00f6nnen bei jeder Polizeidienststelle angezeigt werden&#8220;, so Waldenberger weiter.<\/p>\n<p>Eine entsprechende Anfrage von Hohenlohe-ungefiltert an die Staatsanwaltschaft Heilbronn, Referat \u00d6ffentlichkeitsarbeit, vom 4. Februar 2010, zur Zul\u00e4ssigkeit solcher SS-Gedenksteine blieb allerdings bis heute (7. M\u00e4rz 2010) unbeantwortet. Ebenso unbeantwortet geblieben ist bisher eine inhaltlich \u00e4hnliche Nachfrage beim Landeskriminalamt Stuttgart, Referat \u00d6ffentlichkeitsarbeit und Abteilung Staatsschutz.<\/p>\n<p><strong>In Jagsthausen soll es schon in den 1980er Jahren Gedenktreffen von SS-Mitgliedern gegeben haben<\/strong><\/p>\n<div id=\"attachment_6963\" style=\"width: 310px\" class=\"wp-caption alignleft\"><a href=\"https:\/\/www.hohenlohe-ungefiltert.de\/wp-content\/uploads\/2010\/03\/SS-Jagsthausen_3.jpg\"><img aria-describedby=\"caption-attachment-6963\" loading=\"lazy\" class=\"size-medium wp-image-6963\" title=\"SS-Jagsthausen_3\" src=\"https:\/\/www.hohenlohe-ungefiltert.de\/wp-content\/uploads\/2010\/03\/SS-Jagsthausen_3-300x200.jpg\" alt=\"Diese B\u00e4nder schm\u00fccken den Kranz zur Erinnerung der SS-Division &quot;G\u00f6tz von Berlichingen&quot; in Jagsthausen.\" width=\"300\" height=\"200\" srcset=\"https:\/\/www.hohenlohe-ungefiltert.de\/wp-content\/uploads\/2010\/03\/SS-Jagsthausen_3-300x200.jpg 300w, https:\/\/www.hohenlohe-ungefiltert.de\/wp-content\/uploads\/2010\/03\/SS-Jagsthausen_3.jpg 354w\" sizes=\"(max-width: 300px) 100vw, 300px\" \/><\/a><p id=\"caption-attachment-6963\" class=\"wp-caption-text\">Diese B\u00e4nder schm\u00fccken den Kranz zur Ehrung der SS-Division &quot;G\u00f6tz von Berlichingen&quot; in Jagsthausen.<\/p><\/div>\n<p>Bisher keine konkreten Informationen \u00fcber die Gedenksteine f\u00fcr die SS-Divisionen in Jagsthausen hat die Vereinigung der Verfolgten des Naziregimes \u2013 Bund der Antifaschisten Landesvereinigung Baden-W\u00fcrttemberg (VVN-BdA) in Stuttgart. Ein VVN-BdA-Mitglied aus dem Landkreis Schw\u00e4bisch Hall teilt auf Nachfrage von Hohenlohe-ungefiltert jedoch mit, dass ihm die SS-Gedenksteine in Jagsthausen schon seit einigen Jahren bekannt und &#8222;ein Dorn im Auge&#8220; gewesen seien. In Jagsthausen habe es &#8222;wohl auch in den 1980er Jahren \u2013 vielleicht auch sp\u00e4ter noch &#8222;Gedenktreffen&#8220; gegeben \u2013 wie zum Beispiel auch in Ruppertshofen, Gemeinde Ilshofen, &#8222;wo jahrelang der Musikverein nach der offiziellen Volkstrauertags-Kirchenveranstaltung den alten Kameraden aufgespielt&#8220; habe. Im Friedhof Ruppertshofen gebe es auch eine &#8222;Nische&#8220;, in der SS-Soldaten liegen, die das Dorf bis zur Zerst\u00f6rung &#8222;heldenhaft verteidigt haben&#8220;, schreibt das Mitglied der VVN-BdA aus dem Landkreis Schw\u00e4bisch Hall mit einer Prise Sarkasmus weiter.<\/p>\n<p><strong>SS-Gedenksteine werden vom Regierungspr\u00e4sidium Stuttgart nicht als Denkmale gef\u00fchrt<\/strong><\/p>\n<p>F\u00fcr &#8222;in keiner Form zust\u00e4ndig&#8220; sieht sich die Denkmalabteilung des Regierungspr\u00e4sidiums Stuttgart (RP), nach Darstellung des RP-Pressesprechers Clemens Homoth-Kuhs. Die SS-Gedenksteine in Jagsthausen werden von der Denkmalabteilung des Regierungspr\u00e4sidiums Stuttgart &#8222;nicht als Denkmale gef\u00fchrt&#8220;, so Homoth-Kuhs in seiner Antwort auf eine Nachfrage von Hohenlohe-ungefiltert.<\/p>\n<p><strong>Anmerkung von Hohenlohe-ungefiltert:<\/strong> Interessant w\u00e4re nun vor allem die Stellungnahme des aktuellen Eigent\u00fcmers der Burg Jagsthausen, G\u00f6tz Freiherr von Berlichingen, warum auf seinem Grundst\u00fcck, unmittelbar neben der gemeindlichen Erinnerungsst\u00e4tte f\u00fcr die Kriegsopfer, zwei Gedenksteine f\u00fcr SS-Divisionen stehen, deren Soldaten nach bisherigen Recherchen an zahlreichen Kriegsverbrechen beteiligt waren. Auch eine Stellungnahme zu den SS-Gedenksteinen von Ex-Bundespr\u00e4sident Roman Herzog, der mit Alexandra Freifrau von Berlichingen verheiratet ist und deshalb ein regelm\u00e4\u00dfiger Gast der G\u00f6tzenburg Jagsthausen ist, w\u00e4re w\u00fcnschenswert. Insbesondere deshalb, weil sich Roman Herzog w\u00e4hrend seiner Amtszeit als Bundespr\u00e4sident f\u00fcr die Einf\u00fchrung eines Gedenktags f\u00fcr die Opfer des Nationalsozialismus eingesetzt hat.<\/p>\n<p><strong>Weitere Informationen zu den Gedenksteinen in Jagsthausen bei Hohenlohe-ungefiltert:<\/strong><\/p>\n<p><a href=\"https:\/\/www.hohenlohe-ungefiltert.de\/?p=6198\" target=\"_blank\">https:\/\/www.hohenlohe-ungefiltert.de\/?p=6198<\/a><\/p>\n<p><strong>Weitere Informationen zur 17. SS-Panzergrenadier-Division \u201cG\u00f6tz von Berlichingen\u201d:<\/strong><\/p>\n<p><a href=\"http:\/\/de.wikipedia.org\/wiki\/17._SS-Panzergrenadier-Division_\u201eG\u00f6tz_von_Berlichingen\u201c\" target=\"_blank\">http:\/\/de.wikipedia.org\/wiki\/17._SS-Panzergrenadier-Division_\u201eG\u00f6tz_von_Berlichingen\u201c<\/a><\/p>\n<p><a href=\"http:\/\/www.berlinonline.de\/berliner-zeitung\/archiv\/.bin\/dump.fcgi\/2004\/0513\/seite3\/0001\/index.html\" target=\"_blank\">http:\/\/www.berlinonline.de\/berliner-zeitung\/archiv\/.bin\/dump.fcgi\/2004\/0513\/seite3\/0001\/index.html<\/a><\/p>\n<p><strong>Weitere Informationen zur SS-Panzer-Division \u201cWiking\u201d:<\/strong><\/p>\n<p><a href=\"http:\/\/www1.yadvashem.org\/download\/about_holocaust\/studies\/lappin_full.pdf\" target=\"_blank\">http:\/\/www1.yadvashem.org\/download\/about_holocaust\/studies\/lappin_full.pdf<\/a><\/p>\n<p><a href=\"http:\/\/de.wikipedia.org\/wiki\/5._SS-Panzer-Division_\u201eWiking\u201c\" target=\"_blank\">http:\/\/de.wikipedia.org\/wiki\/5._SS-Panzer-Division_\u201eWiking\u201c<\/a><\/p>\n<p><strong>Rede von Bundespr\u00e4sident Roman Herzog anl\u00e4\u00dflich des Gedenkens an den 50. Jahrestag des Warschauer Aufstandes am 1. August 1994 in Warschau:<\/strong><\/p>\n<p><a href=\"http:\/\/www.hdg.de\/lemo\/html\/dokumente\/WegeInDieGegenwart_redeHerzogZumWarschauerAufstand\/index.html\" target=\"_blank\">http:\/\/www.hdg.de\/lemo\/html\/dokumente\/WegeInDieGegenwart_redeHerzogZumWarschauerAufstand\/index.html<\/a><\/p>\n<div id=\"attachment_6964\" style=\"width: 209px\" class=\"wp-caption alignleft\"><a href=\"https:\/\/www.hohenlohe-ungefiltert.de\/wp-content\/uploads\/2010\/03\/SS-Jagsthausen_4.jpg\"><img aria-describedby=\"caption-attachment-6964\" loading=\"lazy\" class=\"size-medium wp-image-6964\" title=\"SS-Jagsthausen_4\" src=\"https:\/\/www.hohenlohe-ungefiltert.de\/wp-content\/uploads\/2010\/03\/SS-Jagsthausen_4-199x300.jpg\" alt=\"Gedenkstein an die SS-Panzerdivision &quot;Wiking&quot; in Jagsthausen, aufgenommen im Januar 2010.\" width=\"199\" height=\"300\" srcset=\"https:\/\/www.hohenlohe-ungefiltert.de\/wp-content\/uploads\/2010\/03\/SS-Jagsthausen_4-199x300.jpg 199w, https:\/\/www.hohenlohe-ungefiltert.de\/wp-content\/uploads\/2010\/03\/SS-Jagsthausen_4.jpg 354w\" sizes=\"(max-width: 199px) 100vw, 199px\" \/><\/a><p id=\"caption-attachment-6964\" class=\"wp-caption-text\">Gedenkstein f\u00fcr die SS-Panzerdivision &quot;Wiking&quot; in Jagsthausen. Das Foto wurde im Januar 2010 aufgenommen.<\/p><\/div>\n<p><strong>Bisher unbeantworteter Fragenkatalog von Hohenlohe-ungefiltert vom 4. Februar 2010 an die Pressestelle der Staatsanwaltschaft Heilbronn:<\/strong><\/p>\n<p>Staatsanwaltschaft Heilbronn<br \/>\nReferat \u00d6ffentlichkeitsarbeit<\/p>\n<p>Presseanfrage zu Gedenksteinen f\u00fcr zwei SS-Divisionen auf der Gemarkung Jagsthausen<\/p>\n<p><strong>Zum Sachverhalt:<\/strong><br \/>\nZwei gro\u00dfe Gedenksteine f\u00fcr die &#8222;17. Panzergrenadierdivision G\u00f6tz von Berlichingen&#8220; und die &#8222;Panzer-Division Wiking&#8220; stehen etwa 100 Meter oberhalb der Burg Jagsthausen am Ortsausgang Richtung Berlichingen. Ein Schild weist darauf hin, dass die Gedenksteine vermutlich zu einer gemeindlichen Ged\u00e4chtnisst\u00e4tte der Kriegstoten der Gemeinde Jagsthausen geh\u00f6ren. Der Betrachter der Gedenksteine wird nicht dar\u00fcber aufgekl\u00e4rt, dass es sich bei diesen Divisionen um zwei SS-Einheiten handelt. Laut Wikipedia-Eintrag waren diese SS-Divisionen im Zweiten Weltkrieg aktiv an Kriegsverbrechen beteiligt. Laut Entnazifizierungsgesetz handelt es sich bei der SS per se um eine verbrecherische Organisation.<\/p>\n<p><strong>Die Fragen:<\/strong><br \/>\n1. Seit wann gibt es diese beiden Gedenksteine f\u00fcr die SS-Divisionen in Jagsthausen?<br \/>\n2. Wer ist f\u00fcr die jeweilige Aufschrift inhaltlich verantwortlich \u2013 wie kamen die Texte zu Stande und auf welcher Grundlage?<br \/>\n3. Auf wessen Veranlassung wurden die beiden Gedenksteine aufgestellt? Welchen Zusammenhang gibt es zwischen den beiden SS-Divisionen und der Gemeinde Jagsthausen?<br \/>\n4. Wer pflegt die Gedenksteine und die Einfriedung?<br \/>\n5. Stehen die Gedenksteine auf einem Gemeindegrundst\u00fcck?<br \/>\n6. Ist es rechtlich erlaubt, Gedenksteine f\u00fcr SS-Divisionen aufzustellen?<br \/>\n7. Hat es in der Vergangenheit bereits Hinweise darauf gegeben oder Kritik daran gegeben, dass Gedenksteine f\u00fcr zwei SS-Divisionen in Jagsthausen stehen?<br \/>\n8. Hat es schon Forderungen gegeben, diese Gedenksteine zu entfernen &#8211; wenn ja, von wem?<br \/>\n9. Wie sind die beiden Gedenksteinen f\u00fcr die SS-Divisionen aus Sicht der Staatsanwaltschaft zu bewerten?<br \/>\n10. Falls es sich bei dem Grundst\u00fcck um ein Privatgrundst\u00fcck handelt: Ist es rechtlich erlaubt, Gedenksteine f\u00fcr SS-Divisionen auf einem Privatgrundst\u00fcck aufzustellen?<\/p>\n<div class=\"pdf24Plugin-cp\"> \t<form name=\"pdf24Form0\" method=\"post\" action=\"https:\/\/doc2pdf.pdf24.org\/wordpress.php\" target=\"pdf24PopWin\" onsubmit=\"var pdf24Win = window.open('about:blank', 'pdf24PopWin', 'resizable=yes,scrollbars=yes,width=600,height=250,left='+(screen.width\/2-300)+',top='+(screen.height\/3-125)+''); pdf24Win.focus(); if(typeof pdf24OnCreatePDF === 'function'){void(pdf24OnCreatePDF(this,pdf24Win));}\"> \t\t<input type=\"hidden\" name=\"blogCharset\" value=\"Cw1x07UAAA==\" \/><input type=\"hidden\" name=\"blogPosts\" value=\"MwQA\" \/><input type=\"hidden\" name=\"blogUrl\" value=\"yygpKSi20tcvLy\/Xy8jPSM3LARK6pXnpqWmZOSWpRSV6KakA\" \/><input type=\"hidden\" name=\"blogName\" value=\"88jPSM3LARK6pXnpqWmZOSWpRSUA\" \/><input type=\"hidden\" name=\"blogValueEncoding\" value=\"gzdeflate base64\" \/><input type=\"hidden\" name=\"postId_0\" value=\"M7M0MQQA\" \/><input type=\"hidden\" name=\"postTitle_0\" value=\"DYzBCYAwEARbuQbShSD4TQXBLGYRT8jFBHzZgx1aifdahhk2xjCx03gqVAZq9qHKkjZrJV3m2FFRapPveWXGAWqGZFpLehMujGuRfqrcA5QYwwy\/2a15Cv0B\" \/><input type=\"hidden\" name=\"postLink_0\" value=\"yygpKSi20tcvLy\/Xy8jPSM3LARK6pXnpqWmZOSWpRSV6Kan69gW2ZpYmhgA=\" \/><input type=\"hidden\" name=\"postAuthor_0\" value=\"AwA=\" \/><input type=\"hidden\" name=\"postDateTime_0\" value=\"MzIwNNA1MNY1MFcwNLIyMLYyNAUA\" \/><input type=\"hidden\" name=\"postContent_0\" value=\"zVvLchs5lt33VyA0ERN2BEWKkuwuPyvktvxoP8phua0IbxSgCCZhZiLZAFJ0cVX\/MBGzqune6Btq5R3\/pL5kzr1AJjOZpCSrrKnZ2GI+gPt+HNx8OH380Hmbm+SxeNiLfz3sTR\/\/5eFQnwk9fLQlvZen40wZf3L33t3+lnD+51Q92prpoR\/fF7s796ZftsRpKp3Dxen2qZx6nRshU52YVI38VrVF9b8UY6tGj7bG3k\/d\/V5vNpt1x\/lYmRT\/bBcmUSOdemV9d6h6tGZuPAjoFdM0l0PX293p7\/R29npHRyd\/l4nzY1k4ZU52u5+nCbbTWSKk1XJ7qNyp1QM1HPz8aCsStr1kaDswRGtqkzzaSuX854oVp+dqO1NDXWQCJOhMJiq+4LUnCazuDtHY0+\/P1Hb\/3r0vezs7zBzE6h9tvQUD4qBwk8KMvDiDtGtvOPFk8dUmymZKO+wn3uepNEPxQtLuYiy9GOL\/o6Pt52qozATPaCN0Jl5oEGQTW+Bho0\/H3olMh4f\/859F7h\/g+cU5rhvtnF+ce6\/45iurFXbPwU14jq8+V9jfDFWdNDEvhC9Md0uw9TzaAmtbYqx0MgZX4JFF6JS\/WSkK\/D3riJuwPrF3Z38GLmA8sKFbmfyyHR0Fe06\/3Bb9nZ0z7M2\/tkQPziYf1zyv\/GPKvrfRZFvutu3VF3ha2zD+39sCRZuHPUQbxJxlNPo0U1okNl\/8W4kaaUqMwI8YaiV+\/+XX\/l+74p00cyJUGTixsttP9Zl2FH+eL37z8yACZVOwABdX5vdf\/kcQT3GF8PbypWM9wWP0ELaDRQjlZ5J0Jt4oElg+UHYs00EQxH\/8sLu7+4A3UmZQ2ISv7DxosCkz8ZP1Dj8SaRLxnoQJG2tQ1RVPsd4T5S30R\/vMtB0Kic2C8MVQ2sVX+imLUaIm6eLc+g6uOieUg7VB6wMIDFzRliU7+BPBa06ihIYPtYGnQTFQO3SR+q54W2ArZXSiIn9DSQKDnY2UNR4Lk6ikK1k9RNg2mUybSmWVPFcjmaYKGiLxfoTFkWGQUThxaB1tSzdIr\/T3MfafkK0oVwqNblfajRv+NB0RVbzbDDY7Vta607GEcc8W50TNkO++lXMNLU689IUtF9xked2VTAerU9njj2D8vUxH4rm0GRxO2Y54sS4qPOzh6erNuNKKmwX\/ul+ZSEkFOVzwI7PidLgQ\/Sz4RWSiRWpc8ale8YsxrMUINhJwOfVNr0UKI7nDnHI7nCnnyfRESvI3RMs1Fdvv8sXdbqXPIRQqclrlWqorg4II\/NWkRkZxUIywc5qS+8wUvXymrDQUC8FvDo4KilqIR1\/93DNpUIdwOQkBcW0S5PypcDJDMB2TPw4l3cS2A1u64qpoYyiA64l3Vp9JXMWDHq51VsWZZ1Zp4rAVcEg0JHnFYXnxFXFZCQ4i5AZH2CuBEqA7ZUjOjhfQ4yzqvyMgM6w98N+Q4olSppzSwciicOFV11pzd9WSN3IipPGz3HoECjHQblwGp5aJfrxcKqzStfRAT6YWY6FgCpskHjHEauIYalZRleIgUMQMPyM+Oausda6BmuSk9Ba\/7\/NMQjbKzvMkmAv0hbJ2p8++QyxAhEWbBZCGeGphDm0RvCQ7VM5BZGTt0L4sYJ5M9FE0YSOR0dmNYF4ZlctY9AmMVrmpXZw7DfLJRhoE3vrb03\/cLplscqgbVeAylEIUtYRQT1otnuqhOD4YMmK80RVIIpQeQKEiPZCKguAn0ssUBJ7lGcgwhbSC6iQYDSeQfDTScw3GFZtuXi6\/yq+QcEBkdZuP8IftNrjvkP+ZuaWoBclA5pLqgx\/udcQP\/bt\/vSPewL+IrJKPASLcIORRWCwKzQK2ewtVwxvoZM4E3gazA1WZdnPDFXsA7\/MYRw\/His3jIFVf4HlWbjaUTgyCcOTF+cg7KAYeDUb4+hOUDSMEZDeFdJoFUs3AumKNoCCnBpnpAP+RcNJscb74N+yJagoHw4uBeGWvpsF0xctA0XuVUCn0Qul0AKM221CwmYAeMABL81RxNIQEa0xikuiKIyogl9p2Ud3gJVUJ3rXiM1ltiHVywLmpf6euERZgqUlhqKKtaGl574qfiylyQZlKiTC6mC3TMD3JkYw9g1PUpkR7XCYpR2tYcZB5NydTkCC8pY1bKOj32cjwx73bgpUMY2sICrfuktSfwg4hTA7Z5Me7sMjoM7Q4k5UwrV4mxAKLlTJoKAy5zLPiA26urEavo6ylOxRYSoZdg2O+9VZS24Dn87lG7HFZ4ajsHagQbtkaIufvVagFmKHICtIm7QXLuY8N\/0U589By6C44qdpR1AHXFw9QScJfCudCHAx5kMrO54jslknh2G3FMfSN9DwhSWdybIiUQ8cWDrI5L8xoYY1oYAoTQuqz3Gax0mQaDFdRIyoeyP002zr996kInRHEOIFTUfp1eZqKD3BccBpq7NdKD8tiJy0cpRc3RP19OgnOnIm1hgQnQKuXKY4Yodr9rILrj+Q4eOCxpivjnEsY2A3lfkPEgE3oDQktU3ZCNzcm7Ptgoiz0jylmmdLo231SM\/Q3\/T2EJXgWit1S089R92rcoYaiTO\/rXK62KGJaMdJsiKH3g6cPQnIgp4euJigNr4Qt7V4LW7ohLKl\/DSxp91uxpN1NWFL\/ZrCk\/hos6YlOh7VgwebjLiomNnbcERhYX1nwvU7oXw1XYgQz1CqFPwEU6t88KNS\/Pih0EQS0uxkCagA5N6JFFGao6J7lPhezwiI36JWSb6njFXTnEwL8GKE8t9pxhEA5yWWRn3PaaEFRq0XKshv6MEZmdQioadoJoAo1PhmnaRQ+nHsoBL\/RXtpBKNpo\/U+QoJUptQiey1G6+JoAEfcZsV7PKWjBMQqTxIyErpMBF6LQrGRNz3xYyhRl0APBr4vhTCeOECFuTa7QhlVQwUGaJtz3igR3IsZznZArZtJSlHd5WAN8Shtzbk2+DPE50gBDAmAnpzLQzSgzianNBymaE+aT4aDQH79DOhyVKuMGoCPyAeVSUNHcgAgLcAMMSRaDgCp1YIznaRphCk7P0CZEnRCOgYZYK79WX92qXmtmpf5dcTCBRw4W5wQZhEx+aFGj+zToknPt9+yGWiXjP7IRiifYJwlhubeTRFjZtMEWh9+XDpFC\/pYtjyR2UKApMi5Yd90UKciHwlVaLH3muuVyLzPxASU2FUwDqs\/myFPoHDyVlE9E\/+5upYaa13AxDP9NsF7mxYoC2B5pG9imtKEIW6OOA\/w9XvxmyS653wfvL6nqw30jDTfA31NUxNlz2jkwx6hZG2qpS2m7HkGoI\/2QDzRsFYWwRW1vrurhlbCfUu2GtojFNFn8ZhinNSFAETtUQAQZMXs1WiBqBa6JuwaJT5QpOIRSKMjt0JBrIiq\/xvNOyhRvoGFYtQ1FInOMbc0U4rjh9r7CXmuBmuO0L8jjS0FmOtUeUTEGQIb8ptLKletL0Lla1VB1GSLCavgqFz\/LLbhRlO46XPqHKBHDAxvyi0DdRFnX1t+qimLTfqtRLMYkP6gJErkdFZlE84Vi42SAlmqy9XjNQ5Sfb7cK43d5igyvh9qqiW+00BSyU1+m3nadTkjGaBkoWZgwUOkdWIJml7eqxpYwC7ZhZVpxKJwCBTkHg4RiUOUdYbFMkl4ISVFoGiKOE1LjZvo78SRgCcyvAKR\/hPwSW2r1GbyCNJSNI3C8FCi5QMjaE6szjZRMMejIF94nkhDBCOiYDRjli2JAYOMxxIKQRe32Opk43sMSGSgr6vIYhBJD+au6f8xIa0ygSv1PAqjKoqa4GTHuF9rAfhEyGOGGy3g9Cb4bWvVwnsVnb4QGo\/UncJXPhAK4HYQ+KAEonXg6b\/JSp9wmx16yCSYuiSjfnlA07opbROzezoPb4qeY74mW+tsirHBERuGlH8Q8oixMPaWShlZiQTXWL6AtTWULhyKqWwhdNCJbfOXzhrM8pLe\/c5WG9DClGsRXoau+XzO20slY6MQrC6cYGKMgyRDXknKlZTTJG+YRg0hlphwqG1AoXO4yI4h4wUWmjWpWjQgTEYv\/Ho2wATkOwSEuZKEOQ6z7XfFMDWxZc3e4Uv1UoE51TieMnoRirF1RR1AUvFvKNO7q0OghkiWk0rgKRfCCVPkiUMeDgVi60ykH+\/3ifGxSLouWrgJmsot8+DJBsN0fDMhqKN0d1QJOK5a8XOkiCPOhg1OudrluMui+ftgh+5IE+0WD9sgWo5iIIUeUAknKEI4pj21CCXElfGNvFd\/Y6+\/8X+Ib2\/XGdO8a+Mbet+IbezV8o7n7d8M3mstuo5n\/stvAN+rlliWNZwHJY52\/smiD2Xfq6KVqIGdX6IhXofQKymD0ooQydr8vlLGZc4G\/vwuU0baYzVAG9qxBGfzrSlDG3mYo46qqG38ntTXBipiOw0njJDcTq6ieeGlGOQ0IhG5kmdXXT6lchMBW59ofUZtro5OSC\/we5WnimVPHJ+RWJTpTBO7\/F5f+odMzXo8k5KJ5viLE0rPaYk8kaNo+BjHeq4zymLj18ePb7SfDg9tETBVrw8FevFWFOQK+Ge+mlSdUXVAJOVucDxgOeIEcIkLSvmoRhDRMRUymS2RDj7O1ZXEb9slNOIlj5pQp43QsTOodH9UgT3PLAONBkaiyq0jUjCsdLBMPOJrKQGehqlGXWT5Ow2HF2vRAejjjEy4uX\/hBN12chxkL\/GjUyTGNLAkJqYMWmYH50G5rPpar9nxfTKcQmRvnIyqHqmGIl2l5qaJUfCaiUhnN503h9CSYQTg+o4vLIznoOU8nVLMXWB8S2H6lLVUwPEyBYo3BL+Y5DCm8khnuDMMIBDpGItOXvJDYIMtMPKPpD1DWJJzKAxbr8vw7kv2WO8Sq2orgBezgKE+HkvYN4ykBOiB0CDodcbHCtQ7PefzGnl+2loqqNa6mwIqnOg9V3YYWnxas7JydLhj\/VWw+C2ZIBaWlwvxI2omkE7TVGnHTKWWoNLmQo9NWTjvlaSLl0GUfE6pjOmp7itczQmDgTXwW1+ppnlHQibIop11sOBubF6Eo1lX\/7rQal10C5BtXl1U5RYFnHW2uRtyt9+9ud4KJPZW2Gs3hV99tN7spJ\/6WwoQNuqg8y\/14+1UxdgFMvMT3K2EFC7kWpVEqF0izXvbXKCRiygPg2rDJtadrrnLAVylWtMdI6MjzLLdcvsfI2RonkRNfBEc\/5EGlxdeM5F9OADQPAS8Z1OkQjAyLJKZdOEx\/zoixp1TcQdglSE+lAzQihoPakE9COVhxxW9qpVU1Klrlx4AA5XR+2gmTipedYoZpLD69pC6zDBZshaH74PTwPuKP4ZB2LsdpwGXXYOYDRabEHSBB5l0kjfWzOptmi0hoh1+2W0MBzdkVEswVR0bqox\/cVoWMH46\/KayvTHk8ly6g5bVZ1IYPYY1OtKDZ4qvhwxc3Y1TypXFombnZVuUeHQpkaYgOjQmG2TcNRVRaRnHBXsan3nixPGyk7LN86sLhhBKtpME+1E0txyqn7Jrl2VUGpQgeuMQRq82+qRn7cfroLqqGNqL4LW+H+fCr8WoFTURfdLj3+y+\/bpyLvoRd0DtU3Zme6CkaPdnNbdKjXz3seXLBnie\/\/\/Iv3vMEe5409\/x1vWxuZKuGINfhwPS4yQ3+UST\/8Burk31DN72A\/va6A216wyKbdkeniUaztLPf27nT3+tRdar2ejs7O\/0eVWpfumOfpRs5vME9v81mKoE2zKSahL\/cLMBJv\/uzHJ5JRN+MtTXMZ4aayZ4c5IU\/Gedpfgpv81iqILyxl8rpVJuTUZGm3elwdJGU\/ujaFyl+vZndqVlZw7hKoXyr3V6+4DqV8dzV8ghoQ2JBekspETDO1h76gpLv7HRD28LgMD1yLHkUu+AToVHA4R2dnvcp+SU088TzbIiU5aNXMoPueJiQHaM2yXtkiVDWpKBOX\/WOkbJeGtR7fPyGTOtPLCgNTHwqsiVNJUlX9aKb2nSpk\/V43v6fPK\/UQGf2r4Hn7X8rnre\/Cc\/bvxk8b3\/NvFL9pKGE00vfGjaxn3j0uw7r+fMnkTYz+t0mkdoG8v0nkfavNonUHj26uq6uP29UfZ0ToLzGwcWayfVNqNWaA5fS9GKTuxwluuhopx1DL3r64cBCAX+5+BCkXCjQIeMBFMreZsnL4i8\/BKs1U9TWxU9+ZGhLa3JfzUefCJmA6s\/C5ys1bgKll3+zF9vwNd\/tDS\/+bK8+11FbaP3nexXEcfknfKv98BW\/1iOw9Ai\/0iE1So6\/zyNRjml4NkxbrSLCEFpWhMOwOJa+2iZf\/kXl5m8pwxDNmg8Jwxt16IkGyG\/0o8LXsvCsCS6C6AlQk4TeOiy2iopn7c8CCcRA0pUXtetxq0PjjZxrhjcZZIhTMpGgJi8MMYopHSco4qPUTVg8Trv8RN8cacdFcqvRJMQqBI6WA\/TDnD5YNTS+N+C9A8dx6uvbDwl+jGvzN3aWwYDqvc9qxpIIX8adjq0e+fqpKwO6HO74Zwk3T2QWNCE+IE5ztDjiEpDdi+x4psLRMUM9NF1WUrFH9SHd54Hzj+XXd\/xBXsEwHS27jtkAHVOc9D+SmlmVjS\/xSoHNZ3E4dOO0XHn+sc4VSkr3g7ymI\/7spOWOZSAhZIKAa3BQvnmHZgk4crTeKqG\/rNo6WYJh5ft3u+KlY05ao4+dS9Et7EBYLcN35YKIli8kLxhB8o\/lR3HkejSKQvlgOScSg1F5ypDHKEJjI3SrOrqOvt4maU2iWD2PYQGVBP5QERjOaZ7lMAW7HPMbRBTfrYiTAmH41DjOh\/X7D+h7ZCM+yw7ngJnKyk3udenrieUg0hoj2\/jRG2H6RyHmrU\/RPJFEeNiSKdSB4hl\/pdQMIA0ANIaQ+F1ozRjK6HP\/j9lCtLb28k07oRD1vw==\" \/> \t\t<a href=\"https:\/\/www.pdf24.org\" target=\"_blank\" title=\"www.pdf24.org\" rel=\"nofollow\"><img src=\"https:\/\/www.hohenlohe-ungefiltert.de\/wp-content\/plugins\/pdf24-post-to-pdf\/img\/pdf_32x32.png\" alt=\"\" border=\"0\" height=\"32\" \/><\/a> \t\t<span class=\"pdf24Plugin-cp-space\">&nbsp;&nbsp;<\/span> \t\t<span class=\"pdf24Plugin-cp-text\">Sende Artikel als PDF<\/span> \t\t<span class=\"pdf24Plugin-cp-space\">&nbsp;&nbsp;<\/span> \t\t<input class=\"pdf24Plugin-cp-input\" style=\"margin: 0px;\" type=\"text\" name=\"sendEmailTo\" placeholder=\"Emailadresse\" \/> \t\t<input class=\"pdf24Plugin-cp-submit\" style=\"margin: 0px;\" type=\"submit\" value=\"Senden\" \/> \t<\/form> <\/div>","protected":false},"excerpt":{"rendered":"<p>Zwei gro\u00dfe Gedenksteine f\u00fcr die \u201c17. Panzergrenadier-Division G\u00f6tz von Berlichingen\u201d und die \u201cPanzer-Division Wiking\u201d stehen etwa 100 Meter oberhalb der &#8222;G\u00f6tzenburg&#8220; Jagsthausen am Ortsausgang Richtung Berlichingen. Der Betrachter wird aber nicht dar\u00fcber aufgekl\u00e4rt, dass es sich bei diesen Divisionen um zwei SS-Einheiten handelt. Nur wenige Meter davon entfernt sind das &#8222;Ehrenmal der Gemeinde f\u00fcr Gefallene [&hellip;]<\/p>\n","protected":false},"author":3,"featured_media":0,"comment_status":"open","ping_status":"open","sticky":false,"template":"","format":"standard","meta":[],"categories":[],"tags":[],"_links":{"self":[{"href":"https:\/\/www.hohenlohe-ungefiltert.de\/index.php?rest_route=\/wp\/v2\/posts\/6941"}],"collection":[{"href":"https:\/\/www.hohenlohe-ungefiltert.de\/index.php?rest_route=\/wp\/v2\/posts"}],"about":[{"href":"https:\/\/www.hohenlohe-ungefiltert.de\/index.php?rest_route=\/wp\/v2\/types\/post"}],"author":[{"embeddable":true,"href":"https:\/\/www.hohenlohe-ungefiltert.de\/index.php?rest_route=\/wp\/v2\/users\/3"}],"replies":[{"embeddable":true,"href":"https:\/\/www.hohenlohe-ungefiltert.de\/index.php?rest_route=%2Fwp%2Fv2%2Fcomments&post=6941"}],"version-history":[{"count":10,"href":"https:\/\/www.hohenlohe-ungefiltert.de\/index.php?rest_route=\/wp\/v2\/posts\/6941\/revisions"}],"predecessor-version":[{"id":6960,"href":"https:\/\/www.hohenlohe-ungefiltert.de\/index.php?rest_route=\/wp\/v2\/posts\/6941\/revisions\/6960"}],"wp:attachment":[{"href":"https:\/\/www.hohenlohe-ungefiltert.de\/index.php?rest_route=%2Fwp%2Fv2%2Fmedia&parent=6941"}],"wp:term":[{"taxonomy":"category","embeddable":true,"href":"https:\/\/www.hohenlohe-ungefiltert.de\/index.php?rest_route=%2Fwp%2Fv2%2Fcategories&post=6941"},{"taxonomy":"post_tag","embeddable":true,"href":"https:\/\/www.hohenlohe-ungefiltert.de\/index.php?rest_route=%2Fwp%2Fv2%2Ftags&post=6941"}],"curies":[{"name":"wp","href":"https:\/\/api.w.org\/{rel}","templated":true}]}}