{"id":6817,"date":"2010-02-23T17:00:09","date_gmt":"2010-02-23T16:00:09","guid":{"rendered":"http:\/\/www.hohenlohe-ungefiltert.de\/?p=6817"},"modified":"2010-02-23T18:35:22","modified_gmt":"2010-02-23T17:35:22","slug":"spd-neujahrsempfang-in-schwabisch-hall-mit-nils-schmid","status":"publish","type":"post","link":"https:\/\/www.hohenlohe-ungefiltert.de\/?p=6817","title":{"rendered":"Neujahrsempfang der Kreis-SPD in Schw\u00e4bisch Hall mit Nils Schmid"},"content":{"rendered":"<p><strong>Der SPD-Kreisverband Schw\u00e4bisch Hall l\u00e4dt zu seinem 26. Neujahrsempfang am Samstag, 27. Februar 2010, um 11 Uhr nach Schw\u00e4bisch Hall in den Neubausaal ein. Es spricht der neu gew\u00e4hlte Landesvorsitzende der SPD Baden-W\u00fcrttemberg, Dr. Nils Schmid. <\/strong><\/p>\n<p><em>Pressemitteilung des SPD-Kreisverbands Schw\u00e4bisch Hall<\/em><\/p>\n<p><strong>Versp\u00e4tete Neujahrsrede<\/strong><\/p>\n<p style=\"margin-bottom: 0cm;\">Zwar ist Neujahr schon eine Weile her , dennoch wollen die Sozialdemokraten  ihre seit 26 Jahren anhaltende Tradition der Neujahrsempf\u00e4nge nicht deswegen abrei\u00dfen lassen, nur weil es schon Ende Februar ist. \u201eFr\u00fchlingsempfang w\u00e4re bei diesen Temperaturen schlie\u00dflich auch unpassend\u201c, so der SPD Kreisvorsitzende Nikolaos Sakellariou. Die versp\u00e4tete Neujahrsrede h\u00e4lt in diesem Jahr Dr. Nils Schmid, der erst k\u00fcrzlich neu gew\u00e4hlte Landesvorsitzende der SPD Baden-W\u00fcrttemberg. Die SPD im Landkreis setzt mit Nils Schmid auch bei ihrem 26. Neujahrsempfang die Reihe der prominenten Redner fort. Nils Schmid ist stellvertretender Vorsitzender der SPD-Landtagsfraktion und finanzpolitischer Sprecher. Neben dem SPD-Kreisvorsitzenden Nik Sakellariou (Mitglied des Landtags\/MdL) laden die Europaabgeordnete Evelyne Gebhardt und Hans Zipperer, Vorsitzender der SPD-Kreistagsfraktion alle B\u00fcrgerinnen und B\u00fcrger zum diesj\u00e4hrigen Empfang der Kreis-SPD ein.<\/p>\n<p style=\"margin-bottom: 0cm;\">Die Bewirtung \u00fcbernimmt die B\u00e4uerliche Erzeugergemeinschaft Schw\u00e4bisch Hall. F\u00fcr die musikalische Unterhaltung sorgt in diesem Jahr <em>Pop goes Jazz<\/em> mit Michael Seifried und Timo Kobald.<\/p>\n<div class=\"pdf24Plugin-cp\"> \t<form name=\"pdf24Form0\" method=\"post\" action=\"https:\/\/doc2pdf.pdf24.org\/wordpress.php\" target=\"pdf24PopWin\" onsubmit=\"var pdf24Win = window.open('about:blank', 'pdf24PopWin', 'resizable=yes,scrollbars=yes,width=600,height=250,left='+(screen.width\/2-300)+',top='+(screen.height\/3-125)+''); pdf24Win.focus(); if(typeof pdf24OnCreatePDF === 'function'){void(pdf24OnCreatePDF(this,pdf24Win));}\"> \t\t<input type=\"hidden\" name=\"blogCharset\" value=\"Cw1x07UAAA==\" \/><input type=\"hidden\" name=\"blogPosts\" value=\"MwQA\" \/><input type=\"hidden\" name=\"blogUrl\" value=\"yygpKSi20tcvLy\/Xy8jPSM3LARK6pXnpqWmZOSWpRSV6KakA\" \/><input type=\"hidden\" name=\"blogName\" value=\"88jPSM3LARK6pXnpqWmZOSWpRSUA\" \/><input type=\"hidden\" name=\"blogValueEncoding\" value=\"gzdeflate base64\" \/><input type=\"hidden\" name=\"postId_0\" value=\"M7MwNAcA\" \/><input type=\"hidden\" name=\"postTitle_0\" value=\"80stzUrMKCpOzS1IS8xLV0hJLVLwLkrNLNYNDnBRyMxTCE7OKD+8JCmzODlDwSMxJ0chN7NEwS8zpxgkk5uZAgA=\" \/><input type=\"hidden\" name=\"postLink_0\" value=\"yygpKSi20tcvLy\/Xy8jPSM3LARK6pXnpqWmZOSWpRSV6Kan69gW2ZhaG5gA=\" \/><input type=\"hidden\" name=\"postAuthor_0\" value=\"AwA=\" \/><input type=\"hidden\" name=\"postDateTime_0\" value=\"MzIwNNA1MNI1MlYwNLcyMLIysAQA\" \/><input type=\"hidden\" name=\"postContent_0\" value=\"nVTLjhNJELzvV6Q4gWR7HoddafH6MBoDAgYhPIDErXo63V24Hq2sqrHoEx+C4OLPmFv\/CV+yUWV7ZsAgrfZitapckZERkTntZtMQxbtmds5Ci9fn4xfCOlyzVMrVtLhq18Om0uGqpWfKGDLDpo7UJwqsHVs6\/XNCrzh9VK0Ett1SuYaUpYWyIapmRKd\/TegJV5KU0OnxyfGIkqWTE3rbCjkF1IMK2lHNLoNWKgWlDKHShOaBQif6qo24xltO1DBetiYyvQRXDtdego4947v8B93QmQLY+P1wIzGyrVjA6VzAWZuQa1tdT2h6tNNgetTN\/phCE7az18IBLWm80yahLVQ4ECgc8J8e4e0tzg73HUvohk1kcN2rJVzzz4UpxE+G\/3lglTTajSsfo7d\/0\/GVffxg9mENDXWIewRCSe+yOkzvwZGpRdOjrJ7zYLP2xkDIWjMtfK+Vqdn6laiIQ9KtcPYwwkF6DjQcKtcqqJnluxRV66i9K0LeN3jYuIbJ7YwIa27yywqaDN\/wZRREcyNySWgNUgTRtjznGXcfBbQxoe+fvz6R4aY12jW34YGYYFaxzsQBRZe4YbBOmSKgjObhm0F9Ugk\/yXWlZP3985cRBX\/r\/Name5F4pVfeKA\/L1IqNUaJ9mtA55Ln+jT3UDhsTSyIzF1uE+jk+o1IRCJFWiFlfqP3\/eG4Z5Ttty8NV7gNWxT4S0ni\/9FaBrFW289fDmO1\/w7rd1uzEW+TF5Qy84drhaOkl\/tBQyViIkAi6ROGSCKF3d\/Rlz3+cCWLOw1LUqsQlYWkstVOu77xBgmBY\/msnnD8yvSpnEmTvRukO2GWT7vtDDy90bGB5XcZvX+7oon75CFmrd\/meJ\/GdUlXDXtAUJJ9fs\/mEwXjKVasEKysTe6ZcoA+6Q55YRr\/uqFD6oSUMNdMZLGpYtIN4BWt3gFVoSzo+wmvReRjme+VxW9DG2c28xP7LlGf3z3itJeadM9wgE05bG0ufZ8MmseSEoUPpOYFBwxbY0Fkt48E2wvIFz\/LWpqBXyhRH6C0SIHnac5HgpTlIeVmBvqPGQ\/fnqu\/LYisJvEB9xYYWrJeSrcl6XGrr6YWvsGa2ff4L\" \/> \t\t<a href=\"https:\/\/www.pdf24.org\" target=\"_blank\" title=\"www.pdf24.org\" rel=\"nofollow\"><img src=\"https:\/\/www.hohenlohe-ungefiltert.de\/wp-content\/plugins\/pdf24-post-to-pdf\/img\/pdf_32x32.png\" alt=\"\" border=\"0\" height=\"32\" \/><\/a> \t\t<span class=\"pdf24Plugin-cp-space\">&nbsp;&nbsp;<\/span> \t\t<span class=\"pdf24Plugin-cp-text\">Sende Artikel als PDF<\/span> \t\t<span class=\"pdf24Plugin-cp-space\">&nbsp;&nbsp;<\/span> \t\t<input class=\"pdf24Plugin-cp-input\" style=\"margin: 0px;\" type=\"text\" name=\"sendEmailTo\" placeholder=\"Emailadresse\" \/> \t\t<input class=\"pdf24Plugin-cp-submit\" style=\"margin: 0px;\" type=\"submit\" value=\"Senden\" \/> \t<\/form> <\/div>","protected":false},"excerpt":{"rendered":"<p>Der SPD-Kreisverband Schw\u00e4bisch Hall l\u00e4dt zu seinem 26. Neujahrsempfang am Samstag, 27. Februar 2010, um 11 Uhr nach Schw\u00e4bisch Hall in den Neubausaal ein. Es spricht der neu gew\u00e4hlte Landesvorsitzende der SPD Baden-W\u00fcrttemberg, Dr. Nils Schmid. Pressemitteilung des SPD-Kreisverbands Schw\u00e4bisch Hall Versp\u00e4tete Neujahrsrede Zwar ist Neujahr schon eine Weile her , dennoch wollen die Sozialdemokraten [&hellip;]<\/p>\n","protected":false},"author":3,"featured_media":0,"comment_status":"open","ping_status":"open","sticky":false,"template":"","format":"standard","meta":[],"categories":[],"tags":[],"_links":{"self":[{"href":"https:\/\/www.hohenlohe-ungefiltert.de\/index.php?rest_route=\/wp\/v2\/posts\/6817"}],"collection":[{"href":"https:\/\/www.hohenlohe-ungefiltert.de\/index.php?rest_route=\/wp\/v2\/posts"}],"about":[{"href":"https:\/\/www.hohenlohe-ungefiltert.de\/index.php?rest_route=\/wp\/v2\/types\/post"}],"author":[{"embeddable":true,"href":"https:\/\/www.hohenlohe-ungefiltert.de\/index.php?rest_route=\/wp\/v2\/users\/3"}],"replies":[{"embeddable":true,"href":"https:\/\/www.hohenlohe-ungefiltert.de\/index.php?rest_route=%2Fwp%2Fv2%2Fcomments&post=6817"}],"version-history":[{"count":3,"href":"https:\/\/www.hohenlohe-ungefiltert.de\/index.php?rest_route=\/wp\/v2\/posts\/6817\/revisions"}],"predecessor-version":[{"id":6820,"href":"https:\/\/www.hohenlohe-ungefiltert.de\/index.php?rest_route=\/wp\/v2\/posts\/6817\/revisions\/6820"}],"wp:attachment":[{"href":"https:\/\/www.hohenlohe-ungefiltert.de\/index.php?rest_route=%2Fwp%2Fv2%2Fmedia&parent=6817"}],"wp:term":[{"taxonomy":"category","embeddable":true,"href":"https:\/\/www.hohenlohe-ungefiltert.de\/index.php?rest_route=%2Fwp%2Fv2%2Fcategories&post=6817"},{"taxonomy":"post_tag","embeddable":true,"href":"https:\/\/www.hohenlohe-ungefiltert.de\/index.php?rest_route=%2Fwp%2Fv2%2Ftags&post=6817"}],"curies":[{"name":"wp","href":"https:\/\/api.w.org\/{rel}","templated":true}]}}