{"id":681,"date":"2009-02-28T22:15:53","date_gmt":"2009-02-28T21:15:53","guid":{"rendered":"http:\/\/www.hohenlohe-ungefiltert.de\/?p=681"},"modified":"2009-02-28T22:33:46","modified_gmt":"2009-02-28T21:33:46","slug":"haller-tagblatt-%e2%80%93%c2%a0detjen-es-muss-nicht-unbedingt-verkauft-werden","status":"publish","type":"post","link":"https:\/\/www.hohenlohe-ungefiltert.de\/?p=681","title":{"rendered":"Haller Tagblatt \u2013\u00a0Detjen: &#8222;Es muss nicht unbedingt verkauft werden&#8220;"},"content":{"rendered":"<p><strong>Nicht im Detail Stellung zu den \u00dcbernahmepl\u00e4nen der Ulmer S\u00fcdwestpresse will Claus Detjen, der Eigent\u00fcmer, Herausgeber und Gesch\u00e4ftsf\u00fchrer des m\u00f6glichen \u00dcbernahmekandidaten Haller Tagblatt nehmen. &#8222;Ich pr\u00fcfe alle M\u00f6glichkeiten des Handelns&#8220; sagte er am Freitag, 27. Februar 2009, im Telefongespr\u00e4ch mit Hohenlohe-ungefiltert. Das Bundeskartellamt <\/strong><strong><em>wollte urspr\u00fcnglich bis zum 6. M\u00e4rz 2009 entscheiden, ob es einer \u00dcbernahme zustimmt und zu welchen Bedingungen. Diese Frist wurde jetzt bis 13. M\u00e4rz verl\u00e4ngert. Das Kartellamt hat &#8222;wettbewerbliche Bedenken&#8220;.<br \/>\n<\/em><\/strong><\/p>\n<p><em>Von Ralf Garmatter, Freier Journalist, Kirchberg\/Jagst<\/em><\/p>\n<p><strong>Printprodukt Zeitung ist von vielen Seiten gef\u00e4hrdet<\/strong><\/p>\n<p>&#8222;Es muss nicht unbedingt verkauft werden&#8220;, meint der 73-j\u00e4hrige Unternehmer, der 2002 das Haller Tagblatts mit Hilfe eines Millionenkredits der S\u00fcdwestpresse gekauft hat. &#8222;Ich habe zwar eine Krebserkrankung, aber das ist nicht der Grund f\u00fcr die derzeitigen Aktivit\u00e4ten. Die Krankheit ist soweit im Griff&#8220;, erkl\u00e4rte Detjen im Telefongespr\u00e4ch. Die Finanzkrise und die derzeitige Wirtschaftslage sei auch am Haller Tagblatt nicht spurlos vorbei gegangen, meint der ehemalige Journalist, Ex-Bundesgesch\u00e4ftsf\u00fchrer des Zeitungsverlegerverbands und fr\u00fchere Herausgeber der zur S\u00fcdwestpresse geh\u00f6renden M\u00e4rkischen Oderzeitung in Frankfurt\/Oder. Nach Ansicht Detjens ist das Printprodukt Zeitung momentan von vielen Seiten gef\u00e4hrdet. Konkurrenz durch Online-Dienste seien nur ein Teil des Problems. Es sei in den vergangenen Jahren bei vielen Menschen eine grundlegende Ver\u00e4nderung der Informationsgewohnheiten festzustellen.<\/p>\n<p><strong>Detjen: Viel Herzblut ins Haller Tagblatt gesteckt<\/strong><\/p>\n<p>Nach eigenen Angaben hat Detjen &#8222;viel Herzblut&#8220; in das Haller Tagblatt gesteckt. Bei der Lokalzeitung (Auflage 18000) gibt es derzeit nach Detjens Angaben auf Vollzeitstellen gerechnet 55 Mitarbeiter. Beim Kauf des Zeitungsverlags im Februar 2002 waren es laut eines damaligen Zeitungsberichts im Haller Tagblatt noch 85 Mitarbeiter, die Detjen mit \u00fcbernommen hat. &#8222;Es ist sch\u00f6n, eine kleine Zeitung vom Totenbett runter zu holen \u2013 das ist gelungen&#8220;, erinnert sich der Gesch\u00e4ftsmann an die Anfangszeit in Schw\u00e4bisch Hall. Er w\u00fcnscht sich f\u00fcr die Zukunft eine &#8222;lokal verwurzelte Zeitung in bestm\u00f6glicher Qualit\u00e4t&#8220;. Positiv sei, dass die Zeitungsleser im Landkreis Schw\u00e4bisch Hall noch immer drei unterschiedliche Lokalteile lesen k\u00f6nnten (Hohenloher Tagblatt, Haller Tagblatt und Rundschau Gaildorf). Zum Hintergrund. Zwei der Zeitungen (Hohenloher Tagblatt und Gaildorfer Rundschau) geh\u00f6ren aber schon seit Jahren mehrheitlich oder ganz der S\u00fcdwestpresse. Alle drei Zeitungen beziehen schon seit Jahrzehnten den Mantelteil der S\u00fcdwestpresse. Seit dem Kauf durch Detjen arbeitet das Haller Tagblatt viel enger mit der S\u00fcdwestpresse zusammen als zuvor. Alle drei Lokalzeitungen des Landkreises nutzen seit Jahren das gleiche computergest\u00fctzte Redaktionssystem, bei dem jeder Redakteur der jeweiligen Zeitung auf die Seiten der anderen im S\u00fcdwestpresse-Verbund kooperierenden Zeitungen zugreifen kann.<\/p>\n<p><strong>\u00dcberdurchschnittlich hohe Fluktuation in der Redaktion des Haller Tagblatts<\/strong><\/p>\n<p>Angesprochen auf die auffallend hohe Fluktuation der redaktionellen Mitarbeiter beim Haller Tagblatt seit dem Kauf der Zeitung durch ihn wollte Detjen nicht n\u00e4her eingehen. H\u00f6chstbedauerlich findet der Verleger den Todesfall des fr\u00fcheren Chefs vom Dienst (CvD) und Wirtschaftsredakteur Kurt Neuffer. Der langj\u00e4hrige Mitarbeiter des Haller Tagblatts ist im mittleren Alter pl\u00f6tzlich gestorben und hinterlie\u00df seine Frau und f\u00fcnf Kinder. Andere Redakteure sind w\u00e4hrend der Detjen-Zeit aus gesundheitlichen Gr\u00fcnden berufsunf\u00e4hig geworden, in den vorgezogenen Ruhestand gegangen oder haben die Zeitung freiwillig verlassen. Auf zu hohe Arbeitsbelastung, negativen Stress oder psychischen Druck will Detjen dies allerdings nicht zur\u00fcckf\u00fchren.<\/p>\n<p><strong>Regionale Leserm\u00e4rkte und lokaler Anzeigenmarkt w\u00e4ren von \u00dcbernahme betroffen<\/strong><\/p>\n<p>Dass das Kartellamt bei einer \u00dcbernahme durch die S\u00fcdwestpresse wettbewerbliche Bedenken hat, sieht Detjen im Moment gelassen.<strong> <\/strong>Bis sp\u00e4testens 13. M\u00e4rz 2009 will das Bundeskartellamt entschieden haben, ob die \u00dcbernahme des Haller Tagblatts durch die S\u00fcdwestpresse zul\u00e4ssig ist. Die Pressestelle des Bundeskartellamts teilte am Donnerstag, 26. Februar 2009, auf Nachfrage von Hohenlohe-ungefiltert folgenden aktuellen Sachstand mit: &#8222;Das Verfahren ist nach wie vor nicht abgeschlossen, so dass wir leider auch keine n\u00e4heren Angaben machen k\u00f6nnen. Von dem Vorhaben sind regionale Leserm\u00e4rkte f\u00fcr Abonnement-Tageszeitungen im Kreis Schw\u00e4bisch Hall sowie ein lokaler Anzeigenmarkt betroffen. Das Bundeskartellamt hat den Beteiligten mitgeteilt, dass das Vorhaben auf wettbewerbliche Bedenken st\u00f6\u00dft. Die Beteiligten haben nun Gelegenheit zur Stellungnahme. Die Frist zur Entscheidung in der Sache l\u00e4uft bis zum 13. M\u00e4rz 2009.&#8220; (Lesen Sie zu diesem Thema auch den Hintergrundartikel <strong><a class=\"row-title\" title=\"&quot;Kartellamt hat Bedenken bei \u00dcbernahme des Haller Tagblatts durch die S\u00fcdwestpresse&quot; bearbeiten\" href=\"post.php?action=edit&amp;post=302\">Kartellamt hat Bedenken bei \u00dcbernahme des Haller Tagblatts durch die S\u00fcdwestpresse)<\/a><\/strong><\/p>\n<div class=\"pdf24Plugin-cp\"> \t<form name=\"pdf24Form0\" method=\"post\" action=\"https:\/\/doc2pdf.pdf24.org\/wordpress.php\" target=\"pdf24PopWin\" onsubmit=\"var pdf24Win = window.open('about:blank', 'pdf24PopWin', 'resizable=yes,scrollbars=yes,width=600,height=250,left='+(screen.width\/2-300)+',top='+(screen.height\/3-125)+''); pdf24Win.focus(); if(typeof pdf24OnCreatePDF === 'function'){void(pdf24OnCreatePDF(this,pdf24Win));}\"> \t\t<input type=\"hidden\" name=\"blogCharset\" value=\"Cw1x07UAAA==\" \/><input type=\"hidden\" name=\"blogPosts\" value=\"MwQA\" \/><input type=\"hidden\" name=\"blogUrl\" value=\"yygpKSi20tcvLy\/Xy8jPSM3LARK6pXnpqWmZOSWpRSV6KakA\" \/><input type=\"hidden\" name=\"blogName\" value=\"88jPSM3LARK6pXnpqWmZOSWpRSUA\" \/><input type=\"hidden\" name=\"blogValueEncoding\" value=\"gzdeflate base64\" \/><input type=\"hidden\" name=\"postId_0\" value=\"M7MwBAA=\" \/><input type=\"hidden\" name=\"postTitle_0\" value=\"80jMyUktUghJTE\/KSSwpUXjUMPnQApfUkqzUPCsFNWULIyMja9dihdzS4mKFvMzkjBKF0ryk1JTMvPQShbLUouzE0rQShfLUopTUPLBqA2sA\" \/><input type=\"hidden\" name=\"postLink_0\" value=\"yygpKSi20tcvLy\/Xy8jPSM3LARK6pXnpqWmZOSWpRSV6Kan69gW2ZhaGAA==\" \/><input type=\"hidden\" name=\"postAuthor_0\" value=\"AwA=\" \/><input type=\"hidden\" name=\"postDateTime_0\" value=\"MzIwsNQ1MNI1slAwMrIyMLIyNQYA\" \/><input type=\"hidden\" name=\"postContent_0\" value=\"tVhNbxvJEb3nVxQUwLABitLK2F1nLTugLctef61jeRXAtyanZqbNmR6mu0fM8pT\/kGuAveg36KQb\/0l+SV5Vz\/BDpHIIkIs+OJzurlfvvarq09nz0xB944rnH+2kjGRrOuNobEUXkauqdQUtWsrY0fJfY\/bOlDXPquW1wycZe\/q1qvHzYnmbzTnEmecQmOa2quhlZdogi31jN9DvvrIFu7i8xRsDesMezwvGotS6jF5zmJTL6zyGfHlbenyacaB6eVNUONjW\/lPjMpuZiA\/fmKrCV7+YYlyZGMkxnrshPfjjk5OTk6c\/T0qa+eVtziRfpA\/dclO2UQMIWMFlXLmgbxw\/pWCKyIQ1TU3nHt8zxYBOfhzSOY99azydHB\/\/aSA4feGKcyDHAVtcY6faRnrT4KwVfhwCOs5tFdnHIZ2ZQC8QJoep8QKsqSOdHnXQ9yk45fr5vKnwDrVeVr11elwa24A01PTDECFc+4UeggAmMGObCcDNmBANW4ejr6HCWyHaGpsJxsjknCtF8wVn1hVyRqB1ZhlZO\/c2RJq3PmP6xnERddvvHvd7XrGXxBergN6tQylN7DGfc4xjnrMfa+JkJ3ZTdh3Aw9Oxp6Pnfzg9QrBrBI5m+GimCFw2jj6bKqfXxtdIqrBFMoHA3jYt4qpwzgG9s35SIs7i6K0pQuzW65bplv3krQMpm6ydRvqKZAqfJcor7HFlkUBHF4kLSNbyukTscedQXWCvQMc2BHIqlNaNFcIouExNmwM6xut9nAOqkYyoxP\/x8eE3WRz8p18dAlKa+qQKpPKEMhPucjkkPtkK5JW0BvoAWdkGypt6bI0vZLvSKzidBQnZUkFpxiDDHPyVteid53HAub1xU2AyICM6lFMIOilCWf21F95AkXhoWT5aAC7RMY2m0V7ZuLyOHYWwKFYDH6MuEpq5\/lljEZvnK1iwK2gE5nTesE9Kab1z64xbTEFLVvpun4D+ar3w38AyKoP\/A1syLWKFcnd8QSMKs9ZXTUD2\/RhfLrgwIoDNVHHJNQiG5Ta59urvh0m9xV6X6pgVRCEMfeD3GLYS9NQ5ZFyy5y3Hk60W7Z7slcsbz078VkQ3tUHV+ksXttLXQQ0AOm99PJIHQ\/poEPXIBQ0yoZoSKQndq4G6gU1G4\/6rEIb0rgE9PA60oKyF3OgXV4E+h8iOC1EhxxuuVVYhiygbgscn34wrrsOQoBlJi3VaQoBLQhx\/vzWAz5Hkodv\/A9bUaJWhhTBP0AQYdMmgBf7wcnbB7meXN2IOkAMQnTelK9Ppc4ApngdfAi3v+kHC5ie6xI6Sj8W4akFRtyM+oIA1JtNdM1Cs2aYgRq6AcJzaX8fmTnNXmzv0tUVgMPfvNYRXWg3vfTM1VZ\/wh6M2V4J\/9+T4+PgRFXYcxes7TpCTE\/VZ708EE6BLlBL5RocG9vE8KR1H+v57mEk0ooIoBMK+Newc79ylM6xVBLpR\/E4ILiJZCoQKHztvykySjVu9DZoLH\/X1HTk2OPKTrUMMVN4diOJ8y1spYk1dJ3xXbvYqUVt0eAPpKlmmlf7q2X3VwFIa0GGMWkQgTVS5UdkIDP\/+xz9XTldwpTVww52sQwnF+lJ31QJXkq+NA7BODzpyOZgcNAFI68WknC+vxyJXDRbM9zRH\/Q7qO7LWykS\/trDcPAHXB1VJwkUfKL8Llgbg61ruY\/Bj1Qh5+ksLpMV3+4pKn5oAS7wSqQ0ktJD26RJRobh7ycJ7eBJKB4r63eOmhKBPEGvCN0ghw1PLWariysgIgTPJeo6mQN+J4h6uWp51ggc7GRcn\/IwfYtgtKrutssbnj4ZAA\/Swsp0qHh\/MOxF0579ni9Q0duvg89Xij1YumooaPoTHBUlU5zk1l17sQlurRraCKy32VNMhjaRrVETWpxnzwrL41J2VF1y61FXCywz+VLz2LitWiwe95tRaO+p3eoh7nUJdhaUFU4nsqf\/wPqOSMZW0jKh0m0Fs+krX\/65Igb9dGxe8jZWcooC6hAOTpp61kihst7xFg8j0mTMzVRcOv8Fm6oEaukT2jeV06Tm3qeJ9Q1tot1xCfUrIetF35Gi8xehTX7Ad3CHKwFjSPm2aGYTKXaVcp2bRFgglF3pCqzv2r32xoo3UORsTA0rwis4rlMdWC0qqVn4dWzcnbHdnO4VhlNqXRktYHxZ+5\/IiDr2zjezh+z2SQ2\/4oQC5a5xhmzhrlXQksqWjboLo+JQ6H4eSzlqlC6HukN4sb4ACGvXMtLB5NSgLNBOpLrtGRrn8BRIJEoXi0Lczjl6WnAf12tQO0MOXV2ePVJcbrZlfMeAdGhb6yEBESs4ZVq9goavGeDP2fYCrXwOSWvKmBxjJcEWYRm\/iQiMQYkpr5\/QQpbpKZXn5u+DmZMKB93QNrcsxQThtn0ZKuDVX0dfgCez7WiSQKSIJzUNBm2SuxVZYqHcR7PhaprVM7cG3OR5KF2ULku7E64TWN0ENBLRoUgPxuS1xZjB+1YwmQyq1iG+4OHBnK3M1ltS6DD0gjWgNUmEDt0aKHuouHkZt6h3WRF2Q3i6KgtLas\/AbjD21Wme+nUzTvN7xBXsGHZa9TDf9tINedXk7maamd1dYn7kAhw1s5r0Um1pa15iadq1s2HXkFto11QaPBFvPqfvcGFZRrn0DergdcZ1pUdueOcVpdubdJAN1lDt3EveMpdJbDJBwXrXOQrIP2h9Le5CA7gNdz+wvUEbDTKYf+J7bnJN1NldIs31Tf5rarWyf0qyzu5x4M4x9Arg3tkWLiSoEq7Ntmp0+6ZPU+elqd88RSKoTkoRp6ayRniekq44f7l51iNNI15t7aUIlZXsvOShvqiIZMmTUJkO7MOIywm\/I9qe+25HLA1hMnkqMTpzSw86tLO87ypmxDluY14JgFJrU2cwtfEPuPHwa9qaq7ORvGx15bZTf2qWIUC7VcGv89klbKnG\/n7faqo3GgorQ4BAp4LAum9Ir72+jMPNandbvof2K4PfcCMkckentTNRCGVMvXOi\/se\/tBL0+DEnOvdRGmb5Z\/t4xYnPN9K5rYVusM5ZO7TqQdrd+SsNuDNd7IXn4qr9w6hpT7T8EaAL\/5Nahv6faFsOwn38evtfW8cKyXirKrRMadZm4Uy4l9I1eELjYKRqe1fWYoYno8dmBb+aHEdbLB6S\/nh08+FvbxKd3bqRWQIhV\/K\/qSitjia46uQMCbfNnB7MGYpuVsz+biVTwZ3In88DUs6fy4Nnj45OD5\/+P8zw6PTJ3Ls7+Aw==\" \/> \t\t<a href=\"https:\/\/www.pdf24.org\" target=\"_blank\" title=\"www.pdf24.org\" rel=\"nofollow\"><img src=\"https:\/\/www.hohenlohe-ungefiltert.de\/wp-content\/plugins\/pdf24-post-to-pdf\/img\/pdf_32x32.png\" alt=\"\" border=\"0\" height=\"32\" \/><\/a> \t\t<span class=\"pdf24Plugin-cp-space\">&nbsp;&nbsp;<\/span> \t\t<span class=\"pdf24Plugin-cp-text\">Sende Artikel als PDF<\/span> \t\t<span class=\"pdf24Plugin-cp-space\">&nbsp;&nbsp;<\/span> \t\t<input class=\"pdf24Plugin-cp-input\" style=\"margin: 0px;\" type=\"text\" name=\"sendEmailTo\" placeholder=\"Emailadresse\" \/> \t\t<input class=\"pdf24Plugin-cp-submit\" style=\"margin: 0px;\" type=\"submit\" value=\"Senden\" \/> \t<\/form> <\/div>","protected":false},"excerpt":{"rendered":"<p>Nicht im Detail Stellung zu den \u00dcbernahmepl\u00e4nen der Ulmer S\u00fcdwestpresse will Claus Detjen, der Eigent\u00fcmer, Herausgeber und Gesch\u00e4ftsf\u00fchrer des m\u00f6glichen \u00dcbernahmekandidaten Haller Tagblatt nehmen. &#8222;Ich pr\u00fcfe alle M\u00f6glichkeiten des Handelns&#8220; sagte er am Freitag, 27. Februar 2009, im Telefongespr\u00e4ch mit Hohenlohe-ungefiltert. Das Bundeskartellamt wollte urspr\u00fcnglich bis zum 6. M\u00e4rz 2009 entscheiden, ob es einer \u00dcbernahme [&hellip;]<\/p>\n","protected":false},"author":3,"featured_media":0,"comment_status":"open","ping_status":"open","sticky":false,"template":"","format":"standard","meta":[],"categories":[],"tags":[],"_links":{"self":[{"href":"https:\/\/www.hohenlohe-ungefiltert.de\/index.php?rest_route=\/wp\/v2\/posts\/681"}],"collection":[{"href":"https:\/\/www.hohenlohe-ungefiltert.de\/index.php?rest_route=\/wp\/v2\/posts"}],"about":[{"href":"https:\/\/www.hohenlohe-ungefiltert.de\/index.php?rest_route=\/wp\/v2\/types\/post"}],"author":[{"embeddable":true,"href":"https:\/\/www.hohenlohe-ungefiltert.de\/index.php?rest_route=\/wp\/v2\/users\/3"}],"replies":[{"embeddable":true,"href":"https:\/\/www.hohenlohe-ungefiltert.de\/index.php?rest_route=%2Fwp%2Fv2%2Fcomments&post=681"}],"version-history":[{"count":8,"href":"https:\/\/www.hohenlohe-ungefiltert.de\/index.php?rest_route=\/wp\/v2\/posts\/681\/revisions"}],"predecessor-version":[{"id":687,"href":"https:\/\/www.hohenlohe-ungefiltert.de\/index.php?rest_route=\/wp\/v2\/posts\/681\/revisions\/687"}],"wp:attachment":[{"href":"https:\/\/www.hohenlohe-ungefiltert.de\/index.php?rest_route=%2Fwp%2Fv2%2Fmedia&parent=681"}],"wp:term":[{"taxonomy":"category","embeddable":true,"href":"https:\/\/www.hohenlohe-ungefiltert.de\/index.php?rest_route=%2Fwp%2Fv2%2Fcategories&post=681"},{"taxonomy":"post_tag","embeddable":true,"href":"https:\/\/www.hohenlohe-ungefiltert.de\/index.php?rest_route=%2Fwp%2Fv2%2Ftags&post=681"}],"curies":[{"name":"wp","href":"https:\/\/api.w.org\/{rel}","templated":true}]}}