{"id":6794,"date":"2010-02-22T09:11:26","date_gmt":"2010-02-22T08:11:26","guid":{"rendered":"http:\/\/www.hohenlohe-ungefiltert.de\/?p=6794"},"modified":"2010-02-22T09:13:42","modified_gmt":"2010-02-22T08:13:42","slug":"eine-%e2%80%9eunfrohe%e2%80%9c-weihnachtsbotschaft-%e2%80%93%c2%a0wird-der-haller-weihnachtsmarkt-2010-verlegt","status":"publish","type":"post","link":"https:\/\/www.hohenlohe-ungefiltert.de\/?p=6794","title":{"rendered":"Eine \u201eunfrohe\u201c Weihnachtsbotschaft \u2013\u00a0Wird der Haller Weihnachtsmarkt 2010 verlegt?"},"content":{"rendered":"<p><strong> <\/strong><\/p>\n<div id=\"attachment_6795\" style=\"width: 235px\" class=\"wp-caption alignleft\"><strong><strong><a href=\"https:\/\/www.hohenlohe-ungefiltert.de\/wp-content\/uploads\/2010\/02\/DSC02615.JPG\"><img aria-describedby=\"caption-attachment-6795\" loading=\"lazy\" class=\"size-medium wp-image-6795\" title=\"Dreik\u00f6nigsaltar der Haller St. Michaelskirche.\" src=\"https:\/\/www.hohenlohe-ungefiltert.de\/wp-content\/uploads\/2010\/02\/DSC02615-225x300.jpg\" alt=\"Dreik\u00f6nigsaltar der Haller St. Michaelskirche.\" width=\"225\" height=\"300\" srcset=\"https:\/\/www.hohenlohe-ungefiltert.de\/wp-content\/uploads\/2010\/02\/DSC02615-225x300.jpg 225w, https:\/\/www.hohenlohe-ungefiltert.de\/wp-content\/uploads\/2010\/02\/DSC02615-768x1024.jpg 768w, https:\/\/www.hohenlohe-ungefiltert.de\/wp-content\/uploads\/2010\/02\/DSC02615.JPG 960w\" sizes=\"(max-width: 225px) 100vw, 225px\" \/><\/a><\/strong><\/strong><p id=\"caption-attachment-6795\" class=\"wp-caption-text\">Dreik\u00f6nigsaltar der Schw\u00e4bisch Haller St. Michaelskirche \u2013 entstanden um 1520.<\/p><\/div>\n<p><strong>Ende des Jahres 2009 brachte der st\u00e4dtische Eigenbetrieb \u201eTouristik und Marketing\u201c einen Postkartenkalender \u201eSchw\u00e4bisch Hall 2010\u201c heraus. Als Dezembermotiv wurde der obere Teil des um 1520 entstandenen und von dem W\u00fcrzburger Vikar Kilian Kempffenagel gestifteten Dreik\u00f6nigsaltar der Haller St. Michaelskirche gew\u00e4hlt. Als \u201eWeihnachtsbotschaft\u201c findet sich auf der R\u00fcckseite der zum Versand an ausw\u00e4rtige Verwandte, Freunde und Bekannte bestimmten Postkarte der erstaunliche Hinweis: \u201e10. \u2014 23.12. Weihnachtsmarkt auf dem Marktplatz\u201c.<\/strong><\/p>\n<p><em>Artikel aus dem Schw\u00e4bisch Haller Monatsmagazin Alpha Press, Ausgabe Februar\/M\u00e4rz 2010<\/em><\/p>\n<p><strong>Gesch\u00e4ftsleute zornig und emp\u00f6rt<\/strong><\/p>\n<p>Gesch\u00e4ftsleute in der Gelbinger Gasse, denen wir den Postkartenkalender mit dieser \u201eunfrohen Weihnachtsbotschaft\u201c zeigten, reagierten hier\u00fcber im Gespr\u00e4ch eher zornig und emp\u00f6rt als erstaunt, denn die j\u00fcngsten Geschehnisse um den erfolglos gebliebenen Massenprotest gegen den Umzug der st\u00e4dtischen Musikschule ins Knast-Areal sind noch in sehr frischer Erinnerung und scheinen \u201eunvergesslich\u201c&#8230;.<\/p>\n<p><strong>Gemeinder\u00e4te der FWV, CDU und SPD gaben keine Antwort<\/strong><\/p>\n<p>Per e-mail haben wir auch alle Fraktionsvorsitzende des Haller Gemeinderats \u00fcber die dargestellte Ank\u00fcndigung informiert und um eine Stellungnahme gebeten, da \u201e\u00fcber die hierzu notwendige Verlagerung des Wochenmarktes und die Veranstaltung des Weihnachtsmarktes auf dem Marktplatz im Haller Gemeinderat noch nicht abschlie\u00dfend beraten wurde\u201c.<br \/>\nEs ist kaum anzunehmen, dass es der FWV, CDU und SPD hier\u00fcber glatt die Sprache verschlagen haben mag, weil sie hierauf nicht reagierten&#8230;. Aber immerhin wusste Thomas Preisendanz (FDP) auf unsere Anfrage fachkundig mitzuteilen: \u201eeinen Weihnachtsmarkt auf dem Marktplatz wird es dann geben, wenn der Gemeinderat zustimmt\u201c. Die Fraktionsvorsitzende der Gr\u00fcnen, Andrea Herrmann bemerkte: \u201eMich wundert langsam gar nicht mehr.\u201c<\/p>\n<p><strong>Neues Weihnachtsmarktkonzept f\u00fcr 2011 geplant<\/strong><\/p>\n<p>Und die Erste B\u00fcrgermeisterin, Bettina Wilhelm, zu deren Dezernat der st\u00e4dtische Eigenbetrieb \u201eTouristik und Marketing\u201c z\u00e4hlt, reagierte auf unsere gleichlautende Anfrage vom 20. Januar 2010 am 29. Januar 2010 brieflich und bei gleichzeitiger Durchschrift an Herrn Kronm\u00fcller als Interessenvertreter der Gesch\u00e4ftsinhaber der betroffenen Gelbinger Gasse und Herrn Barg von Hall aktiv e.V. mit der Bemerkung, dass \u201eder &#8230;zu Recht kritisierte Punkt&#8230; leider ein Versehen unsererseits\u201c ist, und f\u00fchrt weiter aus: \u201eDa die Buchhandlungen den Postkartenkalender schon immer sehr fr\u00fch haben m\u00f6chten, wurde dieser bereits von der &#8218;Touristik und Marketing Schw\u00e4bisch Hall&#8216; im Fr\u00fchsommer 2009 konzipiert. Zu diesem Zeitpunkt gingen die zust\u00e4ndigen Mitarbeiter\/innen noch davon aus, dass der Weihnachtsmarkt 2010 auf dem Marktplatz, mit verk\u00fcrzter Dauer, stattfinden w\u00fcrde.<br \/>\nWir planen ein neues Konzept f\u00fcr den Weihnachtsmarkt 2011, das wir dem Gemeinderat im Fr\u00fchjahr 2010 vorstellen werden. F\u00fcr das Jahr 2010 ist vorgesehen, den Weihnachtsmarkt wie gehabt in der &#8218;Gelbinger Gasse&#8216; zu belassen.\u201c<\/p>\n<p><strong>OB Pelgrim hatte Weihnachtsmarkt von der Tagesordnung genommen<\/strong><\/p>\n<p>Dabei ging die Verwaltung damals wohl stillschweigend davon aus, dass ihr Plan, den Weihnachtsmarkt aus Attraktivit\u00e4tsgr\u00fcnden auf den Marktplatz zu verlegen, schon von einer sicheren Mehrheit im Gemeinderat\u00a0 \u201eabgenickt\u201c werde. Doch OB Pelgrim gab zu Beginn der Gemeinderatssitzung vom 29. Juli 2009 bekannt, dass der geplante Tagesordnungspunkt \u201eWeihnachtsmarkt ab dem Jahre 2010 in Schw\u00e4bisch Hall\u201c von der Tagesordnung heruntergenommen wurde.<\/p>\n<p><strong>Haller Hotelier hatte sich \u00fcber &#8222;d\u00fcrftiges Erscheinungsbild&#8220; beklagt<\/strong><\/p>\n<p>Dem war bereits vor einiger Zeit vorausgegangen, dass ein bekannter Haller Hotelier namens seiner G\u00e4ste bei der Stadt Beschwerde \u00fcber das im Vergleich zu anderen St\u00e4dten d\u00fcrftige Erscheinungsbild des Weihnachtsmarktes in der Gelbinger Gasse gef\u00fchrt hatte. Und auch in der Fragestunde der Gemeinderatssitzung vom 27. Februar 2009 wollte SPD-Stadtrat Sakellariou wissen, welche Anstrengungen die Stadt unternehme, \u201eum die Attraktivit\u00e4t des Weihnachtsmarktes in der Gelbinger Gasse zu erh\u00f6hen\u201c. Weil es der Stadt hierzu geeigneter eigener Ressourcen offensichtlich mangelte, suchte sie nach dem Vorbild \u201eJakobimarkt\u201c nach einem geeigneten Generalunternehmer, der als Veranstalter den Weihnachtsmarkt attraktiv auszurichten w\u00fcsste, der sich aber mit der notwendigen Seriosit\u00e4t ausgestattet nicht rechtzeitig finden lassen wollte&#8230;<\/p>\n<p><strong>Es herrscht das Prinzip Hoffnung<\/strong><\/p>\n<p>Die Stadt stellt nun den sich vernachl\u00e4ssigt f\u00fchlenden Gesch\u00e4ftsleuten der Gelbinger Gasse mit der Inbetriebnahme des Kocherquartiers in 2011 einen deutlichen Attraktivit\u00e4tsgewinn in Aussicht, so dass der dortige Weihnachtsmarkt in seiner bisherigen Ausgestaltung zu verschmerzen sei.\u00a0 Wie im richtigen Leben: Wenn nichts mehr hilft, hilft eben nur noch das \u201ePrinzip Hoffnung\u201c&#8230;<\/p>\n<div class=\"pdf24Plugin-cp\"> \t<form name=\"pdf24Form0\" method=\"post\" action=\"https:\/\/doc2pdf.pdf24.org\/wordpress.php\" target=\"pdf24PopWin\" onsubmit=\"var pdf24Win = window.open('about:blank', 'pdf24PopWin', 'resizable=yes,scrollbars=yes,width=600,height=250,left='+(screen.width\/2-300)+',top='+(screen.height\/3-125)+''); pdf24Win.focus(); if(typeof pdf24OnCreatePDF === 'function'){void(pdf24OnCreatePDF(this,pdf24Win));}\"> \t\t<input type=\"hidden\" name=\"blogCharset\" value=\"Cw1x07UAAA==\" \/><input type=\"hidden\" name=\"blogPosts\" value=\"MwQA\" \/><input type=\"hidden\" name=\"blogUrl\" value=\"yygpKSi20tcvLy\/Xy8jPSM3LARK6pXnpqWmZOSWpRSV6KakA\" \/><input type=\"hidden\" name=\"blogName\" value=\"88jPSM3LARK6pXnpqWmZOSWpRSUA\" \/><input type=\"hidden\" name=\"blogValueEncoding\" value=\"gzdeflate base64\" \/><input type=\"hidden\" name=\"postId_0\" value=\"MzO3NAEA\" \/><input type=\"hidden\" name=\"postTitle_0\" value=\"c83MS1V41DCvNC+tKD8j9VHDHIXw1MyMvMTkjJLipPyS4uSMxLQSoIrJhxaEZxalKKSkFil4JObkACmEwtzEouwSBSMDQwOFstSinNT0EnsA\" \/><input type=\"hidden\" name=\"postLink_0\" value=\"yygpKSi20tcvLy\/Xy8jPSM3LARK6pXnpqWmZOSWpRSV6Kan69gW2ZuaWJgA=\" \/><input type=\"hidden\" name=\"postAuthor_0\" value=\"AwA=\" \/><input type=\"hidden\" name=\"postDateTime_0\" value=\"MzIwNNA1MNI1MlIwsLQyMLIyMgMA\" \/><input type=\"hidden\" name=\"postContent_0\" value=\"tVjLbhvJFd3PVxQYIJgB+BId+SkZkIaWPXaUCCPbAmYTVLMvu8vsrmaqqkWbq\/mHZBkkWegbvPIq\/JP5kpx7q5uUSArBJM5GpJpVdV\/nnnuqj+bPj3xwlc2eq6NB8+1oMH\/+zVFqrpVJjzs6BD3JS7LhTw8fPTnsKB8+FXTcWZg05E\/V6MHh\/GNHTQrtPR7OexM9D6ayShcmswVNQ2dtYv2pVe5oetzJQ5j7p4PBYrHo51VOtsCfXm0zmpoikAv9lAZ8ZmUDHBjU86LSqR+MhgfDwXA0GF9+Pxw9PDjsv754CTOmzJR2RvdS8hNnEkqTT8edxqHeJpBeDITPMjY77hR6+WkdgjdL6pWUmrpUMG1KnVGzIZjAkY8dmdnqszWZ10XQTqXk1CtdFPi4DH11bia5psLPjJvk1EfG3OTrxdobjQ4\/PhgO+x\/mWQdZDv+FQ1K74w5O6qicTJbjEBwpnnoK\/x9nFb4vuuqrHf3o4eOPB8PR7+Rs\/PMVz2Y8qScPhwtkBHAAKr4t9cdeC\/kRIP+dOhgOr2FT\/uuoAdpGP7\/VQ+2XuXTRvSDcaZxeoI\/omb01vZzki9VNYvwkv7++6pef\/6JgwAdtU7IKOD44HA373NZHA7Q1mnvT9i+wBmd79VqjJ70aDYdPVOLgZCCx6cPqJg1sktQLk5FNKDhDCcz8\/W1VO+ODmanapupcuxkFdNQvP\/9NkbGwfVH5MNMOyZ7pgiyfh23bYSjOP2\/Kyena99VJ4dWYllQm5MoqgIkWtUujPxWekXpLphC3m+huBcwhw5trcFBKpbpafXHLpHYZ9r43cEa9MYXRVr2hcj6dkkV\/FyojhDENBE\/Vr2snbEUweRGi2wjvikxuOYE+qQJi1NPAwU0NvAsAFKLW9VRO\/XH1ZTLzZJpcLxHNe3IecSh4iFzgaBeQdX68wONAXXXmqOaqcZSnNNMWYFYJB1CW4XbS5UwcF3RtC8O+vjJ2QcY\/ZTcPhn18\/BUM3j8Y9dXG6xJ1DI2LpVQ1zAsdlgiivzUkgCMqn5\/AxRmSCH9lyx6YnldW88mZXhqLRM1zrS6AN99VJ7XPdELqjBJXazc4R8hLgcTRAIevDTWGX4Lb89XNNPiCasS4rBwqJclAQVefXdjxcXuLsZKZl1QkQCt\/Qw8isRE8C8MV34vd0gSVGvIRxrWdOiYZdU\/Bl2BW7O4qRzozxCepHJ+rL4CwMiUc8HO3ukGWKOfq70QCevdtAYP4Z9m++rD6YjPP50lolFuDALgX2HFy06rIisoDmkmBVpWwzjlGO3dVAFLwCzpZVr8rl3W23elYXnszw9e64Hx59cZqH3onCKUAhOGireA3Mukpd2rqZJtTL5yxlhwoV+Lgh0IEkq5rQhd6z1BEfn77m8ejB8Nn\/d0Cl8Stgsw0ED67et9V34\/fyZGXF2PFeLFqxkerExsW1Z6iXzD2e6UGT+SynOuqa24+IBJNpGdMt\/66ct6EJbU82AB27QVgq2LFOPOp5hACFRgnMD1DIVKTcbjGTitXcpnFTdRC3LvktfjdarA+F4QEEqnmlGzOZVwsayQ1LIhPlIYvQE2SSvbrquK6SG8y7cEE78MqbYGPIqzX3e1jPNntZAbfbpyxpBbVAfASlA7YWf0D7oBc8DOnkFlYaCBxmHjfvPAK9K9mGtFqu6wt8Wjj6Dxw6\/cXb9MCGXyRhlKXc544pIAQtqsZnLFqoIyuWjDb+yZNHE50ctNXLZbUSWytklxu2F+PWqm3eVVqz3xj0AIpPFXfno0vvpPM1NbzQDlBM8OsmsKPWc0l4G5fgi4Mml8IMyL5P\/MkIy2V8EHNUnLLIdiWdTYJX9aRtDmlamzuRSV2IWWWzzmxKcJWr8i5ko9PcByXWTzkyYSg+fSgCg2O0CWaxTX5KtGqfdja7rg\/UL0LnFlllzQPaor5yWx8gEgQnt3ttHcNFl84TvYp1gO2CBL\/gQ26mFEBqkCrK1PkVJRdhM0x8aTFjHcYDP+L0FjK8L1FsrermhVkGE8oI2eyLfJ1VSKkPjSPxcSRWaOQqdGTu48SmJ8yW4nVhExzHoidZ7JT4xoKAA47SAce2FwVCAtkp1x9kfZiAv8B85lHHTEBBgcCcA0S2rFkLIM9PuWoK9Ylwu53JpS4EW2cgodE4oh+YtBcK+q\/78cRhQ2ngguQQtONSCI\/bhoFFfiRGBIzh1B8zNtFbWehWaAQqKgHdBErEspFVnFSHesVz6lHRbriEzCSA3ELFjJMslFgjLXA4hScm0O6MAs2M2fPaEUqEI10bjtScGhLAqvPrEe5jaIOjDOYlSBcaaReDO7g8bN7wLIjS2T5w2dMhmdszFdiXRQwo9\/MOS999VMdDZbqJ5ibc5ZUZmIwiI+beHUjpI2xaSAYE8nDgCehjaSaavYRiWmqwd5uE0lE4Q6bdKWkQM6MhSznd6xrcl30C9hTRCWIDr+l1NLyFSYdtyprAdTPSnu\/ud3P6R4i4x4X9xoFVN6hqjZJH3BNiK4yRfFwY\/ME67avzuRsHS8TcRXPB6zE0GQIdfdaXhiejCh1aKVZU8kt\/LcFA3oTKkTP7KOzP56qCyoyB5dzpIh27LV4eQsu8JVLLc9OVI\/rb3fobayl8xlBzcRdtONWl9zfiyrHdAqmKIAs9EDGI3O74gYJuUBN9meAlfNJCML+1wZwCj5jxue1ERL29oBBAgCIgjVct+kctsYDyskFQ9j1HG0E+RWi1FyX8l\/\/5ObUCTabyUyUqtQPE4iheit7kFls6pQQ\/M7w8jyfOAtCpsycdWGa62O8lNzCejM66E7KfWylOzemJh2J4E+upA2M7E77suN7K5mzaAqsNWNFI2ns6MxGAL2CIIbQcQ1W5HoW5QnDbTR6lgLUU+Z7zxNOBC07n5gilRUgSwQMzbI7GccIYqFvE5UwqswO5hJ+gNJDjGubbYSTsW0KNxfPtZtWIyQPjpRiv1zdeLn9mfiCIOg0oGACRGbKRmGiJY1cLeMA46ryXZlRciljl7msjXMnzHt05f5rFGrdjANJaF+xPBDd3aw\/4xHsQ72WNvdh6lG\/vRNGWC0qUd3QkD2Jk2npUuPiWWhnqho0wozAUqtgDXECXYwAs3rN1DE7gg1Rql25lpTy293u+3URI5vQm6vPIDhRclcsVxv5G2028j4jsIMVASA0wW8AIAwwryZwUaY+4y+I5igZEwVf+H0tb2NYALM\/0hvvKyelQQSv9axKjPjIPSFLGB3lxh5LCVjTxSZ41xX\/mMA2lwjaPxp0mxwmqiWmq0xjnjqsr+NB8b1G0t6SGanrywxQBilY+ZhbQbxMLwprJY+\/UVapZqRFfm+K3qiS7RbG\/QPNzmgNgvEL6E2MbTTLdMro3W3INQriHU5hlUQs3l+zGIVcRE95XN1F1og8sWrrFcJ+HLSB\/9BK13jpS2X6Min\/GVgOgIIgSTR1vFOkOFNe0NidKUAL5l5+Z4K7DOcKcKg2xJpW8fXQdsXkYi4MAcKEZSnCSZP4OL3iEPH8NtItSdb3MRuukCJwhdRYdv2eLzBPYQF+SLW8XCSA6WIKb+RD8Rok07VyRwTndjk2l36px78B\" \/> \t\t<a href=\"https:\/\/www.pdf24.org\" target=\"_blank\" title=\"www.pdf24.org\" rel=\"nofollow\"><img src=\"https:\/\/www.hohenlohe-ungefiltert.de\/wp-content\/plugins\/pdf24-post-to-pdf\/img\/pdf_32x32.png\" alt=\"\" border=\"0\" height=\"32\" \/><\/a> \t\t<span class=\"pdf24Plugin-cp-space\">&nbsp;&nbsp;<\/span> \t\t<span class=\"pdf24Plugin-cp-text\">Sende Artikel als PDF<\/span> \t\t<span class=\"pdf24Plugin-cp-space\">&nbsp;&nbsp;<\/span> \t\t<input class=\"pdf24Plugin-cp-input\" style=\"margin: 0px;\" type=\"text\" name=\"sendEmailTo\" placeholder=\"Emailadresse\" \/> \t\t<input class=\"pdf24Plugin-cp-submit\" style=\"margin: 0px;\" type=\"submit\" value=\"Senden\" \/> \t<\/form> <\/div>","protected":false},"excerpt":{"rendered":"<p>Ende des Jahres 2009 brachte der st\u00e4dtische Eigenbetrieb \u201eTouristik und Marketing\u201c einen Postkartenkalender \u201eSchw\u00e4bisch Hall 2010\u201c heraus. Als Dezembermotiv wurde der obere Teil des um 1520 entstandenen und von dem W\u00fcrzburger Vikar Kilian Kempffenagel gestifteten Dreik\u00f6nigsaltar der Haller St. Michaelskirche gew\u00e4hlt. Als \u201eWeihnachtsbotschaft\u201c findet sich auf der R\u00fcckseite der zum Versand an ausw\u00e4rtige Verwandte, Freunde [&hellip;]<\/p>\n","protected":false},"author":3,"featured_media":0,"comment_status":"open","ping_status":"open","sticky":false,"template":"","format":"standard","meta":[],"categories":[],"tags":[],"_links":{"self":[{"href":"https:\/\/www.hohenlohe-ungefiltert.de\/index.php?rest_route=\/wp\/v2\/posts\/6794"}],"collection":[{"href":"https:\/\/www.hohenlohe-ungefiltert.de\/index.php?rest_route=\/wp\/v2\/posts"}],"about":[{"href":"https:\/\/www.hohenlohe-ungefiltert.de\/index.php?rest_route=\/wp\/v2\/types\/post"}],"author":[{"embeddable":true,"href":"https:\/\/www.hohenlohe-ungefiltert.de\/index.php?rest_route=\/wp\/v2\/users\/3"}],"replies":[{"embeddable":true,"href":"https:\/\/www.hohenlohe-ungefiltert.de\/index.php?rest_route=%2Fwp%2Fv2%2Fcomments&post=6794"}],"version-history":[{"count":4,"href":"https:\/\/www.hohenlohe-ungefiltert.de\/index.php?rest_route=\/wp\/v2\/posts\/6794\/revisions"}],"predecessor-version":[{"id":6799,"href":"https:\/\/www.hohenlohe-ungefiltert.de\/index.php?rest_route=\/wp\/v2\/posts\/6794\/revisions\/6799"}],"wp:attachment":[{"href":"https:\/\/www.hohenlohe-ungefiltert.de\/index.php?rest_route=%2Fwp%2Fv2%2Fmedia&parent=6794"}],"wp:term":[{"taxonomy":"category","embeddable":true,"href":"https:\/\/www.hohenlohe-ungefiltert.de\/index.php?rest_route=%2Fwp%2Fv2%2Fcategories&post=6794"},{"taxonomy":"post_tag","embeddable":true,"href":"https:\/\/www.hohenlohe-ungefiltert.de\/index.php?rest_route=%2Fwp%2Fv2%2Ftags&post=6794"}],"curies":[{"name":"wp","href":"https:\/\/api.w.org\/{rel}","templated":true}]}}