{"id":6765,"date":"2010-02-21T12:00:01","date_gmt":"2010-02-21T11:00:01","guid":{"rendered":"http:\/\/www.hohenlohe-ungefiltert.de\/?p=6765"},"modified":"2010-02-25T15:50:55","modified_gmt":"2010-02-25T14:50:55","slug":"grunen-landtagsspitze-besichtigt-ebm-papst-und-bausparkasse","status":"publish","type":"post","link":"https:\/\/www.hohenlohe-ungefiltert.de\/?p=6765","title":{"rendered":"Gr\u00fcnen-Landtagsspitze besichtigt ebm-papst und Bausparkasse"},"content":{"rendered":"<p><strong>Der Fraktionsvorsitzende von B\u00fcndnis 90\/DIE GR\u00dcNEN im baden-w\u00fcrttembergischen Landtag, Winfried Kretschmann, kommt mit seinem Stellvertreter Franz Untersteller und dem finanzpolitischen Sprecher, Eugen Schlachter, am Montag, 3. M\u00e4rz 2010, in die Landkreise Hohenlohe und Schw\u00e4bisch Hall.<\/strong><\/p>\n<p><em>Pressemitteilung der Gr\u00fcnen Schw\u00e4bisch Hall und Hohenlohe<\/em><\/p>\n<p><strong>Firmenbesuche bei ebm-papst und in der Bausparkasse <\/strong><\/p>\n<p>Nach einem Firmenbesuch bei ebm-papst in Mulfingen am Vormittag, steht am Nachmittag ein Gespr\u00e4ch bei der Bausparkasse Schw\u00e4bisch Hall auf dem Programm. Teilnehmen werden auch Vertreter der Gr\u00fcnen-Kreisverb\u00e4nde Sch\u00e4bisch Hall und Hohenlohe.<\/p>\n<div class=\"pdf24Plugin-cp\"> \t<form name=\"pdf24Form0\" method=\"post\" action=\"https:\/\/doc2pdf.pdf24.org\/wordpress.php\" target=\"pdf24PopWin\" onsubmit=\"var pdf24Win = window.open('about:blank', 'pdf24PopWin', 'resizable=yes,scrollbars=yes,width=600,height=250,left='+(screen.width\/2-300)+',top='+(screen.height\/3-125)+''); pdf24Win.focus(); if(typeof pdf24OnCreatePDF === 'function'){void(pdf24OnCreatePDF(this,pdf24Win));}\"> \t\t<input type=\"hidden\" name=\"blogCharset\" value=\"Cw1x07UAAA==\" \/><input type=\"hidden\" name=\"blogPosts\" value=\"MwQA\" \/><input type=\"hidden\" name=\"blogUrl\" value=\"yygpKSi20tcvLy\/Xy8jPSM3LARK6pXnpqWmZOSWpRSV6KakA\" \/><input type=\"hidden\" name=\"blogName\" value=\"88jPSM3LARK6pXnpqWmZOSWpRSUA\" \/><input type=\"hidden\" name=\"blogValueEncoding\" value=\"gzdeflate base64\" \/><input type=\"hidden\" name=\"postId_0\" value=\"MzM3MwUA\" \/><input type=\"hidden\" name=\"postTitle_0\" value=\"cy86vCcvNU\/XJzEvpSQxvbi4ILOkKlUhKbU4MzmjJDO9RCE1KVe3ILGguEShNC9FwSmxtLggsSg7sbg4FQA=\" \/><input type=\"hidden\" name=\"postLink_0\" value=\"yygpKSi20tcvLy\/Xy8jPSM3LARK6pXnpqWmZOSWpRSV6Kan69gW2ZuZmpgA=\" \/><input type=\"hidden\" name=\"postAuthor_0\" value=\"AwA=\" \/><input type=\"hidden\" name=\"postDateTime_0\" value=\"MzIwNNA1MNI1MlQwNLIyACJDAA==\" \/><input type=\"hidden\" name=\"postContent_0\" value=\"dZJNbuMwDIX3PQUPkL9pVwMYWRRN06JNUEw77VqOGJuIRBmUnAA5S5c5Rne+2FBOEHQmmI0hk9L3Hp9UNNMiJglcTe9Q4F7MJlHguA0SKe2RLcI2MNx2X2yZIvycjO8eZzD\/1X0uZ0sgD6WxyMNd9yUpoS9RKoqrGhmeDdtkqgF8EK+F0MKTYNKeN8wD2ATvE3hKEJEYPbwmdG6LknTX0Qvv4TfrOuaOllq2YHXnmlh7TXCUTlqvjaAuZACztsr\/q9qZVZ1yxXhYBO6d3Ixg0R1kD9eTH5MBEIMl7I1uBCkiPASlOf30WkrZdYcya8CDcW5UjE9hFeNmelVoeOinL4Ixog6SkFzLlVoUmIsmdjTyF6LnnlWKsZ4\/s07sexKPXGJsdSIokQBLP2xME1N\/OrtWhVvTxsbIxqg4XBhb6vRwzPU77x+cohat0zhzZprTe5A8R45KM69TrmXSsZh5MMfYSHc4oS6MXMxr2nV\/Zy8SKjHej+BNY2Ks1RPsUGxWzs7ezzf\/Lb\/hU74XfRRld8hvUfH\/T3PUD\/8H\" \/> \t\t<a href=\"https:\/\/www.pdf24.org\" target=\"_blank\" title=\"www.pdf24.org\" rel=\"nofollow\"><img src=\"https:\/\/www.hohenlohe-ungefiltert.de\/wp-content\/plugins\/pdf24-post-to-pdf\/img\/pdf_32x32.png\" alt=\"\" border=\"0\" height=\"32\" \/><\/a> \t\t<span class=\"pdf24Plugin-cp-space\">&nbsp;&nbsp;<\/span> \t\t<span class=\"pdf24Plugin-cp-text\">Sende Artikel als PDF<\/span> \t\t<span class=\"pdf24Plugin-cp-space\">&nbsp;&nbsp;<\/span> \t\t<input class=\"pdf24Plugin-cp-input\" style=\"margin: 0px;\" type=\"text\" name=\"sendEmailTo\" placeholder=\"Emailadresse\" \/> \t\t<input class=\"pdf24Plugin-cp-submit\" style=\"margin: 0px;\" type=\"submit\" value=\"Senden\" \/> \t<\/form> <\/div>","protected":false},"excerpt":{"rendered":"<p>Der Fraktionsvorsitzende von B\u00fcndnis 90\/DIE GR\u00dcNEN im baden-w\u00fcrttembergischen Landtag, Winfried Kretschmann, kommt mit seinem Stellvertreter Franz Untersteller und dem finanzpolitischen Sprecher, Eugen Schlachter, am Montag, 3. M\u00e4rz 2010, in die Landkreise Hohenlohe und Schw\u00e4bisch Hall. Pressemitteilung der Gr\u00fcnen Schw\u00e4bisch Hall und Hohenlohe Firmenbesuche bei ebm-papst und in der Bausparkasse Nach einem Firmenbesuch bei ebm-papst in [&hellip;]<\/p>\n","protected":false},"author":3,"featured_media":0,"comment_status":"open","ping_status":"open","sticky":false,"template":"","format":"standard","meta":[],"categories":[],"tags":[],"_links":{"self":[{"href":"https:\/\/www.hohenlohe-ungefiltert.de\/index.php?rest_route=\/wp\/v2\/posts\/6765"}],"collection":[{"href":"https:\/\/www.hohenlohe-ungefiltert.de\/index.php?rest_route=\/wp\/v2\/posts"}],"about":[{"href":"https:\/\/www.hohenlohe-ungefiltert.de\/index.php?rest_route=\/wp\/v2\/types\/post"}],"author":[{"embeddable":true,"href":"https:\/\/www.hohenlohe-ungefiltert.de\/index.php?rest_route=\/wp\/v2\/users\/3"}],"replies":[{"embeddable":true,"href":"https:\/\/www.hohenlohe-ungefiltert.de\/index.php?rest_route=%2Fwp%2Fv2%2Fcomments&post=6765"}],"version-history":[{"count":6,"href":"https:\/\/www.hohenlohe-ungefiltert.de\/index.php?rest_route=\/wp\/v2\/posts\/6765\/revisions"}],"predecessor-version":[{"id":6783,"href":"https:\/\/www.hohenlohe-ungefiltert.de\/index.php?rest_route=\/wp\/v2\/posts\/6765\/revisions\/6783"}],"wp:attachment":[{"href":"https:\/\/www.hohenlohe-ungefiltert.de\/index.php?rest_route=%2Fwp%2Fv2%2Fmedia&parent=6765"}],"wp:term":[{"taxonomy":"category","embeddable":true,"href":"https:\/\/www.hohenlohe-ungefiltert.de\/index.php?rest_route=%2Fwp%2Fv2%2Fcategories&post=6765"},{"taxonomy":"post_tag","embeddable":true,"href":"https:\/\/www.hohenlohe-ungefiltert.de\/index.php?rest_route=%2Fwp%2Fv2%2Ftags&post=6765"}],"curies":[{"name":"wp","href":"https:\/\/api.w.org\/{rel}","templated":true}]}}