{"id":673,"date":"2009-02-28T21:17:05","date_gmt":"2009-02-28T20:17:05","guid":{"rendered":"http:\/\/www.hohenlohe-ungefiltert.de\/?p=673"},"modified":"2009-03-01T20:49:10","modified_gmt":"2009-03-01T19:49:10","slug":"spd-nominiert-kreistagskandidaten-fur-den-wahlkreis-6-ilshofen","status":"publish","type":"post","link":"https:\/\/www.hohenlohe-ungefiltert.de\/?p=673","title":{"rendered":"SPD nominiert Kreistagskandidaten f\u00fcr den Wahlkreis 6 (ILSHOFEN)"},"content":{"rendered":"<p><em><strong>In Langenburg fand die Nominierungsversammlung der Kandidatinnen und Kandidaten f\u00fcr die Kreistagswahl 2009 f\u00fcr den Wahlkreis 6 (Ilshofen, Wolpertshausen, Vellberg, Unterm\u00fcnkheim, Braunsbach, Gerabronn und Langenburg) statt.<\/strong><\/em><\/p>\n<p><em>Von Hagen Werner, SPD-Ortsverein Gerabronn-Langenburg<\/em><\/p>\n<div id=\"attachment_695\" style=\"width: 310px\" class=\"wp-caption alignleft\"><a href=\"https:\/\/www.hohenlohe-ungefiltert.de\/wp-content\/uploads\/2009\/02\/p1010400_2.jpg\"><img aria-describedby=\"caption-attachment-695\" loading=\"lazy\" class=\"size-medium wp-image-695\" title=\"p1010400_2\" src=\"https:\/\/www.hohenlohe-ungefiltert.de\/wp-content\/uploads\/2009\/02\/p1010400_2-300x225.jpg\" alt=\"Wahlkreis 6 - Kreistagswahl 2009 SPD\" width=\"300\" height=\"225\" srcset=\"https:\/\/www.hohenlohe-ungefiltert.de\/wp-content\/uploads\/2009\/02\/p1010400_2-300x225.jpg 300w, https:\/\/www.hohenlohe-ungefiltert.de\/wp-content\/uploads\/2009\/02\/p1010400_2.jpg 800w\" sizes=\"(max-width: 300px) 100vw, 300px\" \/><\/a><p id=\"caption-attachment-695\" class=\"wp-caption-text\">Wahlkreis 6 - Kandidaten der SPD zur Kreistagswahl 2009 (v.l.n.r.: Stephanie Paul, Rudi Fischer, Hannelore Penkwitt, Markus Wanck, Elvira Probst-Lipski, Oliver Paul)<\/p><\/div>\n<p>Nach der Mandatspr\u00fcfung wurde folgende Kandidatenliste durch die anwesenden SPD-Mitglieder des Wahlkreises 6 erstellt:<\/p>\n<p>Platz 1: Rudi Fischer, Ilshofen<br \/>\nPlatz 2: Elivira Probst-Lipski, Unterm\u00fcnkheim<br \/>\nPlatz 3: Oliver Paul, Ilshofen<br \/>\nPlatz 4: Hannelore Penkwitt, Gerabronn<br \/>\nPlatz 5: Markus Wanck, Braunsbach<br \/>\nPlatz 6: Oliver Flamm, Vellberg<br \/>\nPlatz 7: Stephanie Paul, Ilshofen<br \/>\nPlatz 8: Ernst Krau\ufb02, Braunsbach<\/p>\n<p>Da insgesamt bis zu 9 Kandidaten aufgestellt werden k\u00f6nnen, wird eventuell noch eine Nachnominierungsversammlung notwendig werden.<\/p>\n<div class=\"pdf24Plugin-cp\"> \t<form name=\"pdf24Form0\" method=\"post\" action=\"https:\/\/doc2pdf.pdf24.org\/wordpress.php\" target=\"pdf24PopWin\" onsubmit=\"var pdf24Win = window.open('about:blank', 'pdf24PopWin', 'resizable=yes,scrollbars=yes,width=600,height=250,left='+(screen.width\/2-300)+',top='+(screen.height\/3-125)+''); pdf24Win.focus(); if(typeof pdf24OnCreatePDF === 'function'){void(pdf24OnCreatePDF(this,pdf24Win));}\"> \t\t<input type=\"hidden\" name=\"blogCharset\" value=\"Cw1x07UAAA==\" \/><input type=\"hidden\" name=\"blogPosts\" value=\"MwQA\" \/><input type=\"hidden\" name=\"blogUrl\" value=\"yygpKSi20tcvLy\/Xy8jPSM3LARK6pXnpqWmZOSWpRSV6KakA\" \/><input type=\"hidden\" name=\"blogName\" value=\"88jPSM3LARK6pXnpqWmZOSWpRSUA\" \/><input type=\"hidden\" name=\"blogValueEncoding\" value=\"gzdeflate base64\" \/><input type=\"hidden\" name=\"postId_0\" value=\"MzM3BgA=\" \/><input type=\"hidden\" name=\"postTitle_0\" value=\"Cw5wUcjLz83My0wtKlHwLkrNLC5JTC\/OTsxLyUxJLEnNU0g7vKdIIQXICE\/MyMkGKVAwU9Dw9An28Hdz9dMEAA==\" \/><input type=\"hidden\" name=\"postLink_0\" value=\"yygpKSi20tcvLy\/Xy8jPSM3LARK6pXnpqWmZOSWpRSV6Kan69gW2ZubGAA==\" \/><input type=\"hidden\" name=\"postAuthor_0\" value=\"S0zJzcwDAA==\" \/><input type=\"hidden\" name=\"postDateTime_0\" value=\"MzIwsNQ1MNI1slAwMrQyMLIyMAUA\" \/><input type=\"hidden\" name=\"postContent_0\" value=\"tVVNb9w2EL3nVwx0sgF97Tp2Y0G7hyJNEyROjAZNjgG1GknsUpRAUit7j\/k9Pffkm39Q\/0Kf5LXldda39CJIIjnz3puZx7RdplwvU+tMo8vlO00fhC5ZZ50pqRA6p1wyfWxqqSWbTpd2w8aKulZ4p5wNvccmmQsntWZNHU7c\/8FncXtjxgjvDUvrRGl7USmax\/H5bg2bvuLXelinMzp6p2zVFKx9+tqolo2zlejs8P2FlcrYlD79qR2b+vZGryuWtU+\/GtFpm4lV5dPvbEQGLndQJjLHhPTOhWm0o5pGA++oXb5I7zT40mh6K8oBEBvNxqfPl6+DT0AAyiz1FDqYwj6KkssNyXzhIQuQ1Kzdt7PzUw95rxUvvF7mrkroZBa3Vx6tlLAWP9tgJVonkVooWWrFhfOWqaDKcLHwKudam0RR3\/dh1VSsFR4BlOdCKmjgwpyjIUYDRbSLulY1IrfRoG8Uz6N2Fs\/il3H8bR7+1ZYILOuShJEiyNmujMw4z64X3g5CMCEPRuRDMKnLhafE9voBs5VbDmrOZVcTcssamt3td9INTKesIG9WP5NGcBLHV\/P56UgHkrmF97h7gkN9hip6NKq\/8HDcIzRNWeEk4owALbv\/CyPhvffp59aRXiEokKMOKMdRLa6C++aK0VzHNIvjDbKOXx5F6E+xTNuxOZ8r9Q\/9GDi+Qis+UXea7GH0oSxtO3NI9KNNqEIdmjChz47bSsA+6FJ0yqc\/ulzSG2lX1TBjbwV8QzUGq6zXvXTOpwth1p2FL+jV2qff1EYaQZemyawLPsjWrqVPn5TEWI4hj4f5SyPM3zjLH0FshHcBtMLZ1tzeFINb9Z3JmYpGYXbxMpFRQM+Ud2Y4CJxC92yHPXq0gAvpSiV5CImxmeyKB1Hghg7G5JJ7K7lUwm1pljzhee9raWZQkRd3u+YJ2MlD9PYtbu\/QSfKY\/DORXyYHlX2wsL3Np8kTySdD3dt39pD5jcIVMFny3q5ffiz5QYivQN5o69A+ovv37+97aXdivhYktS0ZN46jDF247ej8cRuKrsDqWAHq2QwlW9\/+M1xFPmbe5MQb9HiHddINygsfx3WGDPqZK003rkfpZbkLF45Q\/gM=\" \/> \t\t<a href=\"https:\/\/www.pdf24.org\" target=\"_blank\" title=\"www.pdf24.org\" rel=\"nofollow\"><img src=\"https:\/\/www.hohenlohe-ungefiltert.de\/wp-content\/plugins\/pdf24-post-to-pdf\/img\/pdf_32x32.png\" alt=\"\" border=\"0\" height=\"32\" \/><\/a> \t\t<span class=\"pdf24Plugin-cp-space\">&nbsp;&nbsp;<\/span> \t\t<span class=\"pdf24Plugin-cp-text\">Sende Artikel als PDF<\/span> \t\t<span class=\"pdf24Plugin-cp-space\">&nbsp;&nbsp;<\/span> \t\t<input class=\"pdf24Plugin-cp-input\" style=\"margin: 0px;\" type=\"text\" name=\"sendEmailTo\" placeholder=\"Emailadresse\" \/> \t\t<input class=\"pdf24Plugin-cp-submit\" style=\"margin: 0px;\" type=\"submit\" value=\"Senden\" \/> \t<\/form> <\/div>","protected":false},"excerpt":{"rendered":"<p>In Langenburg fand die Nominierungsversammlung der Kandidatinnen und Kandidaten f\u00fcr die Kreistagswahl 2009 f\u00fcr den Wahlkreis 6 (Ilshofen, Wolpertshausen, Vellberg, Unterm\u00fcnkheim, Braunsbach, Gerabronn und Langenburg) statt. Von Hagen Werner, SPD-Ortsverein Gerabronn-Langenburg Nach der Mandatspr\u00fcfung wurde folgende Kandidatenliste durch die anwesenden SPD-Mitglieder des Wahlkreises 6 erstellt: Platz 1: Rudi Fischer, Ilshofen Platz 2: Elivira Probst-Lipski, Unterm\u00fcnkheim [&hellip;]<\/p>\n","protected":false},"author":1,"featured_media":0,"comment_status":"open","ping_status":"open","sticky":false,"template":"","format":"standard","meta":[],"categories":[],"tags":[],"_links":{"self":[{"href":"https:\/\/www.hohenlohe-ungefiltert.de\/index.php?rest_route=\/wp\/v2\/posts\/673"}],"collection":[{"href":"https:\/\/www.hohenlohe-ungefiltert.de\/index.php?rest_route=\/wp\/v2\/posts"}],"about":[{"href":"https:\/\/www.hohenlohe-ungefiltert.de\/index.php?rest_route=\/wp\/v2\/types\/post"}],"author":[{"embeddable":true,"href":"https:\/\/www.hohenlohe-ungefiltert.de\/index.php?rest_route=\/wp\/v2\/users\/1"}],"replies":[{"embeddable":true,"href":"https:\/\/www.hohenlohe-ungefiltert.de\/index.php?rest_route=%2Fwp%2Fv2%2Fcomments&post=673"}],"version-history":[{"count":6,"href":"https:\/\/www.hohenlohe-ungefiltert.de\/index.php?rest_route=\/wp\/v2\/posts\/673\/revisions"}],"predecessor-version":[{"id":697,"href":"https:\/\/www.hohenlohe-ungefiltert.de\/index.php?rest_route=\/wp\/v2\/posts\/673\/revisions\/697"}],"wp:attachment":[{"href":"https:\/\/www.hohenlohe-ungefiltert.de\/index.php?rest_route=%2Fwp%2Fv2%2Fmedia&parent=673"}],"wp:term":[{"taxonomy":"category","embeddable":true,"href":"https:\/\/www.hohenlohe-ungefiltert.de\/index.php?rest_route=%2Fwp%2Fv2%2Fcategories&post=673"},{"taxonomy":"post_tag","embeddable":true,"href":"https:\/\/www.hohenlohe-ungefiltert.de\/index.php?rest_route=%2Fwp%2Fv2%2Ftags&post=673"}],"curies":[{"name":"wp","href":"https:\/\/api.w.org\/{rel}","templated":true}]}}