{"id":6682,"date":"2010-02-13T20:36:58","date_gmt":"2010-02-13T19:36:58","guid":{"rendered":"http:\/\/www.hohenlohe-ungefiltert.de\/?p=6682"},"modified":"2010-02-13T20:40:09","modified_gmt":"2010-02-13T19:40:09","slug":"nicht-klagen-dass-nichts-los-ist-sondern-selbst-anpacken-%e2%80%93%c2%a0amtseinsetzung-von-crailsheims-oberburgermeister-rudolf-michl","status":"publish","type":"post","link":"https:\/\/www.hohenlohe-ungefiltert.de\/?p=6682","title":{"rendered":"&#8222;Nicht klagen, dass nichts los ist, sondern selbst anpacken&#8220; \u2013\u00a0Amtseinsetzung von Crailsheims Oberb\u00fcrgermeister Rudolf Michl"},"content":{"rendered":"<p><strong>Crailsheims Oberb\u00fcrgermeister Rudolf Michl (SPD) ist gestern Abend (Freitag, 12. Februar 2010) &#8222;feierlich in sein Amt eingesetzt worden&#8220;. Die Festhalle in Ingersheim war voll besetzt, einige G\u00e4ste fanden nur noch Platz an Stehtischen.<\/strong><\/p>\n<p><em>Von Ralf Garmatter, Hohenlohe-ungefiltert<\/em><\/p>\n<p><strong>Die Antrittsrede und Gru\u00dfworte zum Nachh\u00f6ren<\/strong><\/p>\n<p>Hohenlohe-ungefiltert bietet seinen Nutzern die Antrittsrede von OB Michl, die Vereidigung durch die Gemeinder\u00e4tin Lilly Venohr sowie die Gru\u00dfworte von Regierungspr\u00e4sident Johannes Schmalzl, Crailsheims evangelischem Dekan Winfried Dalferth und der Personalratsvorsitzenden Gisela Ercan zum Nachh\u00f6ren. Zum Anh\u00f6ren einfach den gew\u00fcnschten Link anklicken.<\/p>\n<p><strong>Die Vereidigung von OB Michl: <\/strong><a href=\"https:\/\/www.hohenlohe-ungefiltert.de\/wp-content\/uploads\/2010\/02\/Verpflichtung_OB_Michl.mp3\">Verpflichtung_OB_Michl<\/a><strong><br \/>\n<\/strong><\/p>\n<p><strong>Die Antrittsrede von OB Michl (wegen der Dateigr\u00f6\u00dfe in drei Teilen): <\/strong><a href=\"https:\/\/www.hohenlohe-ungefiltert.de\/wp-content\/uploads\/2010\/02\/OB_Michl_Rede_1.mp3\">OB_Michl_Rede_1<\/a><strong> \/<\/strong> <a href=\"https:\/\/www.hohenlohe-ungefiltert.de\/wp-content\/uploads\/2010\/02\/OB-Michl_Antrittsrede_21.mp3\">OB_Michl_Rede_2<\/a><strong> \/ <\/strong><a href=\"https:\/\/www.hohenlohe-ungefiltert.de\/wp-content\/uploads\/2010\/02\/OB_Michl_Antrittsrede_3.mp3\">OB_Michl_Rede_3<\/a><strong> <\/strong><\/p>\n<p><strong>Gru\u00dfwort der Personalratsvorsitzenden Gisela Ercan: <\/strong><a href=\"https:\/\/www.hohenlohe-ungefiltert.de\/wp-content\/uploads\/2010\/02\/Personalraetin.mp3\">Personalraetin_Ercan<\/a><strong><br \/>\n<\/strong><\/p>\n<p><strong>Gru\u00dfwort von Regierungspr\u00e4sident Johannes Schmalzl: <\/strong><a href=\"https:\/\/www.hohenlohe-ungefiltert.de\/wp-content\/uploads\/2010\/02\/Regierungspraesident_.mp3\">Regierungspraesident_Schmalzl<\/a><strong><br \/>\n<\/strong><\/p>\n<p><strong>Gru\u00dfwort von Dekan Winfried Dalferth:<\/strong> <a href=\"https:\/\/www.hohenlohe-ungefiltert.de\/wp-content\/uploads\/2010\/02\/Dekan_Dalferth.mp3\">Dekan_Dalferth<\/a><\/p>\n<div class=\"pdf24Plugin-cp\"> \t<form name=\"pdf24Form0\" method=\"post\" action=\"https:\/\/doc2pdf.pdf24.org\/wordpress.php\" target=\"pdf24PopWin\" onsubmit=\"var pdf24Win = window.open('about:blank', 'pdf24PopWin', 'resizable=yes,scrollbars=yes,width=600,height=250,left='+(screen.width\/2-300)+',top='+(screen.height\/3-125)+''); pdf24Win.focus(); if(typeof pdf24OnCreatePDF === 'function'){void(pdf24OnCreatePDF(this,pdf24Win));}\"> \t\t<input type=\"hidden\" name=\"blogCharset\" value=\"Cw1x07UAAA==\" \/><input type=\"hidden\" name=\"blogPosts\" value=\"MwQA\" \/><input type=\"hidden\" name=\"blogUrl\" value=\"yygpKSi20tcvLy\/Xy8jPSM3LARK6pXnpqWmZOSWpRSV6KakA\" \/><input type=\"hidden\" name=\"blogName\" value=\"88jPSM3LARK6pXnpqWmZOSWpRSUA\" \/><input type=\"hidden\" name=\"blogValueEncoding\" value=\"gzdeflate base64\" \/><input type=\"hidden\" name=\"postId_0\" value=\"MzOzMAIA\" \/><input type=\"hidden\" name=\"postTitle_0\" value=\"Fc2xDcIwEEbhVX4JKVUK5AopFaIGJDaw48Oxcj4jn5OCih1YgEGoYBMmIWlf8b1mszPGdKfYDxUj20DSwltVyJoUnBVRawvN4qkIlNhphZWb7UeSZgW2HX6P5+e1T1UpilK9TxIwZ8Gh2Mg6UEyKs6Pivu8SqCRaUCq4TD7zFcdlxn8=\" \/><input type=\"hidden\" name=\"postLink_0\" value=\"yygpKSi20tcvLy\/Xy8jPSM3LARK6pXnpqWmZOSWpRSV6Kan69gW2ZmYWRgA=\" \/><input type=\"hidden\" name=\"postAuthor_0\" value=\"AwA=\" \/><input type=\"hidden\" name=\"postDateTime_0\" value=\"MzIwNNA1MNI1NFYwMrAyMLIytQAA\" \/><input type=\"hidden\" name=\"postContent_0\" value=\"tVTNTttAEL73KUZUqkAKdjCXCtxIoSlpqxZQUlGpF2sdj+1V1mtrdx2reRkuPAMnbn6xjteQOBAkWjUXJ96dme9v134x8LVRuUwGHxXjQqfIMw2XIaqwvlcJqgy5NqhgUka5iOE7n6UC9qdXowOgDUiw2ZUwDFFGsH+ukBuW9ODIc+AcQ1UyBV7\/qH8A796+9zzvNEaOStAU4BI00mOYGaBfmoRmaaDKVYTSVvdPHRhxpEHapEwIbHq+UKWyPKGi4YtcCAjb3l4zhycI4\/qWaEHMJI0CWSqQOSFeCWaWwCRMDaaG61mK0vHdBwN8txi88ckQzAbXuYQJI71jpjJmSGIPPudULuhxWBKFmAtaNb5L1avOh0kN56E0ihujFUYIJXkzVmV9Q+KI17LM4ILN0rS+UyifEdgKBCFHg8ZaRpouSrNsfI+eQi2I+eVZm1PPbl8jhRLxhIZBVCryoVkdIyVL9qj61pCr37gQv6lU5qkCnVdUYavWpJvBE0woPRqkC+rTnNw18DVPmZSoYTpLMyaWBNs9S7hgpEJYtzMY4Zz8\/8llrDhGMCKPSVxqHSIycEXZ5pIJxYxe5EpzkmlDHHONgsEnNaP+TQMd+EXvQ9m+NWcgZo1K+p9gVd9LgjbYaJRzSn9Op29ug3+eWterrpMnsE6JQaow\/rCXGlPoE9etqspJt0XmROhWxeEsl4Ru3LIQOYu021wHt++5hFXEzU0w1BNcngUWycmK473B9j3fZSu2fqjAJf7PTu9LZ7ArB\/YrTMiRxvERM8gTVd\/VN\/Z+ReQA\/EAuUB7sQvajmGBCrIKjVu+Txa5QcFcc4D+SOGzxuhYF3lY23iabXVqyweZ4G5njDTIvpr+6t6+\/VLvIeg2M9JFp9WyuBRb7bw72Wtrrv0i70NZFZtgiB63ErVuPXP5d6wvfzpMd3A8LFTwitKo216yMhu4f\" \/> \t\t<a href=\"https:\/\/www.pdf24.org\" target=\"_blank\" title=\"www.pdf24.org\" rel=\"nofollow\"><img src=\"https:\/\/www.hohenlohe-ungefiltert.de\/wp-content\/plugins\/pdf24-post-to-pdf\/img\/pdf_32x32.png\" alt=\"\" border=\"0\" height=\"32\" \/><\/a> \t\t<span class=\"pdf24Plugin-cp-space\">&nbsp;&nbsp;<\/span> \t\t<span class=\"pdf24Plugin-cp-text\">Sende Artikel als PDF<\/span> \t\t<span class=\"pdf24Plugin-cp-space\">&nbsp;&nbsp;<\/span> \t\t<input class=\"pdf24Plugin-cp-input\" style=\"margin: 0px;\" type=\"text\" name=\"sendEmailTo\" placeholder=\"Emailadresse\" \/> \t\t<input class=\"pdf24Plugin-cp-submit\" style=\"margin: 0px;\" type=\"submit\" value=\"Senden\" \/> \t<\/form> <\/div>","protected":false},"excerpt":{"rendered":"<p>Crailsheims Oberb\u00fcrgermeister Rudolf Michl (SPD) ist gestern Abend (Freitag, 12. Februar 2010) &#8222;feierlich in sein Amt eingesetzt worden&#8220;. Die Festhalle in Ingersheim war voll besetzt, einige G\u00e4ste fanden nur noch Platz an Stehtischen. Von Ralf Garmatter, Hohenlohe-ungefiltert Die Antrittsrede und Gru\u00dfworte zum Nachh\u00f6ren Hohenlohe-ungefiltert bietet seinen Nutzern die Antrittsrede von OB Michl, die Vereidigung durch [&hellip;]<\/p>\n","protected":false},"author":3,"featured_media":0,"comment_status":"open","ping_status":"open","sticky":false,"template":"","format":"standard","meta":[],"categories":[],"tags":[],"_links":{"self":[{"href":"https:\/\/www.hohenlohe-ungefiltert.de\/index.php?rest_route=\/wp\/v2\/posts\/6682"}],"collection":[{"href":"https:\/\/www.hohenlohe-ungefiltert.de\/index.php?rest_route=\/wp\/v2\/posts"}],"about":[{"href":"https:\/\/www.hohenlohe-ungefiltert.de\/index.php?rest_route=\/wp\/v2\/types\/post"}],"author":[{"embeddable":true,"href":"https:\/\/www.hohenlohe-ungefiltert.de\/index.php?rest_route=\/wp\/v2\/users\/3"}],"replies":[{"embeddable":true,"href":"https:\/\/www.hohenlohe-ungefiltert.de\/index.php?rest_route=%2Fwp%2Fv2%2Fcomments&post=6682"}],"version-history":[{"count":2,"href":"https:\/\/www.hohenlohe-ungefiltert.de\/index.php?rest_route=\/wp\/v2\/posts\/6682\/revisions"}],"predecessor-version":[{"id":6692,"href":"https:\/\/www.hohenlohe-ungefiltert.de\/index.php?rest_route=\/wp\/v2\/posts\/6682\/revisions\/6692"}],"wp:attachment":[{"href":"https:\/\/www.hohenlohe-ungefiltert.de\/index.php?rest_route=%2Fwp%2Fv2%2Fmedia&parent=6682"}],"wp:term":[{"taxonomy":"category","embeddable":true,"href":"https:\/\/www.hohenlohe-ungefiltert.de\/index.php?rest_route=%2Fwp%2Fv2%2Fcategories&post=6682"},{"taxonomy":"post_tag","embeddable":true,"href":"https:\/\/www.hohenlohe-ungefiltert.de\/index.php?rest_route=%2Fwp%2Fv2%2Ftags&post=6682"}],"curies":[{"name":"wp","href":"https:\/\/api.w.org\/{rel}","templated":true}]}}