{"id":6675,"date":"2010-02-13T10:19:31","date_gmt":"2010-02-13T09:19:31","guid":{"rendered":"http:\/\/www.hohenlohe-ungefiltert.de\/?p=6675"},"modified":"2010-02-13T10:25:05","modified_gmt":"2010-02-13T09:25:05","slug":"%e2%80%9eden-sozialstaat-gerecht-gestalten-dgb-jahresempfang-2010-fur-nordwurttemberg","status":"publish","type":"post","link":"https:\/\/www.hohenlohe-ungefiltert.de\/?p=6675","title":{"rendered":"\u201eDen Sozialstaat gerecht gestalten&#8220; &#8211; DGB-Jahresempfang 2010 f\u00fcr Nordw\u00fcrttemberg"},"content":{"rendered":"<p><strong>Etwa 300 Pers\u00f6nlichkeiten des \u00f6ffentlichen Lebens sowie Betriebs- und Personalr\u00e4te werden am Mittwoch, 17. Februar 2010, zum diesj\u00e4hrigen regionalen Jahresempfang der DGB-Region Nordw\u00fcrttemberg f\u00fcr die Region Heilbronn-Franken im Veranstaltungsraum \u201eM-LOG\u201c der Aufbaugilde Heilbronn zum Meinungsaustausch zusammenkommen.<\/strong><\/p>\n<p><em>Von der DGB-Region Nordw\u00fcrttemberg, B\u00fcro Heilbronn<\/em><\/p>\n<p><strong>Impulse und M\u00f6glichkeiten in Zeiten der Wirtschaftskrise<\/strong><\/p>\n<p>Rednerin ist Annelie Buntenbach, gesch\u00e4ftsf\u00fchrendes DGB-Bundesvorstandsmitglied, Berlin, die zum Thema: \u201eDen Sozialstaat gerecht gestalten &#8211; Impulse und M\u00f6glichkeiten in Zeiten der Wirtschaftskrise\u201c sprechen wird. Neben den \u00b4regionalen Spitzen` in der Begr\u00fc\u00dfung durch den DGB-Regionsvorsitzenden Bernhard L\u00f6ffler wird das Duo Mixtour \u201eJazz\u00b4n Jokes\u201c \u2013 Stra\u00dfenmusik und mehr \u2013 den kulturellen Rahmen bieten. Neben dem Programm steht der Meinungsaustausch sehr unterschiedlicher Menschen im Mittelpunkt des Jahresempfangs.<\/p>\n<p><strong>Weiterer Veranstaltungshinweis:<\/strong><\/p>\n<p><strong>8. M\u00e4rz &#8211; Internationaler Frauentag<\/strong><br \/>\nFrauen &#8211; Kabarett in Heilbronn mit &#8222;Konduettina&#8220;<br \/>\nMontag, 8. M\u00e4rz, ab 18.30 Uhr<br \/>\nim Saal des Gewerkschaftshauses Heilbronn<\/p>\n<p><strong>Weitere Informationen:<\/strong><\/p>\n<p>DGB Region Nordw\u00fcrttemberg<br \/>\nB\u00fcro Heilbronn<br \/>\nGartenstra\u00dfe 64<br \/>\n74072 Heilbronn<br \/>\nTel. 07131 \/ 88880 &#8211; 10<br \/>\nInternet: <a href=\"http:\/\/www.nordwuerttemberg.dgb.de\" target=\"_blank\">www.nordwuerttemberg.dgb.de<\/a><\/p>\n<div class=\"pdf24Plugin-cp\"> \t<form name=\"pdf24Form0\" method=\"post\" action=\"https:\/\/doc2pdf.pdf24.org\/wordpress.php\" target=\"pdf24PopWin\" onsubmit=\"var pdf24Win = window.open('about:blank', 'pdf24PopWin', 'resizable=yes,scrollbars=yes,width=600,height=250,left='+(screen.width\/2-300)+',top='+(screen.height\/3-125)+''); pdf24Win.focus(); if(typeof pdf24OnCreatePDF === 'function'){void(pdf24OnCreatePDF(this,pdf24Win));}\"> \t\t<input type=\"hidden\" name=\"blogCharset\" value=\"Cw1x07UAAA==\" \/><input type=\"hidden\" name=\"blogPosts\" value=\"MwQA\" \/><input type=\"hidden\" name=\"blogUrl\" value=\"yygpKSi20tcvLy\/Xy8jPSM3LARK6pXnpqWmZOSWpRSV6KakA\" \/><input type=\"hidden\" name=\"blogName\" value=\"88jPSM3LARK6pXnpqWmZOSWpRSUA\" \/><input type=\"hidden\" name=\"blogValueEncoding\" value=\"gzdeflate base64\" \/><input type=\"hidden\" name=\"postId_0\" value=\"MzMzNwUA\" \/><input type=\"hidden\" name=\"postTitle_0\" value=\"e9QwzyU1TyE4vyozMae4JDGxRCE9tSg1OQNEA\/k5Jal5asoWRkYG1gog2tDQWsHF3UnXKzGjKLU4NbcgLTEvXcHIwNBAIe3wniIFv\/yilHIgo6QkNTcptSgdAA==\" \/><input type=\"hidden\" name=\"postLink_0\" value=\"yygpKSi20tcvLy\/Xy8jPSM3LARK6pXnpqWmZOSWpRSV6Kan69gW2ZmbmpgA=\" \/><input type=\"hidden\" name=\"postAuthor_0\" value=\"AwA=\" \/><input type=\"hidden\" name=\"postDateTime_0\" value=\"MzIwNNA1MNI1NFYwNLAyMLIyNgQA\" \/><input type=\"hidden\" name=\"postContent_0\" value=\"nVTBbtRIEL3zFaUgcZp4PBNEomQYiQjIQjIsSliQ9rK04xq713b3qLobr+aUf9jrCi75BJQTJ\/wn+ZKt6jGZwOyCRA4Tu1z1uuq9Vz1ZTCfOkzXF9IlvFeykKbxEct2VqfV5WaH2aCBHB93VfI7GS5QjJ5ihceBsqxEO0ZPGzG1DMHkst0bV1F16hBYp53zVwEx739rzcgCj3QSeYkZBEYzTUTqAZWgg1+j+7C5L0gUXEBZaUPjxuSoJHTaLuTIF90Lw+Ohw+zQmwAtLedt9Iu+xyZAKmPOLYEGf8AvqOuMBzfZTUqZiPN3Aa+Rn51XtgykcKT7++uL9bPvk16Pri3\/iGY\/CPFOh0HWOa4zY6Ay1kTIVGCG485KjTjUNmsrKbzIZ9pROhovpnQlTjM30tTU\/6n0Ah\/xm18dNhlx4A9KDPmsWoXYYuZ51V8UtnbSB378oRvBGk+fu1Ny7irTDjbZOMTdIXKSdh0fGYC1iBsMAmRKhCuT67pIBmFUWwYgRZABO4sd3lpgBk7tGe24Dcx4AqdZmEAUQrl6V2Kh9Ifcxd3Vml1rVXKM8YxOel\/I\/6sBf793dG49GB\/DTA4p0biGwnNBqyhN4IT4FceDnj7csdbbQfonmrQAK0iEW1H3qPgQxWCCWVErWUsVRY4nEeUhTKsrhRJai5no5DHLF5ATLRv\/L20Ay9HO1XH7+yBa2FTpp7\/ribzjzpLoPaJrgdBWnbLCk+EnQq8CuJKylz1NVsqEg08gzr6dp4CXZgthz4DwyiTLDpi2dwIqcxG8sT9xdSTQuUqRXS4n1IpjKxy3\/atdc8q333gj5xBhfL1CpTYva7W8av3\/fS1jJS1quNZaujPIrQQh4NwPfLqpYQ2QEw+md1YebumOVKULvRbj1VrL\/YsZ4fHBsTR44QRsVI+lBDzSzAj+AL60MQGUw2kt2UvitpD6JGTlTqo5UHCHfXVXvr5IZ5ditzfxPYniuuaUmzoVmkw92FPzP8vcdfHsDrKJHitgAbmUceHC\/D+\/eT3fHG8mvsE4g3R3tjGAIe\/yX3tA3SvucFf\/o92GigCWfP9wqvV\/sD4dt2yZGegt401uSF1mS4xZ4RQX6h1t\/ZDXfpVvT7yRPhmo19r8=\" \/> \t\t<a href=\"https:\/\/www.pdf24.org\" target=\"_blank\" title=\"www.pdf24.org\" rel=\"nofollow\"><img src=\"https:\/\/www.hohenlohe-ungefiltert.de\/wp-content\/plugins\/pdf24-post-to-pdf\/img\/pdf_32x32.png\" alt=\"\" border=\"0\" height=\"32\" \/><\/a> \t\t<span class=\"pdf24Plugin-cp-space\">&nbsp;&nbsp;<\/span> \t\t<span class=\"pdf24Plugin-cp-text\">Sende Artikel als PDF<\/span> \t\t<span class=\"pdf24Plugin-cp-space\">&nbsp;&nbsp;<\/span> \t\t<input class=\"pdf24Plugin-cp-input\" style=\"margin: 0px;\" type=\"text\" name=\"sendEmailTo\" placeholder=\"Emailadresse\" \/> \t\t<input class=\"pdf24Plugin-cp-submit\" style=\"margin: 0px;\" type=\"submit\" value=\"Senden\" \/> \t<\/form> <\/div>","protected":false},"excerpt":{"rendered":"<p>Etwa 300 Pers\u00f6nlichkeiten des \u00f6ffentlichen Lebens sowie Betriebs- und Personalr\u00e4te werden am Mittwoch, 17. Februar 2010, zum diesj\u00e4hrigen regionalen Jahresempfang der DGB-Region Nordw\u00fcrttemberg f\u00fcr die Region Heilbronn-Franken im Veranstaltungsraum \u201eM-LOG\u201c der Aufbaugilde Heilbronn zum Meinungsaustausch zusammenkommen. Von der DGB-Region Nordw\u00fcrttemberg, B\u00fcro Heilbronn Impulse und M\u00f6glichkeiten in Zeiten der Wirtschaftskrise Rednerin ist Annelie Buntenbach, gesch\u00e4ftsf\u00fchrendes DGB-Bundesvorstandsmitglied, [&hellip;]<\/p>\n","protected":false},"author":3,"featured_media":0,"comment_status":"open","ping_status":"open","sticky":false,"template":"","format":"standard","meta":[],"categories":[],"tags":[],"_links":{"self":[{"href":"https:\/\/www.hohenlohe-ungefiltert.de\/index.php?rest_route=\/wp\/v2\/posts\/6675"}],"collection":[{"href":"https:\/\/www.hohenlohe-ungefiltert.de\/index.php?rest_route=\/wp\/v2\/posts"}],"about":[{"href":"https:\/\/www.hohenlohe-ungefiltert.de\/index.php?rest_route=\/wp\/v2\/types\/post"}],"author":[{"embeddable":true,"href":"https:\/\/www.hohenlohe-ungefiltert.de\/index.php?rest_route=\/wp\/v2\/users\/3"}],"replies":[{"embeddable":true,"href":"https:\/\/www.hohenlohe-ungefiltert.de\/index.php?rest_route=%2Fwp%2Fv2%2Fcomments&post=6675"}],"version-history":[{"count":2,"href":"https:\/\/www.hohenlohe-ungefiltert.de\/index.php?rest_route=\/wp\/v2\/posts\/6675\/revisions"}],"predecessor-version":[{"id":6679,"href":"https:\/\/www.hohenlohe-ungefiltert.de\/index.php?rest_route=\/wp\/v2\/posts\/6675\/revisions\/6679"}],"wp:attachment":[{"href":"https:\/\/www.hohenlohe-ungefiltert.de\/index.php?rest_route=%2Fwp%2Fv2%2Fmedia&parent=6675"}],"wp:term":[{"taxonomy":"category","embeddable":true,"href":"https:\/\/www.hohenlohe-ungefiltert.de\/index.php?rest_route=%2Fwp%2Fv2%2Fcategories&post=6675"},{"taxonomy":"post_tag","embeddable":true,"href":"https:\/\/www.hohenlohe-ungefiltert.de\/index.php?rest_route=%2Fwp%2Fv2%2Ftags&post=6675"}],"curies":[{"name":"wp","href":"https:\/\/api.w.org\/{rel}","templated":true}]}}