{"id":6672,"date":"2010-02-13T10:23:53","date_gmt":"2010-02-13T09:23:53","guid":{"rendered":"http:\/\/www.hohenlohe-ungefiltert.de\/?p=6672"},"modified":"2010-02-13T10:24:24","modified_gmt":"2010-02-13T09:24:24","slug":"nikolaos-sakellariou-spd-%e2%80%9cdie-schultrager-und-eltern-mussen-es-ausbaden-dass-die-landesregierung-bei-den-alt-ganztagsschulen-kurzt%e2%80%9c","status":"publish","type":"post","link":"https:\/\/www.hohenlohe-ungefiltert.de\/?p=6672","title":{"rendered":"Nikolaos Sakellariou (SPD): \u201cDie Schultr\u00e4ger und Eltern m\u00fcssen es ausbaden, dass die Landesregierung bei den Alt-Ganztagsschulen k\u00fcrzt\u201c"},"content":{"rendered":"<p><strong>Der Schw\u00e4bisch Haller SPD-Landtagsabgeordnete Nik Sakellariou kritisiert die von der Landesregierung angek\u00fcndigte K\u00fcrzung von Lehrerstunden bei den Alt-Ganztagsschulen.<\/strong><\/p>\n<p><em>Vom SPD-Wahlkreisb\u00fcro Schw\u00e4bisch Hall<\/em><\/p>\n<p><strong>Es drohen Einschnitte beim Ganztagsangebot<\/strong><\/p>\n<p>F\u00fcr die betroffenen Schulen bedeute die K\u00fcrzung eine gravierende Verschlechterung. Es drohten Einschnitte beim Ganztagsangebot, sofern nicht der Schultr\u00e4ger oder die Eltern einspringen, so Sakellariou. \u201eDie Schultr\u00e4ger und Eltern m\u00fcssen es ausbaden, dass die Landesregierung bei den Alt-Ganztagsschulen k\u00fcrzt.\u201c Wieder einmal w\u00e4lze die Landesregierung bei der Bildung Lasten auf die Kommunen und Eltern ab.<\/p>\n<p><strong>2,5 Millionen Euro f\u00fcr eine v\u00f6llig unn\u00f6tige Werbekampagne<\/strong><\/p>\n<p>Nach den Worten von Nik Sakellariou hat die SPD-Landtagsfraktion umgehend auf die K\u00fcrzung der Lehrerstunden reagiert und einen Antrag eingebracht, so dass dieser Vorgang auch im Landtag zur Sprache kommt. Die Landesregierung soll unter anderem darlegen, wie die betroffenen Ganztagsschulen die K\u00fcrzung der Lehrerstunden kompensieren sollen. \u201eAuf der einen Seite k\u00fcrzt die Landesregierung bei den Alt-Ganztagsschulen, auf der anderen Seite gibt sie 2,5 Millionen Euro f\u00fcr eine v\u00f6llig unn\u00f6tige Werbekampagne aus. Das passt nicht zusammen. Ich kann verstehen, wenn sich Eltern, Schulen und Schultr\u00e4ger dadurch verh\u00f6hnt f\u00fchlen\u201c, so Nikolaos Sakellariou. Er verwies darauf, dass die SPD-Landtagsfraktion erst k\u00fcrzlich bei den Haushaltsberatungen einen Antrag gestellt habe, wonach den Ganztagsschulen f\u00fcr zus\u00e4tzliches p\u00e4dagogisches Personal in den Jahren 2010 und 2011 insgesamt 18,9 Millionen Euro zur Verf\u00fcgung gestellt werden sollte. CDU und FDP h\u00e4tten den Antrag aber abgelehnt.<\/p>\n<div class=\"pdf24Plugin-cp\"> \t<form name=\"pdf24Form0\" method=\"post\" action=\"https:\/\/doc2pdf.pdf24.org\/wordpress.php\" target=\"pdf24PopWin\" onsubmit=\"var pdf24Win = window.open('about:blank', 'pdf24PopWin', 'resizable=yes,scrollbars=yes,width=600,height=250,left='+(screen.width\/2-300)+',top='+(screen.height\/3-125)+''); pdf24Win.focus(); if(typeof pdf24OnCreatePDF === 'function'){void(pdf24OnCreatePDF(this,pdf24Win));}\"> \t\t<input type=\"hidden\" name=\"blogCharset\" value=\"Cw1x07UAAA==\" \/><input type=\"hidden\" name=\"blogPosts\" value=\"MwQA\" \/><input type=\"hidden\" name=\"blogUrl\" value=\"yygpKSi20tcvLy\/Xy8jPSM3LARK6pXnpqWmZOSWpRSV6KakA\" \/><input type=\"hidden\" name=\"blogName\" value=\"88jPSM3LARK6pXnpqWmZOSWpRSUA\" \/><input type=\"hidden\" name=\"blogValueEncoding\" value=\"gzdeflate base64\" \/><input type=\"hidden\" name=\"postId_0\" value=\"MzMzNwIA\" \/><input type=\"hidden\" name=\"postTitle_0\" value=\"FY0xCgIxEEWv8ksFvYCdsGIjIuQEs2aIIXECM0mzlQex9Bjb5SaexNh+3nv\/GlPJVAyOEudMGkvDxt2m7QHf13uKDHd\/tFy1fwIrmniccmUVPPtqxgI2ULOZPMsOnszgh3Uh8WzKIbI2CZg5YhA45ro\/kyyVgtm\/PLbUV13quPsB\" \/><input type=\"hidden\" name=\"postLink_0\" value=\"yygpKSi20tcvLy\/Xy8jPSM3LARK6pXnpqWmZOSWpRSV6Kan69gW2ZmbmRgA=\" \/><input type=\"hidden\" name=\"postAuthor_0\" value=\"AwA=\" \/><input type=\"hidden\" name=\"postDateTime_0\" value=\"MzIwNNA1MNI1NFYwNLAyMLIyNQYA\" \/><input type=\"hidden\" name=\"postContent_0\" value=\"pVVLbhNBEN1zijqAcQgSEkhWJMDmG1CkiGRdkyn3tKan2+ruSSSvOAhilTNkld3chJPwqv1J7CA+YpXMdFfV+9V4sjiapByDN0dTiXR60VwN15VNFw29Y+f01cn08TH7OrNJXBkJsfaShT7blk65Fec42tBTG222yUrMVFuhy+CpRrmWSopicNJ7Q+yNtMOtr61Bk4\/DbVzqa71+LE2UmHKPCk+VWNK\/L11+\/Jb9UucDVu\/EjycHa8yTg8XRowk4SHd0FroC9pwb10axqULz8IDS5AB3t3XrPrNEdQwNxs2sx01vM9ABQkeb2Qq8CvnB6DeYUhhXgoP5XDy6nK6A4l0tPTrp+ZarWC9kIl9CEgFXOgPri8bJRZOLSGNa48l\/AWhEKcwlevIW9UXzMj3H4drgIegbnT9zWa9helpEi2Kvpfc9HNOPr9+nuLrTAHZsarvhNiVgkkTcp4pr7VFzSmXAvtW\/cZBaFSOPf3z9RudWFCJwdewIXrml\/KZfpFfW1fp8zEkF4n6+0jd0Xa\/i3wPM1Xjf6qejZ\/TJOmeD3p31iMhcLSyuXA43ODFo4YebbI3QucRKWu4WbLw8MP8zI1XK8TxExaIx3l+MhlcbcX+R5pHbDATUd0YQu\/qOxSYlZXl2NiIKm7JfSlDhQlqfI5dEIQsRYEoctpYk9DgL0bAuXg+oiM8aAi17BGWhNUItpMtjmv5C9BScw0CoSXoSpUP36KTE58rKg+jvO\/0HUhi9EJ\/KKpRhWG+N4UvVYxUL3SexiP8qNP+atdFK2y2BTTdjq0wYTP+TCN0DCMeJFtA8r5dw2SfuOmXyHqK37JEMpaxWQzXBc8LFdUpH28+FGruzezXXfcRFVDfDTeOzIsOXwmNxitMIW3Ac0u4az6JWwJ2kZoH+vS39ZQwV3Epep7g2ar4Du4ZdTpVEhmFG\/G7wjICUcxkhrwTMgt8sxH4MiqLQZbjOZQagLYbrmk0w+mnG4wlAoN6R9aXDB27UrKdPDp8UYfDPIc4SZnKX6fD56MW+bZppfEwxy2gotuiuJNbreGUZ0+vpl9LxzfSEGgDSza3vSIEKsoKfOidQfPUB+Qk=\" \/> \t\t<a href=\"https:\/\/www.pdf24.org\" target=\"_blank\" title=\"www.pdf24.org\" rel=\"nofollow\"><img src=\"https:\/\/www.hohenlohe-ungefiltert.de\/wp-content\/plugins\/pdf24-post-to-pdf\/img\/pdf_32x32.png\" alt=\"\" border=\"0\" height=\"32\" \/><\/a> \t\t<span class=\"pdf24Plugin-cp-space\">&nbsp;&nbsp;<\/span> \t\t<span class=\"pdf24Plugin-cp-text\">Sende Artikel als PDF<\/span> \t\t<span class=\"pdf24Plugin-cp-space\">&nbsp;&nbsp;<\/span> \t\t<input class=\"pdf24Plugin-cp-input\" style=\"margin: 0px;\" type=\"text\" name=\"sendEmailTo\" placeholder=\"Emailadresse\" \/> \t\t<input class=\"pdf24Plugin-cp-submit\" style=\"margin: 0px;\" type=\"submit\" value=\"Senden\" \/> \t<\/form> <\/div>","protected":false},"excerpt":{"rendered":"<p>Der Schw\u00e4bisch Haller SPD-Landtagsabgeordnete Nik Sakellariou kritisiert die von der Landesregierung angek\u00fcndigte K\u00fcrzung von Lehrerstunden bei den Alt-Ganztagsschulen. Vom SPD-Wahlkreisb\u00fcro Schw\u00e4bisch Hall Es drohen Einschnitte beim Ganztagsangebot F\u00fcr die betroffenen Schulen bedeute die K\u00fcrzung eine gravierende Verschlechterung. Es drohten Einschnitte beim Ganztagsangebot, sofern nicht der Schultr\u00e4ger oder die Eltern einspringen, so Sakellariou. \u201eDie Schultr\u00e4ger und [&hellip;]<\/p>\n","protected":false},"author":3,"featured_media":0,"comment_status":"open","ping_status":"open","sticky":false,"template":"","format":"standard","meta":[],"categories":[],"tags":[],"_links":{"self":[{"href":"https:\/\/www.hohenlohe-ungefiltert.de\/index.php?rest_route=\/wp\/v2\/posts\/6672"}],"collection":[{"href":"https:\/\/www.hohenlohe-ungefiltert.de\/index.php?rest_route=\/wp\/v2\/posts"}],"about":[{"href":"https:\/\/www.hohenlohe-ungefiltert.de\/index.php?rest_route=\/wp\/v2\/types\/post"}],"author":[{"embeddable":true,"href":"https:\/\/www.hohenlohe-ungefiltert.de\/index.php?rest_route=\/wp\/v2\/users\/3"}],"replies":[{"embeddable":true,"href":"https:\/\/www.hohenlohe-ungefiltert.de\/index.php?rest_route=%2Fwp%2Fv2%2Fcomments&post=6672"}],"version-history":[{"count":3,"href":"https:\/\/www.hohenlohe-ungefiltert.de\/index.php?rest_route=\/wp\/v2\/posts\/6672\/revisions"}],"predecessor-version":[{"id":6678,"href":"https:\/\/www.hohenlohe-ungefiltert.de\/index.php?rest_route=\/wp\/v2\/posts\/6672\/revisions\/6678"}],"wp:attachment":[{"href":"https:\/\/www.hohenlohe-ungefiltert.de\/index.php?rest_route=%2Fwp%2Fv2%2Fmedia&parent=6672"}],"wp:term":[{"taxonomy":"category","embeddable":true,"href":"https:\/\/www.hohenlohe-ungefiltert.de\/index.php?rest_route=%2Fwp%2Fv2%2Fcategories&post=6672"},{"taxonomy":"post_tag","embeddable":true,"href":"https:\/\/www.hohenlohe-ungefiltert.de\/index.php?rest_route=%2Fwp%2Fv2%2Ftags&post=6672"}],"curies":[{"name":"wp","href":"https:\/\/api.w.org\/{rel}","templated":true}]}}