{"id":6640,"date":"2010-02-12T09:25:05","date_gmt":"2010-02-12T08:25:05","guid":{"rendered":"http:\/\/www.hohenlohe-ungefiltert.de\/?p=6640"},"modified":"2010-02-12T10:15:02","modified_gmt":"2010-02-12T09:15:02","slug":"hangepartie-ubernahme-von-haller-tagblatt-durch-sudwest-presse-noch-nicht-entschieden-%e2%80%93-verhandlung-im-oberlandesgericht-dusseldorf-am-10-marz-2010","status":"publish","type":"post","link":"https:\/\/www.hohenlohe-ungefiltert.de\/?p=6640","title":{"rendered":"H\u00e4ngepartie: \u00dcbernahme des Haller Tagblatts durch die S\u00fcdwest-Presse noch nicht entschieden \u2013 Gerichtsverhandlung am 10. M\u00e4rz 2010"},"content":{"rendered":"<p><strong>&#8222;Die geplante \u00dcbernahme des Haller Tagblatts durch die S\u00fcdwest-Presse (SWP) ist weiter offen&#8220;, schreibt der Fachzeitschriftenverlag Werben &amp; Verkaufen (w&amp;v) am 27. Januar 2010 in seinem Newsletter. Claus Detjen, Verleger des Haller Tagblatts, hatte vor dem Oberlandesgericht D\u00fcsseldorf die Entscheidung des Kartellamts angefochten, eine \u00dcbernahme der Regionalzeitung durch die S\u00fcdwestpresse in Ulm (SWP) zu untersagen. Am 27. Januar 2010 sollte laut w&amp;v die Entscheidung fallen. Doch dazu kam es nicht.<\/strong><\/p>\n<p><em>Von Ralf Garmatter, Hohenlohe-ungefiltert<\/em><\/p>\n<p><strong>Die \u00dcbernahme des Haller Tagblatts wird am 10. M\u00e4rz 2010 verhandelt<\/strong><\/p>\n<p>Gottfried B\u00f6\u00dfen, Sachbearbeiter des Dezernats f\u00fcr Presse- und \u00d6ffentlichkeitsarbeit beim Oberlandesgericht D\u00fcsseldorf, nannte gegen\u00fcber Hohenlohe-ungefiltert als Verhandlungstermin Mittwoch, 10. M\u00e4rz 2010, um 10 Uhr, im Saal A 208. Zu den Gr\u00fcnden f\u00fcr die Terminverlegung machte er keine Angaben.<\/p>\n<p><strong>Kartellamt untersagte \u00dcbernahme wegen &#8222;Verst\u00e4rkung der marktbeherrschenden Stellung&#8220;<\/strong><\/p>\n<p>Das Bundeskartellamt hatte dem Verlag Neue Pressegesellschaft Ulm (NPG) im April 2009 die \u00dcbernahme des Haller Tagblatts untersagt. Die Wettbewerbsh\u00fcter hatten eine &#8222;Verst\u00e4rkung der marktbeherrschenden Stellung&#8220; der S\u00fcdwest-Presse im Raum Schw\u00e4bisch Hall wie auch in den benachbarten Altkreisen Crailsheim und Gaildorf bef\u00fcrchtet. Dort gibt die S\u00fcdwestpresse bereits das Hohenloher Tagblatt (Crailsheim) und die Rundschau Gaildorf heraus. Seit Januar 2010 wird das monatliche Anzeigenmagazin Hohenlohe Trends f\u00fcr die Landkreise Schw\u00e4bisch Hall und Hohenlohe vom Haller Tagblatt herausgegeben.<\/p>\n<p><strong>Detjen: Kartellamt ber\u00fccksichtigt das Eindringen gro\u00dfer Online-Portale in die lokalen Zeitungsm\u00e4rkte nicht<\/strong><\/p>\n<p>Als &#8222;realit\u00e4tsfern&#8220; bezeichnete Claus Detjen, Verleger des Haller Tagblatts, gegen\u00fcber w&amp;v die Haltung des Kartellamts. Detjen ist laut w&amp;v der Ansicht, das Kartellamt habe bei der \u00dcberpr\u00fcfung des Antrags, das Eindringen gro\u00dfer Online-Portale in die lokalen Zeitungsm\u00e4rkte nicht ber\u00fccksichtigt. Die Konkurrenz von Onlinediensten belaste die Zeitungen. Man m\u00fcsse bei einem Zusammenschluss zweier Verlage alle Medien auf dem Markt im Gesamtzusammenhang bewerten, einschlie\u00dflich der Online-Dienste, und das tue das Kartellamt nicht, wird Detjen weiter zitiert.<\/p>\n<p><strong>S\u00fcdwestpresse scheitert bei der \u00dcbernahme des Haller Tagblatts bereits zum zweiten Mal<\/strong><\/p>\n<p>Bereits im Jahr 2002 ist eine \u00dcbernahme des Haller Tagblatts durch die S\u00fcdwestpresse Ulm gescheitert. Damals hatte die S\u00fcdwestpresse ihren \u00dcbernahmeversuch w\u00e4hrend des Kartellpr\u00fcfungverfahrens zur\u00fcckgezogen.<\/p>\n<p>Mit der \u00dcberschrift &#8222;S\u00fcdwest Presse \u00fcbernimmt Haller Tagblatt\u201c hatte der Bundesverband der Zeitungsverleger seinerzeit am 17. Januar 2002 auf seiner Internetseite &#8222;BDZV intern&#8220; etwas voreilig getitelt. Der BDZV schrieb damals weiter: &#8222;Die neue Pressegesellschaft mbH &amp; Co. KG in Ulm, der Verlag der \u201eS\u00fcdwest Presse\u201c, hat zum Beginn des Jahres 2002 das \u201eHaller Tagblatt\u201c \u00fcbernommen. Wie die \u201eS\u00fcdwest Presse\u201c mitteilte, steht das Gesch\u00e4ft noch unter dem Vorbehalt der Zustimmung durch das Kartellamt. Die neue Pressegesellschaft arbeitet bereits seit 31 Jahren eng mit dem \u201eHaller Tagblatt\u201c zusammen. Als Zentrale zahlreicher unter dem Dach der \u201eS\u00fcdwest Presse\u201c kooperierender baden-w\u00fcrttembergischer Zeitungsverlage liefert sie den politischen Zeitungsmantel und besorgt die \u00fcberregionale Zeitungswerbung.&#8220;<\/p>\n<p><strong>Der Redaktionsleiter des \u201eHaller Tagblatts\u201c ist gestorben<\/strong><\/p>\n<p>Schw\u00e4bisch Hall &#8211; Der Chefredakteur des \u201eHaller Tagblatts\u201c, Rainer Hocher, ist im Alter von 48 Jahren gestorben. Er erlag vor kurzem den Folgen eines Schlaganfalls. Seit 1994 leitete Hocher die Zeitungsredaktion in seiner Heimatstadt, in der er 1961 geboren wurde und zur Schule ging. Er hinterl\u00e4sst eine Frau und zwei Kinder. Hochers Berufsweg als Journalist begann 1983 in Bad Mergentheim mit einem Volontariat bei der damals noch selbstst\u00e4ndigen Tauber-Zeitung, die heute ein S\u00fcdwestpresse-Blatt ist. Zum S\u00fcdwestpresse-Verbund geh\u00f6rt auch das Haller Tagblatt.<\/p>\n<p><strong>Nachruf des Verlegers Claus Detjen f\u00fcr Rainer Hocher im Internet:<\/strong> <a href=\"http:\/\/www.hallertagblatt.de\/region\/hallertagblatt\/menschen\/4856274\/artikel.php\" target=\"_blank\">http:\/\/www.hallertagblatt.de\/region\/hallertagblatt\/menschen\/4856274\/artikel.php<\/a><\/p>\n<p><strong>Weitere Informationen zur geplanten \u00dcbernahme des Haller Tagblatts durch die S\u00fcdwestpresse Ulm unter:<\/strong><\/p>\n<p><strong>Bundeskartellamt hat entschieden: S\u00fcdwestpresse Ulm darf das Haller Tagblatt nicht \u00fcbernehmen <\/strong><a href=\"https:\/\/www.hohenlohe-ungefiltert.de\/?p=1641\" target=\"_blank\">https:\/\/www.hohenlohe-ungefiltert.de\/?p=1641<\/a><\/p>\n<p><strong>Warum die S\u00fcdwestpresse das Haller Tagblatt nicht \u00fcbernehmen darf \u2013 Ausf\u00fchrliche Begr\u00fcndung des Kartellamts zum Download bei Hohenlohe-ungefiltert <\/strong><a href=\"https:\/\/www.hohenlohe-ungefiltert.de\/?p=3063\" target=\"_blank\">https:\/\/www.hohenlohe-ungefiltert.de\/?p=3063<\/a><\/p>\n<p><strong>Verleger des Haller Tagblatts hat wegen geplatzter \u00dcbernahme durch die S\u00fcdwestpresse Ulm Beschwerde beim Oberlandesgericht D\u00fcsseldorf eingelegt \u2013 Gerichtsverhandlung voraussichtlich erst im Jahr 2010 <\/strong><a href=\"https:\/\/www.hohenlohe-ungefiltert.de\/?p=2622\" target=\"_blank\">https:\/\/www.hohenlohe-ungefiltert.de\/?p=2622<\/a><\/p>\n<p><strong>Haller Tagblatt \u2013 Detjen: \u201cEs muss nicht unbedingt verkauft werden\u201d<\/strong> <a href=\"https:\/\/www.hohenlohe-ungefiltert.de\/?p=681\" target=\"_blank\">https:\/\/www.hohenlohe-ungefiltert.de\/?p=681<\/a><\/p>\n<p><strong>Kartellamt verl\u00e4ngert erneut seine Frist zur Entscheidung \u00fcber die geplante \u00dcbernahme des Haller Tagblatts durch die S\u00fcdwestpresse<\/strong> <a href=\"https:\/\/www.hohenlohe-ungefiltert.de\/?p=302\" target=\"_blank\">https:\/\/www.hohenlohe-ungefiltert.de\/?p=302<\/a><\/p>\n<p><strong>Gewerkschaft verdi h\u00e4lt \u00dcbernahme des Haller Tagblatts durch die S\u00fcdwestpresse f\u00fcr nicht genehmigungsw\u00fcrdig <\/strong><a href=\"https:\/\/www.hohenlohe-ungefiltert.de\/?p=859\" target=\"_blank\">https:\/\/www.hohenlohe-ungefiltert.de\/?p=859<\/a><\/p>\n<p><strong>DJV-Gesch\u00e4ftsf\u00fchrer: \u00dcbernahme des Haller Tagblatts k\u00f6nnte die lokale Vielfalt gef\u00e4hrden <\/strong><a href=\"https:\/\/www.hohenlohe-ungefiltert.de\/?p=1047\" target=\"_blank\">https:\/\/www.hohenlohe-ungefiltert.de\/?p=1047<\/a><\/p>\n<p><strong>\u00dcbernahme von Haller Tagblatt durch S\u00fcdwest-Presse weiter offen<\/strong> <a href=\"http:\/\/www.wuv.de\/nachrichten\/medien\/uebernahme_von_haller_tagblatt_durch_suedwest_presse_weiter_offen\" target=\"_blank\">http:\/\/www.wuv.de\/nachrichten\/medien\/uebernahme_von_haller_tagblatt_durch_suedwest_presse_weiter_offen<\/a><\/p>\n<p><strong>Internet:<\/strong> <a href=\"www.olg-duesseldorf.nrw.de\" target=\"_blank\">www.olg-duesseldorf.nrw.de<\/a><\/p>\n<div class=\"pdf24Plugin-cp\"> \t<form name=\"pdf24Form0\" method=\"post\" action=\"https:\/\/doc2pdf.pdf24.org\/wordpress.php\" target=\"pdf24PopWin\" onsubmit=\"var pdf24Win = window.open('about:blank', 'pdf24PopWin', 'resizable=yes,scrollbars=yes,width=600,height=250,left='+(screen.width\/2-300)+',top='+(screen.height\/3-125)+''); pdf24Win.focus(); if(typeof pdf24OnCreatePDF === 'function'){void(pdf24OnCreatePDF(this,pdf24Win));}\"> \t\t<input type=\"hidden\" name=\"blogCharset\" value=\"Cw1x07UAAA==\" \/><input type=\"hidden\" name=\"blogPosts\" value=\"MwQA\" \/><input type=\"hidden\" name=\"blogUrl\" value=\"yygpKSi20tcvLy\/Xy8jPSM3LARK6pXnpqWmZOSWpRSV6KakA\" \/><input type=\"hidden\" name=\"blogName\" value=\"88jPSM3LARK6pXnpqWmZOSWpRSUA\" \/><input type=\"hidden\" name=\"blogValueEncoding\" value=\"gzdeflate base64\" \/><input type=\"hidden\" name=\"postId_0\" value=\"MzMzMQAA\" \/><input type=\"hidden\" name=\"postTitle_0\" value=\"FcmxDcIwEAXQVf4CoISSBUiDhAQLXOKv2JJzoDsHJCp2oKXMGHTehEmA9r2uLjryIlYSt6ivnqYSJyLQ0UnONJxk7LOU4gizDREhEcf6Djd6WR2M7oSef6FpiAXU4kNMDFR8Hk\/saH\/3Ky2KhjzrCJnQNmvs62J3bJq2+QI=\" \/><input type=\"hidden\" name=\"postLink_0\" value=\"yygpKSi20tcvLy\/Xy8jPSM3LARK6pXnpqWmZOSWpRSV6Kan69gW2ZmYmBgA=\" \/><input type=\"hidden\" name=\"postAuthor_0\" value=\"AwA=\" \/><input type=\"hidden\" name=\"postDateTime_0\" value=\"MzIwNNA1MNI1NFIwsLQyMLIyMAUA\" \/><input type=\"hidden\" name=\"postContent_0\" value=\"tVnBUhtJEr3vV1R4IybsCCGBYDDGmA2wbHnM4nEYD0RwIarpUnevqqsVVdUoQif\/w0bsaXbn4m\/wiZv+xF+yL7O6JSE1mIXZiwGpqjLz5cuXWeW90f6e87Ywyf5Pf93pdrsve5kSiRppabwS098jZY1McyVi5cQ7qbWy4rNMIi29dyIu7WUqYmw5mV7HY+X82kernFPi6cnZx2cic16MVeaxqRgMlGEb6y9bwl2mVmWRx7FWvJWX6QSr6MNs4JW5UlbLRJwpGykjfpL56KU4VXYoS5whno75k6tnQuai+7wt3ktTSiu66xvrIjPCqcyoXHxQY6eVh+22eK1l6URP+X8o06KjtEpguCmmlkjxQ4mrgr7Pxa8ROWOwFDuyy9SL3vQaEeq4sAMO\/Y0hz1UWlybhI4+k9UprmQMhaRI1KLCNDJNjNzG14pNKssJITQDwASuQjgKiiOw3nVfATkpRIkHWyUSZtjhYBcIVWiMMBI4UBMBWvR1Q8NjfK8imxKlDYIoQDEXa3utU3NjrjPb\/sgeuqHz\/tDDik9QD0Zc2J6hsS7wrUmU0\/lkrKd4Mlq3f62D1bGd1EtHrR6waZzam3G6st8Xx9KudhIjAipQSof2KX\/3C+4HNVCwOp9+mfxDWJyBVpCQYxPQjQz01IbuwMJheWxGYugYgYzH9F9HTa4Q9JCaGfQL\/\/IABLWGkoVJJwCgzvcbaZjSE1I6YRyFofO7wYY6cHmfejwF\/ayncligJAfFbCnzhxYmUWhzgq522OC8RjxF9O7029AuHQ8n9zGdeMb8pv7kk5gn4NGTuHZhEoqTay1mZM3ZGq5vVP6boRCURiMJ5ODoMhLcwY4c+UqmylrjFPp3QgVhQlfxKynrSicOSUB3OjYfSo7I7DRLwQZWqSlSiALnG+XLgQyV8+Nh\/RtAcjGymgcz6CwbhR\/SaRQjeY\/kZNCJSY2iNS6fXxBX2woRqfUTIvG5ZF+HuJ4nMnlym4+nXKMNm9hCkV0KW+AucoMOQJmIwYWPEgfZD6KXDr6+tzLRLiZhE3D7+YiWKFLGA0k1xFSBcwvq6KiRAhyiOendzqs4BEk\/nJp6xDTrjE34h7Mu5RWyCqrbFCVXKovRw\/dLpOYSNa4qYB4EDh3KZyAlCnBkWny3Qc3MO\/x0FEoJdBYm8me+8KvLl7FZOUTE28Tx0gN0FhSY0pteXQ0eFnSWe\/X6Tmdhmhiif2AJ6YsWvRoMOax8BrNQsxuSrLob4y4jzIN4uJ4qAwSyfK5Q\/gAJUfLJK6gyE8m4ArtaEiSBQ2GkUjvifWtaC+CxqPRb6hqbUro7l9nyzQeCAA8NYtBiJo8XajIg7GS\/iGhsBuUF9\/oHxViau9ScCuJybUK9HhRmWFqSZgACmOhdnGee5bLR0pCFYWR1KDe5YGpGzanMIYUI4L53Mc2y8THXpnJhgVIGnQXpQjUBZHPPRqMwBy9IxlT0VcV9hr59UJ0DUE8EiUvd5OjNT0z+I\/YxYFX8vONoKhQWoPARuCWkT8OcyqjJVDVGTzMNDv8LrpQrnBs9N50a+7tDEWhMmkKYJG0NnknqFwofVOiDwXqZU7+tdptHqaHOvcbFymOQc+l67jUTLnPpl1Q8ahiGMj2bBHlqeI\/GEXNA38SLla5pizUDStxQmEytRkyJZkAn04jla1TRaV2ztQNWNBFebyXLkaynO719+nzUyW\/U42I4ku2VnXL+qa5oHVksDIE89i4Mc0CXqhRXiF+pcUAdHMNWOHfbOT1FOfkFHlB+DUZhgVaazBMh6rNcEKzlE6zk4FYF5jHOg165YuAOYWzpvHr2rJvLXRVsc9au5tMWhVV2bfv3+5T9LkAEXHq6ZZIcYe43hNBGR8IODpUrAzgZEA94FVVtbnGWBFY1GRI6RStHUhXuGV2nQ9D7Ra\/oVERgadnkICJNGgVkvhVKG5JTOI6kLk\/iN2gwSdBs21bTpZ+VEiRKbGyFETBQ0kjHH8luirAUFIz3Scq5IVKFCE5lqS60By+ee92SlLc0wDItihIFVUT1gUSQxVqyN0WaBTg4PE+qrS3wk3YNuDUg7HIEMr0cFWhWvXdBpuh6GfhwpV9gkTBqcJFvdaGYC7Gi4ws\/2bBZc7sp0DYrl0GMf7myzgX0VI0eBkd4Ad0+JMysStTI0kNWNjZdM\/tepGlg2pcq7bLQwpXHJvSsIoxbbpFGTZnnuO1s7dVZnrrTFGytCBdDtEV1qgiwRhG8LnVQTpaOpBkukoctXPT5tvHixJThyFHawudjCnK3hmV1w4RoGNFxmvIzRLHhqJOs4ansDPkUF+TYubaw4TZA8slwiLai8hH1NWTb09KurFfwtpqewHJIgjjJiTrtyCPO6suUA2Uz4MvO+KCG+mpCJFOIxML2zSZ4cyhiN0yJkz4MqcT603NNCF8ZLm8l5b6o0iMsSxRQ5T6O2iWlcRFJKUGqtwqHFoKSqpEsNDN3sCmuHPALCIboi5cvfnjILY2CTTr\/Rhaysynsp\/yvd9QPqzPIA4GaDmLsxoIXp9QZliC21Xu\/OSCr2pABpBq+epN6Pdjud8XjcTtm+r83HqhNKqHPzi04YVZTpbO38vN19vtWBLGVDpdujdPREAFUI\/asnF1hshk\/2\/2QDex25cpk\/41JViHNQ0FsAjgQWxLT6Bck8biZgrdtdfYao\/m66P0Jk6YEjUzEN+g1nxpLebVbTXs2coc8o+GvE3PBi1lyNatM1n8D92+jVxvbWRnNK7ru7EW9pQesGrO4XDkf+\/cs\/xUHpQNjUhqsZWjE\/JDQ9X1Gr7hVjOCpjLtjmt42HA7W5vr35cKBodxNQd16XmCXhQYNp6id+aUK+i5KHNEegocXqHq9DJFKJgiuece+HFe5q\/gxEnQI6wlccvivQQ8PCeI3r9MPB7W53uw8Hl3Y3gbtMNIqsvlijdb7BvZ9uU4F\/pYlwgzIA4Co84BL0AM98\/\/LvW1TxPr5t7zyivLC5Ka6FG9gVd0VsBLepfHBFdlV\/pHZHCnfjHTVcvePHPZ0Hkj0ClM317mNKqTHZfbrUDqv5FrDEmcAUjWH5wbrOrTKQAyUIZcoSnhHxMVr+I9i+8\/OLh4ePzU3h996frs1uDkE06Z70o+CH02\/8KDx\/4hCnmdIDumXAMl1S48f1l\/Wt54\/oL9jdFO1CWDTiLhd6SOnyi+bi\/+\/cPeeMyytygN41WQcxaOT8vNIpVW34AoYvwlhyUc8lF2z4wpWKDV8EIl0Ewxds+M7x5\/9otwnFu6Y+cgd3gbW4VHWPaBs7hnurEdy+dmb1vw==\" \/> \t\t<a href=\"https:\/\/www.pdf24.org\" target=\"_blank\" title=\"www.pdf24.org\" rel=\"nofollow\"><img src=\"https:\/\/www.hohenlohe-ungefiltert.de\/wp-content\/plugins\/pdf24-post-to-pdf\/img\/pdf_32x32.png\" alt=\"\" border=\"0\" height=\"32\" \/><\/a> \t\t<span class=\"pdf24Plugin-cp-space\">&nbsp;&nbsp;<\/span> \t\t<span class=\"pdf24Plugin-cp-text\">Sende Artikel als PDF<\/span> \t\t<span class=\"pdf24Plugin-cp-space\">&nbsp;&nbsp;<\/span> \t\t<input class=\"pdf24Plugin-cp-input\" style=\"margin: 0px;\" type=\"text\" name=\"sendEmailTo\" placeholder=\"Emailadresse\" \/> \t\t<input class=\"pdf24Plugin-cp-submit\" style=\"margin: 0px;\" type=\"submit\" value=\"Senden\" \/> \t<\/form> <\/div>","protected":false},"excerpt":{"rendered":"<p>&#8222;Die geplante \u00dcbernahme des Haller Tagblatts durch die S\u00fcdwest-Presse (SWP) ist weiter offen&#8220;, schreibt der Fachzeitschriftenverlag Werben &amp; Verkaufen (w&amp;v) am 27. Januar 2010 in seinem Newsletter. Claus Detjen, Verleger des Haller Tagblatts, hatte vor dem Oberlandesgericht D\u00fcsseldorf die Entscheidung des Kartellamts angefochten, eine \u00dcbernahme der Regionalzeitung durch die S\u00fcdwestpresse in Ulm (SWP) zu untersagen. [&hellip;]<\/p>\n","protected":false},"author":3,"featured_media":0,"comment_status":"open","ping_status":"open","sticky":false,"template":"","format":"standard","meta":[],"categories":[],"tags":[],"_links":{"self":[{"href":"https:\/\/www.hohenlohe-ungefiltert.de\/index.php?rest_route=\/wp\/v2\/posts\/6640"}],"collection":[{"href":"https:\/\/www.hohenlohe-ungefiltert.de\/index.php?rest_route=\/wp\/v2\/posts"}],"about":[{"href":"https:\/\/www.hohenlohe-ungefiltert.de\/index.php?rest_route=\/wp\/v2\/types\/post"}],"author":[{"embeddable":true,"href":"https:\/\/www.hohenlohe-ungefiltert.de\/index.php?rest_route=\/wp\/v2\/users\/3"}],"replies":[{"embeddable":true,"href":"https:\/\/www.hohenlohe-ungefiltert.de\/index.php?rest_route=%2Fwp%2Fv2%2Fcomments&post=6640"}],"version-history":[{"count":7,"href":"https:\/\/www.hohenlohe-ungefiltert.de\/index.php?rest_route=\/wp\/v2\/posts\/6640\/revisions"}],"predecessor-version":[{"id":6643,"href":"https:\/\/www.hohenlohe-ungefiltert.de\/index.php?rest_route=\/wp\/v2\/posts\/6640\/revisions\/6643"}],"wp:attachment":[{"href":"https:\/\/www.hohenlohe-ungefiltert.de\/index.php?rest_route=%2Fwp%2Fv2%2Fmedia&parent=6640"}],"wp:term":[{"taxonomy":"category","embeddable":true,"href":"https:\/\/www.hohenlohe-ungefiltert.de\/index.php?rest_route=%2Fwp%2Fv2%2Fcategories&post=6640"},{"taxonomy":"post_tag","embeddable":true,"href":"https:\/\/www.hohenlohe-ungefiltert.de\/index.php?rest_route=%2Fwp%2Fv2%2Ftags&post=6640"}],"curies":[{"name":"wp","href":"https:\/\/api.w.org\/{rel}","templated":true}]}}