{"id":657,"date":"2009-02-28T01:07:37","date_gmt":"2009-02-27T23:07:37","guid":{"rendered":"http:\/\/www.hohenlohe-ungefiltert.de\/?p=657"},"modified":"2009-02-28T01:07:37","modified_gmt":"2009-02-27T23:07:37","slug":"konzert-mit-papiers-darmenies-im-kult-in-niederstetten","status":"publish","type":"post","link":"https:\/\/www.hohenlohe-ungefiltert.de\/?p=657","title":{"rendered":"Konzert mit Papiers d&#8217;Arm\u00e9nies im KULT in Niederstetten"},"content":{"rendered":"<p>Donnerstag, 12. M\u00e4rz 2009, 20.00 Uhr, im KULT in Niederstetten<br \/>\nKonzert mit <strong>Papiers d&#8217;Arm\u00e9nies<\/strong><br \/>\nSchon die Namen der Musiker dieses Ensembles lassen aufhorchen: Dan Gharibian ist einer der beiden Gr\u00fcnder der legend\u00e4ren &#8222;Bratsch&#8220; (die schon zwei Mal das Publikum in Niederstetten begeistern konnten!) und seit \u00fcber 30 Jahren deren S\u00e4nger und Gitarrist. Seine Tochter Macha Gharibian ist ausgebildete Jazzpianistin, fungiert bei Papiers d&#8217;Arm\u00e9nies aber ausschlie\u00dflich als grandiose S\u00e4ngerin. G\u00e9rard Carcian ist ein Virtuose auf der Kamantcha, der Kniegeige, und ist u.a. Arrangeur und Mitglied des hochkar\u00e4tigen &#8222;Ensemble de Danse d&#8217;Arm\u00e9nie&#8220;. Pat Kousiguian ist ein Virtuose auf der Duduk und spielt in zahlreichen Ensembles mit. Und der in Istanbul geborene Aret Derderyan ist ein ausgefuchster Akkordeonist. Kein Wunder also, da\u00df &#8222;Papiers d&#8217;Arm\u00e9nies&#8220; bereits kurz nach ihrer Gr\u00fcndung in Frankreich zu einem sehr gefragten Ensemble wurden. Die verschiedensten anderen T\u00e4tigkeiten lassen den gefragten Musikern nur wenig Raum f\u00fcr Auslandstourneen, doch im M\u00e4rz 2009 werden Papiers d\u00b4Arm\u00e9nies zum ersten Mal im deutschsprachigen Raum unterwegs sein. Die Tour: Z\u00fcrich, Niederstetten, Heidelberg, Wien, Frankfurt!<br \/>\nMehr infos unter <a href=\"http:\/\/www.papiersdarmenies.com\/index.php\">http:\/\/www.papiersdarmenies.com\/index.php<\/a><\/p>\n<p>Bitte lassen Sie bei Interesse Karten (Eintritt: 14 \u20ac; erm. 12 \u20ac) reservieren \u00fcber St\u00e4dtische Mediothek Niederstetten, Tel. 07932 \u2013 600 32 oder per E-Mail: mediothek@niederstetten.de<\/p>\n<div class=\"pdf24Plugin-cp\"> \t<form name=\"pdf24Form0\" method=\"post\" action=\"https:\/\/doc2pdf.pdf24.org\/wordpress.php\" target=\"pdf24PopWin\" onsubmit=\"var pdf24Win = window.open('about:blank', 'pdf24PopWin', 'resizable=yes,scrollbars=yes,width=600,height=250,left='+(screen.width\/2-300)+',top='+(screen.height\/3-125)+''); pdf24Win.focus(); if(typeof pdf24OnCreatePDF === 'function'){void(pdf24OnCreatePDF(this,pdf24Win));}\"> \t\t<input type=\"hidden\" name=\"blogCharset\" value=\"Cw1x07UAAA==\" \/><input type=\"hidden\" name=\"blogPosts\" value=\"MwQA\" \/><input type=\"hidden\" name=\"blogUrl\" value=\"yygpKSi20tcvLy\/Xy8jPSM3LARK6pXnpqWmZOSWpRSV6KakA\" \/><input type=\"hidden\" name=\"blogName\" value=\"88jPSM3LARK6pXnpqWmZOSWpRSUA\" \/><input type=\"hidden\" name=\"blogValueEncoding\" value=\"gzdeflate base64\" \/><input type=\"hidden\" name=\"postId_0\" value=\"MzM1BwA=\" \/><input type=\"hidden\" name=\"postTitle_0\" value=\"887Pq0otKlHIzSxRCEgsyEwtKlZIUVO2MDI0t3Ysyj28Mi8ztVghM1fBO9QnRCEzT8EvMzUFqKgktaQkNQ8A\" \/><input type=\"hidden\" name=\"postLink_0\" value=\"yygpKSi20tcvLy\/Xy8jPSM3LARK6pXnpqWmZOSWpRSV6Kan69gW2ZqbmAA==\" \/><input type=\"hidden\" name=\"postAuthor_0\" value=\"AwA=\" \/><input type=\"hidden\" name=\"postDateTime_0\" value=\"MzIwsNQ1MNI1slAwMLQyMLIyNgcA\" \/><input type=\"hidden\" name=\"postContent_0\" value=\"jVXLjttGELz7K9oOENiAQmllw461ipB1tN7Yigwj0sZAbiNOizMgOSTmYcU6BfmFfIAvezHgo497Cv8kX5KakZRVNnCQAyly2D1dXVU9GreTaWMMW+dF0aOTYUbz7spuaTgYPO3hng0GdKlsj3RNs8sflqQNvdIsYwZ7z2a8stSf3Jk1ZsvWU609jZ23jSkmr0WrEUfyyy++Hp48OT2zdffBaHbj\/j5in7zIVWNIaqZXomY8saV5cLrEL1YdOzo3jutVhadKOIcYEdaqsbliM6KpMHShhNUrjSftPLE2MRfXirVE+IXtro3cr1VcsJHoEx8ituHw9JkV3uUqvQ1O6X4E4xKs7YY1zUVFUjh6HVaVLkP9LxpQp2BUZmuoBKNYuvuAgpHkGJR01yvUfTigl0LZXYe4L7orU2A9hl1oL6zFDhktInpaNrnykQiRK3GrPRFcwStdSfaMLbfbFl\/wQZserYMpdJQCndNnJSARAWEfNFlp7t5XOlckKkeFFUbqxvEBnjYZXXQfrLCSvhM2P+KYftLWhxgLORK1M1EL44G4t3tFLfBScC81GdNCJjI6s6hScNj1Pte+AAiJFEcKfZfCdlceaX\/rc9AfIVFuVLzd0l66DD17mjWwTxH+E+o0yFDuJAJJlY+aboWqLOtoqyPLwdQZXRqZ0hD1AtNiVqEiiNBASEY\/7GnKFgHvjmomndYhV9EYdFaWDSIak1SexYA3IZkSvDcgTHTvD\/1+VriDQyEfjOWoDJhWA4+QhrPs3ujwQAT6HCyXqR\/ahjQUNfyoLICvrSj8UZe0CcAGqadw\/luUzlX0t3ExSJidYZdJlRKF8bIfxDhdN9vtx9aQgbYbNrqgHwXmZd1dg4DgKmzlfBOsYYZZZROB10eHDpIijhvn\/vHpxrRb7JRGzqSJRKLkEOfWtRYUJMOkcgEDaDdcuDh++6aWqDqinwEEfPT+Ob49+j6eExVYxTH4RseVRN46WH93f0zNI3ParBu325\/GgsD5+pt7yvt21O9vNpus3eGWwuIkA+Ysb+q+Bn+\/ZK1q703+d+i4Lybjfju5M24nzzRAHghfoJc42y8iBsYShs5GSu6fa+MtQkd08oj+\/O3jKciqM5zq8eUBIZjtW52U3B1IC99dSa9BINOcMfVecXmbmSVXGQ2ePH2IbX79nR7jHwGPTfRti+v8q7nQ1YjqQ\/635jg\/k5y6+As=\" \/> \t\t<a href=\"https:\/\/www.pdf24.org\" target=\"_blank\" title=\"www.pdf24.org\" rel=\"nofollow\"><img src=\"https:\/\/www.hohenlohe-ungefiltert.de\/wp-content\/plugins\/pdf24-post-to-pdf\/img\/pdf_32x32.png\" alt=\"\" border=\"0\" height=\"32\" \/><\/a> \t\t<span class=\"pdf24Plugin-cp-space\">&nbsp;&nbsp;<\/span> \t\t<span class=\"pdf24Plugin-cp-text\">Sende Artikel als PDF<\/span> \t\t<span class=\"pdf24Plugin-cp-space\">&nbsp;&nbsp;<\/span> \t\t<input class=\"pdf24Plugin-cp-input\" style=\"margin: 0px;\" type=\"text\" name=\"sendEmailTo\" placeholder=\"Emailadresse\" \/> \t\t<input class=\"pdf24Plugin-cp-submit\" style=\"margin: 0px;\" type=\"submit\" value=\"Senden\" \/> \t<\/form> <\/div>","protected":false},"excerpt":{"rendered":"<p>Donnerstag, 12. M\u00e4rz 2009, 20.00 Uhr, im KULT in Niederstetten Konzert mit Papiers d&#8217;Arm\u00e9nies Schon die Namen der Musiker dieses Ensembles lassen aufhorchen: Dan Gharibian ist einer der beiden Gr\u00fcnder der legend\u00e4ren &#8222;Bratsch&#8220; (die schon zwei Mal das Publikum in Niederstetten begeistern konnten!) und seit \u00fcber 30 Jahren deren S\u00e4nger und Gitarrist. Seine Tochter Macha [&hellip;]<\/p>\n","protected":false},"author":3,"featured_media":0,"comment_status":"open","ping_status":"open","sticky":false,"template":"","format":"standard","meta":[],"categories":[],"tags":[],"_links":{"self":[{"href":"https:\/\/www.hohenlohe-ungefiltert.de\/index.php?rest_route=\/wp\/v2\/posts\/657"}],"collection":[{"href":"https:\/\/www.hohenlohe-ungefiltert.de\/index.php?rest_route=\/wp\/v2\/posts"}],"about":[{"href":"https:\/\/www.hohenlohe-ungefiltert.de\/index.php?rest_route=\/wp\/v2\/types\/post"}],"author":[{"embeddable":true,"href":"https:\/\/www.hohenlohe-ungefiltert.de\/index.php?rest_route=\/wp\/v2\/users\/3"}],"replies":[{"embeddable":true,"href":"https:\/\/www.hohenlohe-ungefiltert.de\/index.php?rest_route=%2Fwp%2Fv2%2Fcomments&post=657"}],"version-history":[{"count":1,"href":"https:\/\/www.hohenlohe-ungefiltert.de\/index.php?rest_route=\/wp\/v2\/posts\/657\/revisions"}],"predecessor-version":[{"id":658,"href":"https:\/\/www.hohenlohe-ungefiltert.de\/index.php?rest_route=\/wp\/v2\/posts\/657\/revisions\/658"}],"wp:attachment":[{"href":"https:\/\/www.hohenlohe-ungefiltert.de\/index.php?rest_route=%2Fwp%2Fv2%2Fmedia&parent=657"}],"wp:term":[{"taxonomy":"category","embeddable":true,"href":"https:\/\/www.hohenlohe-ungefiltert.de\/index.php?rest_route=%2Fwp%2Fv2%2Fcategories&post=657"},{"taxonomy":"post_tag","embeddable":true,"href":"https:\/\/www.hohenlohe-ungefiltert.de\/index.php?rest_route=%2Fwp%2Fv2%2Ftags&post=657"}],"curies":[{"name":"wp","href":"https:\/\/api.w.org\/{rel}","templated":true}]}}