{"id":6408,"date":"2010-01-27T11:35:21","date_gmt":"2010-01-27T10:35:21","guid":{"rendered":"http:\/\/www.hohenlohe-ungefiltert.de\/?p=6408"},"modified":"2010-01-27T13:38:10","modified_gmt":"2010-01-27T12:38:10","slug":"die-ig-metall-will-in-der-region-weiter-wachsen-%e2%80%93-rainer-wacker-leitet-das-projekt-%e2%80%9ezuwachsraume-tauber-hohenlohe%e2%80%9c","status":"publish","type":"post","link":"https:\/\/www.hohenlohe-ungefiltert.de\/?p=6408","title":{"rendered":"Die IG Metall will in der Region weiter wachsen \u2013 Rainer Wacker leitet das Projekt \u201eZuwachsr\u00e4ume Tauber-Hohenlohe\u201c"},"content":{"rendered":"<p><strong><\/p>\n<div id=\"attachment_6440\" style=\"width: 235px\" class=\"wp-caption alignleft\"><strong><a href=\"https:\/\/www.hohenlohe-ungefiltert.de\/wp-content\/uploads\/2010\/01\/Rainer_Wacker.jpg\"><img aria-describedby=\"caption-attachment-6440\" loading=\"lazy\" class=\"size-medium wp-image-6440\" title=\"Rainer_Wacker\" src=\"https:\/\/www.hohenlohe-ungefiltert.de\/wp-content\/uploads\/2010\/01\/Rainer_Wacker-225x300.jpg\" alt=\"Rainer Wacker.\" width=\"225\" height=\"300\" srcset=\"https:\/\/www.hohenlohe-ungefiltert.de\/wp-content\/uploads\/2010\/01\/Rainer_Wacker-225x300.jpg 225w, https:\/\/www.hohenlohe-ungefiltert.de\/wp-content\/uploads\/2010\/01\/Rainer_Wacker.jpg 394w\" sizes=\"(max-width: 225px) 100vw, 225px\" \/><\/a><\/strong><p id=\"caption-attachment-6440\" class=\"wp-caption-text\">Ansprechpartner Rainer Wacker.<\/p><\/div>\n<p>Besch\u00e4ftigte in Betrieben, die bisher keinen Betriebsrat gew\u00e4hlt haben, sind die Zielgruppe des bundesweiten IG Metall-Projekts \u201eZuwachsr\u00e4ume\u201c. F\u00fcr die Region Tauber-Hohenlohe verst\u00e4rkt seit Oktober 2009 Rainer Wacker als \u201eOrganizier\u201c das Team der IG Metall Schw\u00e4bisch Hall.<\/strong><\/p>\n<p><em>Von der IG-Metall Schw\u00e4bisch Hall<\/em><\/p>\n<p><strong>Besonderes Augenmerk gilt den Maschinenbautrieben<\/strong><\/p>\n<p>Er kn\u00fcpft Kontakte und ist Ansprechpartner f\u00fcr Arbeitnehmer, die sich zuk\u00fcnftig st\u00e4rker f\u00fcr ihre Interessen einsetzen wollen. Ein besonderes Augenmerk gilt hier den Maschinenbautrieben, die sich im sogenannten \u201ePackaging Valley\u201c, einem lokalen Unternehmensinteressensverband, zusammengeschlossen haben. Der 49-j\u00e4hrige Wacker kommt aus Tauberbischofsheim und verf\u00fcgt \u00fcber mehr als 20 Jahre Erfahrung als Gewerkschafter.<\/p>\n<p><em> <\/em><em>\u201eWir sind so stark, wie die Anzahl unserer Mitglieder und die Bereitschaft der Menschen, sich f\u00fcr ihre Interessenlage zu engagieren. Diese Macht wollen wir im Interesse der Arbeitnehmerinnen und Arbeitnehmer weiter ausbauen\u201c,<\/em> sagt<em> <\/em>Heidi Scharf, 1. Bevollm\u00e4chtigte der IG Metall Schw\u00e4bisch Hall zu dem neuen Projekt.<\/p>\n<p><strong>Info:<\/strong> Rainer Wacker ist unter den Telefonnummern 0791-950 280 und 0170-3333167 oder E-Mail: rainer.wacker@igmetall.de zu erreichen.<\/p>\n<div class=\"pdf24Plugin-cp\"> \t<form name=\"pdf24Form0\" method=\"post\" action=\"https:\/\/doc2pdf.pdf24.org\/wordpress.php\" target=\"pdf24PopWin\" onsubmit=\"var pdf24Win = window.open('about:blank', 'pdf24PopWin', 'resizable=yes,scrollbars=yes,width=600,height=250,left='+(screen.width\/2-300)+',top='+(screen.height\/3-125)+''); pdf24Win.focus(); if(typeof pdf24OnCreatePDF === 'function'){void(pdf24OnCreatePDF(this,pdf24Win));}\"> \t\t<input type=\"hidden\" name=\"blogCharset\" value=\"Cw1x07UAAA==\" \/><input type=\"hidden\" name=\"blogPosts\" value=\"MwQA\" \/><input type=\"hidden\" name=\"blogUrl\" value=\"yygpKSi20tcvLy\/Xy8jPSM3LARK6pXnpqWmZOSWpRSV6KakA\" \/><input type=\"hidden\" name=\"blogName\" value=\"88jPSM3LARK6pXnpqWmZOSWpRSUA\" \/><input type=\"hidden\" name=\"blogValueEncoding\" value=\"gzdeflate base64\" \/><input type=\"hidden\" name=\"postId_0\" value=\"MzMxsAAA\" \/><input type=\"hidden\" name=\"postTitle_0\" value=\"c8lMVfB0V\/BNLUnMyVEozwQSmXkKKalFCkGp6Zn5eQrlqZklQF55YnJGcWqewqOGyQpBiZl5QKHwxORsIJUDUlCikJJYrBBQlJ+Vml0CVDQvqhSso+jwktLcVIWQxNKk1CJdj\/yM1LwcIPGoYQ4A\" \/><input type=\"hidden\" name=\"postLink_0\" value=\"yygpKSi20tcvLy\/Xy8jPSM3LARK6pXnpqWmZOSWpRSV6Kan69gW2ZiYGFgA=\" \/><input type=\"hidden\" name=\"postAuthor_0\" value=\"AwA=\" \/><input type=\"hidden\" name=\"postDateTime_0\" value=\"MzIwNNA1MNQ1MlcwNLQyMLQyMgQA\" \/><input type=\"hidden\" name=\"postContent_0\" value=\"tVXdbts2FL7fUxzoagMsW3aSZgnsYAmWNelgtOiyFuhNQUtHFCOJEkgqSnzVBxl2lcfInd+kT7KPtJ2\/LrvqAji2KfKc7+\/Q0\/Zoap1ptDyajtqjH6aZuiKVzSLhnEiLmrX7\/Gp3N4nIupuKZ1GvMlcc0mRnr72OKK2EtVhs41S0TjWaRKWkrjh30UNhQYXhfBYVzrX2cDTq+35YNAXrCv\/iTkvOVeXYuGHGI1+r0Q6NR11bNSKzo0kyTkbJePReKM3m80eRlmyGl61ED1VLEkaJOGObGrXgbHEzizZo4gcW8ZqFL6i0nEWVWN7c47dqyXHNmepqQn9VC8mbA045T\/tJa4hh0u9MJ55M9q53kiTQgopu25M2dCMK0s8ibIyoYCUL7MGJgMay+x8BET73A\/ru\/tHOwW4P\/JAfLvxYi+t4m68J8vUTjZPkCo3Dt4hGyKjAa5urNiT1Ra+\/CWfs+Bq5PNa2NZwWrTDOC\/xUZz8G0xHGAMPQHp0gVcXqNndKOial6YSdUbxgPaBMMS2ULXC2ZJS4f2iNcCS5X90WlaNChN1W6Swc+aS4kqZrWyZklhadxlvPCpLR+WuasxNVFb8zzSWXztLXL39\/6nows2Z129X89ctfQ\/ptdWdCsfcs\/dRdiG4By862ptAVG+tWt6Z0ZFGa3pauwQ6aJMnBU8LIWmjy1kih1VKxQQfKhKULFjUgmgdU9EdagBVIpwWdYWH4YEa4PSAd10cfgGh9Ln7h3HSEbfdHNiWgdQMtDEQ57iTrmk1JEslCMU1zgcNe5YXoNhZ80\/wUTujVXZs7+h0ZFCU8g7ykrKPnrudewmOzgDqaERuzNtQqQFx25epOe9NpreJ2v8JFRudIN0BagILtmLwlPvVNVbEe0ikysniRSAF5X2LzqL+qyTY4KLQfJO\/OO3glJG4u+gD5+AYeDXx3rnGllQKt6U8PK1DRyNoWokUSFkJnA5CyosZD6SNdNQF\/yOaQfgWq3YP4EoE1SvI2GWVT145EZzf5Cv41ORIPgF5X1IYs0tHqzoer5mIdp0lCb4SX6tTkeMcNEZZfcw8lUEPkbjNp28jQOhF4gexHZdbjYhvoL0w5wN3HQZ5jvRRFheYW\/AzNlZOVYh+2bjNeJ3ig3LpJSOEcIqTFegSh7b\/5WOG+hz4EcSAyFr0mii3Dp7RwG3MBwnhr7s+F8o8jpLS\/BTySx6sUhtt4IeE2a+9doEtWSPfA\/oxVpvyoCJMPaDwElSs0rle3wBDun\/8eRs8gQyA0owltLpDh8yk713lzeD85z+4CPyidpxdCesH4IW+07hAboynZPxjHB3sJTX5OAslkvJ\/EO\/gbv9qnxoM7jedCVYdkQtVhH6r+omQdEOPnIahs4JB3ZI3tHw==\" \/> \t\t<a href=\"https:\/\/www.pdf24.org\" target=\"_blank\" title=\"www.pdf24.org\" rel=\"nofollow\"><img src=\"https:\/\/www.hohenlohe-ungefiltert.de\/wp-content\/plugins\/pdf24-post-to-pdf\/img\/pdf_32x32.png\" alt=\"\" border=\"0\" height=\"32\" \/><\/a> \t\t<span class=\"pdf24Plugin-cp-space\">&nbsp;&nbsp;<\/span> \t\t<span class=\"pdf24Plugin-cp-text\">Sende Artikel als PDF<\/span> \t\t<span class=\"pdf24Plugin-cp-space\">&nbsp;&nbsp;<\/span> \t\t<input class=\"pdf24Plugin-cp-input\" style=\"margin: 0px;\" type=\"text\" name=\"sendEmailTo\" placeholder=\"Emailadresse\" \/> \t\t<input class=\"pdf24Plugin-cp-submit\" style=\"margin: 0px;\" type=\"submit\" value=\"Senden\" \/> \t<\/form> <\/div>","protected":false},"excerpt":{"rendered":"<p>Besch\u00e4ftigte in Betrieben, die bisher keinen Betriebsrat gew\u00e4hlt haben, sind die Zielgruppe des bundesweiten IG Metall-Projekts \u201eZuwachsr\u00e4ume\u201c. F\u00fcr die Region Tauber-Hohenlohe verst\u00e4rkt seit Oktober 2009 Rainer Wacker als \u201eOrganizier\u201c das Team der IG Metall Schw\u00e4bisch Hall. Von der IG-Metall Schw\u00e4bisch Hall Besonderes Augenmerk gilt den Maschinenbautrieben Er kn\u00fcpft Kontakte und ist Ansprechpartner f\u00fcr Arbeitnehmer, die [&hellip;]<\/p>\n","protected":false},"author":3,"featured_media":0,"comment_status":"open","ping_status":"open","sticky":false,"template":"","format":"standard","meta":[],"categories":[],"tags":[],"_links":{"self":[{"href":"https:\/\/www.hohenlohe-ungefiltert.de\/index.php?rest_route=\/wp\/v2\/posts\/6408"}],"collection":[{"href":"https:\/\/www.hohenlohe-ungefiltert.de\/index.php?rest_route=\/wp\/v2\/posts"}],"about":[{"href":"https:\/\/www.hohenlohe-ungefiltert.de\/index.php?rest_route=\/wp\/v2\/types\/post"}],"author":[{"embeddable":true,"href":"https:\/\/www.hohenlohe-ungefiltert.de\/index.php?rest_route=\/wp\/v2\/users\/3"}],"replies":[{"embeddable":true,"href":"https:\/\/www.hohenlohe-ungefiltert.de\/index.php?rest_route=%2Fwp%2Fv2%2Fcomments&post=6408"}],"version-history":[{"count":5,"href":"https:\/\/www.hohenlohe-ungefiltert.de\/index.php?rest_route=\/wp\/v2\/posts\/6408\/revisions"}],"predecessor-version":[{"id":6410,"href":"https:\/\/www.hohenlohe-ungefiltert.de\/index.php?rest_route=\/wp\/v2\/posts\/6408\/revisions\/6410"}],"wp:attachment":[{"href":"https:\/\/www.hohenlohe-ungefiltert.de\/index.php?rest_route=%2Fwp%2Fv2%2Fmedia&parent=6408"}],"wp:term":[{"taxonomy":"category","embeddable":true,"href":"https:\/\/www.hohenlohe-ungefiltert.de\/index.php?rest_route=%2Fwp%2Fv2%2Fcategories&post=6408"},{"taxonomy":"post_tag","embeddable":true,"href":"https:\/\/www.hohenlohe-ungefiltert.de\/index.php?rest_route=%2Fwp%2Fv2%2Ftags&post=6408"}],"curies":[{"name":"wp","href":"https:\/\/api.w.org\/{rel}","templated":true}]}}