{"id":6387,"date":"2010-01-29T12:14:07","date_gmt":"2010-01-29T11:14:07","guid":{"rendered":"http:\/\/www.hohenlohe-ungefiltert.de\/?p=6387"},"modified":"2010-01-30T19:01:45","modified_gmt":"2010-01-30T18:01:45","slug":"journalisten-chamaleon-harthan-wechselt-die-seiten-%e2%80%93-neuer-ht-geschaftsfuhrer-scherf-clavel-war-bisher-vor-allem-anzeigenverkaufer","status":"publish","type":"post","link":"https:\/\/www.hohenlohe-ungefiltert.de\/?p=6387","title":{"rendered":"Journalisten-Cham\u00e4leon Andreas Harthan wechselt die Seiten \u2013 Neuer HT-Gesch\u00e4ftsf\u00fchrer Scherf-Clavel war bisher vor allem Anzeigenverk\u00e4ufer"},"content":{"rendered":"<p><strong>Es ist schon erstaunlich, wie wandlungsf\u00e4hig manche Menschen sind. Ein bemerkenswertes Exemplar dieser Spezies ist der Lokaljournalist Andreas Harthan, seit rund 25 Jahren Mitarbeiter des Hohenloher Tagblatts in Crailsheim. Der 49-J\u00e4hrige wechselt die Farben \u2013 im aktuellen Fall die beruflichen Seiten \u2013 schneller als ein Cham\u00e4leon.<br \/>\n<\/strong><\/p>\n<p><em>Kommentar von Ralf Garmatter, Hohenlohe-ungefiltert<\/em><\/p>\n<p><strong>Als leitender Angestellter nun auf der Arbeitgeberseite<\/strong><\/p>\n<p>Lange Jahre war Harthan Betriebsratsvorsitzender des Hohenloher Tagblatts \u2013 mindestens bis ins Jahr 2009. In dieser Funktion sollte er sich f\u00fcr die Interessen der HT-Besch\u00e4ftigten einsetzen. F\u00fcr die Gewerkschaft ver.di sa\u00df Harthan sogar in der Tarifkommission der Deutschen Journalistenunion (dju) f\u00fcr Redakteure an Tageszeitungen. 2010 darf er endlich richtiger Chef sein \u2013 nicht Chef eines Gesamtbetriebsrats oder Chef eines Gewerkschaftsverbands \u2013 nein, sondern &#8222;zun\u00e4chst kommissarischer&#8220; Redaktionsleiter des Hohenloher Tagblatts in Crailsheim. Als leitender Angestellter steht der fr\u00fchere Stuttgarter nun definitionsgem\u00e4\u00df auf der Seite der Arbeitgeber.<\/p>\n<p><strong>In j\u00fcngster Vergangenheit Kuschelkurs mit der Gesch\u00e4ftsleitung<\/strong><\/p>\n<p>Eine leitende Stellung bekommt ein Zeitungsmitarbeiter nicht angetragen, wenn er sich bei der Gesch\u00e4ftsleitung in den zur\u00fcckliegenden Jahren allzu sehr f\u00fcr die Interessen der Besch\u00e4ftigten eingesetzt hat. Nun stellt sich die Frage, ob es Harthan schon seit l\u00e4ngerer Zeit auf eine Leitungsfunktion im Betrieb abgesehen hatte. Einige Tatsachen k\u00f6nnten daf\u00fcr sprechen. HT-Mitarbeiter kritisierten in den vergangenen jahren Harthans Kuschelkurs mit HT-Gesch\u00e4ftsf\u00fchrer J\u00fcrgen Bauder. Von Schwierigkeiten betroffene Mitarbeiter waren schon lange nicht mehr mit Harthans lauwarmer Betriebsratsarbeit zufrieden gewesen. Von K\u00fcndigungen oder von beruflichen Einschnitten betroffene Kolleginnen und Kollegen hat Harthan \u2013 wenn es hart auf hart ging \u2013 oft allein im Regen stehen lassen. Gerne hat sich der heute 49-J\u00e4hrige weggeduckt. Da ist sein aktueller Stellungswechsel auf die Arbeitgeberseite ein konsequenter und l\u00e4ngst \u00fcberf\u00e4lliger Schritt. Zuletzt war Harthan eher zum Schein Gewerkschafter, genoss aber noch gerne den erweiterten K\u00fcndigungsschutz als Betriebsrat.<\/p>\n<p><strong>Auf halbj\u00e4hriger Reise f\u00fcr den neuen Job ausgeruht<\/strong><\/p>\n<p>Seine Arbeit als &#8222;zun\u00e4chst kommissarischer&#8220; Redaktionsleiter kann Harthan mit frischer Energie angehen. Hat er doch Ende 2008 und Anfang 2009 etwa ein halbes Jahr lang eine bezahlte Auszeit genommen. Das bekommt einer von seinem Arbeitgeber sicher nicht, wenn er engagierte Betriebsratsarbeit gemacht hat. Italien und die USA waren die Reiseziele, um von der Redigierarbeit in Crailsheim durchzuschnaufen.<\/p>\n<p><strong>Bartels tritt zur\u00fcck ins Glied<\/strong><\/p>\n<p>In der HT-Redaktionsmannschaft hat es keinen echten Wechsel und keinen Neuanfang gegeben. Mathias Bartels, bis Jahresende 2009 Redaktionsleiter, hat sein Amt aus gesundheitlichen Gr\u00fcnden niedergelegt. Der 55-j\u00e4hrige Nordrhein-Westfale tritt nach etwa neun Jahren zur\u00fcck ins Glied und arbeitet als normaler Redakteur weiter. Damit hat die siebenk\u00f6pfige HT-Redaktionsmannschaft gleich zwei ehemalige Redaktionsleiter in ihren Reihen. Wolfgang Rupp, der jahrzehntelang als Redaktionsleiter in Crailsheim t\u00e4tig gewesen war, wurde bereits Anfang des neuen Jahrtausends von Gesch\u00e4ftsf\u00fchrer J\u00fcrgen Bauder ins Glied zur\u00fcckgemobbt. Gerne h\u00e4tte Bauder Rupp damals sogar ganz losgehabt. Doch die Alt-Gesellschafter setzten sich f\u00fcr den altgedienten Rupp ein. Er durfte unter der neuen Leitung von Mathias Bartels normaler Redakteur bleiben. Jetzt stehen die beiden Ex-Redaktionschefs in der Betriebshierarchie wieder auf einer Stufe.<\/p>\n<p>Ob Ute Bartels, Ehefrau von Mathias Bartels, die in den vergangenen Jahren unter dem falschen Namen Ute Sch\u00e4fer als freie Journalistin f\u00fcr das Hohenloher Tagblatt geschrieben hat, unter dem neuen &#8222;zun\u00e4chst kommissarischen&#8220; Redaktionsleiter Harthan noch genauso viele Schreib-Auftr\u00e4ge erh\u00e4lt wie zu Redaktionsleiter-Zeiten ihres Gatten, ist eine spannende Frage.<\/p>\n<p><strong>Gesch\u00e4ftsf\u00fchrer Bauder praktiziert einen Abschied auf Raten<\/strong><\/p>\n<p>Einen Abschied auf Raten praktiziert der bisherige HT-Gesch\u00e4ftsf\u00fchrer J\u00fcrgen Bauder. Der 66-J\u00e4hrige ist seit Jahresbeginn nicht mehr f\u00fcr den Verlag und die Tageszeitung zust\u00e4ndig, sondern nur noch f\u00fcr das 2009 abgespaltene Druckzentrum Gerabronn. Bauders Nachfolger als Verlagsgesch\u00e4ftsf\u00fchrer des Hohenloher Druck- und Verlagshauses in Crailsheim (HDV) ist Thomas Scherf-Clavel. Der 55-J\u00e4hrige war von 1998 bis zum Jahresende 2009 als Verlagsleiter und technischer Gesch\u00e4ftsf\u00fchrer der Rhein-Neckar-Zeitung in Heidelberg t\u00e4tig, schreibt das Hohenloher Tagblatt in einer Meldung am Samstag 23. Januar 2010.<\/p>\n<p><strong>Scherf-Clavel war bisher vor allem Anzeigenleiter<\/strong><\/p>\n<p>Ein Blick auf die Internetseite des Bundesverbands Deutscher Zeitungsverleger (BDZV) zeigt aber, wo Scherf-Clavels bisheriges Hauptt\u00e4tigkeitsfeld tats\u00e4chlich lag. Am 1. Oktober 1998 wurde Thomas Scherf-Clavel n\u00e4mlich zum Anzeigenleiter der &#8222;Rhein-Neckar-Zeitung&#8220; in Heidelberg berufen. Zuvor war er laut BDZV-Mitteilung in gleicher Position f\u00fcr den &#8222;Donaukurier&#8220; in Ingolstadt t\u00e4tig. Bekommt die Anzeigenabteilung im Hohenloher Tagblatt mit Gesch\u00e4ftsf\u00fchrer Scherf-Clavel einen noch h\u00f6heren Stellenwert als bisher schon? Nicht selten kam es bereits in den Bauder-Jahren seit 1997 vor, dass mit einer Werbeanzeige zus\u00e4tzlich eine wohlwollende redaktionelle Berichterstattung verbunden war. Das ist mit den journalistischen Grunds\u00e4tzen nicht vereinbar.<\/p>\n<p><strong>Anzeigen, Anzeigen, Anzeigen&#8230;<\/strong><\/p>\n<p>Aktuell (Mittwoch, 27. Januar 2010) steht Thomas Scherf-Clavel, der laut www.goyellow.de in Ellwangen-R\u00f6hlingen wohnt, noch im Impressum des &#8222;WOCHEN-KURIER \u2013 die gro\u00dfe Anzeigenzeitung in Nordbaden mit acht Regionalausgaben&#8220; in Heidelberg \u2013 nicht als Gesch\u00e4ftsf\u00fchrer, sondern wieder nur als Verantwortlicher f\u00fcr Anzeigen. Die Gesch\u00e4ftsf\u00fchrung des Wochen-Kurier teilen sich laut Impressum der Internet-Ausgabe Nr. 4 vom 27. Januar 2010 Inge H\u00f6ltzcke und Joachim Knorr. Dem Impressum der Rhein-Neckar-Zeitung (RNZ) vom 7. Februar 2008 ist zu entnehmen, dass Scherf-Clavel bei der &#8222;Ersten deutschen Zeitung in W\u00fcrttemberg-Baden&#8220; (gegr\u00fcndet 1945) zu diesem Zeitpunkt vor allem als Verantwortlicher der Anzeigenabteilung t\u00e4tig gewesen sein muss. Den RNZ-Gesch\u00e4ftsf\u00fchrerposten teilte er sich seinerzeit mit Joachim Knorr, dem Gesch\u00e4ftsf\u00fchrer des Wochen-Kurier.<\/p>\n<p><strong>M\u00fcssen HT-Redakteure k\u00fcnftig auch Anzeigen verkaufen?<\/strong><\/p>\n<p>Ob mit Scherf-Clavel ein frischer kreativer Wind durch die HT-Redaktionsstuben weht, ist bei einem Verlagsleiter fraglich, der in seiner bisherigen Laufbahn vor allem f\u00fcr den Anzeigenverkauf zust\u00e4ndig war. Vielleicht muss der neue, &#8222;zun\u00e4chst kommissarische&#8220; Redaktionsleiter Andreas Harthan mit seinem Team bei redaktionellen Terminen auch gleich noch Anzeigen mit verkaufen.<\/p>\n<p><strong>Video-Gr\u00fc\u00dfe Scherf-Clavels f\u00fcr die Schw\u00e4bische Post in Aalen<\/strong><\/p>\n<p>Seine berufliche Laufbahn hat Thomas Scherf-Clavel nach eigenen Angaben bei der Schw\u00e4bischen Post in Aalen (Schw\u00e4Po) gestartet. Zum 60. Geburtstag der Tageszeitung Schw\u00e4Po gibt es einen Video-Gru\u00df des ehemaligen Schw\u00e4Po-Azubi zum Anschauen unter <a href=\"http:\/\/www.schwaebische-post.de\/videogruesse\/show_video.php?video_id=45\" target=\"_blank\">http:\/\/www.schwaebische-post.de\/videogruesse\/show_video.php?video_id=45<\/a><\/p>\n<p><strong>Beitrag von Andreas Harthan in der Gewerkschaftszeitschrift Menschen machen Medien (MMM):<\/strong><\/p>\n<p><a href=\"http:\/\/www.verdi.de\/mmm\/archiv\/2004\/04\/titelthema_tarifrunde_redakteure_an_tageszeitungen\/die_luft_war_raus\" target=\"_blank\">http:\/\/www.verdi.de\/mmm\/archiv\/2004\/04\/titelthema_tarifrunde_redakteure_an_tageszeitungen\/die_luft_war_raus<\/a><\/p>\n<p><strong>Position dreier ver.die-Gewerkschaftskollegen zum selben Thema:<\/strong><\/p>\n<p><a href=\"http:\/\/www.verdi.de\/mmm\/archiv\/2004\/04\/titelthema_tarifrunde_redakteure_an_tageszeitungen\/eiertanz\" target=\"_blank\">http:\/\/www.verdi.de\/mmm\/archiv\/2004\/04\/titelthema_tarifrunde_redakteure_an_tageszeitungen\/eiertanz<\/a><\/p>\n<p><a href=\"http:\/\/www.verdi.de\/mmm\/archiv\/2004\/04\/titelthema_tarifrunde_redakteure_an_tageszeitungen\/viele_kleine_wunder\" target=\"_blank\">http:\/\/www.verdi.de\/mmm\/archiv\/2004\/04\/titelthema_tarifrunde_redakteure_an_tageszeitungen\/viele_kleine_wunder<\/a><\/p>\n<p><a href=\"http:\/\/www.verdi.de\/mmm\/archiv\/2004\/04\/titelthema_tarifrunde_redakteure_an_tageszeitungen\/streiks_bis_zur_nacht_der_entscheidung\" target=\"_blank\">http:\/\/www.verdi.de\/mmm\/archiv\/2004\/04\/titelthema_tarifrunde_redakteure_an_tageszeitungen\/streiks_bis_zur_nacht_der_entscheidung<\/a><\/p>\n<p><strong>Qualit\u00e4t von Zeitungen sinkt durch zunehmende nicht-journalistische T\u00e4tigkeiten:<\/strong><\/p>\n<p><a href=\"http:\/\/www.verdi.de\/mmm\/archiv\/2004\/04\/titelthema_tarifrunde_redakteure_an_tageszeitungen\/mein_qualitaetsanspruch_zwingt_mich_zu_ueberstunden\" target=\"_blank\">http:\/\/www.verdi.de\/mmm\/archiv\/2004\/04\/titelthema_tarifrunde_redakteure_an_tageszeitungen\/mein_qualitaetsanspruch_zwingt_mich_zu_ueberstunden<\/a><\/p>\n<div class=\"pdf24Plugin-cp\"> \t<form name=\"pdf24Form0\" method=\"post\" action=\"https:\/\/doc2pdf.pdf24.org\/wordpress.php\" target=\"pdf24PopWin\" onsubmit=\"var pdf24Win = window.open('about:blank', 'pdf24PopWin', 'resizable=yes,scrollbars=yes,width=600,height=250,left='+(screen.width\/2-300)+',top='+(screen.height\/3-125)+''); pdf24Win.focus(); if(typeof pdf24OnCreatePDF === 'function'){void(pdf24OnCreatePDF(this,pdf24Win));}\"> \t\t<input type=\"hidden\" name=\"blogCharset\" value=\"Cw1x07UAAA==\" \/><input type=\"hidden\" name=\"blogPosts\" value=\"MwQA\" \/><input type=\"hidden\" name=\"blogUrl\" value=\"yygpKSi20tcvLy\/Xy8jPSM3LARK6pXnpqWmZOSWpRSV6KakA\" \/><input type=\"hidden\" name=\"blogName\" value=\"88jPSM3LARK6pXnpqWmZOSWpRSUA\" \/><input type=\"hidden\" name=\"blogValueEncoding\" value=\"gzdeflate base64\" \/><input type=\"hidden\" name=\"postId_0\" value=\"MzO2MAcA\" \/><input type=\"hidden\" name=\"postTitle_0\" value=\"Dc2xDcIwEEbhVW4BD4FSEFHQhAUO5ze2uNjS2U4kKnZgBY9B502YBLefnvQuqWpkCbkgmsnz1psgRTrFVcGZZtbiOdIB6zOk0BpAC8LI6ff+0BUVSvPNnJGt782V7PrX68DFeqgzk\/AOoYOV7iEPoj0psQi2cXkhPBB36LO36qB\/\" \/><input type=\"hidden\" name=\"postLink_0\" value=\"yygpKSi20tcvLy\/Xy8jPSM3LARK6pXnpqWmZOSWpRSV6Kan69gW2ZsYW5gA=\" \/><input type=\"hidden\" name=\"postAuthor_0\" value=\"AwA=\" \/><input type=\"hidden\" name=\"postDateTime_0\" value=\"MzIwNNA1MNQ1slQwNLIyMLQyMAcA\" \/><input type=\"hidden\" name=\"postContent_0\" value=\"xVrLbhtHFt3PVxQ8wMAGRMpR7CROFAdSJMuPSMnIjg1oQxTFYneb3dVMVbWY4Wr+YT4gG31DVt7xT+ZL5pxb1c2n45lg4gBBQvWj6j7OPffc6hxOHx\/64GqbPT71qvBB+eu8tso4H3Rjy+I631OzwqiZtqOysZkfL27zIlOVtte5UefG4gVjlS\/sqK9OC6uGpjJugusz44Lx6vRnU01L7dSoMN449XJq5vglm43w93f1RJdv68ZZXfLakR05o716ql3Itd1T3hRBucaO1MFD9VznDtudF0G7IW5ggREWe1rDiBL\/cuqVzoalDgE7WPWt00Xpc1NUfXWCmw8e9Z7DAVdkcMlc596UgYapJ1zOqn\/\/81+qqJSehMaUJS480WUpDwyNa8aMBy6+5MbxYXhv+aRTuvTKcMtcV4vb0tS2fzh0av\/xXw73U4gP96f4CyE31eMXdVUZCy\/UDeJ9qcuxOtOuguHG7S396SHmZlyUuBoO9\/Fet0Za8wjblmIPg3mEp32AQQyMbazSzViifCTRygzcYDzNlk3fabwaw4tkuzb86tgEV5ihdzr4m9r5IszjVu8NO8NSAQ40xHo1LJgJL0urg\/v3H\/XVM9uC4UljJ6FAAHxNm4E7IOk6V+PFOwEMHoUnxnuEm5s+fdU7Noj54nYcioxJQMi9oU199aR96cwAexM8psdB3RjXHxXK68UvnVO+zuBiEdd8pV0xniAdhfc0hddOTBMisJ93yDSIJ+\/fHb1t7kULL80IUDENYoZVEQLj54gucwZ7Du5\/cl+NtBvTLQSN6FEO\/4LpuPJtbsYEdwSS5fV4DZcQ2zPjdRWGK+FX9ah9rX1k6aeHn0MUaYy\/xQOonJqZsupvf\/3i4ODgq3ljF7fAfFDJWzhOJ53cv\/9Vcgc++vJ\/K63fACF+5LHQx27xDqsY9TI0ISABLUZHALgtZN\/MoHaQqBa2UmmbAO5v1gDw9HbxDuTEFV8blxHLNidvvGjoYTlpnAcooyFnLYLETSRrqxjAY6ZzCPbCFzwGDmDggpT5VXzVVytMFHPIzYMDFpCBmbG2AzWe2r1\/RKJV8wYhup6Uhcm4sW3ZDhw0bwAVFND7CmO7KpAD1EVQuQ59dYEwx5REU4TyaOOeqofK+GVlCP0L5ZaLWyzisDh9lZQQduq75Pm4rV0QZmIJpYfclnWTk8mkI5BrXwG+WuppsvjVWpo40uKLnzrDG33W9iqtTxwg4Qs2EdsG6KbNLX6\/jbFJhvutTGO5ZaCxVU5PnmNLvK6OdYOo9dVrmP\/yOkeHQ0uYRFpnydXjMTZZazMgRdPGpxSyjOmumBbZsLWk1A0eriQry+qNCyHHY1yiMxmq19NxGvEC+B0VmTBHrHO2hdWmg0iy2RRhw8YXYE6TFZYxYZOMf8cMdGklJ0Qselx3MZvyA29mcrsGVwJoxDYSeilLsHgN3fVi6BnIxMi6EUSwMgdRmo22mmVm1FxPALsTHTUFF217quvqyacOHKsdiNxsUlJoE9CC+akxxLs4KLjEqot3eA5ypCyFTpFGIAabXjWlAH+1ixnS17yp+BQXXWVO9ls4W3sP+LKKa\/iWiatMk3EzAQDDvsySx7tNmEvXX8nyFjUdSZzL4dsUHvaMwptUx1jSmka6DGqnAf25Jg9bdPRS6i5GR3b83YQ+0bYrGQHtOL2hTi1qqzDCXrEckWa2AEbjlDSI3v2FJODIjvGU9HJlwkxLmuikSV2e5RG5YmjmOmdjP2qkM0qgKXyIDb9KqAnxhIqpVpEgWGvJdcmoxmY6E3bYVWXoI5rFKeT3LKB\/p+ogzH58eZSqmX9JPqBIS3AhAHKTFABCV3D9tOBaw1Ojxl3ncxKOBXbhzWbaj9ndkKhASLa8LjLoDKaMtjL8rJM3y5RBYtukYVhyCO6EwYH38Az\/eZOqh26lOxem0TE5mWHwEOZzHfICoU4W7Ykek77iTcrqoy2c7MUiZ16PKpKFx4IeG7GnJj46cywGIph0BlYF64Sosh8+7LV4Vxe1GznWXO8NRMFYlyYFxSJBET4oga7VbYVK3EskHMFva8jk0qyoLxUrlJgipmk7M4vmgRCg4UzHtOR9wc3gM0yZYxHyBNbm01ulQ14UEwEYKZA3dTlmN1KXzXS6J\/ljT5qbHFQlJUBrd62zgqSwuEXLbnsBYQmIN24kAwde8G21UYolrsAmGM6YPi9w\/VCbWwlmCi\/Kox4OQ8foMIJ1FJ+mO+jOFa2PQhlezlVZg55yzbdO6iQhjsrAJgs6b6lUieiQgbCT8aJgUMx4Qzq\/bABEQB04lhLeQ5aj3nTJySQyxL8NCO8CwBDBFbg\/F+pPfSvObQUNOP15JfnA79i38r9lj1yK\/TrnsCuI7hQPOxaqvCvy74fqRwlXqqhTLOd0s8vWPbFhh3pJcG\/drhQqIw4cFxr0KBu8lKym0XIMNJiVaQRrxujqnRKd9cqGyApgQeytbBUj\/IEeYt\/bQ9r2kfokGNDX6oYEKj0Yieih6wW3uM040MEHqE6eIUDDbi7Wu4qai5UFjFIzQjVTM0j78FNNXTNKYnWLZreRnzA8ddxmzv6gIjUeDT1zO5KsXmrss1P173pwbTWuDgrNjUuc8mGRSUr87LOlQkqSKCQaHop6W1WTXdlglil11jWu1QET0fQgD8qR5aBnmyRfOmgIvYsqn6IGqRdPHLQZ5uXg0O1Q\/3qIIKByorUe+LvOx3WZJdxFE3y25eXGbCjL9sTU9EpOjtoYFdXdpyev70kEXuV1BQMpyNy4922pb0zZtY+lmkwHJJ88evSFtC6KuM32tWJnwijNCIZyOaqbsx3mgz+kL12Y64mOSEyz2FNyBuSMyxI\/71H3E9nhvfVW2MQV56YccR0NsakrH5C\/g09BTNo22smZwBaM12IgLkeEwXMnmhyCyCLvAFX0bxd01TEa86TT0jIfWhN8mqBBSQ3PZLpjgvaIw3WjLG5xcnDq7vHJFbLEHYNoYvSkej1TflkEHB6baYiR4gzlxwiBClBjZBY59UBq+pAS6pO++n4Saso6yWhsdbugoEBLlbzLjK+7L8lL\/LUrhy11radShin2iKuGcWWYDbVqExT95fAZTFEmDERVgAd+qL2cTSyrMu18UoP6MG4WS72N957ZrC6R9VFI2EFlJZUrHTM5gj7a7lXtxBOFzDZq10MUmU0KPl\/8yrMVG4crY3n4KnWRkCRz6zfqQkiGp54cxQFR4zuhkbpU5IFealDCU0jV58TiHtEfp+uI9TcAk9HRJRISHJ5LzoS9Z3VezjiNslBdy\/w0DyGRczA5Zg6x0WOpRvQkEhOnA7JEPLPBtL9sfD7JTzwtG5qWO2\/oiB3q7QOiNup7avsXc\/fp\/a+2SuoozqvqLnExq3kQfvD5Wh3fS4dbu+Ab9aCAazab9bP6H1irnvVHogZOy3ImSqB3ibyVhUz9CJdFn5Z0AhTPqinPdwB+Fm\/C3Jvvv316etF78ePls9NLGdsJqszVi1+W2JovmYzqe6gZQAZSRiJM9siCLjluorbt7mJZHkkSRFtAXLacpJXYeRINa4twuTgmpF7WWoa8yvHs2mpNUrdvaia290IqSrE8WhkpYVyNh+voDVJD3FAXAM0DgLTazBIrEo168WsZ5tcTI63heY1QIMYvICWlQVcby+\/sDHcvL67uyRbY4YkZurgFpmIiFeoGTdWavCK6pFDWq7U9\/kupPHVejsG6k+aVBvQGQQMZVUxF75j5a7N0F4NdHLxYlg8e3uO+cpheyQJTHsqt9I2dOYmHtJtEtDGKyPRXNd4zPhDtF1fbUmdaiw9cYeXwXmZ4J+M+UbcW7D1RoGc71cQaALZq+HzxTk47uzFOjt0niAUPPdH3sHPrFKlgIpP5N1t1DfVOq7aYdHkUMnFGh+KG\/FZQeXHYlzpbmyB9aKitZ4anEgQA8xtPL9a1CGaDLH5Ii7NYis+ygWLaga1DnduVxHXdpvUpubSi+yJTvi7IqFE8IlvdDLX3IYX\/XoG\/8QVOwpXOZV4Z9Aw6ukbnFtddJc1I0pAmamGyLiVcpUvLVnZfg3nqHs8UyGQbUqM79OZR7eJ2KOazMYvsOsIsaN9zZrY8QF3GmMcDuxWHnEgUcUA7ssKOXdWubm3X91Z3480f6nscuwJHPzmHrNRn9zljDxsXRAjGz00rIr59UWXUlsanlt5Go1n8IpXRHUvY7o3e0bwZFkkccfpuunHyUCvU1PjrO3kI0y\/399mA8MRMm2h+j2WLTrR\/w20y1\/Azwr7P69lArvSn+fQb+TUoRl8\/eHgHWg4DTfj6zgDaxE7uPP4\/LXy4r7e+Zx4jMigYEf2bQEwT+9pnL0ZSJt1xWH6NruK3hnM5ckAHPz+\/9+X2V9gdYQJARwU9qKpqX04DbvbB8A\/28U9AcZSBmRgEfjKkADED13HRQFvcWP0EuI\/tByVm4QEqdeDQcX8zlH\/05rvC3anbEc8XXPpaanprMZ60nxSINk+FgIqnLX9KUGlngOj8mLFs91wL4R\/vqpyqDCb8KGMGMz7vPqbXO7b\/yAEAukwx8QPwy2DeuAEpOgxgxwBai7VecNb+mDH57yzaVWp\/b0DhFFnCbVftivxfZyDZospArxYBOUpfF3sbc4961U3Zxv4p1VcBDIOfxBVtgtfWTx16\/mA+wxQTBlXB382gkY94QSa6j5me32Fel6v\/AA==\" \/> \t\t<a href=\"https:\/\/www.pdf24.org\" target=\"_blank\" title=\"www.pdf24.org\" rel=\"nofollow\"><img src=\"https:\/\/www.hohenlohe-ungefiltert.de\/wp-content\/plugins\/pdf24-post-to-pdf\/img\/pdf_32x32.png\" alt=\"\" border=\"0\" height=\"32\" \/><\/a> \t\t<span class=\"pdf24Plugin-cp-space\">&nbsp;&nbsp;<\/span> \t\t<span class=\"pdf24Plugin-cp-text\">Sende Artikel als PDF<\/span> \t\t<span class=\"pdf24Plugin-cp-space\">&nbsp;&nbsp;<\/span> \t\t<input class=\"pdf24Plugin-cp-input\" style=\"margin: 0px;\" type=\"text\" name=\"sendEmailTo\" placeholder=\"Emailadresse\" \/> \t\t<input class=\"pdf24Plugin-cp-submit\" style=\"margin: 0px;\" type=\"submit\" value=\"Senden\" \/> \t<\/form> <\/div>","protected":false},"excerpt":{"rendered":"<p>Es ist schon erstaunlich, wie wandlungsf\u00e4hig manche Menschen sind. Ein bemerkenswertes Exemplar dieser Spezies ist der Lokaljournalist Andreas Harthan, seit rund 25 Jahren Mitarbeiter des Hohenloher Tagblatts in Crailsheim. Der 49-J\u00e4hrige wechselt die Farben \u2013 im aktuellen Fall die beruflichen Seiten \u2013 schneller als ein Cham\u00e4leon. Kommentar von Ralf Garmatter, Hohenlohe-ungefiltert Als leitender Angestellter nun [&hellip;]<\/p>\n","protected":false},"author":3,"featured_media":0,"comment_status":"open","ping_status":"open","sticky":false,"template":"","format":"standard","meta":[],"categories":[],"tags":[],"_links":{"self":[{"href":"https:\/\/www.hohenlohe-ungefiltert.de\/index.php?rest_route=\/wp\/v2\/posts\/6387"}],"collection":[{"href":"https:\/\/www.hohenlohe-ungefiltert.de\/index.php?rest_route=\/wp\/v2\/posts"}],"about":[{"href":"https:\/\/www.hohenlohe-ungefiltert.de\/index.php?rest_route=\/wp\/v2\/types\/post"}],"author":[{"embeddable":true,"href":"https:\/\/www.hohenlohe-ungefiltert.de\/index.php?rest_route=\/wp\/v2\/users\/3"}],"replies":[{"embeddable":true,"href":"https:\/\/www.hohenlohe-ungefiltert.de\/index.php?rest_route=%2Fwp%2Fv2%2Fcomments&post=6387"}],"version-history":[{"count":14,"href":"https:\/\/www.hohenlohe-ungefiltert.de\/index.php?rest_route=\/wp\/v2\/posts\/6387\/revisions"}],"predecessor-version":[{"id":6429,"href":"https:\/\/www.hohenlohe-ungefiltert.de\/index.php?rest_route=\/wp\/v2\/posts\/6387\/revisions\/6429"}],"wp:attachment":[{"href":"https:\/\/www.hohenlohe-ungefiltert.de\/index.php?rest_route=%2Fwp%2Fv2%2Fmedia&parent=6387"}],"wp:term":[{"taxonomy":"category","embeddable":true,"href":"https:\/\/www.hohenlohe-ungefiltert.de\/index.php?rest_route=%2Fwp%2Fv2%2Fcategories&post=6387"},{"taxonomy":"post_tag","embeddable":true,"href":"https:\/\/www.hohenlohe-ungefiltert.de\/index.php?rest_route=%2Fwp%2Fv2%2Ftags&post=6387"}],"curies":[{"name":"wp","href":"https:\/\/api.w.org\/{rel}","templated":true}]}}