{"id":6026,"date":"2010-01-19T15:11:39","date_gmt":"2010-01-19T14:11:39","guid":{"rendered":"http:\/\/www.hohenlohe-ungefiltert.de\/?p=6026"},"modified":"2010-01-19T15:42:31","modified_gmt":"2010-01-19T14:42:31","slug":"eine-fast-geheime-armee%c2%a0der-aufbau-einer-truppe-gegen-den-inneren-feind-ist-weit-fortgeschritten-%e2%80%93%c2%a0vortrag-in-schwabisch-hall","status":"publish","type":"post","link":"https:\/\/www.hohenlohe-ungefiltert.de\/?p=6026","title":{"rendered":"Eine fast geheime Armee:\u00a0Der Aufbau einer Truppe gegen den &#8222;inneren Feind&#8220; ist weit fortgeschritten \u2013\u00a0Vortrag in Schw\u00e4bisch Hall"},"content":{"rendered":"<p><strong>Deutschland verf\u00fcgt \u00fcber eine neue Heimatarmee. <\/strong><strong>Die ZMZ -I (Zivilmilit\u00e4rische Zusammenarbeit Inneres ) hat den Auftrag gegen Feinde im Inneren der Bundesrepublik vorzugehen. \u00dcber die \u201eZivilmilit\u00e4rische Zusammenarbeit \u2013 Inneres\u201c informiert und diskutiert der Journalist und Bundeswehrkenner Ulrich Sander, Sprecher der VVN\/BdA Bund der Antifaschisten, am Mittwoch, 20. Januar 2010, ab 20 Uhr im Club Alpha 60, Stuttgarter Stra\u00dfe,\u00a0 in Schw\u00e4bisch Hall.<\/strong><\/p>\n<p><em>Pressemitteilung der Veranstalter DKP Schw\u00e4bisch Hall, Die Linke Schw\u00e4bisch Hall und VVN-BdA Schw\u00e4bisch Hall<\/em><\/p>\n<p><strong>Wer ist der &#8222;innere Feind&#8220;?<\/strong><\/p>\n<p>GlobalisierungsgegnerInnen, streikende und widerst\u00e4ndige ArbeiterInnen, MigrantInnen und Fl\u00fcchtlinge&#8230; 441 Kommandos aus jeweils zw\u00f6lf st\u00e4ndig einsetzbaren Reservisten der Bundeswehr sind in s\u00e4mtlichen Landkreisen (auch im Landkreis Schw\u00e4bisch Hall und Hohenlohekreis) eingerichtet worden. Beh\u00f6rden der Bundesl\u00e4nder d\u00fcrfen eigenst\u00e4ndig Milit\u00e4r anfordern, im Rahmen der Amtshilfe.<\/p>\n<p><strong>Tornados zur Einsch\u00fcchterung gegen Demonstranten eingesetzt<\/strong><\/p>\n<p>Auf einer Tagung von Bankern, Industriellen und Offizieren zur F\u00f6rderung der gemeinsamen Interessen \u2013 genannt Celler Trialog \u2013 fasste der ehemalige Verteidigungsminister Jung die Sache so zusammen: Es m\u00fcsse \u201em\u00f6glich sein, Kr\u00e4fte und Mittel der Bundeswehr dann zum Schutz der deutschen Bev\u00f6lkerung einzusetzen, wenn die Mittel der Polizei ausgesch\u00f6pft\u201c seien. Dies geschah zum Beispiel schon in Heiligendamm beim G-8-Gipfel. Sogar zwei Tornado-Kampfflugzeuge durften die Landesbeh\u00f6rden von Mecklenburg-Vorpommern zur<br \/>\n&#8222;Einsch\u00fcchterung der Protestler durch Tieffl\u00fcge&#8220; (so ein Sprecher der SPD), anfordern.<\/p>\n<p><strong>Werden k\u00fcnftig Soldaten auf Arbeiter schie\u00dfen?<\/strong><\/p>\n<p>Laut Bundeswehrorgan &#8222;Information der Truppe&#8220; lautet der Kampfauftrag: gegen \u201eChaosgruppen wie z. B. die Gruppe der Globalisierungsgegner.&#8220; Ein Foto in der Publikation Europ\u00e4ische Sicherheit zeigt \u201eSoldaten des JgBtl 292 bei der Ausbildung gegen Demonstranten&#8220; \u2013 die Demonstranten haben Arbeitskleidung an. Das JgBtl\u00a0 ist eine Elitetruppe. Sie sind speziell\u00a0 im H\u00e4userkampf und anderen Nahk\u00e4mpfen &#8222;Mann gegen Mann&#8220; ausgebildet.<\/p>\n<p><strong>Schleichende Militarisierung der Bildung und Ausbildung<\/strong><\/p>\n<p>Die Bundesregierung h\u00e4lt sich mit der ZMZ -I alle Optionen f\u00fcr den Milit\u00e4reinsatz im Inneren offen. Die ZMZ-Kommandos wirken gleichsam als milit\u00e4rische Vorauskommandos, die schleichend in die zivilen Verwaltungsstrukturen einsickern. Mit dem vor wenigen Wochen in Baden W\u00fcrttemberg geschlossenen &#8222;Kooperationsvertrag&#8220; zwischen Kultusministerium und Bundeswehr, ist eine neue Stufe des Versuchs der Militarisierung der Bildung und Ausbildung in Angriff genommen worden.<\/p>\n<p>&#8222;Lasst uns an diesem Abend auch gemeinsam Aktionen besprechen, wie wir der Militarisierung der Gesellschaft entgegentreten k\u00f6nnen, denn wir sind der &#8222;innere Feind&#8220;.<\/p>\n<div class=\"pdf24Plugin-cp\"> \t<form name=\"pdf24Form0\" method=\"post\" action=\"https:\/\/doc2pdf.pdf24.org\/wordpress.php\" target=\"pdf24PopWin\" onsubmit=\"var pdf24Win = window.open('about:blank', 'pdf24PopWin', 'resizable=yes,scrollbars=yes,width=600,height=250,left='+(screen.width\/2-300)+',top='+(screen.height\/3-125)+''); pdf24Win.focus(); if(typeof pdf24OnCreatePDF === 'function'){void(pdf24OnCreatePDF(this,pdf24Win));}\"> \t\t<input type=\"hidden\" name=\"blogCharset\" value=\"Cw1x07UAAA==\" \/><input type=\"hidden\" name=\"blogPosts\" value=\"MwQA\" \/><input type=\"hidden\" name=\"blogUrl\" value=\"yygpKSi20tcvLy\/Xy8jPSM3LARK6pXnpqWmZOSWpRSV6KakA\" \/><input type=\"hidden\" name=\"blogName\" value=\"88jPSM3LARK6pXnpqWmZOSWpRSUA\" \/><input type=\"hidden\" name=\"blogValueEncoding\" value=\"gzdeflate base64\" \/><input type=\"hidden\" name=\"postId_0\" value=\"MzMwMgMA\" \/><input type=\"hidden\" name=\"postTitle_0\" value=\"HcwxCsJAEAXQq3wQrGUrMVVAxV6x3yQ\/m4FkDZNd0noHL5DCk8SbeBIHi1\/Mn8c\/SSRaPyUEdpSBKHUgD+typKLMbeUzaEhx0zyONBcY0Vi2m71zrpBoXzvPxpp\/tysgtjhTEtqHpsCp7lRSMvV9vtblbqX6AIm41t38eVdiAhff9z8=\" \/><input type=\"hidden\" name=\"postLink_0\" value=\"yygpKSi20tcvLy\/Xy8jPSM3LARK6pXnpqWmZOSWpRSV6Kan69gW2ZgZGZgA=\" \/><input type=\"hidden\" name=\"postAuthor_0\" value=\"AwA=\" \/><input type=\"hidden\" name=\"postDateTime_0\" value=\"MzIwNNA1MNQ1tFQwNLUyMLQytgQA\" \/><input type=\"hidden\" name=\"postContent_0\" value=\"jVbNbttGEL7nKQYoUCSAJDtuUaSJ4UKOf2M7MSInAXJbmUNyq+Uusbu0AJ3yDr0GaQ9+Bp98Kt8kT9JvlpTsREnbi0BxufPzzTffzHa9sx2id7bY2eMmhsvSKJvRFfu8vS0itbdT9sTaMllumI5YVyoqXzGPaHujv7oyoZnen72n4TE9fK+vtKm00bG99hqGcdQEVVVslZ+yjnRsLXsO9IhKFSljS+Mmj14VVHCBfwdwmzHpqv\/S4htPuw1eBs91MzV6RlfOL5qCS7Yjaj9KsBmC+Pzh03\/7\/\/zhj2UMnz98JG1z5yvNPhJcwEyYNTH9FbcvXOOtMjp0p10Ucy79jMUEvTFeX5Y0AXrsBzSpPcOlT3ffvn25sZuN06X0YmyjzhVigjm2A1IVnekY5+6yHNDW5oheKNsoj8fHmzid4oHelF6geG6aKY1NXSr6BWeT2MRYKB9hdQLs2j958PdfyIUml+W8vZ5K5nSkjBndVWuj3nmwjcJztXOO5ANXcM7aNLbo4mWvbIjKiNW9k\/M1WwOSSp9qO+O1swQPMh5Kxl8fbm\/A58p\/H887eBFcxfWPPzzZ2tp6plNZOgakV5vPfluL\/9C4qVQENULkAaTBJSkoEMWnrFEa8EfimWsYD2CCzXTBNE4EWH18pgskHNO\/9PmBaW8vy2i0LVjc\/7T5jH7++TGduKpCgV0g1QT6necALdBi3t6YnJbmpVsCx8VUCWVfc2B\/lep8j75CHApITioV2usKvkAXS6cwP0PoAc8PVQPYUPPVy2+DfeRw0+AnffNI\/BcsbIwcae58Jr2xy2V7I4\/3ojASsHC0vfU5ThjY2FUaZ33vkJLGwHdACsG8VmXVWxlXMZTa5Dz6uqQXDs0iOC0aT\/vA47JMiKZK9e29x5WDN0E++UbQAltcqzNUISmQpwtVyP0rZ2lXgXwS0rHNGlzQbExfvVd5rhc6CYa4P0h5+yW5C66kQEqSOIbr1AA2iQGiUtZGei624M1rZVyRjtCtKGEyAK2pQDvQCH2CtgFWQr9KW6kylCJ5Qn9MlIhOcIii052ntB+oam\/hUBSqam8KKTsFBDSgE99e57Hjq6gBm68JkyE6GKuEBk1cpOOsU21ksMtX4OGsyxQW4RVwCr\/nkKgU0T2z587oBWshMnBHeW7qPIoMIhjhCxo8UDpRZfK5C27VQJnwCviDt5gFAoPNkByhoSo6HD4ZHuo6ZzOiiYMsoTfgo2fD8ERVdZ6bplgwJJuyxuepLURLRDfDdEVSKfEZX85Q02nji+Fb52s0HyouNd2eetrYedCLxRq\/Un7eRQ5R6gg\/APlCM3xjqHEvKPQQpWFRyvtaPTnfezS4o\/zoG2Il8c3aW5tHdMnEmUxJFgosXeqKYKQZWmzXVetUNfFeUZ0vlF3K3nEaQSpq1zXYhW\/qehWvwU3uZDIhqbpp+bTvJzDqealcKNIlC81jWqDxRwngw\/Q2Xf6mbo6WXoAmHbjopMIJyDRnu5j2G+\/q9rqbphNRLF\/KJAWRCpmnn1ZoIDt6UexGQ1u\/bgk5OsFowlSb7DsasIxA+k1C\/lIgSjWVDSEhHMALncwooarqfcngwxxJ28o+xItjShpchLWktqHmhSiFfFnRUXuNHvEzATO1XRre8PJSlTOIci2i2JfmTHqvC1oel7Gm9pGcOK5RBV2KMKU3M+7UVPkl6l1r91iI6zto1hgjs3a59RT99bK9NhE5gdgY3slav3hhKjC9qqVeiBVbnE+r1VLNk\/ZBO+5tVS7P+44XG8O7ITfXst1QkbKAhME29OuLlQp9CQhmyyuDVLhwl3hikRBRtjHYgmTOsVcI75BlM4uN78QfqYiej0SjEHAli50IlwgMvXNJ4bTIviTzDllBySqse0UnUsaJit+V68S5GluMoBCwzEqfLEu2mOtOME8aBLLSbQ2N+3KzG9yxKe2+2LVyTsxGFgGzOSTc\/39lJYGxLbzOc5k1omd2OaCXxe7jP5V5g+vYNBKA2NFoPBVA01KwGmI0nvWVnnLodEwEH4ijeN8N7xD2jBFtz5GgjYnX2JhiUrabbivKZGqIldQ5\/76cdeH\/Aw==\" \/> \t\t<a href=\"https:\/\/www.pdf24.org\" target=\"_blank\" title=\"www.pdf24.org\" rel=\"nofollow\"><img src=\"https:\/\/www.hohenlohe-ungefiltert.de\/wp-content\/plugins\/pdf24-post-to-pdf\/img\/pdf_32x32.png\" alt=\"\" border=\"0\" height=\"32\" \/><\/a> \t\t<span class=\"pdf24Plugin-cp-space\">&nbsp;&nbsp;<\/span> \t\t<span class=\"pdf24Plugin-cp-text\">Sende Artikel als PDF<\/span> \t\t<span class=\"pdf24Plugin-cp-space\">&nbsp;&nbsp;<\/span> \t\t<input class=\"pdf24Plugin-cp-input\" style=\"margin: 0px;\" type=\"text\" name=\"sendEmailTo\" placeholder=\"Emailadresse\" \/> \t\t<input class=\"pdf24Plugin-cp-submit\" style=\"margin: 0px;\" type=\"submit\" value=\"Senden\" \/> \t<\/form> <\/div>","protected":false},"excerpt":{"rendered":"<p>Deutschland verf\u00fcgt \u00fcber eine neue Heimatarmee. Die ZMZ -I (Zivilmilit\u00e4rische Zusammenarbeit Inneres ) hat den Auftrag gegen Feinde im Inneren der Bundesrepublik vorzugehen. \u00dcber die \u201eZivilmilit\u00e4rische Zusammenarbeit \u2013 Inneres\u201c informiert und diskutiert der Journalist und Bundeswehrkenner Ulrich Sander, Sprecher der VVN\/BdA Bund der Antifaschisten, am Mittwoch, 20. Januar 2010, ab 20 Uhr im Club Alpha [&hellip;]<\/p>\n","protected":false},"author":3,"featured_media":0,"comment_status":"open","ping_status":"open","sticky":false,"template":"","format":"standard","meta":[],"categories":[],"tags":[],"_links":{"self":[{"href":"https:\/\/www.hohenlohe-ungefiltert.de\/index.php?rest_route=\/wp\/v2\/posts\/6026"}],"collection":[{"href":"https:\/\/www.hohenlohe-ungefiltert.de\/index.php?rest_route=\/wp\/v2\/posts"}],"about":[{"href":"https:\/\/www.hohenlohe-ungefiltert.de\/index.php?rest_route=\/wp\/v2\/types\/post"}],"author":[{"embeddable":true,"href":"https:\/\/www.hohenlohe-ungefiltert.de\/index.php?rest_route=\/wp\/v2\/users\/3"}],"replies":[{"embeddable":true,"href":"https:\/\/www.hohenlohe-ungefiltert.de\/index.php?rest_route=%2Fwp%2Fv2%2Fcomments&post=6026"}],"version-history":[{"count":4,"href":"https:\/\/www.hohenlohe-ungefiltert.de\/index.php?rest_route=\/wp\/v2\/posts\/6026\/revisions"}],"predecessor-version":[{"id":6319,"href":"https:\/\/www.hohenlohe-ungefiltert.de\/index.php?rest_route=\/wp\/v2\/posts\/6026\/revisions\/6319"}],"wp:attachment":[{"href":"https:\/\/www.hohenlohe-ungefiltert.de\/index.php?rest_route=%2Fwp%2Fv2%2Fmedia&parent=6026"}],"wp:term":[{"taxonomy":"category","embeddable":true,"href":"https:\/\/www.hohenlohe-ungefiltert.de\/index.php?rest_route=%2Fwp%2Fv2%2Fcategories&post=6026"},{"taxonomy":"post_tag","embeddable":true,"href":"https:\/\/www.hohenlohe-ungefiltert.de\/index.php?rest_route=%2Fwp%2Fv2%2Ftags&post=6026"}],"curies":[{"name":"wp","href":"https:\/\/api.w.org\/{rel}","templated":true}]}}