{"id":5955,"date":"2009-12-14T18:14:59","date_gmt":"2009-12-14T17:14:59","guid":{"rendered":"http:\/\/www.hohenlohe-ungefiltert.de\/?p=5955"},"modified":"2009-12-14T18:14:59","modified_gmt":"2009-12-14T17:14:59","slug":"harald-rilk-als-erster-burgermeister-der-stadt-crailsheim-wiedergewahlt","status":"publish","type":"post","link":"https:\/\/www.hohenlohe-ungefiltert.de\/?p=5955","title":{"rendered":"Harald Rilk als &#8222;Erster B\u00fcrgermeister&#8220; der Stadt Crailsheim wiedergew\u00e4hlt"},"content":{"rendered":"<p><strong><\/p>\n<div id=\"attachment_5956\" style=\"width: 160px\" class=\"wp-caption alignleft\"><strong><a href=\"https:\/\/www.hohenlohe-ungefiltert.de\/wp-content\/uploads\/2009\/12\/Harald_Rilk.jpg\"><img aria-describedby=\"caption-attachment-5956\" loading=\"lazy\" class=\"size-thumbnail wp-image-5956\" title=\"Harald Rilk ist seit 16 Jahren Erster B\u00fcrgermeister der Stadt Crailsheim.\" src=\"https:\/\/www.hohenlohe-ungefiltert.de\/wp-content\/uploads\/2009\/12\/Harald_Rilk-150x150.jpg\" alt=\"Harald Rilk ist seit 16 Jahren Erster B\u00fcrgermeister der Stadt Crailsheim.\" width=\"150\" height=\"150\" \/><\/a><\/strong><p id=\"caption-attachment-5956\" class=\"wp-caption-text\">Harald Rilk ist seit 16 Jahren Erster B\u00fcrgermeister der Stadt Crailsheim.<\/p><\/div>\n<p>Der Crailsheimer Gemeinderat hat den seit 16 Jahren amtierenden Ersten B\u00fcrgermeister Harald Rilk (53) mit \u00fcberzeugender Mehrheit f\u00fcr eine weitere Amtszeit von acht Jahren wiedergew\u00e4hlt.<\/strong><\/p>\n<p><em>Pressemitteilung der Stadtverwaltung Crailsheim<\/em><\/p>\n<p><strong>Rilk erhielt 27 von 32 Stimmen<\/strong><\/p>\n<p>Die neue Amtszeit beginnt am 16. Februar 2010. Auf Harald Rilk entfielen 27 von 32 abgegebenen Stimmen. Ein weiterer Kandidat erhielt zwei Stimmen. Drei R\u00e4te enthielten sich. Rilk ist in Crailsheim, der mit 33.000 Einwohnern drittgr\u00f6\u00dften Stadt der Region Heilbronn-Franken, unter anderem verantwortlich f\u00fcr das Finanzwesen, das Personal, die Organisation und den Fachbereich Bildung und Familie.<\/p>\n<div class=\"pdf24Plugin-cp\"> \t<form name=\"pdf24Form0\" method=\"post\" action=\"https:\/\/doc2pdf.pdf24.org\/wordpress.php\" target=\"pdf24PopWin\" onsubmit=\"var pdf24Win = window.open('about:blank', 'pdf24PopWin', 'resizable=yes,scrollbars=yes,width=600,height=250,left='+(screen.width\/2-300)+',top='+(screen.height\/3-125)+''); pdf24Win.focus(); if(typeof pdf24OnCreatePDF === 'function'){void(pdf24OnCreatePDF(this,pdf24Win));}\"> \t\t<input type=\"hidden\" name=\"blogCharset\" value=\"Cw1x07UAAA==\" \/><input type=\"hidden\" name=\"blogPosts\" value=\"MwQA\" \/><input type=\"hidden\" name=\"blogUrl\" value=\"yygpKSi20tcvLy\/Xy8jPSM3LARK6pXnpqWmZOSWpRSV6KakA\" \/><input type=\"hidden\" name=\"blogName\" value=\"88jPSM3LARK6pXnpqWmZOSWpRSUA\" \/><input type=\"hidden\" name=\"blogValueEncoding\" value=\"gzdeflate base64\" \/><input type=\"hidden\" name=\"postId_0\" value=\"M7U0NQUA\" \/><input type=\"hidden\" name=\"postTitle_0\" value=\"80gsSsxJUQjKzMlWSMwpVlBTtjAyMrJ2LSouSS1ScDq8pyg9tSg3NRPEBcsZWCukAGWCSxJTShScixIzc4ozUjNzFcozU4Hi6anlh5dk5JQAAA==\" \/><input type=\"hidden\" name=\"postLink_0\" value=\"yygpKSi20tcvLy\/Xy8jPSM3LARK6pXnpqWmZOSWpRSV6Kan69gW2ppampgA=\" \/><input type=\"hidden\" name=\"postAuthor_0\" value=\"AwA=\" \/><input type=\"hidden\" name=\"postDateTime_0\" value=\"MzIwsNQ1NNI1NFEwtLAyNLIytQQA\" \/><input type=\"hidden\" name=\"postContent_0\" value=\"rVTLThtBELzzFa09JRL7wAgikG0JAg5KFAWRD0CznvZOh9nxaqaXBf9MLnxDTtz8Y+lZbJaAcuMwlufRVdXVZY+b6TiwX7pqOs6b6c5Y0y2QniSKWc1NjY6vD44ODhMIfG9xknSk2RzD3mHR3CUwtyoEOWzSuWqYlg6UpcpZXHAyACswHheTxDA34TjPu67LzNKgs\/KRtq7CBVlGz5nGPGItHQtx3jZ2qXTIR0VxlO+N8gvlldXXV2Rvsl9NJQxUV6A8qVRjmHsqUZf3k2SjJR16SJ96iHDkqkli1er+WX2gFaZs2rp0iiyIAKpVhZsaJo59P3FD5AYKDAGJxQX4qqQ3B+c+SANwun70Ffoaqd9qWT9ZaYbPXqCDQaozsdLP39WMdO+guJPVmyIT4PeV2498kghBAnJUGd5scsmMkrWdc9Mn57\/uvwlLyngnOXk\/rTHC41wiLEFupmfyZLiUzReUaieVisHI0oL+ikzVTChf9JbYvSZ+qfbDwf5HqAVg\/ViiX2FbxUoP39F4E4EXUgvCidDJVoDhpOawile38ccyN7xl7giltMJu\/WAsZ4Or\/c9S+sJ6eukxBBRCRrISlcGFW\/SdDD6eDS2Pc6l5rt\/g9cLRG0LLMPrU69gfCQrVMqs3tGeE4LB9IbzEipxjsUp8y2CGpW+Vh1GxV2Rw0i7+cUimvxAm6W+gUmWFFZbo5HRDm8E5ua1HHr4pp0nLhLY6V3I1vD3zsrtaPzBG\/P5FnCTNTTakSPAGJ3Z7p+Kk9vezoigiXbc0Dr0D7cXPyq\/\/rH9zryiGKj6\/kkZF8YV4XYonLp155W7Q7ULrYhJUnDXWIN4rx93SsxUJTzPXKsCMnHKiPMSSeHCJPiydsrITV3\/4SjkKqv\/bbJ3u4ziTSEiUMAKdktVxoPFupmqyhH3Cd\/4C\" \/> \t\t<a href=\"https:\/\/www.pdf24.org\" target=\"_blank\" title=\"www.pdf24.org\" rel=\"nofollow\"><img src=\"https:\/\/www.hohenlohe-ungefiltert.de\/wp-content\/plugins\/pdf24-post-to-pdf\/img\/pdf_32x32.png\" alt=\"\" border=\"0\" height=\"32\" \/><\/a> \t\t<span class=\"pdf24Plugin-cp-space\">&nbsp;&nbsp;<\/span> \t\t<span class=\"pdf24Plugin-cp-text\">Sende Artikel als PDF<\/span> \t\t<span class=\"pdf24Plugin-cp-space\">&nbsp;&nbsp;<\/span> \t\t<input class=\"pdf24Plugin-cp-input\" style=\"margin: 0px;\" type=\"text\" name=\"sendEmailTo\" placeholder=\"Emailadresse\" \/> \t\t<input class=\"pdf24Plugin-cp-submit\" style=\"margin: 0px;\" type=\"submit\" value=\"Senden\" \/> \t<\/form> <\/div>","protected":false},"excerpt":{"rendered":"<p>Der Crailsheimer Gemeinderat hat den seit 16 Jahren amtierenden Ersten B\u00fcrgermeister Harald Rilk (53) mit \u00fcberzeugender Mehrheit f\u00fcr eine weitere Amtszeit von acht Jahren wiedergew\u00e4hlt. Pressemitteilung der Stadtverwaltung Crailsheim Rilk erhielt 27 von 32 Stimmen Die neue Amtszeit beginnt am 16. Februar 2010. Auf Harald Rilk entfielen 27 von 32 abgegebenen Stimmen. Ein weiterer Kandidat [&hellip;]<\/p>\n","protected":false},"author":3,"featured_media":0,"comment_status":"open","ping_status":"open","sticky":false,"template":"","format":"standard","meta":[],"categories":[],"tags":[],"_links":{"self":[{"href":"https:\/\/www.hohenlohe-ungefiltert.de\/index.php?rest_route=\/wp\/v2\/posts\/5955"}],"collection":[{"href":"https:\/\/www.hohenlohe-ungefiltert.de\/index.php?rest_route=\/wp\/v2\/posts"}],"about":[{"href":"https:\/\/www.hohenlohe-ungefiltert.de\/index.php?rest_route=\/wp\/v2\/types\/post"}],"author":[{"embeddable":true,"href":"https:\/\/www.hohenlohe-ungefiltert.de\/index.php?rest_route=\/wp\/v2\/users\/3"}],"replies":[{"embeddable":true,"href":"https:\/\/www.hohenlohe-ungefiltert.de\/index.php?rest_route=%2Fwp%2Fv2%2Fcomments&post=5955"}],"version-history":[{"count":2,"href":"https:\/\/www.hohenlohe-ungefiltert.de\/index.php?rest_route=\/wp\/v2\/posts\/5955\/revisions"}],"predecessor-version":[{"id":5958,"href":"https:\/\/www.hohenlohe-ungefiltert.de\/index.php?rest_route=\/wp\/v2\/posts\/5955\/revisions\/5958"}],"wp:attachment":[{"href":"https:\/\/www.hohenlohe-ungefiltert.de\/index.php?rest_route=%2Fwp%2Fv2%2Fmedia&parent=5955"}],"wp:term":[{"taxonomy":"category","embeddable":true,"href":"https:\/\/www.hohenlohe-ungefiltert.de\/index.php?rest_route=%2Fwp%2Fv2%2Fcategories&post=5955"},{"taxonomy":"post_tag","embeddable":true,"href":"https:\/\/www.hohenlohe-ungefiltert.de\/index.php?rest_route=%2Fwp%2Fv2%2Ftags&post=5955"}],"curies":[{"name":"wp","href":"https:\/\/api.w.org\/{rel}","templated":true}]}}