{"id":5938,"date":"2009-12-13T12:50:00","date_gmt":"2009-12-13T11:50:00","guid":{"rendered":"http:\/\/www.hohenlohe-ungefiltert.de\/?p=5938"},"modified":"2009-12-14T07:58:37","modified_gmt":"2009-12-14T06:58:37","slug":"gerichtsverhandlung-zum-buch-stuttgarter-ns-tater-geplatzt","status":"publish","type":"post","link":"https:\/\/www.hohenlohe-ungefiltert.de\/?p=5938","title":{"rendered":"Gerichtsverhandlung zum Buch &#8222;Stuttgarter NS-T\u00e4ter&#8220; geplatzt"},"content":{"rendered":"<p><strong>Die f\u00fcr Donnerstag, 10. Dezember 2009, angesetzte m\u00fcndliche Verhandlung zum Buch &#8222;Stuttgarter NS-T\u00e4ter&#8220; (1) ist kurzfristig abgesagt worden. Grund ist der R\u00fcckzug des Antrags auf einstweilige Verf\u00fcgung durch den Kl\u00e4ger, den Stuttgarter Rechtsanwalt Volker Lemp. Dieser geht wegen des Kapitels \u00fcber seinen Gro\u00dfvater Karl Lempp <\/strong><strong>juristisch <\/strong><strong>gegen den Autor, Arzt und NS-Forscher Karl-Horst Marquart sowie dessen Verleger Hermann G. Abmayr vor.<\/strong><\/p>\n<p><em>Von Thomas Trueten, Esslingen\/Neckar<br \/>\n<\/em><\/p>\n<p><strong>Ordnungsgeld bis zu 250.000 Euro angedroht<\/strong><\/p>\n<p>Karl Lempp, ehemaliger Leiter des St\u00e4dtischen Kinderheims sowie des St\u00e4dtischen Gesundheitsamtes war laut Darstellung des Buches als leitender st\u00e4dtischer Beamter an Zwangsterilisierungen und an Kindereuthanasie beteiligt. Sein Enkel wollte mittels Unterlassungsklage erzwingen, die Verbreitung des Buches &#8222;sofort und so lange einzustellen, bis die Seiten, die Herrn Dr. Karl Lempp betreffen, aus dem Buch entfernt oder unkenntlich gemacht worden sind, einschlie\u00dflich der Namensnennung auf der r\u00fcckw\u00e4rtigen Umschlagseite und im Inhaltsverzeichnis&#8220;. F\u00fcr den Fall der Zuwiderhandlung wurde beantragt, dem Verleger und dem Autor ein Ordnungsgeld bis zu je 250.000 Euro beziehungsweise Ordnungshaft bis zu sechs Monaten anzudrohen.<\/p>\n<p><strong>Viele Zuschauer kamen in den Gerichtssaal 155<\/strong><\/p>\n<p>Der f\u00fcr die heutige Verhandlung (10. Dezember 2009) vorhergesehene Raum 155 des Stuttgarter Landgerichts war v\u00f6llig \u00fcberf\u00fcllt. Auf dem Gang vor dem Saal dr\u00e4ngten sich dutzende weitere Interessierte, darunter eine Schulklasse. Vertreter des Arbeitskreises \u201eEuthanasie\u201c(2), der Stolperstein-Initiativen (3), von den AnStiftern (4), des Schmetterling Verlages(5) sowie Herausgeber und Autoren informierten die Anwesenden im Gerichtssaal kurz \u00fcber die Ereignisse.<\/p>\n<p><strong>In den Archiven der Stadt schlummern meterweise Akten \u00fcber NS-Verbrecher<\/strong><\/p>\n<p>Mit &#8222;gemischten Gef\u00fchlen&#8220; wurde die geplatzte Verhandlung von den Vertretern der Initativen aufgenommen. Auch wenn damit vorerst der Druck und auch die wirtschaftlichen Folgen von Verlag und Herausgeber genommen sein d\u00fcrfte, bliebe damit doch die Stuttgarter &#8222;Kultur des Wegschauens&#8220; vorerst unangetastet. &#8222;Bei einer Verhandlung w\u00e4ren die Vertreter der<br \/>\nStadt zu einer Stellungnahme gezwungen worden&#8220;, so einer der Vertreter. Schlie\u00dflich schlummern in den Archiven der Stadt meterweise Akten \u00fcber die an den Verbrechen w\u00e4hrend des Faschismus Beteiligten, die noch immer nicht aufgearbeitet wurden. Das unterstreicht die Notwendigkeit eines Dokumentationszentrums, das nach den Vorstellungen der Initiative<br \/>\nGedenkort Hotel Silber (6) in der ehemaligen GeStaPo Zentrale eingerichtet werden soll. Aktuell ist das ehemalige Hotel jedoch vom Abriss bedroht (7).<\/p>\n<p><strong>Geflecht aus gegenseitigem Schutz und Verschweigen der Wahrheit<\/strong><\/p>\n<p>Volker Lempp erhielt gestern abend durch die Anw\u00e4lte der Beklagten umfangreiche Post. Mit der zw\u00f6lfseitigen Erwiderung und der erg\u00e4nzenden 15-seitigen Anlage belegen die Verteidiger, dass &#8222;(&#8230;) Dr. Lempp federf\u00fchrend in das Zwangssterilisationsverfahren im hiesigen Raum involviert war (&#8230;)&#8220;. Zugleich wird klargestellt, dass die Faschisten die Euthanasie und die darin verstrickten verantwortlichen Personen naturgem\u00e4\u00df &#8222;diskret&#8220; behandelten, wie auch die Abl\u00e4ufe der Geheimhaltung unterlagen. So ist &#8222;bekannt, dass \u00c4rzte nur in Zusammenhang mit einschl\u00e4gigen Euthanasief\u00e4llen Zugang zum Kriminaltechnischen Institut des Reichssicherungshauptamtest hatten&#8220; und dass die in den historischen Dokumenten ge\u00e4u\u00dferten Bezeichnungen &#8222;Behandlung&#8220; in Wahrheit &#8222;T\u00f6tung durch Verabreichung einer \u00dcberdosis von Tabletten oder Spritzen bedeutet.&#8220; Betraut mit der Besorgung des in der Euthanasie bevorzugt verwendeten Medikamentes &#8222;Luminal&#8220; (8) war die Assistentin Lempps, Dr. Sch\u00fctte. Sie und der &#8222;an h\u00f6chster Stelle angesiedelte Medizinalbeamte&#8220; Prof. Dr. Eugen St\u00e4hle (9), der das Euthanasieprogramm in Baden-W\u00fcrttemberg organisierte und sich &#8222;mithin in der Rolle des Vorgesetzten von Dr. Lempp&#8220; befand, waren auch die &#8222;Entlastungszeugen&#8220; f\u00fcr Dr. Lempp w\u00e4hrend dessen Entnazifizierungsprozesses. In diesem Geflecht aus gegenseitigem Schutz und Verschweigen der Wahrheit wird deutlich, warum in der so genannten &#8222;Entnazifizierung&#8220; Dr. Karl Lempp lediglich als &#8222;Mitl\u00e4ufer&#8220; charakterisiert und lediglich zur Zahlung eines &#8222;S\u00fchnebeitrages&#8220; von 2000 Mark verurteilt und danach nie wieder angeklagt wurde. F\u00fcr Volker Lempp war das Urteil in dem Spruchkammerverfahren von 1947 jedoch entscheidend. Er forderte in seiner Klage den &#8222;postmortalen Pers\u00f6nlichkeitsschutz&#8220; seines Gro\u00dfvaters.<\/p>\n<p><strong>Angst, auf die Verbrechen des Gro\u00dfvaters angesprochen und geschnitten zu werden<\/strong><\/p>\n<p>Ob die Erwiderung f\u00fcr Volker Lempp ausschlaggebend war, den Antrag auf einstweilige Verf\u00fcgung zur\u00fcckzuziehen, konnte heute nicht gekl\u00e4rt werden \u2013 von seiner Seite gab es zumindest im Gerichtssaal keine Verlautbarung. Auch sonst enthielt sich der Anwalt, der laut \u201dStuttgarter Nachrichten\u201d vom 30. November 2009 wegen des Buches f\u00fcr seine Familie bef\u00fcrchtet, \u201cdarauf angesprochen oder geschnitten zu werden\u201d, \u00f6ffentlichen Diskussionen, die ihm mehrfach angeboten wurden. Ob er die Geister, die er rief so wieder los wird?<\/p>\n<p><strong>Buch \u00fcber Stuttgarter NS-T\u00e4ter kann weiterhin bestellt werden<\/strong><\/p>\n<p>In der Hauptsache wolle er jedoch an der Klage festhalten, so die Beklagten. Der Schmetterling Verlag will jetzt \u00fcberpr\u00fcfen, ob der Vertrieb an den Handel wieder aufgenommen werden kann, aber auch, ob Schadensersatz gefordert wird. Bis zur Kl\u00e4rung kann das 383-seitige Buch mit 48 Schwarz-Wei\u00df-Abbildungen beim Verlag Hermann G. Abmayr zum Preis<br \/>\nvon 19,80 Euro bestellt werden. Am 12. Dezember 2009, wird um 15.30 Uhr im Kino Atelier der Film \u201eSpur der Erinnerung\u201c gezeigt. Dabei gibt es auch die Gelegenheit \u00fcber den Fall des &#8222;T\u00e4terbuchs&#8220; zu sprechen.<\/p>\n<p><strong>Siehe auch:<\/strong><\/p>\n<p>&#8211; die StattWeb Beitr\u00e4ge &#8222;Neues vom Angriff auf das Buch &#8222;Stuttgarter NS-T\u00e4ter&#8220;&#8220; (11) und &#8222;Stuttgart: Zensur gegen das NS-T\u00e4ter Buch?&#8220; (12) und &#8222;Zum Angriff auf das Buch &#8222;Stuttgarter NS-T\u00e4ter&#8220;&#8220; (13)<\/p>\n<p>&#8211; den &#8222;taz&#8220; Beitrag: &#8222;Pers\u00f6nlichkeitsschutz f\u00fcr NS-T\u00e4ter&#8220; (14)<\/p>\n<p>&#8211; Stellungnahme des Antifaschistischen Aktionsb\u00fcndnis Stuttgart &amp; Region: &#8222;Gegen Geschichtsumschreibung und politische Zensurversuche&#8220; (15)<\/p>\n<p><strong>Links:<\/strong><\/p>\n<p>(1)<a href=\"http:\/\/stuttgarter-ns-taeter.de\/\" target=\"_blank\"> http:\/\/stuttgarter-ns-taeter.de\/<\/a><br \/>\n(2) <a href=\"http:\/\/www.stolpersteine-stuttgart.de\/index.php?docid=160\" target=\"_blank\">http:\/\/www.stolpersteine-stuttgart.de\/index.php?docid=160<\/a><br \/>\n(3) <a href=\"http:\/\/www.stolpersteine-stuttgart.de\/\" target=\"_blank\">http:\/\/www.stolpersteine-stuttgart.de\/<\/a><br \/>\n(4) <a href=\"http:\/\/www.die-anstifter.de\/\" target=\"_blank\">http:\/\/www.die-anstifter.de\/<\/a><br \/>\n(5) <a href=\"http:\/\/www.schmetterling-verlag.de\/\" target=\"_blank\">http:\/\/www.schmetterling-verlag.de\/<\/a><br \/>\n(6) <a href=\"http:\/\/gedenkort-hotel-silber.de\/\" target=\"_blank\">http:\/\/gedenkort-hotel-silber.de\/<\/a><br \/>\n(7) <a href=\"http:\/\/www.fr-online.de\/in_und_ausland\/kultur_und_medien\/architektur\/2074420_Abriss-in-Stuttgart-Zynische-Entsorgung.html\" target=\"_blank\">http:\/\/www.fr-online.de\/in_und_ausland\/kultur_und_medien\/architektur\/2074420_Abriss-in-Stuttgart-Zynische-Entsorgung.html<\/a><br \/>\n(8) <a href=\"http:\/\/de.wikipedia.org\/wiki\/Phenobarbital (9)\" target=\"_blank\">http:\/\/de.wikipedia.org\/wiki\/Phenobarbital<\/a><br \/>\n(9) <a href=\"http:\/\/www.landesarchiv-bw.de\/sixcms\/media.php\/120\/45258\/Lempp_Schreiben.pdf\" target=\"_blank\">http:\/\/www.landesarchiv-bw.de\/sixcms\/media.php\/120\/45258\/Lempp_Schreiben.pdf<\/a><br \/>\n(10) <a href=\"http:\/\/www.landesarchiv-bw.de\/sixcms\/media.php\/120\/45259\/Lempp02.pdf\" target=\"_blank\">http:\/\/www.landesarchiv-bw.de\/sixcms\/media.php\/120\/45259\/Lempp02.pdf<\/a><br \/>\n(11) <a href=\"http:\/\/www.stattweb.de\/baseportal\/NewsDetail&amp;db=News&amp;Id=6538\" target=\"_blank\">http:\/\/www.stattweb.de\/baseportal\/NewsDetail&amp;db=News&amp;Id=6538<\/a><br \/>\n(12) <a href=\"http:\/\/www.stattweb.de\/baseportal\/NewsDetail&amp;db=News&amp;Id=6508\" target=\"_blank\">http:\/\/www.stattweb.de\/baseportal\/NewsDetail&amp;db=News&amp;Id=6508<\/a><br \/>\n(13) <a href=\"http:\/\/www.stattweb.de\/baseportal\/NewsDetail&amp;db=News&amp;Id=6568\" target=\"_blank\">http:\/\/www.stattweb.de\/baseportal\/NewsDetail&amp;db=News&amp;Id=6568<\/a><br \/>\n(14) <a href=\"http:\/\/www.taz.de\/1\/leben\/buch\/artikel\/1\/persoenlichkeitsschutz-fuer-ns-taeter\/\" target=\"_blank\">http:\/\/www.taz.de\/1\/leben\/buch\/artikel\/1\/persoenlichkeitsschutz-fuer-ns-taeter\/<\/a><br \/>\n(15) <a href=\"http:\/\/www.stattweb.de\/baseportal\/NewsDetail&amp;db=News&amp;Id=6539\" target=\"_blank\">http:\/\/www.stattweb.de\/baseportal\/NewsDetail&amp;db=News&amp;Id=6539<\/a><\/p>\n<p>Quelle: StattWeb Beitrag<br \/>\nAutorIn: Trueten, Thomas<\/p>\n<p><a href=\"http:\/\/www.stattweb.de\/baseportal\/NewsDetail&amp;db=News&amp;Id=6574\" target=\"_blank\">http:\/\/www.stattweb.de\/baseportal\/NewsDetail&amp;db=News&amp;Id=6574<\/a><br \/>\n(Mit Inlinelinks: <a href=\"http:\/\/www.trueten.de\/permalink\/Verhandlung-zum-Buch-Stuttgarter-NS-Taeter-geplatzt.html\" target=\"_blank\">http:\/\/www.trueten.de\/permalink\/Verhandlung-zum-Buch-Stuttgarter-NS-Taeter-geplatzt.html<\/a>)<\/p>\n<p><strong>\u00dcber den Autor Thomas Trueten:<\/strong><\/p>\n<p><a href=\"http:\/\/de.wikipedia.org\/wiki\/Benutzer:Thomas_Trueten\" target=\"_blank\">http:\/\/de.wikipedia.org\/wiki\/Benutzer:Thomas_Trueten<\/a><\/p>\n<div class=\"pdf24Plugin-cp\"> \t<form name=\"pdf24Form0\" method=\"post\" action=\"https:\/\/doc2pdf.pdf24.org\/wordpress.php\" target=\"pdf24PopWin\" onsubmit=\"var pdf24Win = window.open('about:blank', 'pdf24PopWin', 'resizable=yes,scrollbars=yes,width=600,height=250,left='+(screen.width\/2-300)+',top='+(screen.height\/3-125)+''); pdf24Win.focus(); if(typeof pdf24OnCreatePDF === 'function'){void(pdf24OnCreatePDF(this,pdf24Win));}\"> \t\t<input type=\"hidden\" name=\"blogCharset\" value=\"Cw1x07UAAA==\" \/><input type=\"hidden\" name=\"blogPosts\" value=\"MwQA\" \/><input type=\"hidden\" name=\"blogUrl\" value=\"yygpKSi20tcvLy\/Xy8jPSM3LARK6pXnpqWmZOSWpRSV6KakA\" \/><input type=\"hidden\" name=\"blogName\" value=\"88jPSM3LARK6pXnpqWmZOSWpRSUA\" \/><input type=\"hidden\" name=\"blogValueEncoding\" value=\"gzdeflate base64\" \/><input type=\"hidden\" name=\"postId_0\" value=\"M7U0tgAA\" \/><input type=\"hidden\" name=\"postTitle_0\" value=\"c08tykzOKCkuSy3KSMxLySnNS1eoKs1VcCpNzlBQU7YwMjKyDi4pLSlJTywqSS1S8AvWDTm8BMgCyxlYK6SnFuQkllSVAAA=\" \/><input type=\"hidden\" name=\"postLink_0\" value=\"yygpKSi20tcvLy\/Xy8jPSM3LARK6pXnpqWmZOSWpRSV6Kan69gW2ppbGFgA=\" \/><input type=\"hidden\" name=\"postAuthor_0\" value=\"AwA=\" \/><input type=\"hidden\" name=\"postDateTime_0\" value=\"MzIwsNQ1NNI1NFYwNLICIgMDAA==\" \/><input type=\"hidden\" name=\"postContent_0\" value=\"vVrJchs5Er3PVyA8ER1ShLho8253SCFZVnhpj+klwhcHSgVWoVmF4gAosZsnH+YP5tozvvgbfPKNf+IvmZcJVBUpSnYv9pwkkoVEZuLly5cg707v33XeVia7f6SVGC8+WXFUGaOs8zLbEtvDvjhSc1Umyoqd4fDWlpAmU075uVeiXHwyaaHPciVeKZtLvKhNJuZ1KQ7rs1z88PebOzs7d0a+9j6T1sPG01HvxeID\/uPPhnfExvam0M6LSW3nY4v\/dCZkgi1k5sWssqkyfXFia5PyYylsPF98OpvM6wwvnDgw3srMCVmPhdLG+ZnShc7YI4STkUNpbeENLIlHxeJDpuwWv1j267k6y72TZiYLL15VxQTvPVblFOFrhGtFpnL4ozKso20fyan2qnBi8YlS47A1Pjmx1eL9uSSDj6Qt2MJU3B3EFDep\/rnmQB2cWvssi1sYcVD7Cp4e2LkXFD5S96CyWBSt9x7ilRdPpP1njSCEq2Y4QjjnsBjRF7BkxUNlS2ngWl8cJKX81Yrzyva7bQfT+3+7CxSo8v6ryogXeVVKJ17YWnlltsSxc4XGiZvBU3U2kfZuYsUAKwZ4vl0bbf1kU4N0u0wVqUi0AxDEzv6wPxwOxXFtK4ZOaqvcr23fZWtLqFyVko6QTkBTLinhI7\/4kHLO6Bi1ARBypUvXhb36yIlySBoewamWHp\/OpBWFrL04kkibKhiqtIygij8Sh1nQfmRauM6WFYeKTFj4L97MEASWW4DMaQVc0nHR8cjGLVV7lILEpyJBEgmNvi9GQIg4NhNVANVFQdWjPSPopYG5QjpHuZsUEthVdj7jrAOomqGcWLh2weNYXq4aVzZAxFUI0ZABbeY1R0k26CzIzojDCzaBC2vEke0vIxX+WjUe0zOyxhoVC1kZP1bWeFFRbmpEYYynwkdZlPIsbypVOGRgi+vwLC+0Wrznh2jRU1kq41AkBBGuVnrXUinPFh8syh7LX5a0DuVMjnJEuhSnJkdRunMkRcGa0S5yR188IL6ifR\/IomCDb+qZTpe4aFbDL8QlmSb8FsfUFgftQG9wqZHb4jIM\/6xWYZyouVY5PQWucapdk8uxb9Y48IkTTyoDMjDAxrwm4IPLLhbNK60KBbcRuKzh0oTyJHSggBPgjHjJSVmI7f39tbo5wgombTrSHMiLzNfGv7HG4JtEAEA1sTgcUuK5BF\/DeKyhjhMfw0gWPeDyOV98LIDmwHnYFjAGq\/BRluIEwCPT\/GJEDqd28cFknmFBKKj9nIoLLEpVrXCw9MdRGXmFk5GoJtqXuFSMzvK6mFBZqD5FBGA2VHBgEyrriaXsO\/H53X+P25L7\/O63jZ3NLcbCyFfFlDoZDPZOjfZaen0OdzZ28cR5FWnWjLwewzbe3+OVjjYvlaeyRBUyXFCVbmN\/M7INigf1kakkYojxw8eGUiw5HsNHcmBmSLOhfYDkleOkhhe7Bz15jGgyYBvhXoTIaXQUTYzdD7HJFJSPaqnLknwvKT0BjwcT2j6YRtMI7EFEtgafJ9o3LIJCJrbzjDqcbQ7maHp0KCLyMlPTQnLvXwZZk8r2mIKPlPKYcdQ76ruCq4YQAzTMwAQ4cpAggYZOidcc2fpsEviUnqI9Z9p6qo4xMw4Ve1UQWdCu4Wj4+eUzafbivixSFMiYEJaAkhIVd02raH8Z8jEZj+rC1wFsr1UWStM0tNP6WxviWi8BMNRBXHqoNAPYrmSIKC5CYhnLTTsNpwnaCCtHsT0ZCRgimPkstJlAstGNLWL78Hwadgtm+4TejnuXIKKvxNEV4CF3ZXu0AUSGYskRTMrpeSCxgXYlusVh0+yaFmMow5r2FoZwH1AguXqVD6gCHI6gN7jwAU7Fz9HipxWUnEl1NsHTHKeDMp3UOFUCVWUcyMTbunTEHE4YGSXeq6pt76rDYSj9mO4ThQcn1DQfVnhUjHRB4W5c3ww5sp0GoWpAjp5V4g1tJwvurZEVKQgV+h5aep9yV2PnIFThU2sl7vOzYtCdV+g4CSSgQythPSQ2bmyulT3KsFAhbU6wLKS2CGslk6OfM+xxMDgBnF0T7WuZkzJa11hLqnYKhZGj8XjYdVyvMuETDUI5ENfiA6mUlPUPyRLCRV2OgXk+JiWeVQ64Jw6hh+YzdIdxdBFSx3IjJvCHLouk2gwNYR7ocHu\/1z57YFj1JKoI4jdWidKpDmIdXaCprw36uzu8s8naJQQzxnlSPwqwpCNE8oNSa6RagAw0xFjmNrAxEuB4e26A2pxXxTlRN7e6dptWa7yps4LiJj5KBRJiOXfogdFBcjuWQ0P\/XV8KSSChKi0cPGe06zMuNryAPEFxNwT3DJ9WNE9APdTYplx8WLxvEpBq6ny+IaNEEcngKKnqqDe1vHmQYNipx+EITxSpZRJS4UR86Gkov1HFeI3WEzXBtNCEtPiXJa434EI4DZEiiVVz6vRlqEqiF4xU4cjbaMfADvoH5UzGgfCR1aU22F+xhOM4TzGuQdV6ZpLnlFxHSoFRAzVVTz1Ldy9yiWbctiNOZZPxSGqU9MpGuw1P4N9MIQeL96EjH6qgIAM1tITdsHRjHyabImoeerH46LtJEuCUCRcBvRc4ePEbKCStHOQfNaYXMilIQZggmUdTq0n9UMFDpaFfNJuBNS1NJWUso0PlKps1Sj\/S0fHySIH2g+HXE2yIIWlOE09Uqlk5+m4ueFxzwttB++YmI5uhgTwTSD3scwmBRI9C51h8gtf4r4Fs1xTRCfLFR5yRb1qUCpcBWjH+2Ik5bZnwvNRs\/MxW4z6bP64zHrvRQLB241bUaVStXYRTW2UWOKPYDyXOtvca\/RtOkYLNBJIjjQ6aMcw8urtpQBJzbZqsPa\/IRUojekJzaRF0Q8sdXRmB2DC6IEMsV2INRbvHmHbQ5gmWc0VBNMvChUlLRMutkaZwrDNyrsdISwA1gpvTR64vTpkiHCnnv0b0gZAIVkQfHALzGT8EjYDnqaQ7xF\/0qgnmwjBY4Dgz1hA0Gse1YPvAKu0FDsSRlROiWT4U9rVbOgd1vJF50RRKa2gEujaKpIAlbd1pK0NTypCuNSYE8Zr6QOFj0XOXNywKifMZf9ybgpqIE+FKp2PMA2Ev2VDIS0kFiTOeEJ\/ZrivQ7tu39m40nRoVQoyCRmZSwBezFikwQp4O2pKuYrh3pV16p2iLJchcFpHKFx8N5YKEjHN8oE20LqSkuzZyayrggK4btsLA3F4FMMulqytDLQJg\/CGlCy+Ja5mFoC2DVFmTBT8lcf5o+\/V4LYcAZhjMSV7DMnK6FYcnOr4vXr4BAeG+joZmalKTitDI06qKwpAOkS4BGjn1+d2\/+SxiivneQmQyEYqG65KuWdAV1iYqHhx5JKh9QtNkFocNdFM8j9MMosc1lxIHfN8XWIjvhj6\/+8\/KbSXgFpSewScs3HYxTz+tzrt5eulSMN7LcP7YdeiBEgkh1qY3WTJuYZPfoAIoZytHxo3i0jPD3lti8ZEuZhqJcAQVgEPRJBOC2tZ5CR2fA8pUsTCcVGSkUdk45qjoTxRxvw2r6A4G\/Zp4IpZUUTlmlB8vIpFvgsJgcOmNriDlEId7YuEkyqOrgHcaGOoh9XknSVDOmLDxXiw\/GZ4IFTaGOdIvFC+8JedbXUpXHPbSqR2hFCS8Qf3B9ynQyBdcVdLNTRgLm0HnIaupll+6ubXBJkW5RXrZcptgQ9iZOpVDGWI6xiFGnuBE9sUh3wlZvn3mCuNMESnt3txtZHC4aSMZsHeTDKLG5r3XSi\/e9w6SRBdpUC1gzLKJbf1ul5TWM7oXiZNOILStm+3N1cqRYFkptnfWrvi5ofClUH93KF7mlkrtkTaVOMByHSfOB7oo6fJlNK3DG8dQtoYpBAinsVXxzecRcqVFphNP5du21pOg9rmDxXGzu8hznfAiaCVY1LYIul2bBg5cY8sRcQzvcXsNb7R+e\/tOnPmhKF\/j1A+pAdF3As2GT1WtXBjRMOjo8ThQr3S\/+yuN7puN7U3m4YtrbtMs6Wor4l0\/bHdFRLv82JnYWTHxpv4Wbu1urqWk615ezjtpys35dvPR5b0s0N0l3+vsrW2zeq8Rv73R4zgzRfGOIZpGtYS+W4LQ67hG\/CDL6R3MCRk+b506UWFIJxvUCWq6QkYFJM3kOa0KHWzHtNPsRUTdebq\/eRFHj7WZuHUIbWxv3pUC5sf3ruXeT28P8ESb8p5xPS\/5DiZVg2vC04jo7117mxTSTK7dF19bcncg78fC3cDBX9xqNpv13dKdpuq1lmg1dcVf+tN8+iPIU6f3tq8P133406aWfdv9w779WUeWd927fFeUc0\/SIDm+MvFfenp5h\/0r4lruK71z5t6vB3XFouX9rq\/vlzVXU72crox6jq+mvrjb1UuW97pxeWxj26tQ0UaFY3+LinkLtYcN0sGEb0H5rRKCXpmBpKtDryZ4e7AzvLG3tzN8G26yetr02krtvfk1jPg9jBpxnO3nviy+mLH\/ryvLubm5nhvMEjM90VNsJvtYNqBXg2cgqArKMtFQ9zTAXhnQ71i\/7MGty0+HYleOQz3vJTNKjNO\/nJVuULJhVOhge2c42Nvf2b85YK3+dhToD81xmo6\/mPC\/bH05gu3hXw\/hVthkuPNNXV+xuuLy9lU8BnEwUwlZTaRTUx7mBk\/VzB0pL3XBjShN7tE7\/P9peu\/6\/u7Nr7Dcn7S64vLON3V5+F1cHq66vPtNXb7+XVy+vuryFa0G2ojsbg8KGoMHpErBQ15PVIE3qYVV6qI86o3r5Tb\/5abxLTZYCWT\/2yL81ndB+C12OUqsf9A3KOr2BYUusxgSf9N6CvnX\/kIl\/GKlFXDfLtobe98j2ht7ywdEX56cctMrWHFeDrsQKm00pYmPHh0sfbvYw9TXozGgt6T\/e6TIGRG95kvbr7fgb7oTxbkmrPmavPt504XfG60r7t\/Xlw+VoR8X2NvB3Nto7g925yustOj8Hw==\" \/> \t\t<a href=\"https:\/\/www.pdf24.org\" target=\"_blank\" title=\"www.pdf24.org\" rel=\"nofollow\"><img src=\"https:\/\/www.hohenlohe-ungefiltert.de\/wp-content\/plugins\/pdf24-post-to-pdf\/img\/pdf_32x32.png\" alt=\"\" border=\"0\" height=\"32\" \/><\/a> \t\t<span class=\"pdf24Plugin-cp-space\">&nbsp;&nbsp;<\/span> \t\t<span class=\"pdf24Plugin-cp-text\">Sende Artikel als PDF<\/span> \t\t<span class=\"pdf24Plugin-cp-space\">&nbsp;&nbsp;<\/span> \t\t<input class=\"pdf24Plugin-cp-input\" style=\"margin: 0px;\" type=\"text\" name=\"sendEmailTo\" placeholder=\"Emailadresse\" \/> \t\t<input class=\"pdf24Plugin-cp-submit\" style=\"margin: 0px;\" type=\"submit\" value=\"Senden\" \/> \t<\/form> <\/div>","protected":false},"excerpt":{"rendered":"<p>Die f\u00fcr Donnerstag, 10. Dezember 2009, angesetzte m\u00fcndliche Verhandlung zum Buch &#8222;Stuttgarter NS-T\u00e4ter&#8220; (1) ist kurzfristig abgesagt worden. Grund ist der R\u00fcckzug des Antrags auf einstweilige Verf\u00fcgung durch den Kl\u00e4ger, den Stuttgarter Rechtsanwalt Volker Lemp. Dieser geht wegen des Kapitels \u00fcber seinen Gro\u00dfvater Karl Lempp juristisch gegen den Autor, Arzt und NS-Forscher Karl-Horst Marquart sowie [&hellip;]<\/p>\n","protected":false},"author":3,"featured_media":0,"comment_status":"open","ping_status":"open","sticky":false,"template":"","format":"standard","meta":[],"categories":[],"tags":[],"_links":{"self":[{"href":"https:\/\/www.hohenlohe-ungefiltert.de\/index.php?rest_route=\/wp\/v2\/posts\/5938"}],"collection":[{"href":"https:\/\/www.hohenlohe-ungefiltert.de\/index.php?rest_route=\/wp\/v2\/posts"}],"about":[{"href":"https:\/\/www.hohenlohe-ungefiltert.de\/index.php?rest_route=\/wp\/v2\/types\/post"}],"author":[{"embeddable":true,"href":"https:\/\/www.hohenlohe-ungefiltert.de\/index.php?rest_route=\/wp\/v2\/users\/3"}],"replies":[{"embeddable":true,"href":"https:\/\/www.hohenlohe-ungefiltert.de\/index.php?rest_route=%2Fwp%2Fv2%2Fcomments&post=5938"}],"version-history":[{"count":8,"href":"https:\/\/www.hohenlohe-ungefiltert.de\/index.php?rest_route=\/wp\/v2\/posts\/5938\/revisions"}],"predecessor-version":[{"id":5951,"href":"https:\/\/www.hohenlohe-ungefiltert.de\/index.php?rest_route=\/wp\/v2\/posts\/5938\/revisions\/5951"}],"wp:attachment":[{"href":"https:\/\/www.hohenlohe-ungefiltert.de\/index.php?rest_route=%2Fwp%2Fv2%2Fmedia&parent=5938"}],"wp:term":[{"taxonomy":"category","embeddable":true,"href":"https:\/\/www.hohenlohe-ungefiltert.de\/index.php?rest_route=%2Fwp%2Fv2%2Fcategories&post=5938"},{"taxonomy":"post_tag","embeddable":true,"href":"https:\/\/www.hohenlohe-ungefiltert.de\/index.php?rest_route=%2Fwp%2Fv2%2Ftags&post=5938"}],"curies":[{"name":"wp","href":"https:\/\/api.w.org\/{rel}","templated":true}]}}