{"id":5897,"date":"2009-12-09T07:37:51","date_gmt":"2009-12-09T06:37:51","guid":{"rendered":"http:\/\/www.hohenlohe-ungefiltert.de\/?p=5897"},"modified":"2009-12-09T07:38:17","modified_gmt":"2009-12-09T06:38:17","slug":"nach-dem-tod-eines-fuldaer-bundeswehrsoldaten-gewerkschafter-fordern-truppenabzug-aus-afghanistan","status":"publish","type":"post","link":"https:\/\/www.hohenlohe-ungefiltert.de\/?p=5897","title":{"rendered":"Nach dem Tod eines Fuldaer Bundeswehrsoldaten: Gewerkschafter fordern Truppenabzug aus Afghanistan"},"content":{"rendered":"<p><strong>Der aus Fulda stammende 24-j\u00e4hrige Fallschirmj\u00e4ger Patrice S. von der Saarlandbrigade\u00a0 geh\u00f6rte im Oktober\u00a0 zu den Opfern des deutschen Kriegseinsatzes in Afghanistan. Nach 14 Monaten\u00a0 des Leidens verstarb er an den schweren Verletzungen, die er am 6. August 2008 bei einem Anschlag in Masar-i-Sharif erlitt.<\/strong><\/p>\n<p><em>Eingesandt an Hohenlohe-ungefiltert von Siegfried Hubele, Schw\u00e4bisch Hall<\/em><\/p>\n<p><strong>39 Deutsche starben in Afghanistan im Kriegseinsatz<\/strong><\/p>\n<p>Der junge Mann hatte sich zur Bundeswehr gemeldet, nachdem er keinen entsprechenden Ausbildungsplatz gefunden hatte. Wenn die vorliegenden Angaben stimmen sind bis Dezember 2009 beim Kriegseinsatz in\u00a0 Afghanistan 36 Bundeswehrsoldaten und drei Polizisten ums Leben gekommen.<\/p>\n<p><strong>Ex-Verteidigungsminister Jung musste zur\u00fccktreten<\/strong><\/p>\n<p>Josef Jung, damals Kriegsminister, schwadronierte am Grab des jungen Mannes\u00a0 vom \u201eEinsatz f\u00fcr Frieden, Freiheit und Recht\u201c und bestand darauf,\u00a0 Deutschland werde in Afghanistan \u201ein seinem Engagement nicht nachlassen.\u201c\u00a0 Was Jung unter \u201eRecht\u201c versteht, zeigte er mit der Vertuschung des verbrecherischen Luftangriffs vom 4. September 2009 bei Kundus, bei dem\u00a0 \u00fcber 140\u00a0 Menschen, meist Zivilisten, ums Leben kamen. Der Druck der Partei Die Linke im und au\u00dferhalb des Bundestages und der \u00d6ffentlichkeit zwang Jung, seinen neuen Posten als Arbeitsminister im neuen schwarz-gelben Kabinett von Merkel-Westerwelle zu r\u00e4umen.<\/p>\n<p><strong>Statt T\u00f6ten und Sterben: Mittel f\u00fcr den zivilen Wiederaufbau bereitstellen<\/strong><\/p>\n<p>Der DGB-Kreisverband Fulda nahm den Tod des jungen Menschen zum Anlasse und initiierte einen Appell, in dem der Abzug der Bundeswehr aus Afghanistan gefordert wird. In dem Aufruf hei\u00dft es: \u201eWir sind best\u00fcrzt \u00fcber die steigende Zahl der Opfer, die der Krieg in Afghanistan fordert. Junge Menschen werden in den Krieg geschickt, T\u00f6ten und Sterben von den verantwortlichen Politikern billigend in Kauf genommen.\u201c Statt weiterer Aufstockung der Kontingente fordert der Appell den Abzug der Bundeswehr, die sofortige Einstellung aller Waffenlieferungen, keine logistische Unterst\u00fctzung des Krieges, daf\u00fcr die Bereitstellung von Mitteln f\u00fcr den zivilen Wiederaufbau.<\/p>\n<p><strong>Bisher rund 2000 Unterst\u00fctzungsunterschriften<\/strong><\/p>\n<p>Zu den Erstunterzeichnern geh\u00f6rten die hessischen Bundestagsabgeordneten sowie\u00a0 Landtagsabgeordnete Hessens und Th\u00fcringens und weitere Funktion\u00e4re der Partei Die Linke (einschlie\u00dflich der einstimmigen Zustimmung von deren Landesparteitagen), Funktion\u00e4re der SPD und von B\u00fcndnis 90\/Gr\u00fcne,\u00a0 regionale DGB-Vorsitzende, Betriebsr\u00e4te und ein breiter Kreis gesellschaftlicher Kr\u00e4fte von\u00a0 Hochschullehrern, \u00c4rzten und\u00a0 Schauspielern bis hin zu Pers\u00f6nlichkeiten der Kirchen, christlicher Organisationen\/Institutionen (Pax Christi, der Bist\u00fcmer, Ordensleute) der Freidenker, von Friedensforen, darunter des Darmst\u00e4dter Signals, aber auch Freunde und Bekannte von ums Leben gekommenen Bundeswehrangeh\u00f6rigen sowie von Vereinigungen von Berufssoldaten. Von dem Anklang, den der\u00a0 Fuldaer Aufruf findet, zeugen bisher die Unterschriften von zirka 2000 Unterst\u00fctzern.<\/p>\n<p><strong>Alleinstehende Mutter einer zehnj\u00e4hrigen Tochter nicht vom Kriegseinsatz zur\u00fcckgestellt<\/strong><\/p>\n<p>Bereits vor f\u00fcnf Jahren besch\u00e4ftigte der Tod einer aus Fulda stammenden Soldatin die \u00d6ffentlichkeit Hessens. Die\u00a0 34-j\u00e4hrige Tatjana Reed mit deutscher und US-amerikanischer Staatsangeh\u00f6rigkeit kam als Sergeant der 66. in Kaiserlautern stationierten Transportkompanie der US-Besatzungsarmee am 22. Juli 2004 im Irak ums Leben. Verwandte berichteten damals, dass der alleinstehenden Mutter einer zehnj\u00e4hrigen Tochter eine Zur\u00fcckstellung vom Kriegseinsatz nicht gew\u00e4hrt worden war.<\/p>\n<p>Um den Druck auf Bundestag und Bundesregierung zu erh\u00f6hen, werben die Initiatoren des Fuldaer Appells um eine bundesweite Unterst\u00fctzung ihres Aufrufs. Schlie\u00dfen Sie sich an, fordern Sie das Ende des Kriegseinsatzes der Bundeswehr in Afghanistan, verhindern Sie, dass weiter das Blut junger Deutscher vergossen wird.<\/p>\n<p>Gerhard Feldbauer, Poppenhausen, Historiker, Publizist<\/p>\n<p><strong>F\u00fcr weitere Unterst\u00fctzungsunterschriften:<\/strong><\/p>\n<p>Die Fuldaer\u00a0 Erkl\u00e4rung siehe <a href=\"http:\/\/www.kreisverband-fulda.dgb.de\" target=\"_blank\">http:\/\/www.kreisverband-fulda.dgb.de<\/a>;<br \/>\nOnline Unterzeichnung unter <a href=\"https:\/\/www.frieden-mitmachen.de\/29\/truppenabzug_jetzt!_frieden_statt_krieg!\" target=\"_blank\">https:\/\/www.frieden-mitmachen.de\/29\/truppenabzug_jetzt!_frieden_statt_krieg!<\/a><\/p>\n<div class=\"pdf24Plugin-cp\"> \t<form name=\"pdf24Form0\" method=\"post\" action=\"https:\/\/doc2pdf.pdf24.org\/wordpress.php\" target=\"pdf24PopWin\" onsubmit=\"var pdf24Win = window.open('about:blank', 'pdf24PopWin', 'resizable=yes,scrollbars=yes,width=600,height=250,left='+(screen.width\/2-300)+',top='+(screen.height\/3-125)+''); pdf24Win.focus(); if(typeof pdf24OnCreatePDF === 'function'){void(pdf24OnCreatePDF(this,pdf24Win));}\"> \t\t<input type=\"hidden\" name=\"blogCharset\" value=\"Cw1x07UAAA==\" \/><input type=\"hidden\" name=\"blogPosts\" value=\"MwQA\" \/><input type=\"hidden\" name=\"blogUrl\" value=\"yygpKSi20tcvLy\/Xy8jPSM3LARK6pXnpqWmZOSWpRSV6KakA\" \/><input type=\"hidden\" name=\"blogName\" value=\"88jPSM3LARK6pXnpqWmZOSWpRSUA\" \/><input type=\"hidden\" name=\"blogValueEncoding\" value=\"gzdeflate base64\" \/><input type=\"hidden\" name=\"postId_0\" value=\"M7WwNAcA\" \/><input type=\"hidden\" name=\"postTitle_0\" value=\"DcoxDoNADATAr+w70kGRdFR8wMF7HAJ8yD4LKa8P7WgmWSqUJ+am4GYMvPNQoWNMU8bN6tEe6bQXPrzpeyxVSn9Kaa50w+x5XTT5\/nKFZGAoaxXboov9AQ==\" \/><input type=\"hidden\" name=\"postLink_0\" value=\"yygpKSi20tcvLy\/Xy8jPSM3LARK6pXnpqWmZOSWpRSV6Kan69gW2phaW5gA=\" \/><input type=\"hidden\" name=\"postAuthor_0\" value=\"AwA=\" \/><input type=\"hidden\" name=\"postDateTime_0\" value=\"MzIwsNQ1NNI1sFQwMLcyNLIyNQQA\" \/><input type=\"hidden\" name=\"postContent_0\" value=\"rVfLbhxHErz7K8o62cA8ZFkQLC1NgFxSokxxRexIIqCLUM3O6S51T\/WgqlpjzMmH\/YY9LVZ74DfopNPOn\/hLNiKrh28YPuxB1ExPVT4iIyOzd5a7OzGFzle7BxKM7aN53relNTHZxUJ8KebR4\/HHzUUdXCXmuW3beF67sMCjChdObQruXMxsYj513pR4NLM2tNaXBW7YUv77H1NJvfkSkhi3MK+b1BUS8HTd47g3r5dzCbwZ8a9PsI6Hx8FJFcX5aNMavzhv9uZVbb1DXH5i\/mbPa\/PDY3PSeZvEwxrvvxIHi9F8koBjoTDMyKsXmF1JwId3ElpJ695X4kemdKKHFubJxOz1VR+TefTw4U+mEGfgXhZmz+NuayvGcGKjDWM3ntU2uDluti6lyc50QHBnutz9ZgeIymL30MFDBAyJIRx1yKrFnzEdz12bJCRFbIZE58i2NEd9Ia2MzAyhbi4KB7fmCHjvTGHu0vTg6sen5mBAy2iuSO0mSAT7Box3wmTBPzIe5OW9qW1CiaKD23UfzH6P4seV1AH1W0hbShoZD9xLgIKbDeHxRnyKyyCsGnHe62Ph2hJW47KFU9yd9\/qLmp+YM4Erwv6pA3pSDdd8ZZlCTI6sQxS+NIAASa5lAb6wKk9ZlVtJIWkU\/3raPz65FnrswGUQxOCJKQOKetq1bo2TfLYgZei2kqaj38ltmA9\/HYMwCbxyFXNaOHpBOL\/gm1n0EV+I1ubreZOCwOodlH\/posz1POhmF7aNQwZbWyMlpy1xy9EX2fgi2EIprfXxWiCJyPRTtzC\/\/\/bvwyH7+eZrMM9JH7L5ORKsxSXN9u+oSfr9t3\/pl0KIDSCwwfbzEQwN7GGjGnQG+vwWfeAFT2JugkPUhyzwyXgQJCkRWhsjMIMP2DuzMYPSe+KD25cBaDtKDfqsxVVJO26BKCkWRLdHHLzJfHG2UDYFl5XgVT9HNBXabR41+8cTM5NluskKc4ws+zjSzyAoAtp85YEfHj\/E5xPxam1kFoLszHv3ybVKgtE1FjSWFDBsi4PQnzca4Kll+c0BGPvK+UY1jIjafvNZQm3bXKdMuQSQYuYarm7+OZ8DsRaANazKeoVEBibE3D1eevw97ZSPpMYeOtmlK57BWz6jHAnrcSUtYz22BQykrCEnEhppx2fCKytpW3LShM1Ffx+nZwmdaN5svmz7YoZbsPnMnEDNpM2kYleuCRP+PyO\/SJzC9kA4MMJEN\/5eTTl4sT8+xqHIYpJfeaJ4Wy\/U7JuuvMHtoTiImWqrrNK4gEFyuSUyWnvLJbyOyFSKEDHeK9Z9pZ+u6RWn2HUqQ4M6MByKu3KhnJiX+f5ePw\/93KBjNp+TkfiMrD1zYVAfoAkg1mlgEjULWTtVLPPe1q261fGVBwm\/amvfbqXB+0RrL1cJa9\/5nM4w8xAr5yvUZHRPiYYZ69km1qdVF5RdSiGMItdwkkJ\/W42Sho9RNdj0Wd7Yjbn8K9QQhQwEIabuvMkNiAQ6nzi60MXbuDPQir06vw\/zjEDscCVxUaBAkSI0ixmGs2eW3QDJB17D9NURYtquAkza7uYtxYO464RWligsEimemZjws3\/FQR7THlDu+j8m751e2HcRUmMCMYaWPLwVQFQxQ2SQn\/u0\/X1eYQ5xQ09C385rzyJsV54862qJcdCzS6GItqgEAHtODSC3clyVXnFjuPmjORLqbNaVNzXy0\/rk70Md0WK+Sa7zm4sg9+vWd5yYEG0nm88kjZ7iM45c8sW87\/XzFtFS9yUGJHGp1ihv\/vvRXWez0wONhtf2N199CeKbpw+nLzAYvXDcBKlwwUKZqA7vuhAdFjuYHqGYWCGliNCrlBsfUZkiaGZGhYRdIbp52nlmPH\/YXKAo9An7R915zTECqtWgNci1+Qd6N7cPfsdSBVVYOmxY2iLR1I6KY05R380XvxVpyTvssQt5XrD0cevydajY0pa5i5++JHapz9\/Md6f2V\/NXPe5GuTscibSgPLxmo8cWM1e+1984qvGo4Y9EbZjhEf2je6kNeY6yAw5sWMDSRckHM1cBRrSDLXRfRyFhi6RS6PalwaqQYblnwbkkIHsW00hZqsVXAuqtd2wur\/vOoDhoN6jEdpeamHfdIKC+wf7AvSbDBpxV6rOsUFvnUFLRwd\/TWJHbjS3x9kZnqZu1C42904ao15223UOZVWB06zQnfUqZzPi7ltpv31c4a7CE4GneWrg\/3Fwfh92tEhWTdKfDB6Xhtkpp8djkbM2+KKjTZKBuNCwpx1oO4Z63KCz6Cp\/LgnB7NRhafMJ+BYo\/XnvlemPTR+st9jm8I+S1Ke\/9QQv+djbG2hJcQ2bqUwi8TfGquOoAu43uFzMJlWB0aMRP8NKjM8JFvMpYkDNwBVd+69wFfmBJXELUwZ8lXORU4XRfiB81EuwUXVofPeKEax1L+Jiby8tgmysSTsisFfVNuESwICp9eSkm52NU6\/ZGdf2fKa8Okve5ltfGwu1qZxZUsqIBDMFO5y\/2qkuGvc0rSt7\/ODsv9Tq3l36jmOkQo4BgCdx8Ua1Y5RnN+r7k6mITm1lb+LItdIpCuhc55GJoRgjP7dnnQLM49BGIMRukW\/SVMb+mWTjNMzo\/BILY1Eu5mpvXXqFv7Ug3V5QRN4qazZpNDdXI00Xt7rd9yhtbuHzzDLxVdaRu3qy2KL7gZhyw+OG1EWOXInfaIXVPESZUR\/DaBafyd9oX+ZXsdpc\/5yjfDrg\/HMzP7u6hTrago58OQ9NiWBHW6EArs2MN4J3\/\/KBOaflsOl2tVpPm2so6nvPupKyKSSkPDF6wK0k\/P\/hQQO+aB7t\/5tbO1O7+ZacIZrr7zWvMFz\/kkHeEqzelG6HEweo8j4Mx+n1hOYlgcPro6TSFnjBabmAfPkpap28\/DGc\/sHHTh4Zl\/\/b+kP9f1pmaAv0\/\" \/> \t\t<a href=\"https:\/\/www.pdf24.org\" target=\"_blank\" title=\"www.pdf24.org\" rel=\"nofollow\"><img src=\"https:\/\/www.hohenlohe-ungefiltert.de\/wp-content\/plugins\/pdf24-post-to-pdf\/img\/pdf_32x32.png\" alt=\"\" border=\"0\" height=\"32\" \/><\/a> \t\t<span class=\"pdf24Plugin-cp-space\">&nbsp;&nbsp;<\/span> \t\t<span class=\"pdf24Plugin-cp-text\">Sende Artikel als PDF<\/span> \t\t<span class=\"pdf24Plugin-cp-space\">&nbsp;&nbsp;<\/span> \t\t<input class=\"pdf24Plugin-cp-input\" style=\"margin: 0px;\" type=\"text\" name=\"sendEmailTo\" placeholder=\"Emailadresse\" \/> \t\t<input class=\"pdf24Plugin-cp-submit\" style=\"margin: 0px;\" type=\"submit\" value=\"Senden\" \/> \t<\/form> <\/div>","protected":false},"excerpt":{"rendered":"<p>Der aus Fulda stammende 24-j\u00e4hrige Fallschirmj\u00e4ger Patrice S. von der Saarlandbrigade\u00a0 geh\u00f6rte im Oktober\u00a0 zu den Opfern des deutschen Kriegseinsatzes in Afghanistan. Nach 14 Monaten\u00a0 des Leidens verstarb er an den schweren Verletzungen, die er am 6. August 2008 bei einem Anschlag in Masar-i-Sharif erlitt. Eingesandt an Hohenlohe-ungefiltert von Siegfried Hubele, Schw\u00e4bisch Hall 39 Deutsche [&hellip;]<\/p>\n","protected":false},"author":3,"featured_media":0,"comment_status":"open","ping_status":"open","sticky":false,"template":"","format":"standard","meta":[],"categories":[],"tags":[],"_links":{"self":[{"href":"https:\/\/www.hohenlohe-ungefiltert.de\/index.php?rest_route=\/wp\/v2\/posts\/5897"}],"collection":[{"href":"https:\/\/www.hohenlohe-ungefiltert.de\/index.php?rest_route=\/wp\/v2\/posts"}],"about":[{"href":"https:\/\/www.hohenlohe-ungefiltert.de\/index.php?rest_route=\/wp\/v2\/types\/post"}],"author":[{"embeddable":true,"href":"https:\/\/www.hohenlohe-ungefiltert.de\/index.php?rest_route=\/wp\/v2\/users\/3"}],"replies":[{"embeddable":true,"href":"https:\/\/www.hohenlohe-ungefiltert.de\/index.php?rest_route=%2Fwp%2Fv2%2Fcomments&post=5897"}],"version-history":[{"count":3,"href":"https:\/\/www.hohenlohe-ungefiltert.de\/index.php?rest_route=\/wp\/v2\/posts\/5897\/revisions"}],"predecessor-version":[{"id":5906,"href":"https:\/\/www.hohenlohe-ungefiltert.de\/index.php?rest_route=\/wp\/v2\/posts\/5897\/revisions\/5906"}],"wp:attachment":[{"href":"https:\/\/www.hohenlohe-ungefiltert.de\/index.php?rest_route=%2Fwp%2Fv2%2Fmedia&parent=5897"}],"wp:term":[{"taxonomy":"category","embeddable":true,"href":"https:\/\/www.hohenlohe-ungefiltert.de\/index.php?rest_route=%2Fwp%2Fv2%2Fcategories&post=5897"},{"taxonomy":"post_tag","embeddable":true,"href":"https:\/\/www.hohenlohe-ungefiltert.de\/index.php?rest_route=%2Fwp%2Fv2%2Ftags&post=5897"}],"curies":[{"name":"wp","href":"https:\/\/api.w.org\/{rel}","templated":true}]}}