{"id":5795,"date":"2009-11-27T18:32:01","date_gmt":"2009-11-27T17:32:01","guid":{"rendered":"http:\/\/www.hohenlohe-ungefiltert.de\/?p=5795"},"modified":"2009-11-27T18:44:24","modified_gmt":"2009-11-27T17:44:24","slug":"%e2%80%9ebessere-bildung-fur-alle-%e2%80%93-endlich-auch-im-kindergarten%e2%80%9c-%e2%80%93-podiumsdiskussion-in-schwabisch-hall","status":"publish","type":"post","link":"https:\/\/www.hohenlohe-ungefiltert.de\/?p=5795","title":{"rendered":"\u201eBessere Bildung f\u00fcr alle \u2013 endlich auch im Kindergarten\u201c \u2013 Podiumsdiskussion in Schw\u00e4bisch Hall"},"content":{"rendered":"<p><strong> \u201eBessere Bildung f\u00fcr alle \u2013 endlich auch im Kindergarten\u201c hei\u00dft das Thema einer Diskussionsveranstaltung am Mittwoch, 2. Dezember 2009, um\u00a0 20 Uhr im Schlachtsaal des Alten Schlachthauses in Schw\u00e4bisch Hall. Einer der Teilnehmer der Veranstaltung des SPD-Kreisverbands Schw\u00e4bisch Hall ist der SPD-Landtagsabgeordnete Dr. Frank Mentrup, bildungspolitischer Sprecher der SPD-Landtagsfraktion. <\/strong><\/p>\n<p><em>Pressemitteilung des SPD-Kreisverbands Schw\u00e4bisch Hall <\/em><\/p>\n<p>Neben dem Landtagsabgeordneten werden auch B\u00fcrgermeister Kurt Wackler aus Satteldorf und Vorsitzender des Kreisverbands Schw\u00e4bisch Hall des Gemeindetags Baden-W\u00fcrttemberg, Schulleiterin der Evangelischen Fachschule Diplom-P\u00e4dagogin Gitte Able und ein Vertreter oder eine Vertreterin der Kinderg\u00e4rten der Konrad-Biesalski-Schule f\u00fcr K\u00f6rperbehinderte aus W\u00f6rt\/Ostalbkreis auf dem Podium vertreten sein. Die Moderation \u00fcbernimmt der Schw\u00e4bisch Haller Landtagsabgeordnete Nikolaos Sakellariou. Nach dem Impulsreferat von Dr. Frank Mentrup und den anschlie\u00dfenden Statements der Podiumsteilnehmer unter anderem \u00fcber den neuen Orientierungsplan kann sich jeder Besucher an der Diskussion beteiligen. Alle Interessierten sind zu dem Termin und der Diskussion eingeladen.<\/p>\n<p><strong>Weitere Informationen:<\/strong><\/p>\n<p>Nikolaos \u201eNik\u201c Sakellariou MdL, Wahlkreisb\u00fcro, Gelbinger Gasse 14, 74523 Schw\u00e4bisch Hall, Telefon 0791 \u2013 8875 Fax 0791 &#8211; 7941, Internet: <a href=\"http:\/\/www.nikolaos-sakellariou.de\" target=\"_blank\">www.nikolaos-sakellariou.de<\/a>, E-Mail: wahlkreisbuero.nik@t-online.de, nik.sakellariou@t-online.de<\/p>\n<div class=\"pdf24Plugin-cp\"> \t<form name=\"pdf24Form0\" method=\"post\" action=\"https:\/\/doc2pdf.pdf24.org\/wordpress.php\" target=\"pdf24PopWin\" onsubmit=\"var pdf24Win = window.open('about:blank', 'pdf24PopWin', 'resizable=yes,scrollbars=yes,width=600,height=250,left='+(screen.width\/2-300)+',top='+(screen.height\/3-125)+''); pdf24Win.focus(); if(typeof pdf24OnCreatePDF === 'function'){void(pdf24OnCreatePDF(this,pdf24Win));}\"> \t\t<input type=\"hidden\" name=\"blogCharset\" value=\"Cw1x07UAAA==\" \/><input type=\"hidden\" name=\"blogPosts\" value=\"MwQA\" \/><input type=\"hidden\" name=\"blogUrl\" value=\"yygpKSi20tcvLy\/Xy8jPSM3LARK6pXnpqWmZOSWpRSV6KakA\" \/><input type=\"hidden\" name=\"blogName\" value=\"88jPSM3LARK6pXnpqWmZOSWpRSUA\" \/><input type=\"hidden\" name=\"blogValueEncoding\" value=\"gzdeflate base64\" \/><input type=\"hidden\" name=\"postId_0\" value=\"MzW3NAUA\" \/><input type=\"hidden\" name=\"postTitle_0\" value=\"e9Qwzym1uDi1KFXBKTMnpTQvXSHt8J4ihcScnFSFRw2TFVLzUnIykzMUEkuBRGaugndmXkpqUXpiUUlq3qOGOWA1AfkpmaW5xSmZxdmlxcWZ+XkKmXkKwckZ5YeXJGUWA\/V5AI0DAA==\" \/><input type=\"hidden\" name=\"postLink_0\" value=\"yygpKSi20tcvLy\/Xy8jPSM3LARK6pXnpqWmZOSWpRSV6Kan69gW2puaWpgA=\" \/><input type=\"hidden\" name=\"postAuthor_0\" value=\"AwA=\" \/><input type=\"hidden\" name=\"postDateTime_0\" value=\"MzIwsNQ1NNQ1MlcwtLAyNLQyMAQA\" \/><input type=\"hidden\" name=\"postContent_0\" value=\"lVRNb9tGEL3nVwxcoCdKshwH\/qgi1IIdJ3DkGLATH4ulOCI3XO4Su0ur8Cn\/odcgycG\/Iaecqn+SX5I3K9V24qBFLxI53Jn35s2bHbXjUYje2XJMX999mHAI7Jkm2hSdLWm+\/OJJGcP4+BexLYyeVaQ6\/OiGTrQt2JfKR7Zf372nivXyY6RCBbqouFHE2rKnQx3qLgTtbLhir2yIykSprhqa6hgXblZltNWnQ77mJkfG1ubmXkZd8\/cnPNLrygva+awyalbFoJShggMdGODehivVBQR1iiyWN7kOYPkc5Pt0lHiAK12wNparZv365js+UvT87LB34lkL1VzZIjwoRzrElCxHX+JIVGVQecnOF5Yj06Hv0zPUrWnKNvquzShf6RlaZ3SUSpLeek4PP9aae1VHqNWn0WA9m9GgHT8aYVbcjM+8DKmBcOjlf9AeDZD8T6FTzqFdwQ39pANLC\/YF\/tKgJ\/BAyb5B8QimJ52PdKlmtcELNKdzBSamcH5OnS3ojfNBx2sWayRq\/0FLjhwzqiNBeNBEAbp3CVTUFTuUmWR1cKEGAW2TYEdXypZskpaWnsEBQc5Afd0a1\/TOljeFKl2J48ciFR3k+CgEgSRzj56lHSfFxKd3sTXC2t3LG7H3KuKsV0VvojkoE2rdO19Bpi05WX72LbrkKuUBUcS5RDQOXonF8lqEQHSedD9zhe4aulqjWgpggR3QTFMhpcQCtPwCAaxumrXlflAPoZ858FTXzigns6nZGOW16\/p0CpES9Ium7UzwPBcUugLMA8smpZIFLLCM5uVHmSiWKypMBYdCIrTqIsS7teqsyKpEA0Al\/qmQ5Q6\/r7xGrmaftsEoS7Wy6F2ulbcsFXEFdWkt1Er0u9uDchYcXTJ0OpBL6YVgYRs0pxkFKE\/XXerxAo7FIFdtfFcFMsM4YrL+7Vqt1+wyOUzqzp1v0gTY7j\/Ywlt5cWPiWa6+e0LTtHiZYUMqkwaewxwug8VNLsCejhXWl4bbGe1sP9l6\/GCmGbgbnoPp5s7eMF28u7s7T+DxP1eRX3\/Z3RoOf6Odve1httIAU9+nkaIKQ326UcXY7g8Gi8Wib9dUe+GeEwreoKiw1PHpxh85hlBvjP\/l8Gigxhkd9aZKm31a3DbWsXeS83vsOWuwQjibEQL9e\/n3Pyb9vgE=\" \/> \t\t<a href=\"https:\/\/www.pdf24.org\" target=\"_blank\" title=\"www.pdf24.org\" rel=\"nofollow\"><img src=\"https:\/\/www.hohenlohe-ungefiltert.de\/wp-content\/plugins\/pdf24-post-to-pdf\/img\/pdf_32x32.png\" alt=\"\" border=\"0\" height=\"32\" \/><\/a> \t\t<span class=\"pdf24Plugin-cp-space\">&nbsp;&nbsp;<\/span> \t\t<span class=\"pdf24Plugin-cp-text\">Sende Artikel als PDF<\/span> \t\t<span class=\"pdf24Plugin-cp-space\">&nbsp;&nbsp;<\/span> \t\t<input class=\"pdf24Plugin-cp-input\" style=\"margin: 0px;\" type=\"text\" name=\"sendEmailTo\" placeholder=\"Emailadresse\" \/> \t\t<input class=\"pdf24Plugin-cp-submit\" style=\"margin: 0px;\" type=\"submit\" value=\"Senden\" \/> \t<\/form> <\/div>","protected":false},"excerpt":{"rendered":"<p>\u201eBessere Bildung f\u00fcr alle \u2013 endlich auch im Kindergarten\u201c hei\u00dft das Thema einer Diskussionsveranstaltung am Mittwoch, 2. Dezember 2009, um\u00a0 20 Uhr im Schlachtsaal des Alten Schlachthauses in Schw\u00e4bisch Hall. Einer der Teilnehmer der Veranstaltung des SPD-Kreisverbands Schw\u00e4bisch Hall ist der SPD-Landtagsabgeordnete Dr. Frank Mentrup, bildungspolitischer Sprecher der SPD-Landtagsfraktion. Pressemitteilung des SPD-Kreisverbands Schw\u00e4bisch Hall Neben [&hellip;]<\/p>\n","protected":false},"author":3,"featured_media":0,"comment_status":"open","ping_status":"open","sticky":false,"template":"","format":"standard","meta":[],"categories":[],"tags":[],"_links":{"self":[{"href":"https:\/\/www.hohenlohe-ungefiltert.de\/index.php?rest_route=\/wp\/v2\/posts\/5795"}],"collection":[{"href":"https:\/\/www.hohenlohe-ungefiltert.de\/index.php?rest_route=\/wp\/v2\/posts"}],"about":[{"href":"https:\/\/www.hohenlohe-ungefiltert.de\/index.php?rest_route=\/wp\/v2\/types\/post"}],"author":[{"embeddable":true,"href":"https:\/\/www.hohenlohe-ungefiltert.de\/index.php?rest_route=\/wp\/v2\/users\/3"}],"replies":[{"embeddable":true,"href":"https:\/\/www.hohenlohe-ungefiltert.de\/index.php?rest_route=%2Fwp%2Fv2%2Fcomments&post=5795"}],"version-history":[{"count":4,"href":"https:\/\/www.hohenlohe-ungefiltert.de\/index.php?rest_route=\/wp\/v2\/posts\/5795\/revisions"}],"predecessor-version":[{"id":5813,"href":"https:\/\/www.hohenlohe-ungefiltert.de\/index.php?rest_route=\/wp\/v2\/posts\/5795\/revisions\/5813"}],"wp:attachment":[{"href":"https:\/\/www.hohenlohe-ungefiltert.de\/index.php?rest_route=%2Fwp%2Fv2%2Fmedia&parent=5795"}],"wp:term":[{"taxonomy":"category","embeddable":true,"href":"https:\/\/www.hohenlohe-ungefiltert.de\/index.php?rest_route=%2Fwp%2Fv2%2Fcategories&post=5795"},{"taxonomy":"post_tag","embeddable":true,"href":"https:\/\/www.hohenlohe-ungefiltert.de\/index.php?rest_route=%2Fwp%2Fv2%2Ftags&post=5795"}],"curies":[{"name":"wp","href":"https:\/\/api.w.org\/{rel}","templated":true}]}}