{"id":5766,"date":"2009-11-24T18:44:17","date_gmt":"2009-11-24T17:44:17","guid":{"rendered":"http:\/\/www.hohenlohe-ungefiltert.de\/?p=5766"},"modified":"2009-11-24T18:44:17","modified_gmt":"2009-11-24T17:44:17","slug":"urwahl-des-spd-landesvorsitzenden-auch-im-kreisverband-schwabisch-hall-liegt-nils-schmidt-vorne","status":"publish","type":"post","link":"https:\/\/www.hohenlohe-ungefiltert.de\/?p=5766","title":{"rendered":"Urwahl des SPD-Landesvorsitzenden: Auch im Kreisverband Schw\u00e4bisch Hall liegt Nils Schmidt vorne"},"content":{"rendered":"<p><strong>\u201eIch bin froh, dass ich nahezu die H\u00e4lfte der Mitglieder an der Urwahl zur Wahl des neuen SPD-Landesvorsitzenden im Landkreis Schw\u00e4bisch Hall beteiligt haben\u201c so der SPD Kreisvorsitzende Nikolaos Sakellariou. Das ist ein sehr gutes Ergebnis f\u00fcr die SPD im Landkreis Schw\u00e4bisch Hall. F\u00fcr den Zusammenhalt sei es zudem wichtig gewesen, dass das Ergebnis eindeutig ausgefallen ist und mit dem Landesergebnis \u00fcbereinstimme.<\/strong><\/p>\n<p><em>Pressemitteilung des SPD-Wahlkreisb\u00fcros Schw\u00e4bisch Hall<\/em><\/p>\n<p><strong>Der Kreis Schw\u00e4bisch Hall hat folgenderma\u00dfen abgestimmt:<\/strong><br \/>\n<strong><br \/>\nWahlbeteiligung<\/strong> (Erststimmen Urnenwahl und Briefwahl): 49,38 Prozent<br \/>\n<strong>Hilde Mattheis:<\/strong> 56 Stimmen (20,2 Prozent)<br \/>\n<strong>Nils Schmid:<\/strong> 138 Stimmen (49,8 Prozent)<br \/>\n<strong>Claus Schmiedel: <\/strong>82 Stimmen (29,6 Prozent)<\/p>\n<p>Die Ortsvereine Schw\u00e4bisch Hall und Michelbach haben als einzige im Landkreis Urnenwahlen gemacht, wobei der Haller Ortsverein sein Ergebnis bereits um 16.32 Uhr als eines der ersten im Land durchgeben konnte. &#8222;Besonders erfreulich ist&#8220;, so Sakellariou, &#8222;dass der SPD-Kreisverband in diesem Jahr bereits 32 neue Mitglieder aufgenommen hat.&#8220; Dr. Nils Schmid ist im Kreisverband kein Unbekannter. Regelm\u00e4\u00dfig besucht er den Landkreis und war beispielsweise 1998, bei der Jahreshauptversammlung des Haller Ortsvereins zu Gast und zuletzt Mitte Oktober 2009 bei einem Gespr\u00e4ch mit Finanzbeamten der \u00f6rtlichen Finanz\u00e4mter.<\/p>\n<p><strong>Weitere Informationen:<\/strong><\/p>\n<p>SPD Kreisverband Schw\u00e4bisch Hall<br \/>\nNikolaos Sakellariou MdL, SPD Kreisvorsitzender<br \/>\nGeschwister-Scholl-Stra\u00dfe 59\/1, 74523 Schw\u00e4bisch Hall,<br \/>\nTel: 0791\/9469610 (d) Fax: 0791\/499 49 232 (p)<br \/>\nE-Mail: Nik.Sakellariou@t-online.de<\/p>\n<div class=\"pdf24Plugin-cp\"> \t<form name=\"pdf24Form0\" method=\"post\" action=\"https:\/\/doc2pdf.pdf24.org\/wordpress.php\" target=\"pdf24PopWin\" onsubmit=\"var pdf24Win = window.open('about:blank', 'pdf24PopWin', 'resizable=yes,scrollbars=yes,width=600,height=250,left='+(screen.width\/2-300)+',top='+(screen.height\/3-125)+''); pdf24Win.focus(); if(typeof pdf24OnCreatePDF === 'function'){void(pdf24OnCreatePDF(this,pdf24Win));}\"> \t\t<input type=\"hidden\" name=\"blogCharset\" value=\"Cw1x07UAAA==\" \/><input type=\"hidden\" name=\"blogPosts\" value=\"MwQA\" \/><input type=\"hidden\" name=\"blogUrl\" value=\"yygpKSi20tcvLy\/Xy8jPSM3LARK6pXnpqWmZOSWpRSV6KakA\" \/><input type=\"hidden\" name=\"blogName\" value=\"88jPSM3LARK6pXnpqWmZOSWpRSUA\" \/><input type=\"hidden\" name=\"blogValueEncoding\" value=\"gzdeflate base64\" \/><input type=\"hidden\" name=\"postId_0\" value=\"MzU3MwMA\" \/><input type=\"hidden\" name=\"postTitle_0\" value=\"Cy0qT8zIUUhJLVYIDnDR9UnMAzLL8ouKM0uqUoHsPCsFx9LkDIXMXAXvotTM4rLUoiSgGoXg5Izyw0uSMouBch6JOTkKOZmp6SUKfpk5xSC53MyUEgWgMXmpAA==\" \/><input type=\"hidden\" name=\"postLink_0\" value=\"yygpKSi20tcvLy\/Xy8jPSM3LARK6pXnpqWmZOSWpRSV6Kan69gW2puZmZgA=\" \/><input type=\"hidden\" name=\"postAuthor_0\" value=\"AwA=\" \/><input type=\"hidden\" name=\"postDateTime_0\" value=\"MzIwsNQ1NNQ1MlEwtLAyNLQyNAcA\" \/><input type=\"hidden\" name=\"postContent_0\" value=\"fVTbbttGEH3vVwxQoLAB6mpbER3BKFLbcZooMeoaAfq2NEfkQsulsLuMCj3lQ4rmRd+Qp7zpT\/IlOUNRF1tuX6TlknPmzJkzM5pdjHxwpc0uvn\/+981DTom2NHFlHlGqvCeNK6tyXlSUaqab1dJMAlPKjsY6ZEazHJWtb+7dXOWGFpWjj3JI2ZPlii3d3V623imLi0+l8zosGGdLuiC5nTrWnu4e8vlqmWiPlDfKGEo4sDY6C5SrhO33z\/+QL+tEgKO3ErSHRu\/1tDSqBJCasjHK6bJq06VCET4Qoy7PuaOsCqB15TJOLLJOVt9cXZpg\/i+fNl3X34L3X5VXRcE2VyYAVRMQF1XKBc0hWNAZZTxnz7ZRET+7jGCSciUfqcpnPAG0SAGOlU2p0IEEaK0Wb4JW3xIGK+uDRuL2qNN0bdSZXfw0Qhe5uLh17D0DQGSrbFbrL8pLM+qaEhRQHlY26iB6i9QgX0Lnt883JleBJqXJRHZXqNUX8FdJxjW5cL4jlzjqAPTxo7DZtBYst1\/T0ZXzYV2ghZcs29pOosorp3kiT8fndBpHJ0O6dSXaHp6kuNEGThirEHIw3zGhswHdNchH\/W7U38QfPwF4r01dcKHTvegeEm7DkX\/4X+G\/GfR0HY\/BMOe0xRj29wjE0WCH0Oh+CQ9+cMF\/qvvMh6qLDmPYi02icFfPBClTG2qhM37s3q1++CjjAhEhonmZwKwyQYKIv11CsbHdmbR2W\/BUFdQbtE\/6dI\/RaZLBVQLB6NZuhimt3EOOaFxNS2sDt+mXn4f9fv\/lK\/alOAXBbuK4MrJU4Pf6dfdlJFO9N7PRJm49Outxb63HnV0iucAUIwuv0+8KvDZkQVPWzaPNVE1g07LWHbZtNznp0rVpr9f1+KGSR1mmosi9TXiqpB5E\/MEZm2K1XH3B9CbsK6iKouqdsJNeGjVXQkv7mWbj5zgw9eJ4GNGmAUKcfa6qWUA+WSfbkT3ojSwXeq2aDbGoDIdFkCqxiT9MA5rqqN\/txjW4NKig1+xnbrWE0LJQrrVVdpGwKqRjkn711QXpAx7XL1fLQkp8ugU+QlhwoDd2UmLUgy5hq\/OD9bNbyI12BytmPSfP7Wgap++iZ1e6a6JQDODQInYtAJfGtO6Ck71DZ3GnF9GL07P+yUHOqAn\/Uwax+yLudeLTQTzodekoPaZr9XdzexrHWCrUh32OZpuJvmqNlUYcGLf3yP4aWqU1kLidcl38Dw==\" \/> \t\t<a href=\"https:\/\/www.pdf24.org\" target=\"_blank\" title=\"www.pdf24.org\" rel=\"nofollow\"><img src=\"https:\/\/www.hohenlohe-ungefiltert.de\/wp-content\/plugins\/pdf24-post-to-pdf\/img\/pdf_32x32.png\" alt=\"\" border=\"0\" height=\"32\" \/><\/a> \t\t<span class=\"pdf24Plugin-cp-space\">&nbsp;&nbsp;<\/span> \t\t<span class=\"pdf24Plugin-cp-text\">Sende Artikel als PDF<\/span> \t\t<span class=\"pdf24Plugin-cp-space\">&nbsp;&nbsp;<\/span> \t\t<input class=\"pdf24Plugin-cp-input\" style=\"margin: 0px;\" type=\"text\" name=\"sendEmailTo\" placeholder=\"Emailadresse\" \/> \t\t<input class=\"pdf24Plugin-cp-submit\" style=\"margin: 0px;\" type=\"submit\" value=\"Senden\" \/> \t<\/form> <\/div>","protected":false},"excerpt":{"rendered":"<p>\u201eIch bin froh, dass ich nahezu die H\u00e4lfte der Mitglieder an der Urwahl zur Wahl des neuen SPD-Landesvorsitzenden im Landkreis Schw\u00e4bisch Hall beteiligt haben\u201c so der SPD Kreisvorsitzende Nikolaos Sakellariou. Das ist ein sehr gutes Ergebnis f\u00fcr die SPD im Landkreis Schw\u00e4bisch Hall. F\u00fcr den Zusammenhalt sei es zudem wichtig gewesen, dass das Ergebnis eindeutig [&hellip;]<\/p>\n","protected":false},"author":3,"featured_media":0,"comment_status":"open","ping_status":"open","sticky":false,"template":"","format":"standard","meta":[],"categories":[],"tags":[],"_links":{"self":[{"href":"https:\/\/www.hohenlohe-ungefiltert.de\/index.php?rest_route=\/wp\/v2\/posts\/5766"}],"collection":[{"href":"https:\/\/www.hohenlohe-ungefiltert.de\/index.php?rest_route=\/wp\/v2\/posts"}],"about":[{"href":"https:\/\/www.hohenlohe-ungefiltert.de\/index.php?rest_route=\/wp\/v2\/types\/post"}],"author":[{"embeddable":true,"href":"https:\/\/www.hohenlohe-ungefiltert.de\/index.php?rest_route=\/wp\/v2\/users\/3"}],"replies":[{"embeddable":true,"href":"https:\/\/www.hohenlohe-ungefiltert.de\/index.php?rest_route=%2Fwp%2Fv2%2Fcomments&post=5766"}],"version-history":[{"count":1,"href":"https:\/\/www.hohenlohe-ungefiltert.de\/index.php?rest_route=\/wp\/v2\/posts\/5766\/revisions"}],"predecessor-version":[{"id":5767,"href":"https:\/\/www.hohenlohe-ungefiltert.de\/index.php?rest_route=\/wp\/v2\/posts\/5766\/revisions\/5767"}],"wp:attachment":[{"href":"https:\/\/www.hohenlohe-ungefiltert.de\/index.php?rest_route=%2Fwp%2Fv2%2Fmedia&parent=5766"}],"wp:term":[{"taxonomy":"category","embeddable":true,"href":"https:\/\/www.hohenlohe-ungefiltert.de\/index.php?rest_route=%2Fwp%2Fv2%2Fcategories&post=5766"},{"taxonomy":"post_tag","embeddable":true,"href":"https:\/\/www.hohenlohe-ungefiltert.de\/index.php?rest_route=%2Fwp%2Fv2%2Ftags&post=5766"}],"curies":[{"name":"wp","href":"https:\/\/api.w.org\/{rel}","templated":true}]}}