{"id":5755,"date":"2009-11-23T11:07:40","date_gmt":"2009-11-23T10:07:40","guid":{"rendered":"http:\/\/www.hohenlohe-ungefiltert.de\/?p=5755"},"modified":"2009-11-23T11:09:43","modified_gmt":"2009-11-23T10:09:43","slug":"landesparteitag-der-grunen-harald-ebner-aus-kirchbergjagst-in-den-landesvorstand-gewahlt","status":"publish","type":"post","link":"https:\/\/www.hohenlohe-ungefiltert.de\/?p=5755","title":{"rendered":"Landesparteitag der GR\u00dcNEN: Harald Ebner aus Kirchberg\/Jagst in den Landesvorstand gew\u00e4hlt"},"content":{"rendered":"<p><strong><\/p>\n<div id=\"attachment_5757\" style=\"width: 101px\" class=\"wp-caption alignleft\"><strong><a href=\"https:\/\/www.hohenlohe-ungefiltert.de\/wp-content\/uploads\/2009\/11\/Harald_Ebner.jpg\"><img aria-describedby=\"caption-attachment-5757\" loading=\"lazy\" class=\"size-full wp-image-5757\" title=\"Harald Ebner.\" src=\"https:\/\/www.hohenlohe-ungefiltert.de\/wp-content\/uploads\/2009\/11\/Harald_Ebner.jpg\" alt=\"Harald Ebner.\" width=\"91\" height=\"88\" \/><\/a><\/strong><p id=\"caption-attachment-5757\" class=\"wp-caption-text\">Harald Ebner.<\/p><\/div>\n<p>Die baden-w\u00fcrttembergischen Gr\u00fcnen haben bei ihrem Landesparteitag in Biberach einen neuen Landesvorstand gew\u00e4hlt. Die neue Doppelspitze als Landesvorsitzende bilden Silke Krebs und Chris K\u00fchn. Harald Dolderer wurde als Schatzmeister in seinem Amt best\u00e4tigt.<br \/>\n<\/strong><\/p>\n<p><em>Pressemitteilung des Gr\u00fcnen-Kreisverbands Schw\u00e4bisch Hall<\/em><\/p>\n<p><strong>Harald Ebner will die Interessen der l\u00e4ndlichen Regionen vertreten<\/strong><\/p>\n<p>Au\u00dferdem wurde mit dem 13-k\u00f6pfigen Parteirat auch der erweiterte Landesvorstand neu gew\u00e4hlt. Hier gelang dem Schw\u00e4bisch Haller Kreisvorsitzenden und diesj\u00e4hrigen Bundestagskandidaten im Wahlkreis Schw\u00e4bisch Hall-Hohenlohe der Sprung in das F\u00fchrungsgremium der Landesgr\u00fcnen. Der in Kirchberg\/Jagst wohnende Politiker will im Parteirat insbesondere die Anliegen der l\u00e4ndlichen Regionen vertreten. Dem Parteirat geh\u00f6ren f\u00fcr die n\u00e4chsten beiden Jahre an: Theresia Bauer MdL, Alex Bonde MdB, Harald Ebner, Winfried Kretschmann MdL, Sylvia Kotting-Uhl MdB, Niombo Lomba, Andrea Lindlohr, Agnieszka Malczak MdB, Heide R\u00fchle MEP, Jo\u0308rg Rupp, Charlotte Schneidewind-Hartnagel, Henning Sch\u00fcrig, Dirk Werhahn.<\/p>\n<p><strong>Weitere Informationen:<\/strong><\/p>\n<p>Harald Ebner<br \/>\nKreisvorsitzender<br \/>\nB\u00fcndnis 90\/Die Gr\u00fcnen<br \/>\nKreisverband Schw\u00e4bisch Hall<br \/>\nE-mail: info@Harald-Ebner.de<br \/>\nPost: Gelbinger Gasse 87, D-74523 Schw\u00e4bisch Hall<\/p>\n<p><strong>Internet:<\/strong> <a href=\"http:\/\/www.gruene-sha.de\" target=\"_blank\">www.gruene-sha.de<\/a><br \/>\n<a href=\"http:\/\/www.harald-ebner.de\" target=\"_blank\">www.harald-ebner.de<\/a><br \/>\n<a href=\"http:\/\/www.hohenloher-ebner.de\" target=\"_blank\">www.hohenloher-ebner.de<\/a><\/p>\n<div class=\"pdf24Plugin-cp\"> \t<form name=\"pdf24Form0\" method=\"post\" action=\"https:\/\/doc2pdf.pdf24.org\/wordpress.php\" target=\"pdf24PopWin\" onsubmit=\"var pdf24Win = window.open('about:blank', 'pdf24PopWin', 'resizable=yes,scrollbars=yes,width=600,height=250,left='+(screen.width\/2-300)+',top='+(screen.height\/3-125)+''); pdf24Win.focus(); if(typeof pdf24OnCreatePDF === 'function'){void(pdf24OnCreatePDF(this,pdf24Win));}\"> \t\t<input type=\"hidden\" name=\"blogCharset\" value=\"Cw1x07UAAA==\" \/><input type=\"hidden\" name=\"blogPosts\" value=\"MwQA\" \/><input type=\"hidden\" name=\"blogUrl\" value=\"yygpKSi20tcvLy\/Xy8jPSM3LARK6pXnpqWmZOSWpRSV6KakA\" \/><input type=\"hidden\" name=\"blogName\" value=\"88jPSM3LARK6pXnpqWmZOSWpRSUA\" \/><input type=\"hidden\" name=\"blogValueEncoding\" value=\"gzdeflate base64\" \/><input type=\"hidden\" name=\"postId_0\" value=\"MzU3NQUA\" \/><input type=\"hidden\" name=\"postTitle_0\" value=\"80nMS0ktLkgsKknNLElMV0hJLVJwDzo8x8\/Vz0rBI7EoMSdFwTUpDyiaWFqs4J1ZlJyRlFqUru+VmF5copCZB9SQp+ADNqQsv6i4BMhSSE8tP7wkI6cEAA==\" \/><input type=\"hidden\" name=\"postLink_0\" value=\"yygpKSi20tcvLy\/Xy8jPSM3LARK6pXnpqWmZOSWpRSV6Kan69gW2puampgA=\" \/><input type=\"hidden\" name=\"postAuthor_0\" value=\"AwA=\" \/><input type=\"hidden\" name=\"postDateTime_0\" value=\"MzIwsNQ1NNQ1MlYwNLQCIhMDAA==\" \/><input type=\"hidden\" name=\"postContent_0\" value=\"tVVNU+NGEL3vr+jy2bLwbijAZbuCA4EAm6IgKY7UyGprZj0aqWZGGPwL9l\/kwm\/YEzdf86PyRpLXBpPaXHKwrI+e9\/r1654ZluOh87Yw2XgYl+MPw1Q9kEpHHeG9mMqcjb\/fP9g\/6JDzT5pHnYVKvRxQf69fPnZoqoVzeFlGU1F6VRgSWmVG88x3NsCCpOXZqCO9L90gjheLRU8Wko3GJapMxjOlPVvfSzkOWIXxII6rUhcidfHHvb2juN+Pz4UVOr0\/TQzb3pcyA4XKMxJWiShlN7Uq4TR5GnXaZKKNiKgREfCUyUYdLZZP39N3asnRrNKaQK5ykXEb7pUPmhteanhRCTv9H7Sgcn6Hqq72qHPU75BklUlEHB52KIZZAr91gcvasn9VveNS5PkRBr0iC\/YPY9iPJijHJ4opESmbaLF6sd5znrDNlJtCKZ3Z1YvBvxQJrgkrUjA4pythYEMprGflRUbK0ASWWGRDrMIKwxWuTdxDYZ3HHWW8WD1L7XsUWEMInRRlydqVyi8ZhXFbS8Ir3FOiNNKjW6XnTJeWE0cVwH6RVjm6XL1I06NW4EmBUMuWFpVNG7zbqRR+mbNy8Cok6kKCOR3nHoKcXz17lfneMLEo9odNpesZQaE4H19bdo5zheIoDeMJCa5LEyEh5R7YJsi7ZoPEJJQPOWk9jLH+O1aLve0GjEc3pijHb2ifmsgA35JePZtUq9qGG87gJW7A4y2jzXbyPK5WfzE05610ZEvhqf8pmq++lTOVYfl1bZgVnkSFBAMN2wUsBCy\/NQv2bBl2rhCcsRa1\/HxHKL42ldgYZ2qbIM19AYitM5hUgQMt4+bgUKmAFlI53Qmp52H9DnB0vp65Ot\/b0gYH4GMqHP0K98Ozy9CVqsrrkEZH1viDVmtsv1R2KkNrxxdg97QopKnb67rQyqv52goksymTMg49UpjQVLVJx0Yrzv6TRYF5GytjufpmETHDnNVgZvU8lc43kxXqdSEwXSTMgP6QoReUoImowPQ5verSseZHmoRk8Dzp0nYbdelOmZlVnAYbPIqXC2OadbdP+gFIl4X32BGjP6Vu1v+uijwp6ApXAXSTWhZ0pSCpkAA8zgysW84FfRZ6uhTzljWkSjcovEYep9dduij+\/mozuqnKsoupFFaDiYORJsQugBghV2+w3eoAYAzyCN9RCJV1sRnYOd2xlQKj\/HZY7ur2DOMxK2wufF3lwU7\/bxejneW3\/bh+P0FjpAatdrQXh32oneRXq5p53h3nJuY0yoXSA7THrPi5YY6avTXlNuS6cH5AZ6wTaIWDZ9iYmQ4PoDY6+Gn\/46d3torXwuv9wLDfaKVX52t7JGUWGy1HTgqQ4yATNmMcHvcJRnXeGe+E1OdJu9m9AycbNdyqeR\/wTdCPINcDbH8EuxvYnH4ozD8=\" \/> \t\t<a href=\"https:\/\/www.pdf24.org\" target=\"_blank\" title=\"www.pdf24.org\" rel=\"nofollow\"><img src=\"https:\/\/www.hohenlohe-ungefiltert.de\/wp-content\/plugins\/pdf24-post-to-pdf\/img\/pdf_32x32.png\" alt=\"\" border=\"0\" height=\"32\" \/><\/a> \t\t<span class=\"pdf24Plugin-cp-space\">&nbsp;&nbsp;<\/span> \t\t<span class=\"pdf24Plugin-cp-text\">Sende Artikel als PDF<\/span> \t\t<span class=\"pdf24Plugin-cp-space\">&nbsp;&nbsp;<\/span> \t\t<input class=\"pdf24Plugin-cp-input\" style=\"margin: 0px;\" type=\"text\" name=\"sendEmailTo\" placeholder=\"Emailadresse\" \/> \t\t<input class=\"pdf24Plugin-cp-submit\" style=\"margin: 0px;\" type=\"submit\" value=\"Senden\" \/> \t<\/form> <\/div>","protected":false},"excerpt":{"rendered":"<p>Die baden-w\u00fcrttembergischen Gr\u00fcnen haben bei ihrem Landesparteitag in Biberach einen neuen Landesvorstand gew\u00e4hlt. Die neue Doppelspitze als Landesvorsitzende bilden Silke Krebs und Chris K\u00fchn. Harald Dolderer wurde als Schatzmeister in seinem Amt best\u00e4tigt. Pressemitteilung des Gr\u00fcnen-Kreisverbands Schw\u00e4bisch Hall Harald Ebner will die Interessen der l\u00e4ndlichen Regionen vertreten Au\u00dferdem wurde mit dem 13-k\u00f6pfigen Parteirat auch der [&hellip;]<\/p>\n","protected":false},"author":3,"featured_media":0,"comment_status":"open","ping_status":"open","sticky":false,"template":"","format":"standard","meta":[],"categories":[],"tags":[],"_links":{"self":[{"href":"https:\/\/www.hohenlohe-ungefiltert.de\/index.php?rest_route=\/wp\/v2\/posts\/5755"}],"collection":[{"href":"https:\/\/www.hohenlohe-ungefiltert.de\/index.php?rest_route=\/wp\/v2\/posts"}],"about":[{"href":"https:\/\/www.hohenlohe-ungefiltert.de\/index.php?rest_route=\/wp\/v2\/types\/post"}],"author":[{"embeddable":true,"href":"https:\/\/www.hohenlohe-ungefiltert.de\/index.php?rest_route=\/wp\/v2\/users\/3"}],"replies":[{"embeddable":true,"href":"https:\/\/www.hohenlohe-ungefiltert.de\/index.php?rest_route=%2Fwp%2Fv2%2Fcomments&post=5755"}],"version-history":[{"count":2,"href":"https:\/\/www.hohenlohe-ungefiltert.de\/index.php?rest_route=\/wp\/v2\/posts\/5755\/revisions"}],"predecessor-version":[{"id":5758,"href":"https:\/\/www.hohenlohe-ungefiltert.de\/index.php?rest_route=\/wp\/v2\/posts\/5755\/revisions\/5758"}],"wp:attachment":[{"href":"https:\/\/www.hohenlohe-ungefiltert.de\/index.php?rest_route=%2Fwp%2Fv2%2Fmedia&parent=5755"}],"wp:term":[{"taxonomy":"category","embeddable":true,"href":"https:\/\/www.hohenlohe-ungefiltert.de\/index.php?rest_route=%2Fwp%2Fv2%2Fcategories&post=5755"},{"taxonomy":"post_tag","embeddable":true,"href":"https:\/\/www.hohenlohe-ungefiltert.de\/index.php?rest_route=%2Fwp%2Fv2%2Ftags&post=5755"}],"curies":[{"name":"wp","href":"https:\/\/api.w.org\/{rel}","templated":true}]}}