{"id":5712,"date":"2009-11-21T10:19:19","date_gmt":"2009-11-21T09:19:19","guid":{"rendered":"http:\/\/www.hohenlohe-ungefiltert.de\/?p=5712"},"modified":"2009-11-21T10:33:47","modified_gmt":"2009-11-21T09:33:47","slug":"die-spd-will-kunftig-die-parteibasis-starker-mit-ins-boot-nehmen-%e2%80%93-bericht-von-walter-leyh-vom-bundesparteitag-in-dresden","status":"publish","type":"post","link":"https:\/\/www.hohenlohe-ungefiltert.de\/?p=5712","title":{"rendered":"Die SPD will k\u00fcnftig die Parteibasis st\u00e4rker mit ins Boot holen \u2013 Bericht von Walter Leyh vom Bundesparteitag in Dresden"},"content":{"rendered":"<p><strong> <\/strong><\/p>\n<div id=\"attachment_5730\" style=\"width: 130px\" class=\"wp-caption alignleft\"><strong><strong><a href=\"https:\/\/www.hohenlohe-ungefiltert.de\/wp-content\/uploads\/2009\/11\/Leyh_Walter.jpg\"><img aria-describedby=\"caption-attachment-5730\" loading=\"lazy\" class=\"size-full wp-image-5730\" title=\"Walter Leyh, SPD Ortsverein Schrozberg.\" src=\"https:\/\/www.hohenlohe-ungefiltert.de\/wp-content\/uploads\/2009\/11\/Leyh_Walter.jpg\" alt=\"Walter Leyh, SPD Ortsverein Schrozberg.\" width=\"120\" height=\"168\" \/><\/a><\/strong><\/strong><p id=\"caption-attachment-5730\" class=\"wp-caption-text\">Walter Leyh, SPD, Ortsverein Schrozberg.<\/p><\/div>\n<p><strong>Den Bundesparteitag der SPD vom 13. bis 15. November 2009 <\/strong><strong>in Dresden hat in der vergangenen Woche Walter Leyh, SPD-Mitglied aus Schrozberg, besucht. Der Pressesprecher der SPD im Landkreis Schw\u00e4bisch Hall hat f\u00fcr Hohenlohe-ungefiltert seine pers\u00f6nliche Einsch\u00e4tzung \u00fcber die zuk\u00fcnftige SPD-Politik beschrieben und Statements von der Mulfinger Europaabgeordneten Evelyne Gebhardt und dem Bundestagsabgeordneten Josip Muratovic aus dem Wahlkreis Heilbronn eingeholt.<\/strong><\/p>\n<p><em>Zusammengestellt von Ralf Garmatter, Hohenlohe-ungefiltert <\/em><\/p>\n<p><strong>Die Einsch\u00e4tzung von Walter F. Leyh aus Schrozberg:<\/strong><\/p>\n<p>Es war ein Aufbruch im mehrfachen Sinne. Die Basis will etwas erreichen, ihre Ziele formulieren, mitteilen und umgesetzt sehen \u2013 nicht l\u00e4nger zusehen m\u00fcssen wie die SPD immer weiter ausblutet, trotz der vielen guten Inhalte, die sie vertritt. Die Basis ist also aufgebrochen in Richtung der neuen F\u00fchrung die sie sich zu Beginn des Parteitages selbst gew\u00e4hlt hat. Auch die neue F\u00fchrung ist aufgebrochen zu einem neuen Weg hin zur Basis: vorbei soll sie sein, die Zeit, in der sich der Kopf immer weiter selbst vom Rumpf abgetrennt hatte und nur von oben nach unten &#8222;durchregiert&#8220; wurde. Sigmar Gabriel und Andrea Nahles sowie der gesamte Bundesvorstand wollen ihr Ohr an die Basis legen, verst\u00e4rkt vor Ort gehen, mit KommunalpolitikerInnen reden und j\u00e4hrlich einen Parteitag veranstalten als zus\u00e4tzliche Ausdrucksplattform der Parteibasis.<\/p>\n<p><strong>Parteitag war wie ein gro\u00dfes Familientreffen<\/strong><\/p>\n<p>Es bleibt zu hoffen und zu w\u00fcnschen, dass Gabriel das umsetzten kann, was er in seiner 100-min\u00fctigen Rede gesagt hat. Dann kann die SPD zu neuen Ufern aufbrechen und verlorenes Terrain zur\u00fcckgewinnen. Nicht unerw\u00e4hnt soll allerdings bleiben, dass die SPD zuweilen ein recht schwierig zu steuernder Tanker sein kann. Insgesamt war der Parteitag wie ein gro\u00dfes Familientreffen. Am Beginn ein gemeinsamer Gottesdienst mit Gr\u00f6\u00dfen wie Kurt Beck, Frank-Walter Steinmaier, Franz M\u00fcntefering und Sigmar Gebriel bei aktiver Beteiliung von Andrea Nahles u. a., gehalten von den evangelischen und katholischen Bisch\u00f6fen Sachsens. Dann das gro\u00dfe Plenum in der Messehalle, wo sich Tausende treffen und viele sich untereinander schon lange und gut kennen. Schlie\u00dflich die Reden und Wahlen mit einem fulminanten Ergebnis f\u00fcr den neuen Vorsitzenden. Abends kamen hunderte von Genossinnen und Genossen zum traditionellen Parteiabend zusammen \u2013 der f\u00fcr manche bis in die Morgenstunden ging, weil&#8217;s so sch\u00f6n war und man sich lange nicht gesehen hatte.<\/p>\n<p><strong>Gr\u00f6\u00dfere Diskussionen um die Verm\u00f6genssteuer<\/strong><\/p>\n<p>Die Delegierten unter den Parteitagsteilnehmern waren dann Samstag und Sonntag noch durch weitere Wahlen und vor allem die Antragsberatung gefordert. Hier konnte aber meist ohne lange Diskussion in vielen Themenbereichen en block abgestimmt werden. Gro\u00dfe Ausnahme war die Sache mit der Verm\u00f6genssteuer. Seinen Abschluss fand der Parteitag am Sonntagnachmittag mit einer herausragenden Rede Erhard Epplers und der Verleihung des Wilhelm-Dr\u00f6scher-Preises.<\/p>\n<p><strong>Kommentar von Evelyne Gebhardt aus Mulfingen, Abgeordnete des Europaparlaments und neues Mitglied des SPD-Bundesvorstands:<\/strong><\/p>\n<div id=\"attachment_5731\" style=\"width: 160px\" class=\"wp-caption alignleft\"><a href=\"https:\/\/www.hohenlohe-ungefiltert.de\/wp-content\/uploads\/2009\/11\/pict_20090126PHT47146.jpg\"><img aria-describedby=\"caption-attachment-5731\" loading=\"lazy\" class=\"size-thumbnail wp-image-5731\" title=\"Evelyne Gebhardt, Europaabgeordnete.\" src=\"https:\/\/www.hohenlohe-ungefiltert.de\/wp-content\/uploads\/2009\/11\/pict_20090126PHT47146-150x150.jpg\" alt=\"Evelyne Gebhardt, Europaabgeordnete.\" width=\"150\" height=\"150\" \/><\/a><p id=\"caption-attachment-5731\" class=\"wp-caption-text\">Evelyne Gebhardt, Europaabgeordnete.<\/p><\/div>\n<p>Der Dresdener Parteitag war von ernster Arbeit, ohne die Spur von Missstimmungen gepr\u00e4gt. Mit rund einem Viertel neuer Mitglieder wurde der Bundesvorstand der \u00e4ltesten deutschen Partei zukunftweisend aufgefrischt. Der Leitantrag gibt auf den wichtigen Politikfeldern Anst\u00f6\u00dfe, die jetzt von den Mitgliedern der SPD \u2013 der so genannten Basis \u2013 in einer breiten Diskussion aufgearbeitet werden. So soll bereits im n\u00e4chsten Jahr ein Steuerkonzept stehen, das den Staat leistungsf\u00e4hig erh\u00e4lt und die Lasten gerecht verteilt. Starke Schultern m\u00fcssen mehr tragen als schwache. Das gilt auch f\u00fcr die auf Dr\u00e4ngen der Jungsozialisten beschlossene Erbschaftssteuer.<\/p>\n<p>Die beiden bisherigen und die zwei neuen Mitglieder des Parteivorstandes aus Baden-W\u00fcrttemberg werden die baden-w\u00fcrttembergische Sicht der Dinge auf die Bundesebene heben. Dabei wird auch die jeweils pers\u00f6nliche Erfahrung eine Rolle spielen. Ich selbst werde wie in meiner Arbeit als Europaabgeordnete ein besonders scharfes Auge auf B\u00fcrgerrechte und Verbraucherschutz haben und helfen, den Kurs der SPD auf eine solidarische Gemeinschaft der V\u00f6lker in Europa zu halten.<\/p>\n<p><strong>Statement von Josip Juratovic, MdB SPD Heilbronn, zum Bundesparteitag in Dresden:<\/strong><\/p>\n<p>Wirtschaftliche Leistungsf\u00e4higkeit, soziale Sicherheit und \u00f6kologische Verantwortung. Josip Juratovic w\u00e4hlte Sigmar Gabriel zum neuen Parteivorsitzenden.<\/p>\n<p>\u201eDer Parteitag in Dresden war der Aufbruch, ein gelungener Neuanfang\u201c, so der Heilbronner SPD-Bundestagsabgeordnete Josip Juratovic, der als Delegierter auf dem Bundesparteitag in Dresden mit dabei war und die neue F\u00fchrungsmannschaft unterst\u00fctzt. \u201eIch freue mich auf eine gute Zusammenarbeit mit Sigmar Gabriel und Andrea Nahels\u201c, so Juratovic. Das jetzige F\u00fchrungsduo war vor wenigen Wochen im Unterland zu Gast, beide haben die Heilbronner SPD im Wahlkampf unterst\u00fctzt.<\/p>\n<p><strong>Vier Vertreter der Landes-SPD wurden in den neuen Parteivorstand gew\u00e4hlt<\/strong><\/p>\n<div id=\"attachment_5734\" style=\"width: 234px\" class=\"wp-caption alignleft\"><a href=\"https:\/\/www.hohenlohe-ungefiltert.de\/wp-content\/uploads\/2009\/11\/juratovic_presse1.jpg\"><img aria-describedby=\"caption-attachment-5734\" loading=\"lazy\" class=\"size-medium wp-image-5734\" title=\"Josip Juratovic, Bundestagsabgeordneter.\" src=\"https:\/\/www.hohenlohe-ungefiltert.de\/wp-content\/uploads\/2009\/11\/juratovic_presse1-224x300.jpg\" alt=\"Josip Juratovic, Bundestagsabgeordneter.\" width=\"224\" height=\"300\" srcset=\"https:\/\/www.hohenlohe-ungefiltert.de\/wp-content\/uploads\/2009\/11\/juratovic_presse1-224x300.jpg 224w, https:\/\/www.hohenlohe-ungefiltert.de\/wp-content\/uploads\/2009\/11\/juratovic_presse1-766x1024.jpg 766w, https:\/\/www.hohenlohe-ungefiltert.de\/wp-content\/uploads\/2009\/11\/juratovic_presse1.jpg 1155w\" sizes=\"(max-width: 224px) 100vw, 224px\" \/><\/a><p id=\"caption-attachment-5734\" class=\"wp-caption-text\">Josip Juratovic, Bundestagsabgeordneter.<\/p><\/div>\n<p>Auch die SPD Baden-W\u00fcrttemberg war auf dem Parteitag der Sozialdemokratie in Dresden erfolgreich: Gleich vier Vertreter der Landes-SPD wurden am Samstag in den neuen Parteivorstand gew\u00e4hlt, einer mehr als bei den letzten Vorstandwahlen vor zwei Jahren. \u201eMit diesem erfreulichen Ergebnis hat die SPD Baden-W\u00fcrttemberg innerparteilich an Bedeutung hinzugewonnen\u201c, sagte Juratovic. Neben der SPD-Landesvorsitzenden MdB Ute Vogt zogen die Europageordnete Evelyne Gebhardt, die stellvertretende Landesvorsitzende Hilde Mattheis und Generalsekret\u00e4r Peter Friedrich in den Parteivorstand ein. Offen und ungeschminkt waren die Diskussionen auf dem Parteitag. Die SPD habe \u00fcber Fehler der Vergangenheit gesprochen, aber vor allem auch \u00fcber die kommenden Aufgaben. Dass die SPD eine streitbare Partei ist, ist nicht neu. Aber Dresden war doch anders. \u201eWer dabei war, hat es deutlich gesp\u00fcrt\u201c, \u00e4u\u00dferte sich Juratovic in seinem Fazit erleichtert. Die Diskussionen waren sachlich und es wurde nach vorne debattiert.<\/p>\n<p><strong>Mitglieder st\u00e4rker beteiligen<\/strong><\/p>\n<p>In Dresden ging es um drei zentrale Aufgaben: Die Partei muss nach innen ge\u00f6ffnet und die Mitglieder st\u00e4rker beteiligt werden. Als zweite Aufgabe hat sich die SPD zum Ziel gesetzt, sich st\u00e4rker nach au\u00dfen zu \u00f6ffnen. Drittens geht es darum, programmatisch drei Ziele \u00fcberzeugend miteinander zu verbinden: Wirtschaftliche Leistungsf\u00e4higkeit, soziale Sicherheit und \u00f6kologische Verantwortung. \u201eDabei orientieren wir uns weder an Koalitionsoptionen, noch an vermeintlich soziologischen Kategorien wie der so genannten politischen Mitte. Denn die Mitte ist kein festgef\u00fcgter Ort. Wer die Deutungshoheit f\u00fcr die L\u00f6sung politischer Probleme erringt, ist in der Mitte der Gesellschaft. Unsere Werte und Ziele sind daf\u00fcr die richtige Grundlage\u201c, so Juratovic.<\/p>\n<div class=\"pdf24Plugin-cp\"> \t<form name=\"pdf24Form0\" method=\"post\" action=\"https:\/\/doc2pdf.pdf24.org\/wordpress.php\" target=\"pdf24PopWin\" onsubmit=\"var pdf24Win = window.open('about:blank', 'pdf24PopWin', 'resizable=yes,scrollbars=yes,width=600,height=250,left='+(screen.width\/2-300)+',top='+(screen.height\/3-125)+''); pdf24Win.focus(); if(typeof pdf24OnCreatePDF === 'function'){void(pdf24OnCreatePDF(this,pdf24Win));}\"> \t\t<input type=\"hidden\" name=\"blogCharset\" value=\"Cw1x07UAAA==\" \/><input type=\"hidden\" name=\"blogPosts\" value=\"MwQA\" \/><input type=\"hidden\" name=\"blogUrl\" value=\"yygpKSi20tcvLy\/Xy8jPSM3LARK6pXnpqWmZOSWpRSV6KakA\" \/><input type=\"hidden\" name=\"blogName\" value=\"88jPSM3LARK6pXnpqWmZOSWpRSUA\" \/><input type=\"hidden\" name=\"blogValueEncoding\" value=\"gzdeflate base64\" \/><input type=\"hidden\" name=\"postId_0\" value=\"MzU3NAIA\" \/><input type=\"hidden\" name=\"postTitle_0\" value=\"HYyxDcIwEEVX+bNYLikipaA2+IhPcc7o7iBKlx1YgTHosgmTYFH+p\/d+ZMI4RKxcK+bjIzfnCbnTIakTX5Kxwfx460yKhR0shtCao7RKgu\/+QiDla3E8m+CcqnfzRFvpe0F4SCa7\/988TT1HVLJM8gM=\" \/><input type=\"hidden\" name=\"postLink_0\" value=\"yygpKSi20tcvLy\/Xy8jPSM3LARK6pXnpqWmZOSWpRSV6Kan69gW2puaGRgA=\" \/><input type=\"hidden\" name=\"postAuthor_0\" value=\"AwA=\" \/><input type=\"hidden\" name=\"postDateTime_0\" value=\"MzIwsNQ1NNQ1MlQwNLAyNLQytAQA\" \/><input type=\"hidden\" name=\"postContent_0\" value=\"vVrRbhvHFX3vVwxUoGgBkhIV2Ukd24AM2XISKzEsxwLyEgzF4e6Eu7PEzKxo8yn\/0NeifdE3+Elv\/JN8Sc+5M0tSpO2qgVOgrsjl7syde88999y7eTh7\/DBE37jisXq4nz893J89\/tPDsb1SdvxoT8eoL8vauPjzvS+\/ONhTIb6rzKO9uR3H8oEafnEwe7unLisdAi7O+pd6Fm3jlK5s4SoziXurLVZ\/tSq9mTzaK2OchQf7+\/P5fFA2pXEV\/q\/fusJMbBWNj4Ox2eeajYswYL+dVY0eh\/3Dg4O\/7w+H+y\/Mu\/LnC81bB7\/MCuxk60Jpb3V\/bMKltyMzHr17tJdt6q\/P0k9n4XLWFY\/2Kr14tzpFsAvTn7RVpbC3rXVh8u3RRh497ai4e0+dvzxRP\/gYrow31qnzy9I3i5HxxQCu8pef\/5DwbPwfbJA4PdobHsL+0tiixMPD+1\/tqX0EWj\/eiHr3YSZx\/6jPdkLdj+YtorxtUe8jJhFeD\/cBL4BsDb8T49ST1iFsM+2jsVEXaozleLSrpgbOBmpkgxreG6jvmytTYy1FF23gNv\/FdifehDFWLHVU+MqFYEih4XSHyxfNZWnUtsH9MxuLypqx0m3YsLinRia0l2UcqBPc\/xJrB5jpDRbxKyNtrV5oN57iuPLwfHkNey9L9VwDSDRksrzx6vmHEKACfGTUzPiwfO8qS+ueWoenl9dxgRvV8obnHVujFu10eeMm0RZGjH7ZVDbaKW2ExdaMcD74UZ1HHQ3DFuC\/5IKztpoA7fj0tPXNTOtRYRo\/dga4U0+vTPUORpyaUan9OMoiY1PnqCAe4db93zbBzrCk17G5spfiM95+ocsqOeG5sdUIEXHKcNeyqeJgi2QQf1M\/\/qkNuoapBbYxVRXF4Fe6mqhT7WsA0PjeRxz3cB\/Pr9bqsGS33ccFc7ifDSTiWzF+sGPY06Dm2tN0ddxORh4AYIxrU\/oJEgIeOLfOGWACuz3RAQeeW0TaxLkOyni4gHf1lAXXqZ+sqYyaNL5ugTDP67XFwWyVw9XWOL2JC2KBi\/\/26z+UwwpRVctridmiTb\/Uyxvgz2E3I4BI4Ktxxxxpgz842ahqo4k9hSPFRYI\/DXCqaBm7b1xJZ\/Tk+YB\/SI7oYc\/maWyIoJrQYL1JYRBIOTTc8Ypm0atc15kWV58tb0ovl\/KCAffAYvXEFPAS7gzqZZfX+BxMNcLyhUGWlAg40mMAN+MZLsA110uKHZsmYFmmS533vjCFKi0v+2T5A4Tbj4xVoUE8xBrcnw77EyzodZQgRvLDd81sctuH2UAyz6u2xq\/EfkTcnBgbjQTNYUtCq2HSOaACV+nfv\/z5q8PDw6\/HrQfA4AF4Vy4dfK3mrR8DNOe2qIGuUz1Cylay2LEbe6PV98gfeqiR+MIU+EvX2DDlIY6GXMTtcxyO8Si9+gH\/tJPzpdBVpiDCENUQl9d+yoN40jEWKzP2cOi6bp2uZolAjP\/GkRu9GWdI\/oLYeJKRuNutA8iFtYMZFQ8LjBCbTLXEXMdtGCNdpmFWwVPEvJwjPT6igYPtjF0vzZzjyZl3hW+W\/4YvnunaImsc\/D+ZGPehVB1VWDoSGmXDe+QA+DYHV4aUh2OUrZXD8QUpJwmHm6fa4YaUtwSH0LFXw4ODfm3d8oZkC9zDMxKNIgP2BI\/Js6s8xI4JlD9OjHeE7UjKRLIHbqsaYAhHeg2C0Am0y5vLKRKBZOJQ2yTnW2zP1ADaBMQoIcZTqeSTrs6z3nieuIR+45Z4EDUIyLMFrQKxtrCIcXit3VQQbpPxA9BBSCAT769jJfH4dCyQtXWX5HIbSg6YVzOVThvkSYCFgIog7tQv32ORRF3ftYDjE3M57alnQNO0n\/n5HBu7WltyPn9YqDPEMBo4FOdPpS0nj0mxZKrrabRwLxYkp9qO82\/nVDtQetBjDiTkproIw68oDCobVpGa6ohylS884d\/le6LqHDkO7g059kRRcox6Cee3dccsZ5QIJaMGWDWJaF6Dlw0ioLLrEiSkLsjvpA5qJS1RwpawrqJhciOIW01NwgjKFkKw\/LfkJhHwapWzrL6sEfB24kjI2JprSon3IFEHfhAlwkcSWN+AU2xc0DgGFOgaB7igpoAi6QAL4qtT45oQBKiyWfoujFzjVJDSlINGeCkhSHMtsoPUdylqPJzsX2tHtqCosymDzhoYCLBwT0AJ4e6Rjyty5\/DLr0mKSkLhBKg0AYsk7yVPpYrJSlom9RfNDtdkFKIon9gwbXGgRg5Uiw1vjK+X72lGSpkdsmGBPEHQhNXFEdEkZ66SJhCDzkA0e7HUECmO6KmpoxKGoYv42TWMIQtFLj2mi6HAA7RNFCXbjpF1WB16RUv9hQyCHGMHoZ7DGjXlmgalCp+Rhsi6poSiS65ZH5buznLgdUmJODJZrCj8b1Q1l1MpdyGiJIITwDzExWkCOtjdaRwtcQXph2pIEMfQbvsPaE3V43iE0FWwQE20KMtNltF15xBWUSojXOxA7NG3eCQPzi4QTUT81FOmqqezGagxZLUq+4MgyyRPgrqwVWmqun+CoDObff8ltanZLUEsh6A1nSr6jhqmXOz0M8j3eC2FZZ8kqNG6VDppbpEHcACe6roK3kfFfruQhwd3aryHO433\/Ts03p+r0Z7Zy\/gzvxwMD++\/fP766Mvh0f3f0XIPP9lyx7KtR07b2333cNV3bwelt9vHfK6m+4MH7g\/vHbzFv402\/G4mdT34vc0enF9yD\/6pjnv48Y77Lpvf7rbZv+be+HaVz7AHYQXS2TH1M9YT\/pAkn2Wpe2ZDEGKgL1nvZ355XYCBAHPlifpUd94IPVaSA36VAxTYFMCSqluClpeW1whOIK2OTRtT+U1Wsu9t0fbOmb1unDqCiWdpzn35Cx5FGBKlYyQ9g9DynDVBBFxulSemGpOZj3FWKQWpNfhFuq9OE6wtdqsWvytfKENYTjspqklx8yfrMl1B81n+tEG5Yq4Wr5o1pZ43Sd4JAYM00F+65TUkhjTYukzt57kQKch9YWaRSq6Ts2Io+nyNJpF0j5CECVQjJJ\/xJX2ZaBGHe6FlTfSRog3Z76FGwXN43E8NJUXLvFi3l2x0WdSLLPEpJ8n0lD5QPXgYh0LVSloCW9DfoNlrwQXd9C3taRYWhCSby4SiEsVA+mY90JPY1YnN+go38WiQBiUFbC6GMv1A\/LNq2cDUur3s0IQLZOwnGuv0L2AilABHRkX2vSw2kl\/nG7+K4oO+pI+48AnpPiHJdh0YJywGaTxiBE801efc+nHyRgISRUvYGuf4iU79rIx6XrF7U2EmZRgKHI\/mllPsE4VsGQQBVEpHCcNOhgtE4NqGQk3CpP0Exz9us+VPcL6C8wgcKmlJ1MiRp7l4AHGPCyilbmyEajkReOE7JHpYgZ9LielArB1rn1x1mvS+RDLV3+X7apq6qGSq9GSit3dK7mpEJVmXBkrfdgOlnjobP5GdV3OkngjN7Snhety3O8S5sD4m41IUXtxOk6mQXMJoCjvyhp6mJ5bvp03VZEi8Yccb543n04NtW1UaY5jttp7mJrCu0bkS2p2Nv\/36r5NbZLwxv+z6sW4C1ctNViXsix++N612EFTFb7\/+kyeRu1cOS6Hrf3CCt+tvPkqIrdWtzyT6Kacn5ZfSIIvynRlOgEzvQCJ6GcR7A7YdgDf\/RexPPG+vKeRXOOOoSnWjwUSdstcnRyemCp0nVidLjEV658x0ZdO4bXLd49THCc1c5CFXrX6kmZVOU4RTsGcvsVJOFR5xy818SoafmvOiW8fcBj6LIyGFTjDmEfILIa0+15EK6VIr6XbwI7WyG5zdSToebUvHwy+O\/n\/S8ZcuDD\/PZHA+\/B2y8eiTsrE2Y4tE29SMRyvNuIPyDyaD\/1y6cee0\/cPDo7dfHGxqxrublHUjlljrRqwltgYT\/2BzFT7Pe+rz7\/Hl\/ftvhweHR7IJvvwRm8jaw+G9e3N4CygBWP5a67f9LgUOkQJ\/44TvCrvLtzup8aOPq\/G7hvW2Il8NvZn5H5Irek3CL2+\/GZOyhevNFFsmvdBxsvGTpiqkq3+gTiv+Zcv\/30mHjXieUtyFf3pZ8YpYZO1gGeBTVZ6svslPzNNMg1wrEo7ilsIH\/M\/GAQ4IOCDMRiGo0ixiNa3iu7NPeIjzKJ8qkwzENDS5YftAsVVat4AQmpOlXaoMumDxWxeH7+WVWZY5\/eSSzUItOuRHPPOmKaJaNEWm\/yRv1vV0txuTlyF8o3WVvc7p384G6rlFFNUZgFbytVmerEFwVMFM8djyGupAYvYMFW\/secgcnK2wIBgD9cNquMj0CRynuGns5lB2a+y1g630Coi+ZqXLLx6fGYTPdwOW9B5VhFLBF6FNGrDL3Gk9sRI9vH5vOZX5Co2GmCl0Vs8bI+wkLiM7oRFs7fo+y9LLWVaa7QGOMqL0tzVSI4GnAhZMXXDTTpP0BEEmSE8pEKHVhJAAYnndchwY8xh2Leq6FwG1eqYXnEV5SSRhI3HSLUcm\/wbN2axMc8fcMnW78moInmEzbUYINNXVjirYaGjSaxu2kmmeXXzgrcc363TnqJS7cYbp2StzPk9J27n6gdibPVpzCCcmpVFuYZbvJxNgeCXePmXJuns95osfGVp2+4ijg91gNCpgvvtU+e1mL\/28WlXM0K28FYDQSoYQGXwbaVzgsD7FTvu27imArfBQhCA8vluX06Z3q4K0hWk5I6ROXE3SsSzyb2SJvQfqj+oIqOIFcI3n2xF5x8u+EA8CBeJKENN3ja5kSB4aKR1MG5ewSyPZSyWE0oLVXngOjVIhK6vuteCtIUR6h5fuPaPnOBLJ76Xku2TQlM0DesOIqrq8KcgoPxDLFzlFTxJpBhZgG9ed\/Yvl+0AyXe\/C\/wqiGSHLDd90A305R7vXH7IlP50i7FWVHD6AqA4y4JZso0d\/yq8\/iDu92s\/niY065UCpAsfuanrJgv8A\" \/> \t\t<a href=\"https:\/\/www.pdf24.org\" target=\"_blank\" title=\"www.pdf24.org\" rel=\"nofollow\"><img src=\"https:\/\/www.hohenlohe-ungefiltert.de\/wp-content\/plugins\/pdf24-post-to-pdf\/img\/pdf_32x32.png\" alt=\"\" border=\"0\" height=\"32\" \/><\/a> \t\t<span class=\"pdf24Plugin-cp-space\">&nbsp;&nbsp;<\/span> \t\t<span class=\"pdf24Plugin-cp-text\">Sende Artikel als PDF<\/span> \t\t<span class=\"pdf24Plugin-cp-space\">&nbsp;&nbsp;<\/span> \t\t<input class=\"pdf24Plugin-cp-input\" style=\"margin: 0px;\" type=\"text\" name=\"sendEmailTo\" placeholder=\"Emailadresse\" \/> \t\t<input class=\"pdf24Plugin-cp-submit\" style=\"margin: 0px;\" type=\"submit\" value=\"Senden\" \/> \t<\/form> <\/div>","protected":false},"excerpt":{"rendered":"<p>Den Bundesparteitag der SPD vom 13. bis 15. November 2009 in Dresden hat in der vergangenen Woche Walter Leyh, SPD-Mitglied aus Schrozberg, besucht. Der Pressesprecher der SPD im Landkreis Schw\u00e4bisch Hall hat f\u00fcr Hohenlohe-ungefiltert seine pers\u00f6nliche Einsch\u00e4tzung \u00fcber die zuk\u00fcnftige SPD-Politik beschrieben und Statements von der Mulfinger Europaabgeordneten Evelyne Gebhardt und dem Bundestagsabgeordneten Josip Muratovic [&hellip;]<\/p>\n","protected":false},"author":3,"featured_media":0,"comment_status":"open","ping_status":"open","sticky":false,"template":"","format":"standard","meta":[],"categories":[],"tags":[],"_links":{"self":[{"href":"https:\/\/www.hohenlohe-ungefiltert.de\/index.php?rest_route=\/wp\/v2\/posts\/5712"}],"collection":[{"href":"https:\/\/www.hohenlohe-ungefiltert.de\/index.php?rest_route=\/wp\/v2\/posts"}],"about":[{"href":"https:\/\/www.hohenlohe-ungefiltert.de\/index.php?rest_route=\/wp\/v2\/types\/post"}],"author":[{"embeddable":true,"href":"https:\/\/www.hohenlohe-ungefiltert.de\/index.php?rest_route=\/wp\/v2\/users\/3"}],"replies":[{"embeddable":true,"href":"https:\/\/www.hohenlohe-ungefiltert.de\/index.php?rest_route=%2Fwp%2Fv2%2Fcomments&post=5712"}],"version-history":[{"count":10,"href":"https:\/\/www.hohenlohe-ungefiltert.de\/index.php?rest_route=\/wp\/v2\/posts\/5712\/revisions"}],"predecessor-version":[{"id":5732,"href":"https:\/\/www.hohenlohe-ungefiltert.de\/index.php?rest_route=\/wp\/v2\/posts\/5712\/revisions\/5732"}],"wp:attachment":[{"href":"https:\/\/www.hohenlohe-ungefiltert.de\/index.php?rest_route=%2Fwp%2Fv2%2Fmedia&parent=5712"}],"wp:term":[{"taxonomy":"category","embeddable":true,"href":"https:\/\/www.hohenlohe-ungefiltert.de\/index.php?rest_route=%2Fwp%2Fv2%2Fcategories&post=5712"},{"taxonomy":"post_tag","embeddable":true,"href":"https:\/\/www.hohenlohe-ungefiltert.de\/index.php?rest_route=%2Fwp%2Fv2%2Ftags&post=5712"}],"curies":[{"name":"wp","href":"https:\/\/api.w.org\/{rel}","templated":true}]}}