{"id":5700,"date":"2009-11-18T18:56:55","date_gmt":"2009-11-18T17:56:55","guid":{"rendered":"http:\/\/www.hohenlohe-ungefiltert.de\/?p=5700"},"modified":"2009-11-18T18:56:55","modified_gmt":"2009-11-18T17:56:55","slug":"petitionsausschuss-des-landtags-wahlt-nik-sakellariou-zu-seinem-neuen-stellvertretenden-vorsitzenden","status":"publish","type":"post","link":"https:\/\/www.hohenlohe-ungefiltert.de\/?p=5700","title":{"rendered":"Petitionsausschuss des Landtags w\u00e4hlt Nik Sakellariou zu seinem neuen stellvertretenden Vorsitzenden"},"content":{"rendered":"<p><strong><\/p>\n<div id=\"attachment_5701\" style=\"width: 135px\" class=\"wp-caption alignleft\"><strong><a href=\"https:\/\/www.hohenlohe-ungefiltert.de\/wp-content\/uploads\/2009\/11\/image002-1.jpg\"><img aria-describedby=\"caption-attachment-5701\" loading=\"lazy\" class=\"size-full wp-image-5701\" title=\"Nikolaos Sakellariou, neuer stellvertretender Vorsitzender des Petitionsausschusses.\" src=\"https:\/\/www.hohenlohe-ungefiltert.de\/wp-content\/uploads\/2009\/11\/image002-1.jpg\" alt=\"Nikolaos Sakellariou, neuer stellvertretender Vorsitzender des Petitionsausschusses.\" width=\"125\" height=\"131\" \/><\/a><\/strong><p id=\"caption-attachment-5701\" class=\"wp-caption-text\">Nikolaos Sakellariou ist neuer stellvertretender Vorsitzender des Petitionsausschusses.<\/p><\/div>\n<p>Der Petitionsausschuss des Landtags w\u00e4hlte den Landtagsabgeordneten Nikolaos Sakellariou (SPD) aus Schw\u00e4bisch Hall zu seinem neuen stellvertretenden Vorsitzenden. Damit ist Sakellariou auch neuer Obmann und Sprecher der SPD-Abgeordneten im Petitionsausschuss.<\/strong><\/p>\n<p><em>Pressemitteilung des SPD-Wahlkreisb\u00fcros in Schw\u00e4bisch Hall <\/em><\/p>\n<p><strong>Einstimmiges Votum f\u00fcr Sakellariou<\/strong><\/p>\n<p>Bei der Sitzung am Mittwoch, 18. November 2009, hat der Petitionsausschuss des Landtags den SPD-Abgeordneten Nikolaos \u201eNik\u201c Sakellariou einstimmig zu seinem neuen stellvertretenden Vorsitzenden gew\u00e4hlt. Der 46-j\u00e4hrige Sakellariou tritt damit die Nachfolge von Gustav-Adolf Haas an, der als amtierender Alterspr\u00e4sident des Landtags sein Mandat am 5. November 2009 niedergelegt hat. Bereits zuvor hat die SPD-Landtagsfraktion den Schw\u00e4bisch Haller einstimmig f\u00fcr diese Funktion nominiert.<\/p>\n<p><strong>Seit 2001 Mitglied im Petitionsausschuss<\/strong><\/p>\n<p>\u201eNik\u201c Sakellariou geh\u00f6rt dem Landtag und auch dem Petitionsausschuss seit 2001 an. Seit 2006 war er stellvertretender Obmann im Petitionsausschuss. Neben seiner T\u00e4tigkeit als Landtagsabgeordneter ist der Jurist als Rechtsanwalt und Fachanwalt f\u00fcr Arbeitsrecht in Schw\u00e4bisch Hall t\u00e4tig und im Ehrenamt Landesvorsitzender der NaturFreunde.<\/p>\n<p><strong>Gr\u00f6\u00dfter Ausschuss des Landesparlaments<\/strong><\/p>\n<p>Der Petitionsausschuss ist der gr\u00f6\u00dfte Ausschuss des Landtags. Ihm geh\u00f6ren insgesamt 23 Mitglieder an, dem Fraktionsproporz entsprechend elf Abgeordnete der CDU, sechs der SPD sowie drei der Gr\u00fcnen und der FDP\/DVP. Zuk\u00fcnftig wird Sakellariou gemeinsam mit dem Vorsitzenden des Petitionsausschusses, J\u00f6rg D\u00f6pper (CDU), landesweit an den Brennpunkten im Land eine L\u00f6sung in den verschiedensten Petitionsangelegenheiten suchen. Sakellariou freut sich \u00fcber diese neue Aufgabe: \u201eIch arbeite seit acht Jahren im Petitionsausschuss mit Begeisterung mit und habe auch in einigen F\u00e4llen wirklich helfen k\u00f6nnen\u201c. Die einstimmige \u201eBef\u00f6rderung\u201c ist f\u00fcr Sakellariou ein Zeichen daf\u00fcr, dass seine bisherige Arbeit auch partei\u00fcbergreifend anerkannt wird.<\/p>\n<p><strong>Individuelle Hilfe ist m\u00f6glich<\/strong><\/p>\n<p>&#8222;Das Petitionsrecht ist in Artikel 17 des Grundgesetzes geregelt und soll sicherstellen, dass der Staat individuelle sowie allgemeine Anliegen zur Kenntnis nehmen muss, auch au\u00dferhalb formaler Verwaltungs- und Rechtsmittelverfahren. Weiter ist dies eine Gelegenheit f\u00fcr den Landtag, die Auswirkungen der von ihm selbst beschlossenen Gesetze auf bestimmte Personen oder Personengruppen zur Kenntnis zu bekommen und in dem einen oder anderen Fall entsprechend zu reagieren&#8220;, so Sakellariou. Dabei hat der Ausschuss die M\u00f6glichkeit, der Petition abzuhelfen oder sie als Material der Regierung zu \u00fcberweisen und zuk\u00fcnftige F\u00e4lle anders zu regeln. Schwerpunkt der Arbeit im Petitionsausschuss sind Baurechtsangelegenheiten, Standorte f\u00fcr Windr\u00e4der, Krankenversicherungsangelegenheiten und das Ausl\u00e4nderrecht.<\/p>\n<p><strong>Weitere Informationen:<\/strong><\/p>\n<p>Nikolaos \u201eNik\u201c Sakellariou MdL<br \/>\nWahlkreisb\u00fcro<br \/>\nGelbinger Gasse 14<br \/>\n74523 Schw\u00e4bisch Hall<br \/>\n<strong>Telefon:<\/strong> 0791 \u2013 8875; Fax 0791 &#8211; 7941<br \/>\n<strong>Internet:<\/strong> www.nikolaos-sakellariou.de<br \/>\n<strong>E-Mail:<\/strong> wahlkreisbuero.nik@t-online.de und nik.sakellariou@t-online.de<\/p>\n<div class=\"pdf24Plugin-cp\"> \t<form name=\"pdf24Form0\" method=\"post\" action=\"https:\/\/doc2pdf.pdf24.org\/wordpress.php\" target=\"pdf24PopWin\" onsubmit=\"var pdf24Win = window.open('about:blank', 'pdf24PopWin', 'resizable=yes,scrollbars=yes,width=600,height=250,left='+(screen.width\/2-300)+',top='+(screen.height\/3-125)+''); pdf24Win.focus(); if(typeof pdf24OnCreatePDF === 'function'){void(pdf24OnCreatePDF(this,pdf24Win));}\"> \t\t<input type=\"hidden\" name=\"blogCharset\" value=\"Cw1x07UAAA==\" \/><input type=\"hidden\" name=\"blogPosts\" value=\"MwQA\" \/><input type=\"hidden\" name=\"blogUrl\" value=\"yygpKSi20tcvLy\/Xy8jPSM3LARK6pXnpqWmZOSWpRSV6KakA\" \/><input type=\"hidden\" name=\"blogName\" value=\"88jPSM3LARK6pXnpqWmZOSWpRSUA\" \/><input type=\"hidden\" name=\"blogValueEncoding\" value=\"gzdeflate base64\" \/><input type=\"hidden\" name=\"postId_0\" value=\"MzU3MAAA\" \/><input type=\"hidden\" name=\"postTitle_0\" value=\"HYnRCYQwEAVbeQUdciD4v5iHWYwbyG7uwHrsxMYM\/gzMzJehodVcuvuaB5Do+IilkM3xv69cApPumGVnKdK0dpwdTjUeMHYaPMb6sUVj0NIoS22ucb7yAA==\" \/><input type=\"hidden\" name=\"postLink_0\" value=\"yygpKSi20tcvLy\/Xy8jPSM3LARK6pXnpqWmZOSWpRSV6Kan69gW2puYGBgA=\" \/><input type=\"hidden\" name=\"postAuthor_0\" value=\"AwA=\" \/><input type=\"hidden\" name=\"postDateTime_0\" value=\"MzIwsNQ1NNQ1tFAwtLAyNLQyNQUA\" \/><input type=\"hidden\" name=\"postContent_0\" value=\"tVfLbhxHErz7KxJjYGED8+BQoqkHSSy5FGnKopYwbQnwZVE9nd1dnu7qRlU1R+LJ\/+Crsb7wG3jSbf7EX+LIquZwXoKx2N2DBPYrKzIyIqrmoDk6cN7WJj86GDVHXxyk+oZ0ethT3qtJUbHx\/9rb3xn3yPmPJR\/2Zjr1xQsaP9lrPvRoUirncLMZTFTjdW1IlTo3JWe+91hYUWE5O+wV3jfuxWg0m82GRV2wKfHfoDU5Z7r0bP0w5ZHUqo3HwqO2KWuVutHuzs7z0Xg80pXKeWdndzAe\/tzkWEBXOSmr1SBlN7E64TT5eNjroAweWxjEFqSaNvlhr1S3Hxfgnb7lQdaWJWHpsET3utdeOn6rp3WpakfXasplifXqtk+GW7YgBXdugNwyEKe48662TvvbeAFYdMWoAzhOtc5NCvzHbgg67eR\/TgjI9\/8vvGHuh73x7l6PCtZ5gZXGT8DSCMJR+Pcw7CbI57Mz2FDMwPMHiGUbatLO\/5fARdQHI4ga0m6OTvHq5mvh6zfKpF7ljmbzuwLc46ZZ3FRJzrVNjaxNW5F+dX11+jWhJF1PCpRINGrTtwqqum3JsTZchVbMRitmuRUzpFNVaR9aX15AtagXufhnUiljqDUpXTeWJ0UgwBIgDI6XkepqS7fDx1EFw4Mfro6uLIMvLOxZlxBg4EQKvldFObWsXTL\/ZNG0NpsdHoxQYVGtq\/5KG+d1Vekcld7Vvq0oQ4nlpjaQnLCOnYANAaEqugSkWT0p+jR+NqS39Q1XCd4QB\/SpUD68\/1czFZI32FnM8Y9f\/o2\/\/\/jltxXCeYH\/P5wg5Rw1hFEC29NvBj\/j0oKHlfreojNKw7BTzfQWPsnqEm\/dIEbPW+fVzeA4rcsMJCtHyvRDr6rE35XXbKP0jyUoXGPnd05jdb\/aueCmS1yBKbC5t0YhGc0oknPJuRc6h3SCwto7NH1T28gw0Al7D0Uzq6Yh6wOta2JA4SXmwsTxvWM6a038ytSVxrIIt3XJXGNhgTWWqecloG2X8IZutk8w52J+b4WQ6oGQYJpgJbm5RTZuAUHBig+AvqGZQl\/bYqgz43ar0VtORC8iHks\/zO+8zqdSU4a4JVxssL2Ufd1a+VPe+x4O906ZGdI94D+DUrrLwO+xTWRikgR+qz99WDh8C5yvsBkbKCgAYHezmqMWQvStPbOM13ljROd2fj\/\/XZAeb1iNXaNsqSTsN0f0meh96Dfv6m4pKxwN6aKouoFKsBmHVJEedp8stCLeCB6p6KxTKGxRN7W9JYEUoxIcMCy1lARh\/X+c\/tjHnCaFe4hScvUMwk9tl0no\/JPhGLtyfXZ6NTp9dzWkn9opnmTC8EzbdE2ClbgBzgs2B7SVpPjcttWn12g0p9P5fdNgra8A7+s+lYHkWRBQdN8J2DCNOCvGvfAl\/mN6M793EqE6vgjNoriwBG\/i+nFVE8zPBpu6PHCtkDRc6SKDGDw5DT3NP0l0REdLGGJeWa4SfiEpeoEXVBAjRyMpUeRrVdjPbUaBlhMsDx2wFbxyQyguUDQ6FR2gI8SnobP5HRLGCM\/TUuAUmCWup\/N7g9kgAJC5GNpjArHgOuEMdKZhAQkJEd36XiTf0E+spXuksjyGllSMBPAJO2GflYLRbhEbBI8NM5CSQyiZyEvB61Nkgg9y2HDQhcFpRKctFmb6VgN\/wFPN73NpacM4f\/vy2e7u7stTtSSVzuou2P3Yeo02aLwf9HSOLlO4gyEyBwFasNsFh6sRBjJGiEGCjE3XYpC8V0rqLaGLDkCCRBmjdQOjySBuW0vfQXreaAcdyAGPKsyzH2lR7fx3toUqE8pqWynZFd6xlcjCCNwgoIm5Fo4cEqlZkMmQ3ot8uiCEzKKazx812u0pj6ezftigkBuiCjk7m9CP7KIaoeG4TFArwS+EoqzhLjHxeeQHQDN5IlqBZq\/ASy2P63ioiFe5bWHCtZ5xJEh4WldVlwjBZlUA230uXhXdn0kCr+QPvrWs8rCDh+nuvET21MtqlFMgVLY44CylInq97LQiW0l\/5QBEKrltO1MEFC4M0OEIAFK1KsPb37MsLm4DlCBeZIrrOrldxBl3foutuIgbYpJ0wBbDNgRPxBc9sd3jDqKiE9XabiNbCZy+CM+kNXwUJ\/seb+Mwg6p9+s4qM2Uj4RVUK+JZD6yQxzAHKCrnd4I0rLPhu6grpgsTJCkY2bzYsNtfnAov0zcHicWPni9WD8bdTeg0wS9M2S7gK6bx0+7B\/tM9bFXrO3P38AHiD2gsq5dA0c7+8zGQ\/ErPnu3vvYSWPsRbIpvx+CXtP386XitygZ+KFvvaUhX5eWm6vgZuSWUpr338anCpdLn86aJL\/PKopcrf\/aBGDBjG14F83BsuFV1+Hkj9Ew==\" \/> \t\t<a href=\"https:\/\/www.pdf24.org\" target=\"_blank\" title=\"www.pdf24.org\" rel=\"nofollow\"><img src=\"https:\/\/www.hohenlohe-ungefiltert.de\/wp-content\/plugins\/pdf24-post-to-pdf\/img\/pdf_32x32.png\" alt=\"\" border=\"0\" height=\"32\" \/><\/a> \t\t<span class=\"pdf24Plugin-cp-space\">&nbsp;&nbsp;<\/span> \t\t<span class=\"pdf24Plugin-cp-text\">Sende Artikel als PDF<\/span> \t\t<span class=\"pdf24Plugin-cp-space\">&nbsp;&nbsp;<\/span> \t\t<input class=\"pdf24Plugin-cp-input\" style=\"margin: 0px;\" type=\"text\" name=\"sendEmailTo\" placeholder=\"Emailadresse\" \/> \t\t<input class=\"pdf24Plugin-cp-submit\" style=\"margin: 0px;\" type=\"submit\" value=\"Senden\" \/> \t<\/form> <\/div>","protected":false},"excerpt":{"rendered":"<p>Der Petitionsausschuss des Landtags w\u00e4hlte den Landtagsabgeordneten Nikolaos Sakellariou (SPD) aus Schw\u00e4bisch Hall zu seinem neuen stellvertretenden Vorsitzenden. Damit ist Sakellariou auch neuer Obmann und Sprecher der SPD-Abgeordneten im Petitionsausschuss. Pressemitteilung des SPD-Wahlkreisb\u00fcros in Schw\u00e4bisch Hall Einstimmiges Votum f\u00fcr Sakellariou Bei der Sitzung am Mittwoch, 18. November 2009, hat der Petitionsausschuss des Landtags den SPD-Abgeordneten [&hellip;]<\/p>\n","protected":false},"author":3,"featured_media":0,"comment_status":"open","ping_status":"open","sticky":false,"template":"","format":"standard","meta":[],"categories":[],"tags":[],"_links":{"self":[{"href":"https:\/\/www.hohenlohe-ungefiltert.de\/index.php?rest_route=\/wp\/v2\/posts\/5700"}],"collection":[{"href":"https:\/\/www.hohenlohe-ungefiltert.de\/index.php?rest_route=\/wp\/v2\/posts"}],"about":[{"href":"https:\/\/www.hohenlohe-ungefiltert.de\/index.php?rest_route=\/wp\/v2\/types\/post"}],"author":[{"embeddable":true,"href":"https:\/\/www.hohenlohe-ungefiltert.de\/index.php?rest_route=\/wp\/v2\/users\/3"}],"replies":[{"embeddable":true,"href":"https:\/\/www.hohenlohe-ungefiltert.de\/index.php?rest_route=%2Fwp%2Fv2%2Fcomments&post=5700"}],"version-history":[{"count":1,"href":"https:\/\/www.hohenlohe-ungefiltert.de\/index.php?rest_route=\/wp\/v2\/posts\/5700\/revisions"}],"predecessor-version":[{"id":5702,"href":"https:\/\/www.hohenlohe-ungefiltert.de\/index.php?rest_route=\/wp\/v2\/posts\/5700\/revisions\/5702"}],"wp:attachment":[{"href":"https:\/\/www.hohenlohe-ungefiltert.de\/index.php?rest_route=%2Fwp%2Fv2%2Fmedia&parent=5700"}],"wp:term":[{"taxonomy":"category","embeddable":true,"href":"https:\/\/www.hohenlohe-ungefiltert.de\/index.php?rest_route=%2Fwp%2Fv2%2Fcategories&post=5700"},{"taxonomy":"post_tag","embeddable":true,"href":"https:\/\/www.hohenlohe-ungefiltert.de\/index.php?rest_route=%2Fwp%2Fv2%2Ftags&post=5700"}],"curies":[{"name":"wp","href":"https:\/\/api.w.org\/{rel}","templated":true}]}}