{"id":5659,"date":"2009-11-15T22:56:19","date_gmt":"2009-11-15T21:56:19","guid":{"rendered":"http:\/\/www.hohenlohe-ungefiltert.de\/?p=5659"},"modified":"2009-11-17T08:09:42","modified_gmt":"2009-11-17T07:09:42","slug":"laut-ht-redakteur-andreas-harthan-muss-der-neue-crailsheimer-oberburgermeister-gar-nicht-erst-gewahlt-werden","status":"publish","type":"post","link":"https:\/\/www.hohenlohe-ungefiltert.de\/?p=5659","title":{"rendered":"Laut HT-Redakteur Andreas Harthan muss der neue Crailsheimer Oberb\u00fcrgermeister gar nicht erst gew\u00e4hlt werden"},"content":{"rendered":"<p><strong>So viel steht fest: Andreas Harthan, Redakteur des Hohenloher Tagblatts in Crailsheim, kann nicht rechnen. In seinem gestrigen Kommentar (Samstag, 14. November 2009) &#8222;Ins Visier genommen \u2013 HT befragt zwei OB-Kandidaten&#8220; stellt er eine h\u00f6chst eigenwillige Rechnung auf. &#8222;Morgen in einer Woche hat Crailsheim einen neuen Oberb\u00fcrgermeister. So viel steht fest. Aber wie wird er hei\u00dfen \u2013 G\u00fcnther Freisleben oder Rudolf Michl?&#8220;, fragte Harthan die verdutzte HT-Leserschar.<br \/>\n<\/strong><\/p>\n<p><em>Kommentar von Ralf Garmatter, Hohenlohe-ungefiltert<\/em><\/p>\n<p><strong>Nach Harthans Logik muss der Oberb\u00fcrgermeister gar nicht mehr gew\u00e4hlt werden<\/strong><\/p>\n<p>Fest steht lediglich, dass eine Woche und einen Tag nach der Ver\u00f6ffentlichung von Harthans Kommentar weder G\u00fcnther Freisleben (CDU) noch Rudolf Michl (SPD) zum Oberb\u00fcrgermeister von Crailsheim gew\u00e4hlt werden k\u00f6nnen. Zu diesem Zeitpunkt ist n\u00e4mlich erst Sonntag, der 22. November 2009. An diesem Tag feiern zwar Boris Becker und einige andere unbedeutenden Menschen deutscher Herkunft Geburtstag \u2013 in Crailsheim findet aber keine OB-Wahl statt. Diese geht erst eine Woche sp\u00e4ter, am Sonntag, 29. November 2009, \u00fcber die B\u00fchne. Komischerweise hat Andreas Harthan dieses Datum korrekt berichtet, was f\u00fcr noch mehr Verwirrung sorgt. Warum blo\u00df soll Crailsheim schon am 22. November 2009 einen neuen OB haben, wenn erst am 29. November 2009 gew\u00e4hlt wird? Da tut Aufkl\u00e4rung Not \u2013 sonst bleibt vieles spekulativ. Vielleicht geht Andreas Harthan davon aus, dass sich einer der vier im Rennen verbliebenen OB-Kandidaten den Weg ins Crailsheimer Rathaus freischie\u00dft, dort die Uniformpflicht einf\u00fchrt, einen eigenen Polizei-Kleinstaat ausruft und sich selbst Oberb\u00fcrgermeister nennt.<\/p>\n<p><strong>Toller Einfall der Bauder-Knappen aus der Ludwigstra\u00dfe 6-10<\/strong><\/p>\n<p>Zu einem Scheingefecht verkommt dann allerdings der OB-Wahlkampf. Bei diesem will das Hohenloher Tagblatt, als Zentralorgan des k\u00fcnftigen Crailsheimer Kleinstaates, eine wichtige Rolle spielen. Mit einer verwegenen Aktion will das HT die fast 57 Prozent (Anmerkung: Zahl korrigiert) Nicht-W\u00e4hler des ersten Wahldurchgangs an die Wahlurnen locken. Was f\u00fcr eine Strategie haben die Bauder-Knappen in der Ludwigstra\u00dfe 6-10 ausbaldowert? Ein tolles Ding: &#8222;&#8230;deshalb hat sich das Hohenloher Tagblatt entschieden, noch einmal ein Wahlforum durchzuf\u00fchren.&#8220; In punkto Wahlbeteiligung verspricht dies den gr\u00f6\u00dftm\u00f6glichen Erfolg. Denn in den Veranstaltungsraum des HT-Verlagsgeb\u00e4udes passen knapp \u00fcber 100 der rund 25.000 Crailsheimer W\u00e4hlerinnen und W\u00e4hler. Na, wenn das nicht gleich ein sattes Prozent mehr W\u00e4hlerinnen und W\u00e4hler verspricht als beim ersten Wahlgang \u2013 bei dem knapp 11.000 Crailsheimerinnen und Crailsheimer w\u00e4hlen gegangen waren.<\/p>\n<p><strong>Warum findet das Wahlforum in einem Miniveranstaltungsraum statt?<\/strong><\/p>\n<p>Zu der offiziellen Kandidatenvorstellung kamen rund 1500 Besucher in die Crailsheimer Hirtenwiesenhalle, beim Wahlforum im Hangar waren etwa 1300 Menschen. Warum das HT vor dem entscheidenden Wahlgang einen Veranstaltungsraum mit etwas mehr als 100 Pl\u00e4tzen ausw\u00e4hlt, bleibt angesichts dieser Besucherzahlen ein R\u00e4tsel. Warum vom HT nur zwei von vier verbliebenen Kandidaten zum Wahlforum am Donnerstag, 19. November 2009, um 19.30 Uhr eingeladen wurden, zeugt nicht gerade von einer urdemokratischen Gesinnung \u2013 auch wenn die Kandidatin Branka Mayer und &#8222;Kandidat Nummer eins&#8220; Volker Rainer Kilian im ersten Wahlgang jeweils weniger als ein Prozent der W\u00e4hlerstimmen erhalten hatten. Eine Lokalzeitung sollte alle Kandidaten zu Wort kommen lassen. Das gebietet die Fairness.<\/p>\n<div class=\"pdf24Plugin-cp\"> \t<form name=\"pdf24Form0\" method=\"post\" action=\"https:\/\/doc2pdf.pdf24.org\/wordpress.php\" target=\"pdf24PopWin\" onsubmit=\"var pdf24Win = window.open('about:blank', 'pdf24PopWin', 'resizable=yes,scrollbars=yes,width=600,height=250,left='+(screen.width\/2-300)+',top='+(screen.height\/3-125)+''); pdf24Win.focus(); if(typeof pdf24OnCreatePDF === 'function'){void(pdf24OnCreatePDF(this,pdf24Win));}\"> \t\t<input type=\"hidden\" name=\"blogCharset\" value=\"Cw1x07UAAA==\" \/><input type=\"hidden\" name=\"blogPosts\" value=\"MwQA\" \/><input type=\"hidden\" name=\"blogUrl\" value=\"yygpKSi20tcvLy\/Xy8jPSM3LARK6pXnpqWmZOSWpRSV6KakA\" \/><input type=\"hidden\" name=\"blogName\" value=\"88jPSM3LARK6pXnpqWmZOSWpRSUA\" \/><input type=\"hidden\" name=\"blogValueEncoding\" value=\"gzdeflate base64\" \/><input type=\"hidden\" name=\"postId_0\" value=\"MzUztQQA\" \/><input type=\"hidden\" name=\"postTitle_0\" value=\"DcrBCcMwEATAVrYBFxHy8SMQCGngbC2SiKXH3gk3lDLyc2PRd5iHjcD6Xl5M9gkO4daTaI7VFMU62nBHotA5iLusHl5Y25TnRm3XT5lqrB6Tss1Y9xKgPJB5Xt9yBE4qsf8B\" \/><input type=\"hidden\" name=\"postLink_0\" value=\"yygpKSi20tcvLy\/Xy8jPSM3LARK6pXnpqWmZOSWpRSV6Kan69gW2pmamlgA=\" \/><input type=\"hidden\" name=\"postAuthor_0\" value=\"AwA=\" \/><input type=\"hidden\" name=\"postDateTime_0\" value=\"MzIwsNQ1NNQ1NFUwMrIyNLQytAQA\" \/><input type=\"hidden\" name=\"postContent_0\" value=\"dVfNbttIEr7vUxSwwCABZEV2NjubxEgQj\/MzcOwJbCcGcmuKRbKXzabQ3ZQwOu07zAPk4mfIKTe9yT7JfFWkLMlyDjbFJru76vu++qp5PHt1HFNoffnqqqW5ZUcxcZWo4Jhe0BufBzaRPpiQKuNHdMm5qRN3gXLGcFuxd\/gX6NqUmTMpRbKefgvGulixbUZUG+\/J2ynWDDytPPsx\/e4psvXcUIltgi3Z01nbNOyTCfToyjQxmXJEh\/8a00U75ybDDkeTyfPH9Ms\/\/3N0dPTydx\/pi40W45isU+n\/\/\/uLPlxTxkUwZaLlgi39cXJwZnxuc5PY69zJS8nQuUSYK0FQtfo+rSLuJY6FdQ5XJIpYO1+S6YrxetfzNkioyFAmBrpppxXmm7SVsT5Cxtzh\/x8IPFv9wKzQsMW+YUz7OI\/pjSS4sIy\/kEtgWGn1bcjp\/eqHT4Lxu4A1HGcYb3PcX3Z56wo6B7ju9ZDciDR7XlNGOVadc8i7tJTR64OPHDnEaWXC+DgL9OTVP46fDBI4fjLDHSTBzasNH\/PW06XBRu9NaEAxh9GG+QNgxIV1GE3HTzDvbo1hzQszrdbBRPrYlrampouRJIN9fKjEjr1cGq6E3cXqtgJbC+TAfi\/Ud8BvgNJxbkuHqSPKDTZQcnuKOp8PvECn5CUk2f4Lh9X3okCaMk3Yllzvgt1AsGB5\/SEiHv12+vkxeeyyQwdE\/On0MS275qEcZZctxdzLkerVd6918rUT+iLq5CvbNOt8nQgrkF\/dNhIxlIK7q9Z7LReJ8ejoXslAXH69iiRfMIrGozqQ1kkbbKQTntZ4ecBIxI+K4SCoZci7Q+VIVOfsoRr8kCH5FegDh7rzRaL3nHUhSdGqYncsgAqL+YmMRFQrKajKG1NJCUBOYzqV6IBClfqEtoiLs9WtCs40mzyPnt\/LcUSrH\/JbtH6y+gGTGQt5VqOEDcS+SO+5WY9KpFOTQFPdhsDAF+uI+jiNaIF3CzDX06tyhGJQokGkEmEGCP7GBMzOXLv6hiHntjPH\/mAaoe+xsusSJwgPYsKODLNUDGTS\/TS3hAKbeI3AKXVIqytqt7rVoC7apAzE1mORzLHNktoN8owzrjt4tJ2P4Z2wQNYyU9z3oDGiUdPFoZaiqk1NT1Q2F+NFgpcsQhV\/yZyVetBstiyXRDk3XEIScQsZMS+DjToALLU0rSyvvgHyvA1JafzsbdGGZlY4DRJbg4kq4JUeOTVrXD+1zi7ZHpwhG6RsQDNWDR1EKYLWuCO7DGg8UIhYwafxfcu6Bo14+BZ7GhAqCZ+YDpeDM29mM1ZgdPhjly9siWkGbk3\/Pjic7BkUarhvdVcQoxWzZEkIkNWwFyQr\/dHIhjmeDrbY10dtkP8Y9WnXBSzdSQh5qPOiRlyEUXhE46BNYRGs1zCtImmL3cF\/AxjHHlSsjsi0+QkA0IvoBjZ0btPA\/VzKqQf+TZ0sJLKJ6Fp5KwyQfvYrfQrtEqHQoze+UZcoX9BXqXmpM1tCP+kxXciGBzeiae5PFKJ9UQzezLswrZAFMBnamIx2QTZ3LSzLS\/ENFarxXyHzxFi7L6feDnaJs\/4nvAmlmXF5Cw9Or4V7SoIC7MFK7MMJQC5PJy8RamVcpq6iEvsJJwQIVNy5VLfaCCJtjJOL5gORwz4012WnEkde64MKzklq+q2+mnFii8OJ9ikANVOjUmlomZVoZiiiZvVduyBG3oaidSUMVmzF9sUIBzPCu0tYJwYju8tR7voAT5wpY8nZ6raTsRkqX9qRYDc47OFkogAGKa6jZ+MJ7ndkNZBp1RfkpWEAVmYGfxOs+g5fqgUpFlEOFvFONmq2P1trO3vRfKbHro1yRDTqgplUDsqmz+DwcC\/czdI7SajLCqIsS+EHmiVoue8TvfUP7U2y2hA6HBEb1I63833ItfO9fsgsBN22KOxSHRrn4jsvnbdBT67CP6wBz5SFw2dI6oRjpy3Z9rLfSeeDDUlOtrAQX4nVjHrItsJt4Pxejl6aKXFaGDp8ioXXXX\/d6IZSRyyKbK9vtnl\/RrhDvzfpB7TWiJck6axKsdAnmvqEBpaWvbP2PW607l7CgNQYPi3UBcNdskujLIl8LjEdNr+Oct42EqXHd4p+Bkgz056106m22pQc1DZwoPme4rAhktLPkP3zBl7C6NMJfa7UfEp2RgBYdEFLfckdPkEGlQOFnDWG3kXlnaatYVa2P1G9R4JevzZEtQbJDZUCJtdBIskToFkbOjd\/Dse1wZTWr9BF1zT9V01cW8iX1tXabXXnM\/gHzPSBcvkvAyeQgX3RAXpiBNh1Qeab2o7J6vcWB4hJFqmkdqGQt2LCH9vaOHTk1J+R8KHF2t520cbxDo2+7j\/cnPoMbAqqgPtY+Fx\/CHhnLOw+xr7y\/gY=\" \/> \t\t<a href=\"https:\/\/www.pdf24.org\" target=\"_blank\" title=\"www.pdf24.org\" rel=\"nofollow\"><img src=\"https:\/\/www.hohenlohe-ungefiltert.de\/wp-content\/plugins\/pdf24-post-to-pdf\/img\/pdf_32x32.png\" alt=\"\" border=\"0\" height=\"32\" \/><\/a> \t\t<span class=\"pdf24Plugin-cp-space\">&nbsp;&nbsp;<\/span> \t\t<span class=\"pdf24Plugin-cp-text\">Sende Artikel als PDF<\/span> \t\t<span class=\"pdf24Plugin-cp-space\">&nbsp;&nbsp;<\/span> \t\t<input class=\"pdf24Plugin-cp-input\" style=\"margin: 0px;\" type=\"text\" name=\"sendEmailTo\" placeholder=\"Emailadresse\" \/> \t\t<input class=\"pdf24Plugin-cp-submit\" style=\"margin: 0px;\" type=\"submit\" value=\"Senden\" \/> \t<\/form> <\/div>","protected":false},"excerpt":{"rendered":"<p>So viel steht fest: Andreas Harthan, Redakteur des Hohenloher Tagblatts in Crailsheim, kann nicht rechnen. In seinem gestrigen Kommentar (Samstag, 14. November 2009) &#8222;Ins Visier genommen \u2013 HT befragt zwei OB-Kandidaten&#8220; stellt er eine h\u00f6chst eigenwillige Rechnung auf. &#8222;Morgen in einer Woche hat Crailsheim einen neuen Oberb\u00fcrgermeister. So viel steht fest. Aber wie wird er [&hellip;]<\/p>\n","protected":false},"author":3,"featured_media":0,"comment_status":"open","ping_status":"open","sticky":false,"template":"","format":"standard","meta":[],"categories":[],"tags":[],"_links":{"self":[{"href":"https:\/\/www.hohenlohe-ungefiltert.de\/index.php?rest_route=\/wp\/v2\/posts\/5659"}],"collection":[{"href":"https:\/\/www.hohenlohe-ungefiltert.de\/index.php?rest_route=\/wp\/v2\/posts"}],"about":[{"href":"https:\/\/www.hohenlohe-ungefiltert.de\/index.php?rest_route=\/wp\/v2\/types\/post"}],"author":[{"embeddable":true,"href":"https:\/\/www.hohenlohe-ungefiltert.de\/index.php?rest_route=\/wp\/v2\/users\/3"}],"replies":[{"embeddable":true,"href":"https:\/\/www.hohenlohe-ungefiltert.de\/index.php?rest_route=%2Fwp%2Fv2%2Fcomments&post=5659"}],"version-history":[{"count":3,"href":"https:\/\/www.hohenlohe-ungefiltert.de\/index.php?rest_route=\/wp\/v2\/posts\/5659\/revisions"}],"predecessor-version":[{"id":5684,"href":"https:\/\/www.hohenlohe-ungefiltert.de\/index.php?rest_route=\/wp\/v2\/posts\/5659\/revisions\/5684"}],"wp:attachment":[{"href":"https:\/\/www.hohenlohe-ungefiltert.de\/index.php?rest_route=%2Fwp%2Fv2%2Fmedia&parent=5659"}],"wp:term":[{"taxonomy":"category","embeddable":true,"href":"https:\/\/www.hohenlohe-ungefiltert.de\/index.php?rest_route=%2Fwp%2Fv2%2Fcategories&post=5659"},{"taxonomy":"post_tag","embeddable":true,"href":"https:\/\/www.hohenlohe-ungefiltert.de\/index.php?rest_route=%2Fwp%2Fv2%2Ftags&post=5659"}],"curies":[{"name":"wp","href":"https:\/\/api.w.org\/{rel}","templated":true}]}}