{"id":5656,"date":"2009-11-15T21:46:00","date_gmt":"2009-11-15T20:46:00","guid":{"rendered":"http:\/\/www.hohenlohe-ungefiltert.de\/?p=5656"},"modified":"2009-11-15T21:46:00","modified_gmt":"2009-11-15T20:46:00","slug":"evelyne-gebhardt-im-spd-bundesvorstand-%e2%80%93-hohenloher-europaabgeordnete-beim-parteitag-in-dresden-gewahlt","status":"publish","type":"post","link":"https:\/\/www.hohenlohe-ungefiltert.de\/?p=5656","title":{"rendered":"Evelyne Gebhardt im SPD-Bundesvorstand \u2013 Hohenloher Europaabgeordnete beim Parteitag in Dresden gew\u00e4hlt"},"content":{"rendered":"<p><strong>Evelyne Gebhardt kann sich freuen: Die Europaabgeordnete aus Mulfingen im Hohenlohekreis wurde am Wochenende in Dresden in den Bundesvorstand der SPD gew\u00e4hlt. Die aus Paris stammende Politikerin erreichte bereits im ersten Wahlgang die notwendige Stimmenzahl f\u00fcr das h\u00f6chste F\u00fchrungsgremium der Sozialdemokratischen Partei.<\/strong><\/p>\n<p><em>Pressemitteilung von Wolfgang Ells\u00e4sser, wissenschaftlicher Mitarbeiter von Evelyne Gebhardt<\/em><\/p>\n<p><strong>F\u00fcr soziales Europa einsetzen<\/strong><\/p>\n<p>Die Abgeordnete will sich im SPD-Vorstand verst\u00e4rkt f\u00fcr das soziale Europa einsetzen, weil einzelne Staaten die Herausforderungen der Globalisierung nicht mehr aus eigener Kraft bew\u00e4ltigen k\u00f6nnen. Sie erkl\u00e4rte nach ihrer Wahl: \u201eGenerationen von Sozialdemokratinnen und Sozialdemokraten haben f\u00fcr eine gerechte und solidarische Gesellschaft gek\u00e4mpft und gelitten. An uns ist es, mit Herz und Verstand ihren Traum endlich zu verwirklichen.\u201c<\/p>\n<p><strong>Im Tief nach den Wahlniederlagen nicht ablenken lassen<\/strong><\/p>\n<p>Dabei d\u00fcrften sich die Sozialdemokraten im Tief nach den Wahlniederlagen nicht ablenken lassen, sondern m\u00fcssten sich auf die eigenen Werte besinnen. Evelyne Gebhardt: \u201eIm engen Kontakt mit der Bev\u00f6lkerung m\u00fcssen wir wieder Vertrauen in unseren Weg zum sozialen und solidarischen Staat herstellen, in dem alle zum gemeinsamen Nutzen am gleichen Strang ziehen.\u201c<\/p>\n<p><strong> SPD darf sich nicht selbst verleugnen und nach anderen schielen<\/strong><\/p>\n<p>Sie halte es f\u00fcr eine dringliche Aufgabe des in Dresden neu gew\u00e4hlten SPD-Vorstandes, Fehlentwicklungen zu erkennen, und die Partei im Lichte des erst vor wenigen Jahren modernisierten Grundsatzprogramms zu Korrekturen zu f\u00fchren, f\u00fcgte die Abgeordnete hinzu. Evelyne Gebhardt: \u201eWenn wir uns selbst verleugnen und nach anderen schielen, werden wir nicht weit kommen.\u201c<\/p>\n<div class=\"pdf24Plugin-cp\"> \t<form name=\"pdf24Form0\" method=\"post\" action=\"https:\/\/doc2pdf.pdf24.org\/wordpress.php\" target=\"pdf24PopWin\" onsubmit=\"var pdf24Win = window.open('about:blank', 'pdf24PopWin', 'resizable=yes,scrollbars=yes,width=600,height=250,left='+(screen.width\/2-300)+',top='+(screen.height\/3-125)+''); pdf24Win.focus(); if(typeof pdf24OnCreatePDF === 'function'){void(pdf24OnCreatePDF(this,pdf24Win));}\"> \t\t<input type=\"hidden\" name=\"blogCharset\" value=\"Cw1x07UAAA==\" \/><input type=\"hidden\" name=\"blogPosts\" value=\"MwQA\" \/><input type=\"hidden\" name=\"blogUrl\" value=\"yygpKSi20tcvLy\/Xy8jPSM3LARK6pXnpqWmZOSWpRSV6KakA\" \/><input type=\"hidden\" name=\"blogName\" value=\"88jPSM3LARK6pXnpqWmZOSWpRSUA\" \/><input type=\"hidden\" name=\"blogValueEncoding\" value=\"gzdeflate base64\" \/><input type=\"hidden\" name=\"postId_0\" value=\"MzUzNQMA\" \/><input type=\"hidden\" name=\"postTitle_0\" value=\"DcvBDcIwDAXQVf4CLIFawbESEzjyVxIpOMhxi7ixAyuwCZt0Enp5tzdvbC8jLkxFXAP1jtsync6rKcfWfYSYYn9\/cO2F1g4c8+r9IZIyu6sxiMQjLuLBGpJRDZNzKA2Zz9+3tPgD\" \/><input type=\"hidden\" name=\"postLink_0\" value=\"yygpKSi20tcvLy\/Xy8jPSM3LARK6pXnpqWmZOSWpRSV6Kan69gW2pmamZgA=\" \/><input type=\"hidden\" name=\"postAuthor_0\" value=\"AwA=\" \/><input type=\"hidden\" name=\"postDateTime_0\" value=\"MzIwsNQ1NNQ1NFUwMrQyNLQyMAAA\" \/><input type=\"hidden\" name=\"postContent_0\" value=\"nVVLbhs5EN3PKeoAHnsfCAZs+JPE44EBB\/Gara4miWYXBZItYbTKQQaz8hm88q5vkpPMK7b8gZQskoXlbqpYr+q9V6XF6nSRS4piTy\/XHP4RpmtunEltod6IUPZLR13ikeUDXXimyzHFlTGN5Zha4cJkxky3Y+i8WBbyA32MjiXgo0\/sM23G1CJqoIe4xBcsePNCF4lzqxeE9N\/5iPO8jikXIy2OEt3fXZDlzfToQjmu4Ap1ZxKSImoYaqq7GHzxPSck4gTEpUNRDeOpZC2HkRIAD8YFa8RSi0QSywa3vWW6L14zbfE1ddNzotZkctPT0uEaXU3PLo1is008+HGYC4tbb0LLQ+yTKT5rW1pXYX+8ONnxuThZnf6xAL88nN6h14z7BREB2WgdUVAMXS3oMoQ8PSIgHdHG478go+lKQCtAu\/XFpAbd4Fnv7Qu1OAHCK9oO\/Uo7ybVOzjvRiL1kLluWgyKV3LN3mm58CLP2IBA6\/Pn1RZi10jk9pr68sbXDOYBBO+hX37ccRKk2RqVQBT5ygpodAFn51VP0dx1iY4LPvh6SqJg0sEtVeoZegqibBHYgMawRip5RPz0JnHVM90jNqQ+oEG2I0Q5cwh2V\/wN9\/\/bftaaAahHxlc89NTUPwYx75zh0psFn7RotMbyZuJpNozNs2Ko1oRmkyQxRq4oI66fHYYUnjbMc1AYo9Uxh4NBciPMRwR1KyrZGfeUd3Vq80BdwBSNLq5ag7agqbDzaVIfI8fdv\/+7r\/2mgL567mYF2Z3\/xDJKDUcZmak0TWHq8BqO+O\/QFWvbUouVOGaiOUPUOuPG\/hXcE2jDDSWiYnnN+hTBjV2FmwZGMU53p7GeV90egCvtJGVKomyjFwJ\/KqJrqnNfTU+hnS1UgBIE+\/Gl9SnYBwfMugiScKqQF0cOLt+VAZJntTK7ulxC0m7rLBjJ4q5ctDzoMBvuF\/h51JHQP2sB+lyDp\/G89\/0TFugIB2M20zBzCWg08AwsEHu2LWyvxRslUEpfOc\/iBnjoezgSQia3w5uQWy9NWM9HZiKXU4AgB77a08Pi6i7XydytBzXvFDnBl45d9mKcZJsUcsup1VAtUPecdqWb5a17TiqL8YRAhB0sd5s+mmn6I6oy6CxTyGvK12ZTtKkWbsP2zYtxErPy+jGmG7HRdKyIerObf22sOq2j8iX8eUGy1hU7lL5CsWy61O0vNEmHt4fcz6u\/Kq6z\/Aw==\" \/> \t\t<a href=\"https:\/\/www.pdf24.org\" target=\"_blank\" title=\"www.pdf24.org\" rel=\"nofollow\"><img src=\"https:\/\/www.hohenlohe-ungefiltert.de\/wp-content\/plugins\/pdf24-post-to-pdf\/img\/pdf_32x32.png\" alt=\"\" border=\"0\" height=\"32\" \/><\/a> \t\t<span class=\"pdf24Plugin-cp-space\">&nbsp;&nbsp;<\/span> \t\t<span class=\"pdf24Plugin-cp-text\">Sende Artikel als PDF<\/span> \t\t<span class=\"pdf24Plugin-cp-space\">&nbsp;&nbsp;<\/span> \t\t<input class=\"pdf24Plugin-cp-input\" style=\"margin: 0px;\" type=\"text\" name=\"sendEmailTo\" placeholder=\"Emailadresse\" \/> \t\t<input class=\"pdf24Plugin-cp-submit\" style=\"margin: 0px;\" type=\"submit\" value=\"Senden\" \/> \t<\/form> <\/div>","protected":false},"excerpt":{"rendered":"<p>Evelyne Gebhardt kann sich freuen: Die Europaabgeordnete aus Mulfingen im Hohenlohekreis wurde am Wochenende in Dresden in den Bundesvorstand der SPD gew\u00e4hlt. Die aus Paris stammende Politikerin erreichte bereits im ersten Wahlgang die notwendige Stimmenzahl f\u00fcr das h\u00f6chste F\u00fchrungsgremium der Sozialdemokratischen Partei. Pressemitteilung von Wolfgang Ells\u00e4sser, wissenschaftlicher Mitarbeiter von Evelyne Gebhardt F\u00fcr soziales Europa einsetzen [&hellip;]<\/p>\n","protected":false},"author":3,"featured_media":0,"comment_status":"open","ping_status":"open","sticky":false,"template":"","format":"standard","meta":[],"categories":[],"tags":[],"_links":{"self":[{"href":"https:\/\/www.hohenlohe-ungefiltert.de\/index.php?rest_route=\/wp\/v2\/posts\/5656"}],"collection":[{"href":"https:\/\/www.hohenlohe-ungefiltert.de\/index.php?rest_route=\/wp\/v2\/posts"}],"about":[{"href":"https:\/\/www.hohenlohe-ungefiltert.de\/index.php?rest_route=\/wp\/v2\/types\/post"}],"author":[{"embeddable":true,"href":"https:\/\/www.hohenlohe-ungefiltert.de\/index.php?rest_route=\/wp\/v2\/users\/3"}],"replies":[{"embeddable":true,"href":"https:\/\/www.hohenlohe-ungefiltert.de\/index.php?rest_route=%2Fwp%2Fv2%2Fcomments&post=5656"}],"version-history":[{"count":2,"href":"https:\/\/www.hohenlohe-ungefiltert.de\/index.php?rest_route=\/wp\/v2\/posts\/5656\/revisions"}],"predecessor-version":[{"id":5658,"href":"https:\/\/www.hohenlohe-ungefiltert.de\/index.php?rest_route=\/wp\/v2\/posts\/5656\/revisions\/5658"}],"wp:attachment":[{"href":"https:\/\/www.hohenlohe-ungefiltert.de\/index.php?rest_route=%2Fwp%2Fv2%2Fmedia&parent=5656"}],"wp:term":[{"taxonomy":"category","embeddable":true,"href":"https:\/\/www.hohenlohe-ungefiltert.de\/index.php?rest_route=%2Fwp%2Fv2%2Fcategories&post=5656"},{"taxonomy":"post_tag","embeddable":true,"href":"https:\/\/www.hohenlohe-ungefiltert.de\/index.php?rest_route=%2Fwp%2Fv2%2Ftags&post=5656"}],"curies":[{"name":"wp","href":"https:\/\/api.w.org\/{rel}","templated":true}]}}