{"id":5610,"date":"2009-11-12T09:45:43","date_gmt":"2009-11-12T08:45:43","guid":{"rendered":"http:\/\/www.hohenlohe-ungefiltert.de\/?p=5610"},"modified":"2009-11-12T09:46:11","modified_gmt":"2009-11-12T08:46:11","slug":"ob-wahl-in-crailsheim-wilfried-kraft-grune-zieht-seine-kandidatur-zuruck","status":"publish","type":"post","link":"https:\/\/www.hohenlohe-ungefiltert.de\/?p=5610","title":{"rendered":"OB-Wahl in Crailsheim: Wilfried Kraft (Gr\u00fcne) zieht seine Kandidatur zur\u00fcck"},"content":{"rendered":"<p><strong>Wilfried Kraft (Gr\u00fcne) hat seine OB-Kandidatur f\u00fcr den zweiten Wahlgang in Crailsheim zur\u00fcckgezogen. Der 57-j\u00e4hrige Gr\u00fcnen-Kommunalpolitiker sieht im zweiten Wahlgang am Sonntag, 29. November 2009, &#8222;keine neue Chance&#8220; mehr.<\/strong><\/p>\n<p><em>Von Ralf Garmatter, Hohenlohe-ungefiltert<\/em><\/p>\n<p><strong>Kraft will keine Wahlempfehlung aussprechen<\/strong><\/p>\n<p>Kraft will keine Wahlempfehlung f\u00fcr einen der verbliebenen Kandidaten aussprechen. Der gelernte Sozialp\u00e4dagoge erhielt im ersten Wahldurchgang 19,5 Prozent der abgegebenen W\u00e4hlerstimmen. Sieger des ersten Wahlgangs war der Schw\u00e4bisch Haller Polizeidirektor G\u00fcnther Freisleben (CDU) mit 45,8 Prozent der Stimmen, Ministerialrat Rudolf Michl (SPD) kam auf 30,3 Prozent. Zusammen genommen hatten Kraft und Michl also deutlich mehr Stimmen als Freisleben.<\/p>\n<p><strong>Wer profitiert vom Kraft-R\u00fcckzug und kann bisherige Nicht-W\u00e4hler mobilisieren?<\/strong><\/p>\n<p>Offen ist aber, wohin die Kraft-Stimmen im zweiten Wahlgang wandern. Eine noch gr\u00f6\u00dfere Unbekannte sind die bisherigen Nicht-W\u00e4hler. Rund 47 Prozent der wahlberechtigten Crailsheimer sind am Sonntag, 8. November 2009, nicht zur Wahl gegangen. Es ist fraglich, ob es einem der Kandidaten besser als den anderen gelingt, bisherige Kraft-W\u00e4hler von sich zu \u00fcberzeugen und bisherige Nicht-W\u00e4hler zu mobilisieren. Es bleibt also bis zum 29. November 2009 spannend in Crailsheim.<\/p>\n<p><strong>Bis heute sind noch neue Bewerbungen m\u00f6glich<\/strong><\/p>\n<p>Bis zum heutigen Donnerstag, 12. November 2009, k\u00f6nnen sich noch neue Kandidatinnen und Kandidaten f\u00fcr den zweiten Wahlgang bewerben. Dieser hei\u00dft im Verwaltungsjargon nicht zweiter Wahlgang, sondern wird als Neuwahl bezeichnet.<\/p>\n<div class=\"pdf24Plugin-cp\"> \t<form name=\"pdf24Form0\" method=\"post\" action=\"https:\/\/doc2pdf.pdf24.org\/wordpress.php\" target=\"pdf24PopWin\" onsubmit=\"var pdf24Win = window.open('about:blank', 'pdf24PopWin', 'resizable=yes,scrollbars=yes,width=600,height=250,left='+(screen.width\/2-300)+',top='+(screen.height\/3-125)+''); pdf24Win.focus(); if(typeof pdf24OnCreatePDF === 'function'){void(pdf24OnCreatePDF(this,pdf24Win));}\"> \t\t<input type=\"hidden\" name=\"blogCharset\" value=\"Cw1x07UAAA==\" \/><input type=\"hidden\" name=\"blogPosts\" value=\"MwQA\" \/><input type=\"hidden\" name=\"blogUrl\" value=\"yygpKSi20tcvLy\/Xy8jPSM3LARK6pXnpqWmZOSWpRSV6KakA\" \/><input type=\"hidden\" name=\"blogName\" value=\"88jPSM3LARK6pXnpqWmZOSWpRSUA\" \/><input type=\"hidden\" name=\"blogValueEncoding\" value=\"gzdeflate base64\" \/><input type=\"hidden\" name=\"postId_0\" value=\"MzUzNAAA\" \/><input type=\"hidden\" name=\"postTitle_0\" value=\"83fSDU\/MyFHIzFNwLkrMzCnOSM3MtVIIz8xJK8pMTVHwLkpMK1HQcC86vCcvVVOhKjM1o0ShODUzL1XBOzEvJTMlsaS0SKGqFCifnA0A\" \/><input type=\"hidden\" name=\"postLink_0\" value=\"yygpKSi20tcvLy\/Xy8jPSM3LARK6pXnpqWmZOSWpRSV6Kan69gW2pmaGBgA=\" \/><input type=\"hidden\" name=\"postAuthor_0\" value=\"AwA=\" \/><input type=\"hidden\" name=\"postDateTime_0\" value=\"MzIwsNQ1NNQ1NFIwsLQyNLQyMQYA\" \/><input type=\"hidden\" name=\"postContent_0\" value=\"hVXRTttKEH2\/XzHSla5AcgJNiwpqxJWAXiqhUkTUIvVtHY+906x3o901lvwzfeEbeOLNP9aZtUNDc6u+JMHrnXPmnDPDfH06D9E7W53ekSk9YQFXXpUR9i59\/2RxH7SKEJAswqezyZWyBRUqNh7K\/slDgRa6Finy953SplK2ArJw7hWZoJFq6BoutFxV2LkK7RQu0MPR28m3\/kF7qhAGHDu5cnXdWGXWzlCkFb8VCHUEKfErgqph4ayNqspgdjKFa3ePdc5XZoeHJxn88\/fxbDZ7t0qsLTYI51rZJabnh++gRu2n84Ox8fnB+vSvOQuB9ekXZ+FWmRIula9VjOgz+OA0WsMfk8ZWWJLhp3F+wG8\/3xwrDcq1ZAwM2EIY63WJ2jRCuwlh7XHJ9XbQ\/3Q3yS0HlkX3cI8+N4Q5yoONK\/xzC2KQukKD3kZkwTpidfuHQlXsBKDXhCbpiz5s5C0av9RJ41cn2RHceNehjQlS5RVWI+Idu2fkGtW1IC2IjyQOYbuY1AnQKp\/uL5a67R9yCksNH5Th63DDXndIBXlcRefhkqMQNR\/855GCETDYO7\/4vA81RXhzlB2\/YLQY4DP4SJYY1XODnuN62xSOPfxIS21gb3FzsQ8rjoxqSnh9mL3e1JjC1yYoqcAqWZd+aDHdjjPQ2GIsokxwDNlEw3+m\/GzA5WiL7vTXTNwxz7V3JWeaYwP3rh6KT25lKrqmSigrZS2wNNy7zMQ1o8TJKDLULidDPA0e7b87wflUlsyC22eDJK6t0zyABeGIs+H5f3PUcnA4HVN4nybFcW+V7x\/77wwFn22OwouzE4g5SslnivYlxylrzq+8efvCn5ZxmBOnMVIlwD\/XQhpvvrE9ycc7g2wFQzZIoswuCWvJ2\/uQOi69qsSRDFwOkj1uo07QWyORYwgSX\/ZJ1lVqOVluyFYx25J9EGwj+z3vgiB2dw30T0yqw0Yal0Z\/ZxW\/uu1WIpobpDwOEeJ7\/E69u7QgrFlq5NIvtudOnM64gOYcjp4ky9KGO8OWV4JsKAt1\/5hk2cnK2QgvFZKJF6y9DKzI\/2q2o\/+qfxRSgww\/sTbiUjoUPbbk\/v3\/hTxRTIuJUCzhDvvvaQN9Qd8qE5l++KZ8xcqP1qca\/rlGBsGlyPKm9EXy9BobyRlX502y1BbjINoP\" \/> \t\t<a href=\"https:\/\/www.pdf24.org\" target=\"_blank\" title=\"www.pdf24.org\" rel=\"nofollow\"><img src=\"https:\/\/www.hohenlohe-ungefiltert.de\/wp-content\/plugins\/pdf24-post-to-pdf\/img\/pdf_32x32.png\" alt=\"\" border=\"0\" height=\"32\" \/><\/a> \t\t<span class=\"pdf24Plugin-cp-space\">&nbsp;&nbsp;<\/span> \t\t<span class=\"pdf24Plugin-cp-text\">Sende Artikel als PDF<\/span> \t\t<span class=\"pdf24Plugin-cp-space\">&nbsp;&nbsp;<\/span> \t\t<input class=\"pdf24Plugin-cp-input\" style=\"margin: 0px;\" type=\"text\" name=\"sendEmailTo\" placeholder=\"Emailadresse\" \/> \t\t<input class=\"pdf24Plugin-cp-submit\" style=\"margin: 0px;\" type=\"submit\" value=\"Senden\" \/> \t<\/form> <\/div>","protected":false},"excerpt":{"rendered":"<p>Wilfried Kraft (Gr\u00fcne) hat seine OB-Kandidatur f\u00fcr den zweiten Wahlgang in Crailsheim zur\u00fcckgezogen. Der 57-j\u00e4hrige Gr\u00fcnen-Kommunalpolitiker sieht im zweiten Wahlgang am Sonntag, 29. November 2009, &#8222;keine neue Chance&#8220; mehr. Von Ralf Garmatter, Hohenlohe-ungefiltert Kraft will keine Wahlempfehlung aussprechen Kraft will keine Wahlempfehlung f\u00fcr einen der verbliebenen Kandidaten aussprechen. Der gelernte Sozialp\u00e4dagoge erhielt im ersten Wahldurchgang [&hellip;]<\/p>\n","protected":false},"author":3,"featured_media":0,"comment_status":"open","ping_status":"open","sticky":false,"template":"","format":"standard","meta":[],"categories":[],"tags":[],"_links":{"self":[{"href":"https:\/\/www.hohenlohe-ungefiltert.de\/index.php?rest_route=\/wp\/v2\/posts\/5610"}],"collection":[{"href":"https:\/\/www.hohenlohe-ungefiltert.de\/index.php?rest_route=\/wp\/v2\/posts"}],"about":[{"href":"https:\/\/www.hohenlohe-ungefiltert.de\/index.php?rest_route=\/wp\/v2\/types\/post"}],"author":[{"embeddable":true,"href":"https:\/\/www.hohenlohe-ungefiltert.de\/index.php?rest_route=\/wp\/v2\/users\/3"}],"replies":[{"embeddable":true,"href":"https:\/\/www.hohenlohe-ungefiltert.de\/index.php?rest_route=%2Fwp%2Fv2%2Fcomments&post=5610"}],"version-history":[{"count":3,"href":"https:\/\/www.hohenlohe-ungefiltert.de\/index.php?rest_route=\/wp\/v2\/posts\/5610\/revisions"}],"predecessor-version":[{"id":5612,"href":"https:\/\/www.hohenlohe-ungefiltert.de\/index.php?rest_route=\/wp\/v2\/posts\/5610\/revisions\/5612"}],"wp:attachment":[{"href":"https:\/\/www.hohenlohe-ungefiltert.de\/index.php?rest_route=%2Fwp%2Fv2%2Fmedia&parent=5610"}],"wp:term":[{"taxonomy":"category","embeddable":true,"href":"https:\/\/www.hohenlohe-ungefiltert.de\/index.php?rest_route=%2Fwp%2Fv2%2Fcategories&post=5610"},{"taxonomy":"post_tag","embeddable":true,"href":"https:\/\/www.hohenlohe-ungefiltert.de\/index.php?rest_route=%2Fwp%2Fv2%2Ftags&post=5610"}],"curies":[{"name":"wp","href":"https:\/\/api.w.org\/{rel}","templated":true}]}}