{"id":5565,"date":"2009-11-06T14:53:34","date_gmt":"2009-11-06T13:53:34","guid":{"rendered":"http:\/\/www.hohenlohe-ungefiltert.de\/?p=5565"},"modified":"2009-11-06T15:33:21","modified_gmt":"2009-11-06T14:33:21","slug":"%e2%80%9elandlicher-raum-%e2%80%93-idyllisch-oder-problematisch%e2%80%9c-%e2%80%93-veranstaltungsreihe-spd-landwirtschaftsexperte-alfred-winkler-mdl","status":"publish","type":"post","link":"https:\/\/www.hohenlohe-ungefiltert.de\/?p=5565","title":{"rendered":"\u201eL\u00e4ndlicher Raum \u2013 idyllisch oder problematisch?\u201c \u2013 Veranstaltungsreihe mit SPD-Landwirtschaftsexperte Alfred Winkler (MdL)"},"content":{"rendered":"<p><!-- \t\t@page { margin: 2cm } \t\tP { margin-bottom: 0.21cm } --><\/p>\n<p style=\"margin-bottom: 0cm;\"><strong>Der SPD-Kreisverband Schw\u00e4bisch Hall hat den Agrar- und Weinbaupolitischen Sprecher der Landtagsfraktion und Vorsitzenden des Arbeitskreises \u201eL\u00e4ndlicher Raum\u201c der SPD Baden-W\u00fcrttemberg, MdL Alfred Winkler (Rheinfelden\/Waldshut), zu einer Veranstaltungsreihe am Mittwoch, 11. und Donnerstag, 12. November 2009 in den Landkreis Schw\u00e4bisch Hall eingeladen. Dazu sind auch alle B\u00fcrgerinnen und B\u00fcrger willkommen.<br \/>\n<\/strong><\/p>\n<p style=\"margin-bottom: 0cm;\"><em>Von Walter Leyh, Pressereferent des SPD-Kreisverbands Schw\u00e4bisch Hall<\/em><\/p>\n<p style=\"margin-bottom: 0cm;\"><strong>Mittwoch 11.11.2009, 18:30Uhr:<\/strong> B\u00fcrgergespr\u00e4ch in Blaufelden-Wiesenbach, Versammlungsraum in der \tL\u00f6tholzhalle mit der \u201eInitiative f\u00fcr DSL\u201c als \tSchwerpunktthema.<\/p>\n<p style=\"margin-bottom: 0cm;\"><strong>Mittwoch 11.11.2009, 20:00 Uhr:<\/strong> Traditioneller D\u00e4mmerschoppen der SPD in Rot am See \u2013 Hausen am \tBach. Folgende Themen werden angesprochen und diskutiert werden: \tdemographischer Wandel; Bildungschancen und Wandel der \tSchullandschaft; Infrastruktur von Medien (schnelles DSL, Breitband- \tund Glasfaserverkabelung etc.); Konflikte mit der \u201eK\u00e4seglocke\u201c \tNatur und Landschaft; Arbeitspl\u00e4tze, Nahversorgung, Tourismus \u2013 \tsowie weitere Themen aus dem Publikum.<\/p>\n<p style=\"margin-bottom: 0cm;\"><strong>Donnerstag 12.11.2009, 8:30 Uhr:<\/strong> Betriebsf\u00fchrung bei den Wildsamenproduzenten und \u2013vermarktern \tRieger &amp; Hofmann GbR Blaufelden \u2013 Raboldshausen.<\/p>\n<p style=\"margin-bottom: 0cm;\"><strong>Donnerstag 12.11.2009, 11:00 Uhr:<\/strong> Betriebsbesuch auf dem V\u00f6lkleswaldhof, Fuchs &amp; Frey GbR \t(Demetermilchbetrieb und Ferienhof), Oberrot-Neuhausen. Mit \tFachdiskussion und Austausch mit Vertretern des Bundesverbands Deutscher Milchviehhalter (BDM) und des \tDemeterbundes.<\/p>\n<div class=\"pdf24Plugin-cp\"> \t<form name=\"pdf24Form0\" method=\"post\" action=\"https:\/\/doc2pdf.pdf24.org\/wordpress.php\" target=\"pdf24PopWin\" onsubmit=\"var pdf24Win = window.open('about:blank', 'pdf24PopWin', 'resizable=yes,scrollbars=yes,width=600,height=250,left='+(screen.width\/2-300)+',top='+(screen.height\/3-125)+''); pdf24Win.focus(); if(typeof pdf24OnCreatePDF === 'function'){void(pdf24OnCreatePDF(this,pdf24Win));}\"> \t\t<input type=\"hidden\" name=\"blogCharset\" value=\"Cw1x07UAAA==\" \/><input type=\"hidden\" name=\"blogPosts\" value=\"MwQA\" \/><input type=\"hidden\" name=\"blogUrl\" value=\"yygpKSi20tcvLy\/Xy8jPSM3LARK6pXnpqWmZOSWpRSV6KakA\" \/><input type=\"hidden\" name=\"blogName\" value=\"88jPSM3LARK6pXnpqWmZOSWpRSUA\" \/><input type=\"hidden\" name=\"blogValueEncoding\" value=\"gzdeflate base64\" \/><input type=\"hidden\" name=\"postId_0\" value=\"MzU1MwUA\" \/><input type=\"hidden\" name=\"postTitle_0\" value=\"HcwxCgIxEEDRq0yphWcQwTKCKGg9bmbN4CS7TGZRu9zBVqy8iTfJSYy2n8ev5eU+7+SFu0AKO5wi1PIA9ncRzl2Awbc+6nASimi\/tKzl+UcHUkzZUGxK56zEgSCywX67XjhM\/spqzWNvmW4jqRGspFfycOR0kfadbbybfwE=\" \/><input type=\"hidden\" name=\"postLink_0\" value=\"yygpKSi20tcvLy\/Xy8jPSM3LARK6pXnpqWmZOSWpRSV6Kan69gW2pqZmpgA=\" \/><input type=\"hidden\" name=\"postAuthor_0\" value=\"AwA=\" \/><input type=\"hidden\" name=\"postDateTime_0\" value=\"MzIwsNQ1NNQ1MFMwNLEyNLQyNgEA\" \/><input type=\"hidden\" name=\"postContent_0\" value=\"rVXLbhtHEDxvvqLjQyABJEUqF4diiIggZBuiFIFSxPMst3d3wNmZxTwkSEEA\/0OuRk78Bp9y45\/4S1IzpGhbusRIAAqgZnq6u6qri6N2PPq+26Us+6UVFdPv1AhbST2k42VDf+D8an\/WzY33phlSv3c8SLfd7nh01I6\/G7Xk\/IPin189j1w2J6\/GI+et0dV4ypaur6bdc8vS3bHNhS7oelnfb9a5dMua3gqlqBaeCtZ0WllhuxQQs2CpcxFao6SPgbi9bi3ji0WopRkSeVG50oqVl0anR7fGOukfWcdkBTs6tTlL71axOv799P6v2WatCyVTnrkIzaf3H1I+NEkTgXfdxeZv6z03OduqQxfFjE5VaRktSb1SCD2Y12iuZIXoo4VQhauDP+zQYyCcI+CWrdDOC+WDrhxq10yioQvp\/b1Z1h0aDHqp36nRiEckCg2Oe3Rp7lJdOu73fyKpEykRaQLwkjeUq1jFrns0FajvJLKKgHtcM00ApWIrUWVL0O6A7qVSK9M0eDjKLR1hnke7if2r6XIzvgXnAO\/jLPgBoK4sO8eWS\/xpn+h\/PvmXEEZHSPUtgnoiMXKITyQK3L0e\/tj\/rbbDPYonpBW71m7WiAebEyXCdmzdhWTHEFicBsblRNOoNCxIYku8pWy2+ehrox7rRGYjfTqGiN5piFJ4ecdUog5Nr2dRR0I5yiJCtm3QK+9rbkTvP6M77g\/7ffoa3o0VhYy6ZxUlOd2sMUwLVk3bst4rGkjmxkfxXTOj8z9BegDweJJNgL5HZ0ZVcWHoBt3iBs1H1QmdqDNp86J0CulWwUu2fhcypKzgxmBl2zptqIUekEid0ESqIrK5rIVe7t5v77bEgqOgVBQEIkp\/Qu809hjYwsoHS3eQ1gUXEi8PEJEwukhyhyZQk49Sgn\/FrG+UcKWA7KCwlcg5DpHYL3uHJ3RudKnkyn81uvPN2nGlzHLFcWTZpYgVY6rZF\/3sfKNVmzXspEOXokYBZ2yF\/B26McFK1wSXKM2cuZcMViSWYc8jeEbNhq5CjiZC8006+GwM0Rf2SogyfyaECXsrOXfQYW0jeDSebGOBGUDWrDHEIsAT\/W4QaBlYUB7MWE3ZXHK0hB9E057QW1M2Qmt6k8+\/WJcEcy5yE70uCej\/QDMYvNT1E5ycXXKxUCYSbzcfFbzX3cNta1N26Ay3btfzmeWH1HB2MAX1QNVItazzbaqE+QwmyBovYdO\/wmCt8d1LDjss0ZkpO8M6JJE79\/R7chrQdIheFRUEn\/CWE2nR3CaI4M\/ONuXgt1twEavfSa7rrT0eTKYXh9sdwrNs12Oenm95\/Ac=\" \/> \t\t<a href=\"https:\/\/www.pdf24.org\" target=\"_blank\" title=\"www.pdf24.org\" rel=\"nofollow\"><img src=\"https:\/\/www.hohenlohe-ungefiltert.de\/wp-content\/plugins\/pdf24-post-to-pdf\/img\/pdf_32x32.png\" alt=\"\" border=\"0\" height=\"32\" \/><\/a> \t\t<span class=\"pdf24Plugin-cp-space\">&nbsp;&nbsp;<\/span> \t\t<span class=\"pdf24Plugin-cp-text\">Sende Artikel als PDF<\/span> \t\t<span class=\"pdf24Plugin-cp-space\">&nbsp;&nbsp;<\/span> \t\t<input class=\"pdf24Plugin-cp-input\" style=\"margin: 0px;\" type=\"text\" name=\"sendEmailTo\" placeholder=\"Emailadresse\" \/> \t\t<input class=\"pdf24Plugin-cp-submit\" style=\"margin: 0px;\" type=\"submit\" value=\"Senden\" \/> \t<\/form> <\/div>","protected":false},"excerpt":{"rendered":"<p>Der SPD-Kreisverband Schw\u00e4bisch Hall hat den Agrar- und Weinbaupolitischen Sprecher der Landtagsfraktion und Vorsitzenden des Arbeitskreises \u201eL\u00e4ndlicher Raum\u201c der SPD Baden-W\u00fcrttemberg, MdL Alfred Winkler (Rheinfelden\/Waldshut), zu einer Veranstaltungsreihe am Mittwoch, 11. und Donnerstag, 12. November 2009 in den Landkreis Schw\u00e4bisch Hall eingeladen. Dazu sind auch alle B\u00fcrgerinnen und B\u00fcrger willkommen. Von Walter Leyh, Pressereferent des [&hellip;]<\/p>\n","protected":false},"author":3,"featured_media":0,"comment_status":"open","ping_status":"open","sticky":false,"template":"","format":"standard","meta":[],"categories":[],"tags":[],"_links":{"self":[{"href":"https:\/\/www.hohenlohe-ungefiltert.de\/index.php?rest_route=\/wp\/v2\/posts\/5565"}],"collection":[{"href":"https:\/\/www.hohenlohe-ungefiltert.de\/index.php?rest_route=\/wp\/v2\/posts"}],"about":[{"href":"https:\/\/www.hohenlohe-ungefiltert.de\/index.php?rest_route=\/wp\/v2\/types\/post"}],"author":[{"embeddable":true,"href":"https:\/\/www.hohenlohe-ungefiltert.de\/index.php?rest_route=\/wp\/v2\/users\/3"}],"replies":[{"embeddable":true,"href":"https:\/\/www.hohenlohe-ungefiltert.de\/index.php?rest_route=%2Fwp%2Fv2%2Fcomments&post=5565"}],"version-history":[{"count":3,"href":"https:\/\/www.hohenlohe-ungefiltert.de\/index.php?rest_route=\/wp\/v2\/posts\/5565\/revisions"}],"predecessor-version":[{"id":5569,"href":"https:\/\/www.hohenlohe-ungefiltert.de\/index.php?rest_route=\/wp\/v2\/posts\/5565\/revisions\/5569"}],"wp:attachment":[{"href":"https:\/\/www.hohenlohe-ungefiltert.de\/index.php?rest_route=%2Fwp%2Fv2%2Fmedia&parent=5565"}],"wp:term":[{"taxonomy":"category","embeddable":true,"href":"https:\/\/www.hohenlohe-ungefiltert.de\/index.php?rest_route=%2Fwp%2Fv2%2Fcategories&post=5565"},{"taxonomy":"post_tag","embeddable":true,"href":"https:\/\/www.hohenlohe-ungefiltert.de\/index.php?rest_route=%2Fwp%2Fv2%2Ftags&post=5565"}],"curies":[{"name":"wp","href":"https:\/\/api.w.org\/{rel}","templated":true}]}}