{"id":5443,"date":"2009-11-02T19:34:21","date_gmt":"2009-11-02T18:34:21","guid":{"rendered":"http:\/\/www.hohenlohe-ungefiltert.de\/?p=5443"},"modified":"2009-11-02T19:34:50","modified_gmt":"2009-11-02T18:34:50","slug":"kreisparteitag-der-spd-in-obersontheim-%e2%80%93%c2%a0jahreshauptversammlung-mit-neuwahlen","status":"publish","type":"post","link":"https:\/\/www.hohenlohe-ungefiltert.de\/?p=5443","title":{"rendered":"Kreisparteitag der SPD in Obersontheim \u2013\u00a0Jahreshauptversammlung mit Neuwahlen"},"content":{"rendered":"<p><strong>Der SPD-Kreisverband Schw\u00e4bisch Hall h\u00e4lt am Freitag, 6. November 2009, um 20 Uhr seinen Kreisparteitag im Gasthaus Ochsen in Obersontheim ab.<\/strong><\/p>\n<p><em>Von Nikolaos Sakellariou (MdL), SPD-Kreisvorsitzender Schw\u00e4bisch Hall<\/em><\/p>\n<p><strong>Gesamter Kreisvorstand wird neu gew\u00e4hlt<\/strong><\/p>\n<p>Nach der Begr\u00fc\u00dfung durch den Kreisvorsitzenden und Landtagsabgeordneten \u201eNik\u201c Sakellariou folgen Berichte der Jusos, der ehemaligen Bundestagskandidatin Annette Sawade und der Kreistagsfraktion nebst Aussprache.\u00a0 Im Anschluss daran stehen Wahlen auf der Tagesordnung. Neu gew\u00e4hlt wird der gesamte SPD-Kreisvorstand, der die Geschicke des Kreisverbandes f\u00fcr die n\u00e4chsten zwei Jahre lenken wird. Das zentrale Thema f\u00fcr den neuen Vorstand wird neben den Aufgaben f\u00fcr die Menschen im Landkreis Schw\u00e4bisch Hall die Vorbereitung der Landtagswahl 2011 sein. Gew\u00e4hlt werden auch die Delegierten und Ersatzdelegierten zum n\u00e4chsten Landesparteitag, der auch den oder die neue Landesvorsitzende w\u00e4hlen wird und auf dem die Delegierten zum Bundesparteitag gew\u00e4hlt werden, der wiederum den n\u00e4chsten SPD Bundesvorsitzenden w\u00e4hlen wird. Der Kreisparteitag ist mitglieder\u00f6ffentlich, so dass alle SPD-Mitglieder des Kreisverbandes eingeladen sind und Rederecht haben.<\/p>\n<div class=\"pdf24Plugin-cp\"> \t<form name=\"pdf24Form0\" method=\"post\" action=\"https:\/\/doc2pdf.pdf24.org\/wordpress.php\" target=\"pdf24PopWin\" onsubmit=\"var pdf24Win = window.open('about:blank', 'pdf24PopWin', 'resizable=yes,scrollbars=yes,width=600,height=250,left='+(screen.width\/2-300)+',top='+(screen.height\/3-125)+''); pdf24Win.focus(); if(typeof pdf24OnCreatePDF === 'function'){void(pdf24OnCreatePDF(this,pdf24Win));}\"> \t\t<input type=\"hidden\" name=\"blogCharset\" value=\"Cw1x07UAAA==\" \/><input type=\"hidden\" name=\"blogPosts\" value=\"MwQA\" \/><input type=\"hidden\" name=\"blogUrl\" value=\"yygpKSi20tcvLy\/Xy8jPSM3LARK6pXnpqWmZOSWpRSV6KakA\" \/><input type=\"hidden\" name=\"blogName\" value=\"88jPSM3LARK6pXnpqWmZOSWpRSUA\" \/><input type=\"hidden\" name=\"blogValueEncoding\" value=\"gzdeflate base64\" \/><input type=\"hidden\" name=\"postId_0\" value=\"MzUxMQYA\" \/><input type=\"hidden\" name=\"postTitle_0\" value=\"8y5KzSwuSCwqSc0sSUxXSEktUggOcFHIzFPwT0otKs7PK8lIzcxVeNQw+dACr8SMotTijMTSgpIyoFxibm5OaV66Qm5miYJfaml5YkZOah4A\" \/><input type=\"hidden\" name=\"postLink_0\" value=\"yygpKSi20tcvLy\/Xy8jPSM3LARK6pXnpqWmZOSWpRSV6Kan69gW2piYmxgA=\" \/><input type=\"hidden\" name=\"postAuthor_0\" value=\"AwA=\" \/><input type=\"hidden\" name=\"postDateTime_0\" value=\"MzIwsNQ1NNQ1MFIwtLQyNLQyMgQA\" \/><input type=\"hidden\" name=\"postContent_0\" value=\"bVRNb9NAEL3zK+YIUkhbDkhIUaRWgULpByKlnMfx2F55vY52142UU38IAg75DZx6wv+kv4S3ayd1Wi6xvTvzZt6bN5kspxPnbW3y6Uwszb\/MXn+2otyt2IRNSvNFsWo3iXKLgj6y1lS0G+2JK\/qAMM\/5iN6O6bK+lSpB\/pvDw3cjaiq80LfCkhNlxFCEXLL1MYVURafsfMGNo6tF4RChDF0BwNXGF4J7TsaTg76xycFy+mKCRqWa3tSGLlVZa64dzbkUrdmquqGXF+n5q9GAQG2d8msxaaD1hMXkAFA72L7MqTiuPKJ3+T4osFI2JSMN5QKMQvtnfV0yYEOZE8lte9\/+akxOaWPjqaGn7RhqAHsObGjhOMmltqkRj4uHu58g93D3Y49aVusclydi1aLwEkudNa52o\/gqhVSsVQwBsrgAWwJepeyh67EBONLmvOJUYvF0yzKEZpZLr6CrkcR5Om6cW1pQkvHf3\/SpQj5k0zillC0bch4VDX3nQuPBTRbhrjkXF4iAPAwx0KtTMMTkncL7Qwoid0RSJYQhLAq1KANLR0Mr4jNr77so025gm6DYeiWKzriwQuimxEmoNqYZO4La3rIWug4K9dkSeDb4vXky4ARn4fa4yXIOH7tqFxIUCCat4tjK0NXzzQihAIWL4fJoAXDajnkFtbAUR0dxJcbguRVHbBplDG4Bwky05Eqs733y3jr263RwusZ6PQpwHqXZ7VanZIeG23qra+Dcxw6sSLGJXrRYrhtn9ayVULRz1+Ma5\/scutIrJXggOiq9axMj7\/P3NmFYH0Pb2nLwVwFHVsrnOsK2f7IMQ9XYgxG5GoaEK6F9Z6mLXdz\/zAPZc9EcqjplOrZfQ7BgqagIIx\/Hjf4H\" \/> \t\t<a href=\"https:\/\/www.pdf24.org\" target=\"_blank\" title=\"www.pdf24.org\" rel=\"nofollow\"><img src=\"https:\/\/www.hohenlohe-ungefiltert.de\/wp-content\/plugins\/pdf24-post-to-pdf\/img\/pdf_32x32.png\" alt=\"\" border=\"0\" height=\"32\" \/><\/a> \t\t<span class=\"pdf24Plugin-cp-space\">&nbsp;&nbsp;<\/span> \t\t<span class=\"pdf24Plugin-cp-text\">Sende Artikel als PDF<\/span> \t\t<span class=\"pdf24Plugin-cp-space\">&nbsp;&nbsp;<\/span> \t\t<input class=\"pdf24Plugin-cp-input\" style=\"margin: 0px;\" type=\"text\" name=\"sendEmailTo\" placeholder=\"Emailadresse\" \/> \t\t<input class=\"pdf24Plugin-cp-submit\" style=\"margin: 0px;\" type=\"submit\" value=\"Senden\" \/> \t<\/form> <\/div>","protected":false},"excerpt":{"rendered":"<p>Der SPD-Kreisverband Schw\u00e4bisch Hall h\u00e4lt am Freitag, 6. November 2009, um 20 Uhr seinen Kreisparteitag im Gasthaus Ochsen in Obersontheim ab. Von Nikolaos Sakellariou (MdL), SPD-Kreisvorsitzender Schw\u00e4bisch Hall Gesamter Kreisvorstand wird neu gew\u00e4hlt Nach der Begr\u00fc\u00dfung durch den Kreisvorsitzenden und Landtagsabgeordneten \u201eNik\u201c Sakellariou folgen Berichte der Jusos, der ehemaligen Bundestagskandidatin Annette Sawade und der Kreistagsfraktion [&hellip;]<\/p>\n","protected":false},"author":3,"featured_media":0,"comment_status":"open","ping_status":"open","sticky":false,"template":"","format":"standard","meta":[],"categories":[],"tags":[],"_links":{"self":[{"href":"https:\/\/www.hohenlohe-ungefiltert.de\/index.php?rest_route=\/wp\/v2\/posts\/5443"}],"collection":[{"href":"https:\/\/www.hohenlohe-ungefiltert.de\/index.php?rest_route=\/wp\/v2\/posts"}],"about":[{"href":"https:\/\/www.hohenlohe-ungefiltert.de\/index.php?rest_route=\/wp\/v2\/types\/post"}],"author":[{"embeddable":true,"href":"https:\/\/www.hohenlohe-ungefiltert.de\/index.php?rest_route=\/wp\/v2\/users\/3"}],"replies":[{"embeddable":true,"href":"https:\/\/www.hohenlohe-ungefiltert.de\/index.php?rest_route=%2Fwp%2Fv2%2Fcomments&post=5443"}],"version-history":[{"count":3,"href":"https:\/\/www.hohenlohe-ungefiltert.de\/index.php?rest_route=\/wp\/v2\/posts\/5443\/revisions"}],"predecessor-version":[{"id":5446,"href":"https:\/\/www.hohenlohe-ungefiltert.de\/index.php?rest_route=\/wp\/v2\/posts\/5443\/revisions\/5446"}],"wp:attachment":[{"href":"https:\/\/www.hohenlohe-ungefiltert.de\/index.php?rest_route=%2Fwp%2Fv2%2Fmedia&parent=5443"}],"wp:term":[{"taxonomy":"category","embeddable":true,"href":"https:\/\/www.hohenlohe-ungefiltert.de\/index.php?rest_route=%2Fwp%2Fv2%2Fcategories&post=5443"},{"taxonomy":"post_tag","embeddable":true,"href":"https:\/\/www.hohenlohe-ungefiltert.de\/index.php?rest_route=%2Fwp%2Fv2%2Ftags&post=5443"}],"curies":[{"name":"wp","href":"https:\/\/api.w.org\/{rel}","templated":true}]}}