{"id":5370,"date":"2009-10-29T11:24:35","date_gmt":"2009-10-29T10:24:35","guid":{"rendered":"http:\/\/www.hohenlohe-ungefiltert.de\/?p=5370"},"modified":"2009-10-29T14:19:35","modified_gmt":"2009-10-29T13:19:35","slug":"kreisgrune-begrusen-ob-kandidatur-krafts","status":"publish","type":"post","link":"https:\/\/www.hohenlohe-ungefiltert.de\/?p=5370","title":{"rendered":"Kreis-Gr\u00fcne begr\u00fc\u00dfen OB-Kandidatur Wilfried Krafts in Crailsheim"},"content":{"rendered":"<div id=\"attachment_5371\" style=\"width: 160px\" class=\"wp-caption alignleft\"><a href=\"https:\/\/www.hohenlohe-ungefiltert.de\/wp-content\/uploads\/2009\/10\/wilfried_kraft.jpg\"><img aria-describedby=\"caption-attachment-5371\" loading=\"lazy\" class=\"size-thumbnail wp-image-5371\" title=\"wilfried_kraft\" src=\"https:\/\/www.hohenlohe-ungefiltert.de\/wp-content\/uploads\/2009\/10\/wilfried_kraft-150x150.jpg\" alt=\"Wilfried Kraft\" width=\"150\" height=\"150\" \/><\/a><p id=\"caption-attachment-5371\" class=\"wp-caption-text\">OB-Kandidat Wilfried Kraft.<\/p><\/div>\n<p><strong>Der Kreisverband und die Kreistagsfraktion der Gr\u00fcnen im Landkreis Schw\u00e4bisch Hall begr\u00fc\u00dfen die Bereitschaft Wilfried Krafts, f\u00fcr das Amt des Oberb\u00fcrgermeisters in Crailsheim zu kandidieren. \u00dcber die Parteigrenzen hinweg habe sich der langj\u00e4hrige Gemeinde- und Kreisrat einen Namen gemacht. Seine kompetente und sachliche Art werde nicht nur bei den Gr\u00fcnen immer wieder nachgefragt, sondern habe in allen Gremien Wertsch\u00e4tzung und Anerkennung gefunden.<\/strong><\/p>\n<p><em>Pressemitteilung des Kreisverbands und der Kreistagsfraktion der Gr\u00fcnen im Landkreis Schw\u00e4bisch Hall<\/em><\/p>\n<p><strong>Besonders f\u00fcr das <\/strong><strong>Krankenhaus Crailsheim eingesetzt<\/strong><\/p>\n<p>Besonders herauszuheben sei sein Einsatz f\u00fcr das Crailsheimer Krankenhaus in den letzten Jahren. In der Zeit vor der Fusion mit dem DIAK sei er Mitglied des Aufsichtsrats der Krankenhaus-GmbH gewesen und habe sich dort f\u00fcr den Erhalt und den Neubau der Klinik eingesetzt. Da die Neukonzeption der Klinik noch nicht endg\u00fcltig zu Ende gebracht sei, berate Wilfried Kraft nach wie vor die Kreistagsfraktion in dieser f\u00fcr Crailsheim so wichtigen Angelegenheit.<\/p>\n<p><strong>Aus der parteipolitischen Konfrontation im Gemeinderat herausgehalten<\/strong><\/p>\n<p>Unbestritten sei au\u00dferdem Krafts Kompetenz im Sozialbereich. Auf Kreisebene sei ihm die Eingliederung von Menschen mit Behinderung und vor allem die Betreuung von Jugendlichen ein besonderes Anliegen gewesen. In vielen Beratungen und Stellungnahmen habe er die Sozialarbeit des Landkreises und der Stadt Crailsheim nach vorne gebracht und andere Entscheidungstr\u00e4ger f\u00fcr die Bedeutung dieses Sektors sensibilisiert. Hilfreich seien dabei stets seine guten Kontakte zu den Tr\u00e4gern der Sozial- und Jugendhilfe gewesen. Mit diesen habe er \u00fcber viele Jahre gut zusammengearbeitet. Besonders hervorzuheben sei, dass es Kraft und seiner Stadtratsfraktion gelungen sei, sich aus der parteipolitischen Konfrontation im Gemeinderat der Stadt Crailsheim herauszuhalten.<\/p>\n<p><strong>Lebensqualit\u00e4t im st\u00e4dtischen Raum<\/strong><\/p>\n<p>Es war f\u00fcr Kraft stets ein wichtiges Anliegen, allen Gruppierungen gegen\u00fcber mit Offenheit und um die Sache bem\u00fcht, zu begegnen. Es gebe \u00fcber die Fraktionen hinweg gute Kontakte zu vielen seiner Ratsmitglieder. Die Stadt Crailsheim sei eine aufstrebende Gemeinde. Wichtig seien die wirtschaftliche Weiterentwicklung der Stadt und die Akzentuierung der Lebensqualit\u00e4t im st\u00e4dtischen Raum. Ein gr\u00fcner OB sei f\u00fcr diese Verkn\u00fcpfung beider Bereiche der richtige Mann am richtigen Platz. Das zeigten inzwischen mehrere gr\u00fcne B\u00fcrger- und Oberb\u00fcrgermeister im Land.<\/p>\n<p><strong>Langj\u00e4hrige Gremienerfahrung und sein sachbezogener Umgang<\/strong><\/p>\n<p>Kreisverband und Kreistagsfraktion im Landkreis Schw\u00e4bisch Hall sehen den OB-Kandidaten Wilfried Kraft deshalb auf einem guten Weg. Seine langj\u00e4hrige Gremienerfahrung und sein sachbezogener Umgang mit Mandats- und Amtsinhabern jedweder Couleur sei Garant f\u00fcr eine konstruktive Arbeit zum Wohle einer Stadt wie Crailsheim.<\/p>\n<p><strong>Die Internetseiten der Crailsheimer OB-Kandidaten sind bei Hohenlohe-ungefiltert unter der Adresse <\/strong><a href=\"https:\/\/www.hohenlohe-ungefiltert.de\/?p=5272\" target=\"_blank\">www.hohenlohe-ungefiltert.de\/?p=5272<\/a> zu finden. Von Branka Mayer wurde keine Internetseite gefunden.<\/p>\n<div class=\"pdf24Plugin-cp\"> \t<form name=\"pdf24Form0\" method=\"post\" action=\"https:\/\/doc2pdf.pdf24.org\/wordpress.php\" target=\"pdf24PopWin\" onsubmit=\"var pdf24Win = window.open('about:blank', 'pdf24PopWin', 'resizable=yes,scrollbars=yes,width=600,height=250,left='+(screen.width\/2-300)+',top='+(screen.height\/3-125)+''); pdf24Win.focus(); if(typeof pdf24OnCreatePDF === 'function'){void(pdf24OnCreatePDF(this,pdf24Win));}\"> \t\t<input type=\"hidden\" name=\"blogCharset\" value=\"Cw1x07UAAA==\" \/><input type=\"hidden\" name=\"blogPosts\" value=\"MwQA\" \/><input type=\"hidden\" name=\"blogUrl\" value=\"yygpKSi20tcvLy\/Xy8jPSM3LARK6pXnpqWmZOSWpRSV6KakA\" \/><input type=\"hidden\" name=\"blogName\" value=\"88jPSM3LARK6pXnpqWmZOSWpRSUA\" \/><input type=\"hidden\" name=\"blogValueEncoding\" value=\"gzdeflate base64\" \/><input type=\"hidden\" name=\"postId_0\" value=\"MzU2NwAA\" \/><input type=\"hidden\" name=\"postTitle_0\" value=\"8y5KzSzWdS86vCcvVSEpNR3IODw\/NU\/B30nXOzEvJTMlsaS0SCE8MyetKDM1RcG7KDGtpFghM0\/BuSgxM6c4IzUzFwA=\" \/><input type=\"hidden\" name=\"postLink_0\" value=\"yygpKSi20tcvLy\/Xy8jPSM3LARK6pXnpqWmZOSWpRSV6Kan69gW2psbmBgA=\" \/><input type=\"hidden\" name=\"postAuthor_0\" value=\"S0zJzcwDAA==\" \/><input type=\"hidden\" name=\"postDateTime_0\" value=\"MzIwsNQ1NNA1slQwNLQyNLAyNgUA\" \/><input type=\"hidden\" name=\"postContent_0\" value=\"rVfbbttGEH3vVyz0bEl2ijRoIKmQEsdOHNdB3MRAX4KlOCI3Ipfs7tKK9S0F+uLP8Jt+rGdmqVvkFmnQB11I7s7lzJmzw0FqbpVJhx0dgp7mJdnw6emPz046yoe7goadhUlD\/lyd\/HRcf+moaaG9x826O9V1MJVVujCZLWgWOqOBVrmj2bCTh1D75\/3+YrHo5VVOtsBXt7EZzUwRyIVeSn22UdkAh\/2mLiqd+v6T4+Of+yfH\/YUpZs5Q+mnu9Cz0PtcZjJsyU9oZ3U3JT51JKE3uhp02jO42\/G4Mny0amw07hV7ebQL3ZkndkDdlYrUpFGIwpc6o3RNMiCnvugcSbvp\/59Q9eXr8BR\/JDRiGYeemXaAuolcBftjBoo7KyWR5aC\/6o0Ffjwa1lO0f8z+oVDfQFxTpatK90DY1qQ5q32Vv0K9hGoQY\/TDAPx9cZbPRS3J4TsbfkkuwUzX4pIbizaAzP3N6LlxIsfTMrR4sWWVK9Rar57xIXU\/zxeo+MX6aq3NdFCqhDOtWf2Ehm5oQlgU8RRhfReWP1Gz14FSqvRqXAT68ukoQCm5m5EqOgZxXxqoXDjX1wKpUy0bNJUsDy7anVn9ii7h6p10Amri7hPPc2AVlKtcJKW8QHadQaJt9Xt3nzmSkzggubEpdyVtydoAO97D9Vw3EVUYlsA89dc131bwqa2IOkGzxeFbANKmxC2pBLiVlcR2UbRyAMPBpd2ArEcEC6ePHYiv45XQWjpSvEIWzMVbDjVfIPioNfm\/AQOC3ug9LcFIcjy25OVnL17CCW0Bi0G\/LysWWMlM5eufIe9gJQKbg5Qzybs19LPqaCd9X9EEfrjZu2zAmFPPy2ypvQ2x\/wQOLRHLd+N0aA+yMPIVlOEhqazUnh23LJqcE8XmgjY9Vp8Z6HZZbp1u7kuTWobFSn4L94PeNzoVQr2Piv4O26rZycvGq8QwIcMRlqV6+Hl+IRzy6NCErmNOM7LiZMdcCE8m3qG4cds\/K5Bz1WiA1K7DvkLMCg2LIeHbqcghHWxlwkZpEN9FcYayZ7wDUUy+1sB+L5hWYX29K1661FexHWpJNs9VDEUzGbXQKHBFO4pjinM4ROIvA6as+FbIycSMcj+qDkW738CpJ7NTSV9gKB+g4C+JmVBD+4VFUpV3GjJuIWS2NXFeFCUwx7Luo7AxLgo7Oyk3vcsNGImTEmJE9YMwHmxBucQtEmugG6uS4jlGGYD229ZItX1dLo4uEZWua97iiMV1mGcl+k5eCApgmlSfHjXWLwC7JxniZKBPKJcJ10zJ43Nllq4vBUbPe+KYBJqloieXiohCR5swpCyeZiJEwRxh6a4g1YsIA8EkV+XQdqOAut5rPi0ivVhxjWtolZKLSbrqZthJwHXQadosnlUfgdocovFhLbGAQKxOZFD4B8eo+WxMgpphSE0R0mBqQDZqHCp2LJLxJTGG84dNVnTPdGG6Gl88NzdoJ8Q9eehrOmxBZEMA3YvJyX\/wWPUa2xwSjlkc4c5ilLWqXnLiR3lsDs3rgs0OwjO3PjmDda2g1UI1wEULckx0AsiM7R6wyXomucrfIycBRt3iyFGz6BPSP5ZKN0vr6+1j\/aL02miitcNBgbzlm\/0eDyS7gPGGTHn\/StcP3uikP+ufUq4VuyxozjJVhmq47e8vSo83p1dS1EfYLdfEd0ebWuJrNogQIWE3siGvNJ2lC5eohx6GIGmOUoMxy7RAD+EdtwXj1qxbR7UnPHNmjSNsjbS3eowxlq9XkIJvs8mv8RNOZcBpCjgYFXOl2UOhBGCXfNU9hYmFcO93ESeCGCYNzJACaeXvirgu1Hq\/GcwwooYnoyPNvKUyPBUdlch47dTWRYNfN5kl9xEwAjOsZGwVv2e4kyhiJE9cWS11qiyGj3Nyw6l2BI5OPEq+WGKG42YxdLlrvJaE1uDnEt5rE+Sy22uHAth4VDtm3N3zF6YbcDH23lkg5wHmqSmhZZfxUfSgzbDsg5cHY+siR9K9jqifOjFVkZ2zmaWv\/6INSopcS5oMQo2yl6Iay9VBYfH9a0gyoBlz7CCfmYG8s6xNk7TOlC5kWX1RNQRgpueJnGhNFOyu0Q6kFOA2SvuVBVAR+iZ66qXLI2o4QyRG+JftBfbgjXmO2hdoHzzSOwro3P+2DhVBTmXPPH3ttQkJMB7YxTmUO3RkA\/9ML5S\/18OmTZ0\/wGqdBNLwtfUqA+rwz+pZd\/ErFcjAzMiarj+DGhKcyDejveCRveHCfC5h7+e\/O1oDqbw==\" \/> \t\t<a href=\"https:\/\/www.pdf24.org\" target=\"_blank\" title=\"www.pdf24.org\" rel=\"nofollow\"><img src=\"https:\/\/www.hohenlohe-ungefiltert.de\/wp-content\/plugins\/pdf24-post-to-pdf\/img\/pdf_32x32.png\" alt=\"\" border=\"0\" height=\"32\" \/><\/a> \t\t<span class=\"pdf24Plugin-cp-space\">&nbsp;&nbsp;<\/span> \t\t<span class=\"pdf24Plugin-cp-text\">Sende Artikel als PDF<\/span> \t\t<span class=\"pdf24Plugin-cp-space\">&nbsp;&nbsp;<\/span> \t\t<input class=\"pdf24Plugin-cp-input\" style=\"margin: 0px;\" type=\"text\" name=\"sendEmailTo\" placeholder=\"Emailadresse\" \/> \t\t<input class=\"pdf24Plugin-cp-submit\" style=\"margin: 0px;\" type=\"submit\" value=\"Senden\" \/> \t<\/form> <\/div>","protected":false},"excerpt":{"rendered":"<p>Der Kreisverband und die Kreistagsfraktion der Gr\u00fcnen im Landkreis Schw\u00e4bisch Hall begr\u00fc\u00dfen die Bereitschaft Wilfried Krafts, f\u00fcr das Amt des Oberb\u00fcrgermeisters in Crailsheim zu kandidieren. \u00dcber die Parteigrenzen hinweg habe sich der langj\u00e4hrige Gemeinde- und Kreisrat einen Namen gemacht. Seine kompetente und sachliche Art werde nicht nur bei den Gr\u00fcnen immer wieder nachgefragt, sondern habe [&hellip;]<\/p>\n","protected":false},"author":1,"featured_media":0,"comment_status":"open","ping_status":"open","sticky":false,"template":"","format":"standard","meta":[],"categories":[],"tags":[],"_links":{"self":[{"href":"https:\/\/www.hohenlohe-ungefiltert.de\/index.php?rest_route=\/wp\/v2\/posts\/5370"}],"collection":[{"href":"https:\/\/www.hohenlohe-ungefiltert.de\/index.php?rest_route=\/wp\/v2\/posts"}],"about":[{"href":"https:\/\/www.hohenlohe-ungefiltert.de\/index.php?rest_route=\/wp\/v2\/types\/post"}],"author":[{"embeddable":true,"href":"https:\/\/www.hohenlohe-ungefiltert.de\/index.php?rest_route=\/wp\/v2\/users\/1"}],"replies":[{"embeddable":true,"href":"https:\/\/www.hohenlohe-ungefiltert.de\/index.php?rest_route=%2Fwp%2Fv2%2Fcomments&post=5370"}],"version-history":[{"count":7,"href":"https:\/\/www.hohenlohe-ungefiltert.de\/index.php?rest_route=\/wp\/v2\/posts\/5370\/revisions"}],"predecessor-version":[{"id":5373,"href":"https:\/\/www.hohenlohe-ungefiltert.de\/index.php?rest_route=\/wp\/v2\/posts\/5370\/revisions\/5373"}],"wp:attachment":[{"href":"https:\/\/www.hohenlohe-ungefiltert.de\/index.php?rest_route=%2Fwp%2Fv2%2Fmedia&parent=5370"}],"wp:term":[{"taxonomy":"category","embeddable":true,"href":"https:\/\/www.hohenlohe-ungefiltert.de\/index.php?rest_route=%2Fwp%2Fv2%2Fcategories&post=5370"},{"taxonomy":"post_tag","embeddable":true,"href":"https:\/\/www.hohenlohe-ungefiltert.de\/index.php?rest_route=%2Fwp%2Fv2%2Ftags&post=5370"}],"curies":[{"name":"wp","href":"https:\/\/api.w.org\/{rel}","templated":true}]}}