{"id":5362,"date":"2009-10-28T22:41:24","date_gmt":"2009-10-28T21:41:24","guid":{"rendered":"http:\/\/www.hohenlohe-ungefiltert.de\/?p=5362"},"modified":"2009-10-28T22:45:53","modified_gmt":"2009-10-28T21:45:53","slug":"das-war-wohl-nix-%e2%80%93-christian-von-stetten-wird-nicht-generalsekretar-der-cdu","status":"publish","type":"post","link":"https:\/\/www.hohenlohe-ungefiltert.de\/?p=5362","title":{"rendered":"&#8222;Aus der Traum&#8220; \u2013 Christian von Stetten wird nicht Generalsekret\u00e4r der CDU"},"content":{"rendered":"<p><strong>Wird der CDU-Bundestagsabgeordnete aus Hohenlohe, Christian von Stetten, bald ein Politiker der ersten Reihe in der Bundes-CDU? Dahingehende Spekulationen sch\u00fcrte die Tageszeitung Rheinische Post aus D\u00fcsseldorf in einem Artikel am 1. Oktober 2009 (<\/strong>lesen Sie dazu auch <a href=\"https:\/\/www.hohenlohe-ungefiltert.de\/?p=4976\" target=\"_blank\">www.hohenlohe-ungefiltert.de\/?p=4976<\/a><strong>). Demnach war der hohenlohische Bundestagsabgeordnete Christian von Stetten als m\u00f6glicher neuer Generalsekret\u00e4r der CDU im Gespr\u00e4ch gewesen (<\/strong><a href=\"http:\/\/nachrichten.rp-online.de\/article\/politik\/Ein-Posten-viele-Kandidaten\/53659\" target=\"_blank\">http:\/\/nachrichten.rp-online.de\/article\/politik\/Ein-Posten-viele-Kandidaten\/53659<\/a><strong>). <\/strong><\/p>\n<p><em>Von Ralf Garmatter, Hohenlohe-ungefiltert<\/em><\/p>\n<p><strong>Hermann Gr\u00f6he wird neuer CDU-Generalsekret\u00e4r<\/strong><\/p>\n<p>Doch mit dem einflussreichen Posten des CDU-Generalsekret\u00e4rs ist es f\u00fcr den 39-j\u00e4hrigen Multi-Unternehmer aus K\u00fcnzelsau-Schloss Stetten nichts geworden. Wie stern.de, zeit.de und die CDU-Bundespartei \u00fcbereinstimmend berichten, soll der bisherige Staatsminister im Bundeskanzleramt, Hermann Gr\u00f6he, neuer Generalsekret\u00e4r der CDU Deutschlands werden. Der Bundesvorstand habe den Neusser CDU-Bundestagsabgeordneten einstimmig zum kommissarischen Generalsekret\u00e4r ernannt, teilte die CDU-Vorsitzende Angela Merkel am Samstag (24. Oktober 2009) nach Gremiensitzungen in Berlin mit. Die eigentliche Wahl wird bei einem Bundesausschuss oder Bundesparteitag erfolgen. Nach dem Wechsel des bisherigen Amtsinhabers Ronald Pofalla ins Kanzleramt soll Gr\u00f6he sein neues Amt am heutigen Mittwoch, 28. Oktober 2009 antreten, teilt die Bundes-CDU mit.<\/p>\n<p><strong>Unklar, wie Christian von Stetten ins Kandidatenspiel kam<\/strong><\/p>\n<p>Bereits in einem Artikel in der S\u00fcddeutschen Zeitung vom 15. Oktober 2009 hatte der Name Christian von Stetten bei der Besetzung des Generalsekret\u00e4rspostens der CDU keine Rolle gespielt. Wie die Rheinische Post am 1. Oktober 2009 auf den Namen des K\u00fcnzelsauer Politikers gekommen ist, und wer den Hohenloher Schlossherrn ins Kandidatenspiel gebracht hatte, bleibt bis heute unklar.<\/p>\n<p><strong>Der K\u00fcnzelsauer ist eher ein Hinterb\u00e4nkler<\/strong><\/p>\n<p>&#8222;Bislang galt der Bundestagsabgeordnete von Stetten eher als Hinterb\u00e4nkler in der CDU-Fraktion&#8220;, schrieb David Braun in seinem Artikel am 10. Oktober 2009 in Hohenlohe-ungefiltert (<a href=\"..\/?p=4976\" target=\"_blank\">www.hohenlohe-ungefiltert.de\/?p=4976<\/a>). &#8222;Eine Nominierung zum Generalsekret\u00e4r w\u00e4re eine \u00dcberraschung, da von Stetten au\u00dferhalb Hohenlohes ein unbekanntes Gesicht ist. Der Generalsekret\u00e4rs-Posten ist innerhalb der Parteien protokollarisch nach den Parteivorsitzenden das zweith\u00f6chste Amt. Von Stetten w\u00e4re dann nahezu t\u00e4glich in bundesweiten Medien pr\u00e4sent, auch w\u00fcrde er die CDU in der so genannten Elefantenrunde in ARD und ZDF vertreten. Es w\u00e4re spannend, den in Hohenlohe mit Direktmandat gew\u00e4hlten Politiker h\u00e4ufiger zu sehen und zu h\u00f6ren&#8220;, so David Braun in seinem Artikel vom 10. Oktober 2009 weiter.<\/p>\n<p>Mit der st\u00e4ndigen bundesweiten Medienpr\u00e4senz Christian von Stettens wird es nun aber in dieser Legislaturperiode wohl nichts mehr \u2013 und diese dauert wahrscheinlich noch recht lange.<\/p>\n<p><strong>Weitere Informationen zum CDU-Generalsekret\u00e4r:<\/strong><\/p>\n<p><a href=\"http:\/\/www.cdu.de\/home\/index_29110.htm\" target=\"_blank\">www.cdu.de\/home\/index_29110.htm<\/a><\/p>\n<p><a href=\"http:\/\/www.stern.de\/politik\/deutschland\/neuer-cdu-generalsekretaer-hermann-groehe-der-frischling-1516821.html\" target=\"_blank\">www.stern.de\/politik\/deutschland\/neuer-cdu-generalsekretaer-hermann-groehe-der-frischling-1516821.html<\/a><\/p>\n<p><a href=\"http:\/\/www.zeit.de\/politik\/deutschland\/2009-10\/groehe-cdu-generalsekretaer\" target=\"_blank\">www.zeit.de\/politik\/deutschland\/2009-10\/groehe-cdu-generalsekretaer<\/a><\/p>\n<p><a href=\"http:\/\/www.welt.de\/politik\/deutschland\/article4954018\/Der-neue-CDU-Generalsekretaer-ist-ein-Gluecksgriff.html\" target=\"_blank\">www.welt.de\/politik\/deutschland\/article4954018\/Der-neue-CDU-Generalsekretaer-ist-ein-Gluecksgriff.html<\/a><\/p>\n<p><a href=\"http:\/\/www.zeit.de\/newsticker\/2009\/10\/28\/iptc-bdt-20091028-160-22824620xml\" target=\"_blank\">www.zeit.de\/newsticker\/2009\/10\/28\/iptc-bdt-20091028-160-22824620xml<\/a><\/p>\n<p><a href=\"http:\/\/www.rp-online.de\/public\/article\/politik\/deutschland\/775710\/Aus-Gruenen-Schwarze-machen.html\" target=\"_blank\">www.rp-online.de\/public\/article\/politik\/deutschland\/775710\/Aus-Gruenen-Schwarze-machen.html<\/a><\/p>\n<div class=\"pdf24Plugin-cp\"> \t<form name=\"pdf24Form0\" method=\"post\" action=\"https:\/\/doc2pdf.pdf24.org\/wordpress.php\" target=\"pdf24PopWin\" onsubmit=\"var pdf24Win = window.open('about:blank', 'pdf24PopWin', 'resizable=yes,scrollbars=yes,width=600,height=250,left='+(screen.width\/2-300)+',top='+(screen.height\/3-125)+''); pdf24Win.focus(); if(typeof pdf24OnCreatePDF === 'function'){void(pdf24OnCreatePDF(this,pdf24Win));}\"> \t\t<input type=\"hidden\" name=\"blogCharset\" value=\"Cw1x07UAAA==\" \/><input type=\"hidden\" name=\"blogPosts\" value=\"MwQA\" \/><input type=\"hidden\" name=\"blogUrl\" value=\"yygpKSi20tcvLy\/Xy8jPSM3LARK6pXnpqWmZOSWpRSV6KakA\" \/><input type=\"hidden\" name=\"blogName\" value=\"88jPSM3LARK6pXnpqWmZOSWpRSUA\" \/><input type=\"hidden\" name=\"blogValueEncoding\" value=\"gzdeflate base64\" \/><input type=\"hidden\" name=\"postId_0\" value=\"MzU2MwIA\" \/><input type=\"hidden\" name=\"postTitle_0\" value=\"U1O2MDIysnYsLVZISS1SCClKLM1VA4kZWCs8apis4JxRlFlckpmYp1CWn6cQXJJaUpKap1CeWZSikJeZnFGi4J6al1qUmFOcml2UWnJ4SRHYGGeXUAA=\" \/><input type=\"hidden\" name=\"postLink_0\" value=\"yygpKSi20tcvLy\/Xy8jPSM3LARK6pXnpqWmZOSWpRSV6Kan69gW2psZmRgA=\" \/><input type=\"hidden\" name=\"postAuthor_0\" value=\"AwA=\" \/><input type=\"hidden\" name=\"postDateTime_0\" value=\"MzIwsNQ1NNA1slAwMrIyNLAyMgEA\" \/><input type=\"hidden\" name=\"postContent_0\" value=\"tVdNb9tGEL33VyxSoGgBUV+1HbtxXNhV4hRp0sBuYiCXYiWOyK2WS2F3aRY69T\/0WqAX\/4acfNM\/6S\/pm11askXFLpDmIkgiuTPz5r03w8P50aHztjTZ0YWyqUjJih9Gb5OTyqTkvMycHGdU2tSQJyErJ16UORmNj474IbfKeSWNuCyNOPfkPZmOGEudClJGvCm18mqGI\/lYsg6XxRmpnASu8n8xTIKI34uRzJXJCKenJM7nNKu09Ko0eMZN8uW1RQKpIvGLzMgtSPnKZOIsRyCF64RozocMR8tr50inpZ1yHNxAhTi2nIkWshCDrvh55ssx4g\/7\/QPx9WGvgUCTQ7RzBEnlosJhk1wcSpFbmj59lHs\/d9\/1enVdd\/MbEBIkQVOlPVnfTan3\/fzpzsHjvUfCS5uRf\/ro17GWZvbo6L88ddiTq2580xUjKoxEBrWMAN48Hsvd3qGtLRFSO1EsP2Ra4UkrDFX4PCVDFldoZskvr+xN74UqcM3N7fIKwTOqAyhrkO4AAjw4R4uDEahr50lpNADnqiQgn2jqzSMNes+USbhJZJJLRZqSl9KkKpX4o7f77d7uQRu1\/z3EBsTronrzoy8OIQYqjt4BuTOpp+JU2kICQNtZs\/526w57uHv1ZHPSC8JDxohTu\/yANtWsqgg462oT9FYCoxKgF8qjGwVTd6or5yxx44yIpeGS23qYE+i9wMUp1IK7jPj2IPlteQXsMvx4VWmvkrcGqRvKC2TEanm5vDYL0k5Wyfkk16VzK9oYhtwxBUAvQC8uoAzHjwP7jmAN4osAEYMw174xR19IieU1NIYaQMiigKwFfsYudoQrtQ6MGysHTiJBhJXSu4L1jBhMw3jaTJqFRqGFRx\/uoNt5iMojqjzUAjKlTtQUqxitjOeyhCfhmsjlmAJgrwlw3+eBwU9CQSoTi6oQsxJfnZM2yNK0cwFcyBi5AxLdeBgf\/w7BlV8EuzsGqbQUr8g2HnUuC44svh7u3HWrb0TwhFNLhSLDBzAhDRvdCVnogsmDGhGEuOs+aF5cyFxHLo7RmGiJsT5wAInjQ5RrR44N5ATITkudMWyvOS6z8oImOfw10HDVPSOOC++UYSRBxLPS8BR4U06lRmGATLxctTE2vxGI40nBbXR8Ateeo2mRsMr7GnroiOH+hmdL4y0FIgVUA6jrYRIw2BTmWzPTElKu1cdsssmyMQw3h4OImSxaGj1hVkMYreHSTLXz5XWaRubh1PfNqLosMXp2N+rI2V\/CQ69l8bG8uGWhN3Di0O8AfUv98+AObkX+GSeHTmhN0HAox0cNM1qtydkejLKaRlEgteg6a7PAPavxzhbBMmAIHYjOhlBTdKCVcQKWaC\/4ardjndHYgmQ+ooJFQpMae+ZY4AQ7Dbew1VkW9J3Mgg1ySObWC8WON15e4WFqG+5XX+4Ph8MnJ8rBJTKRSWbTSgib8\/V2W0IEHq13I9ywgDX+3MoZ7zAhSP9JhzcZq2iMZedSpeLEyipI17WXlP5GM5TZPoQwmW8Gcrf76fsHhmKDyDNmz+uS\/Zgsk47druVuNT4oyEAs\/0KyVrKbmKyDFeruDlIt\/yabSz1e1+FCgyozphlbZCC14wnBHYxG3WJ5M99Dj5UxzZEM+JtgWrg0t6UvZ+B9NOXomEzGeMfl2njRKenEooZE8+UH2BpaDBfqine3Mo8lpjx2jMwJiyESCbsUN2UceMInsGNRGhNYXmFpghTCClljHMPkWRHR+28o4kpwPkwHPPRM01TyN8sn8i3HZ6Ogpfej5+ISrQqO1xXPXJMSbBoAmLQTirtNkLBBjJSlmce4hMR4iGMR0J5ur+X58qqawmotegsOsltxPPwAGpZu0bZ8gLHB3DYpG0BZy\/WVispygA\/CZ4ffAl6D3WK7F7o4xMAUgzx41gQsFfHQ\/okyVrGv7BwzCeNM1CXGXrPGFJRb8c8ff97sK457WrGCaplbNkJlQlMNr2CWmIZsCdTym4tQF4kfzbTkDTG+pLA8tm1l37WXzI0NmrU5SStWYl4W1FMA5fdfhwcDIJr7YruY73kgLLn3xLpZ4VZrc7pek3pho0pwepLdLkTizzwuX0lmS3AlQS+TaVAY1o4sGewO9vaHA05Ab0\/588d9qPJmZd2aAFM2GfR7TZRtmWwv6xMPfSjnmsf2R45v3n92DnZ3+oP9HgwzYRyTFg8ZRqgpAceTU13RZOYyq6bTe7r1+eP+124ZqmEEEzhWwLMHPIf7PTX3k2Sc+oT\/G\/SH+8lgr58Mh\/vDnb1h\/\/ePlfWJhz6U853X03k1hqO03lJvI\/n48e5jhD6uXHJqK0Bn+DUMr\/wLSgrJC+Q9LfpMwVY1\/gs=\" \/> \t\t<a href=\"https:\/\/www.pdf24.org\" target=\"_blank\" title=\"www.pdf24.org\" rel=\"nofollow\"><img src=\"https:\/\/www.hohenlohe-ungefiltert.de\/wp-content\/plugins\/pdf24-post-to-pdf\/img\/pdf_32x32.png\" alt=\"\" border=\"0\" height=\"32\" \/><\/a> \t\t<span class=\"pdf24Plugin-cp-space\">&nbsp;&nbsp;<\/span> \t\t<span class=\"pdf24Plugin-cp-text\">Sende Artikel als PDF<\/span> \t\t<span class=\"pdf24Plugin-cp-space\">&nbsp;&nbsp;<\/span> \t\t<input class=\"pdf24Plugin-cp-input\" style=\"margin: 0px;\" type=\"text\" name=\"sendEmailTo\" placeholder=\"Emailadresse\" \/> \t\t<input class=\"pdf24Plugin-cp-submit\" style=\"margin: 0px;\" type=\"submit\" value=\"Senden\" \/> \t<\/form> <\/div>","protected":false},"excerpt":{"rendered":"<p>Wird der CDU-Bundestagsabgeordnete aus Hohenlohe, Christian von Stetten, bald ein Politiker der ersten Reihe in der Bundes-CDU? Dahingehende Spekulationen sch\u00fcrte die Tageszeitung Rheinische Post aus D\u00fcsseldorf in einem Artikel am 1. Oktober 2009 (lesen Sie dazu auch www.hohenlohe-ungefiltert.de\/?p=4976). Demnach war der hohenlohische Bundestagsabgeordnete Christian von Stetten als m\u00f6glicher neuer Generalsekret\u00e4r der CDU im Gespr\u00e4ch gewesen [&hellip;]<\/p>\n","protected":false},"author":3,"featured_media":0,"comment_status":"open","ping_status":"open","sticky":false,"template":"","format":"standard","meta":[],"categories":[],"tags":[],"_links":{"self":[{"href":"https:\/\/www.hohenlohe-ungefiltert.de\/index.php?rest_route=\/wp\/v2\/posts\/5362"}],"collection":[{"href":"https:\/\/www.hohenlohe-ungefiltert.de\/index.php?rest_route=\/wp\/v2\/posts"}],"about":[{"href":"https:\/\/www.hohenlohe-ungefiltert.de\/index.php?rest_route=\/wp\/v2\/types\/post"}],"author":[{"embeddable":true,"href":"https:\/\/www.hohenlohe-ungefiltert.de\/index.php?rest_route=\/wp\/v2\/users\/3"}],"replies":[{"embeddable":true,"href":"https:\/\/www.hohenlohe-ungefiltert.de\/index.php?rest_route=%2Fwp%2Fv2%2Fcomments&post=5362"}],"version-history":[{"count":7,"href":"https:\/\/www.hohenlohe-ungefiltert.de\/index.php?rest_route=\/wp\/v2\/posts\/5362\/revisions"}],"predecessor-version":[{"id":5369,"href":"https:\/\/www.hohenlohe-ungefiltert.de\/index.php?rest_route=\/wp\/v2\/posts\/5362\/revisions\/5369"}],"wp:attachment":[{"href":"https:\/\/www.hohenlohe-ungefiltert.de\/index.php?rest_route=%2Fwp%2Fv2%2Fmedia&parent=5362"}],"wp:term":[{"taxonomy":"category","embeddable":true,"href":"https:\/\/www.hohenlohe-ungefiltert.de\/index.php?rest_route=%2Fwp%2Fv2%2Fcategories&post=5362"},{"taxonomy":"post_tag","embeddable":true,"href":"https:\/\/www.hohenlohe-ungefiltert.de\/index.php?rest_route=%2Fwp%2Fv2%2Ftags&post=5362"}],"curies":[{"name":"wp","href":"https:\/\/api.w.org\/{rel}","templated":true}]}}