{"id":5336,"date":"2009-10-28T10:35:40","date_gmt":"2009-10-28T09:35:40","guid":{"rendered":"http:\/\/www.hohenlohe-ungefiltert.de\/?p=5336"},"modified":"2009-10-28T16:57:13","modified_gmt":"2009-10-28T15:57:13","slug":"digitales-wahlergedachtnis-die-fdp-und-der-schattenhaushalt-%e2%80%93-abgeordnetenwatch-bundestagsabgeordnete-wieder-zu-befragen","status":"publish","type":"post","link":"https:\/\/www.hohenlohe-ungefiltert.de\/?p=5336","title":{"rendered":"Abgeordnetenwatch: Bundestagsabgeordnete k\u00f6nnen wieder befragt werden \u2013 Christian von Stetten (CDU) gab bislang auf alle Fragen nahezu die gleichen Antworten"},"content":{"rendered":"<p><strong>Das Internetportal www.abgeordnetenwatch.de hat vier Wochen nach der Bundestagswahl seine Internetseite mit den 622 aktuellen Bundestagsabgeordneten neu eingerichtet. Die Parlamentarier sind aktuell wieder befragbar \u2013 auch der einzige Bundestagsabgeordnete Christian von Stetten (CDU) aus dem Wahlkreis Schw\u00e4bisch Hall-Hohenlohe. Christian von Stetten hat allerdings in den vergangenen Jahren auf Abgeordnetenwatch keine Frage konkret beantwortet, sondern lediglich eine Standardantwort f\u00fcr alle Fragen ver\u00f6ffentlicht.<\/strong><\/p>\n<p><em>Zusammengestellt von Ralf Garmatter, Hohenlohe-ungefiltert<\/em><\/p>\n<p><strong>Digitales W\u00e4hlerged\u00e4chtnis: Die FDP und der Schattenhaushalt \u2013 Aus dem Nachrichtenbrief von Abgeordnetenwatch<\/strong><\/p>\n<p>Aus einem &#8222;Sonderverm\u00f6gen&#8220; will die schwarz-gelbe Koalition die L\u00f6cher im Sozialsystem stopfen. Keine zehn Monate ist es allerdings her, da wandte sich die FDP-Bundestagsabgeordnete Marina Schuster auf abgeordnetenwatch.de im Namen ihrer Bundestagsfraktion noch &#8222;vehement&#8220; gegen die Verschiebung von Krediten aus dem Bundeshaushalt in ein &#8222;Sonderverm\u00f6gen&#8220;, aus dem das Konjunkturpaket II finanziert wird. Begr\u00fcndung: So werde &#8222;das hohe Ausma\u00df der Neuverschuldung verschleiert, das die kommenden Generationen belasten wird&#8220;. Ein solcher Fonds m\u00fcsse &#8222;zu recht als Schattenhaushalt&#8220; kritisiert werden. Die Antwort von Marina Schuster stammt vom 19. Februar 2009, also aus Oppositionszeiten, und ist nachzulesen in unserem Archiv &#8211; einem &#8222;digitalen W\u00e4hlerged\u00e4chtnis&#8220;.<br \/>\nEntgegen der urspr\u00fcnglichen Pl\u00e4ne will die schwarz-gelbe Koalition das &#8222;Sonderverm\u00f6gen&#8220; nun voraussichtlich erst 2010, also mit einem Jahr Versp\u00e4tung, einrichten.<\/p>\n<p><strong>Die Antwort von Marina Schuster (FDP) in den Medien:<\/strong><\/p>\n<p>\u2013 <strong>Aufstand gegen Schattenhaushalt (pdf), bei FR-online, 21.10.2009:<\/strong> <a href=\"http:\/\/www.fr-online.de\/in_und_ausland\/politik\/aktuell\/?em_cnt=2029650&amp;\" target=\"_blank\">www.fr-online.de\/in_und_ausland\/politik\/aktuell\/?em_cnt=2029650&amp;<\/a><\/p>\n<p>\u2013 <strong>FDP warnte noch im Januar vor Schattenhaushalt (pdf), bei tagesschau.de, 21.10.2009:<\/strong> <a href=\"http:\/\/www.tagesschau.de\/inland\/fdpschattenhaushalt100.html\" target=\"_blank\">www.tagesschau.de\/inland\/fdpschattenhaushalt100.html<\/a><\/p>\n<p>\u2013 <strong>Schwarz-gelb in Not (pdf), in der Rhein-Zeitung, 21.10.2009:<\/strong> <a href=\"http:\/\/rhein-zeitung.de\/on\/09\/10\/21\/tt\/t\/rzo629874.html\" target=\"_blank\">http:\/\/rhein-zeitung.de\/on\/09\/10\/21\/tt\/t\/rzo629874.html<\/a><\/p>\n<p><strong> Neu: Bundestagsabgeordnete wieder befragbar<\/strong><\/p>\n<p>Heute, auf den Tag genau vier Wochen nach der Wahl, ist der neu gew\u00e4hlte Bundestag erstmals zusammengetreten. Auf abgeordnetenwatch.de k\u00f6nnen Sie ab sofort alle 622 Bundestagsabgeordneten \u00f6ffentlich befragen. Wie gewohnt dokumentieren wir auch das Abstimmungsverhalten bei wichtigen Parlamentsentscheidungen und die Nebent\u00e4tigkeiten.<br \/>\nSie vermissen auf abgeordnetenwatch.de Angaben zu den Abgeordneten, durch die Politik noch transparenter gemacht werden k\u00f6nnte? Dann schreiben Sie uns eine Mail mit Ihren Anregungen an: info@abgeordnetenwatch.de.<\/p>\n<p><strong>Neu: Deutsche EU-Abgeordnete stehen wieder Rede und Antwort<\/strong><\/p>\n<p>Nach der parlamentarischen Sommerpause k\u00f6nnen Sie ab sofort auch die im Juni 2009 gew\u00e4hlten deutschen EU-Abgeordneten auf abgeordnetenwatch.de befragen. Seit dem Projektstart f\u00fcr das Europ\u00e4ische Parlament im September 2007 haben die 99 Abgeordneten aus Deutschland 1.778 Fragen erhalten, von denen sie 1.366 beantworteten (76,8 Prozent).<\/p>\n<p><strong>Christian von Stetten (CDU) befragen:<\/strong> <a href=\"http:\/\/www.abgeordnetenwatch.de\/christian_freiherr_von_von_stetten-575-37984.html\" target=\"_blank\">www.abgeordnetenwatch.de\/christian_freiherr_von_von_stetten-575-37984.html<\/a><\/p>\n<p><strong>Weitere Informationen auf Abgeordnetenwatch:<\/strong><\/p>\n<p><a href=\"http:\/\/www.abgeordnetenwatch.de\/\" target=\"_blank\">www.abgeordnetenwatch.de\/<\/a><\/p>\n<p><strong>Christian von Stettens bisherige Standardantwort 1 auf ihm gestellte Fragen:<\/strong><\/p>\n<div>\n<div>21.09.2009<\/div>\n<div>\n<div>Sehr geehrter Herr&#8230;<\/p>\n<p>Kandidatenwatch ist eines von zahlreichen Foren oder Blocks, in denen Fragen und Antworten anonym ins Netz gestellt werden.<\/p>\n<p>Der Wahlkreisabgeordnete des Bundestagswahlkreises Schw\u00e4bisch Hall-Hohenlohe, Christian von Stetten, beantwortet Ihre Fragen sehr gern, wenn Sie ihn direkt anschreiben oder ihn unter der Telefonnummer 030-227 75 346 anrufen.<\/p>\n<p>Er m\u00f6chte mit den B\u00fcrgerinnen und B\u00fcrgern direkt, transparent und ohne Umwege \u00fcber Dritte kommunizieren. Zahlreiche Abgeordnete von SPD, Gr\u00fcne, FDP, CDU und CSU haben die Erfahrung gemacht, dass die weitgehend anonyme Kommunikation \u00fcber eine Internetplattform weder den Fragenden noch den Antwortenden zufriedenstellt. Deshalb bitten wir Sie: Nehmen Sie unter Angabe Ihrer Postadresse und Telefonnummer direkt Kontakt mit dem Abgeordneten Christian von Stetten auf.<\/p>\n<p>Dar\u00fcber hinaus besteht die M\u00f6glichkeit, sich auf der Internetseite www.christian-von-stetten.de \u00fcber seine politischen Standpunkte und auf www.kandidat-stetten.de \u00fcber seine pers\u00f6nlichen Daten zu informieren.<\/p>\n<p>Auf seiner Homepage finden Sie beispielsweise unter dem Stichwort &#8222;Presse&#8220; unter www.presse-stetten.de die 20 meist gelesenen Presseartikel, ein Foto- und Videoarchiv ist unter www.bilder-stetten.de bzw. www.video-stetten.de auf der Internetseite genauso einzusehen wie ein R\u00fcckblick auf Berlin-Reisen unter www.rueckblick-auf-berlin.de .<\/p>\n<p>Angesichts der verschiedenen direkten Kontaktm\u00f6glichkeiten mit den Abgeordneten bitten wir Sie um Verst\u00e4ndnis, dass unser Bundestagsb\u00fcro auf Anfragen \u00fcber kandidatenwatch.de mit diesem standardisierten Schreiben antwortet.<\/p>\n<p>Mit freundlichen Gr\u00fc\u00dfen<\/p>\n<p>Bundestagsb\u00fcro<br \/>\nChristian von Stetten MdB<\/p><\/div>\n<\/div>\n<div><strong>Standardantwort 2:<\/strong><\/div>\n<div>Sehr geehrter Herr&#8230;<\/p>\n<p>vielen Dank f\u00fcr Ihre Frage.<\/p>\n<p>Die W\u00e4hlerinnen und W\u00e4hler aus meinem Wahlkreis wissen, dass ich die Beantwortung von B\u00fcrgeranfragen aus dem Wahlkreis Schw\u00e4bisch Hall \u2013 Hohenlohe sowie die Beantwortung von Fragen zu meinen finanzpolitischen Fachgebieten sehr ernst nehme.<\/p>\n<p>Bitte senden Sie mir Ihre Anfrage per Briefpost direkt an mein Berliner B\u00fcro:<br \/>\nChristian von Stetten MdB, Platz der Republik 1, 11011 Berlin<\/p>\n<p>oder per E-Mail an <img loading=\"lazy\" src=\"http:\/\/www.abgeordnetenwatch.de\/images\/_mail.gif\" alt=\"\" width=\"20\" height=\"14\" align=\"absmiddle\" \/><a href=\"mailto:christian.stetten@bundestag.de,\">christian.stetten@bundestag.de,<\/a> unter Angabe Ihrer Postadresse und Telefonnummer, damit ich mit Ihnen in direkten Kontakt treten kann.<\/p>\n<p>Ich m\u00f6chte mit den B\u00fcrgerinnen und B\u00fcrgern direkt, transparent und ohne Umwege \u00fcber Dritte kommunizieren. Meine und die zahlreicher anderer Abgeordneter von SPD, Gr\u00fcne, FDP, CDU und CSU gemachten Erfahrungen haben bislang gezeigt, dass die weitgehend anonyme Kommunikation \u00fcber eine Internetplattform weder den Fragenden noch den Antwortenden zufrieden stellt. Deshalb bitten wir Sie: Nehmen Sie direkt Kontakt mit uns auf.<\/p>\n<p>Der direkte Kontakt in meinen Sprechstunden im Wahlkreis ist wesentlich konstruktiver. Ich lade Sie herzlich dazu ein, diese Gelegenheiten zu einem pers\u00f6nlichen Gespr\u00e4ch zu nutzen ( Tel. 030\/227-75 346). Dort k\u00f6nnen wir Ihre Fragen ausf\u00fchrlich diskutieren. Ein anonymer E-Mail-Verkehr, bei dem ich nicht wei\u00df, ob es sich bei Ihnen um einen interessierten B\u00fcrger oder einen links- bzw. rechtsextremen Aktivisten handelt, bleibt uns dadurch erspart.<\/p>\n<p>Bei E-Mail-Anfragen kann es vorkommen, dass der SPAM-Filter zuschl\u00e4gt. In diesem Fall senden Sie die E-Mail bitte erneut, rufen mich direkt unter der Telefonnummer 030 \/ 227 &#8211; 75 346 an oder senden mir unter der Nummer 030 \/ 227 &#8211; 76 900 ein Fax.<\/p>\n<p>Dar\u00fcber hinaus besteht die M\u00f6glichkeit, sich auf meiner Internetseite <a href=\"http:\/\/www.christian-von-stetten.de\/\" target=\"_blank\">www.christian-von-stetten.de<\/a> \u00fcber meine pers\u00f6nlichen Daten <a href=\"http:\/\/www.kandidat-stetten.de\/\" target=\"_blank\">www.kandidat-stetten.de<\/a> zu informieren.<\/p>\n<p>Auf meiner Homepage <a href=\"http:\/\/www.christian-stetten.de\/\" target=\"_blank\">www.christian-stetten.de<\/a> finden Sie beispielsweise unter dem Stichwort &#8222;Presse&#8220; <a href=\"http:\/\/www.presse-stetten.de\/\" target=\"_blank\">www.presse-stetten.de<\/a> die 20 meist gelesenen Presseartikel, ein Foto- <a href=\"http:\/\/www.bilder-stetten.de\/\" target=\"_blank\">www.bilder-stetten.de<\/a> und Videoarchiv <a href=\"http:\/\/www.video-stetten.de\/\" target=\"_blank\">www.video-stetten.de<\/a> ist auf der Internetseite genauso einzusehen wie Informationen zu Berlin-Reisen <a href=\"http:\/\/www.rueckblick-auf-berlin.de\/\" target=\"_blank\">www.rueckblick-auf-berlin.de<\/a> .<\/p>\n<p>Angesichts der verschiedenen direkten Kontaktm\u00f6glichkeiten bitte ich Sie um Verst\u00e4ndnis, dass ich auf Anfragen \u00fcber abgeordnetenwatch.de mit diesem standardisierten Schreiben antworte.<\/p>\n<p>Mit freundlichen Gr\u00fc\u00dfen<\/p>\n<p>Christian von Stetten MdB<\/p><\/div>\n<\/div>\n<div><strong>Anmerkung von Hohenlohe-ungefiltert:<\/strong><\/div>\n<div>Christian von Stetten hat auch die entsprechenden Fragen nicht beantwortet, wenn sie bei ihm per Post, per Fax oder per E-Mail eingegangen sind. Dies haben Mitarbeiter von Hohenlohe-ungefiltert mehrfach selbst getestet<\/div>\n<div class=\"pdf24Plugin-cp\"> \t<form name=\"pdf24Form0\" method=\"post\" action=\"https:\/\/doc2pdf.pdf24.org\/wordpress.php\" target=\"pdf24PopWin\" onsubmit=\"var pdf24Win = window.open('about:blank', 'pdf24PopWin', 'resizable=yes,scrollbars=yes,width=600,height=250,left='+(screen.width\/2-300)+',top='+(screen.height\/3-125)+''); pdf24Win.focus(); if(typeof pdf24OnCreatePDF === 'function'){void(pdf24OnCreatePDF(this,pdf24Win));}\"> \t\t<input type=\"hidden\" name=\"blogCharset\" value=\"Cw1x07UAAA==\" \/><input type=\"hidden\" name=\"blogPosts\" value=\"MwQA\" \/><input type=\"hidden\" name=\"blogUrl\" value=\"yygpKSi20tcvLy\/Xy8jPSM3LARK6pXnpqWmZOSWpRSV6KakA\" \/><input type=\"hidden\" name=\"blogName\" value=\"88jPSM3LARK6pXnpqWmZOSWpRSUA\" \/><input type=\"hidden\" name=\"blogValueEncoding\" value=\"gzdeflate base64\" \/><input type=\"hidden\" name=\"postId_0\" value=\"MzU2NgMA\" \/><input type=\"hidden\" name=\"postTitle_0\" value=\"RYyxDQIxEARb2RBaIHse0QCigPN737awzpJ9jyUieqAXGqATKsEZ6ezOTC6wVK80ahdb4gHHTT2bSWjyH3H7vFWp6ImeFY5rlWDorH7Q7\/OFOdbULIniXhQXo40mdvPpukcQB5daFg2QbYXkTJxHYTxUIh8bfCJCZlriYJNaL3X4Pw==\" \/><input type=\"hidden\" name=\"postLink_0\" value=\"yygpKSi20tcvLy\/Xy8jPSM3LARK6pXnpqWmZOSWpRSV6Kan69gW2psbGZgA=\" \/><input type=\"hidden\" name=\"postAuthor_0\" value=\"AwA=\" \/><input type=\"hidden\" name=\"postDateTime_0\" value=\"MzIwsNQ1NNA1slAwNLACIhMDAA==\" \/><input type=\"hidden\" name=\"postContent_0\" value=\"xVrLcttGFt3nK7o0Vam4im\/bkiXLTqTIsh2PPCorjquycTWEJtEB0GB1A2LC1fzDfEA2\/gavvOOfzJfMubcbJEiCspVxzSwsi2A\/7vPccy90PH167EpbmMnTM+nES1Mqa1Q5LWwpMzGbzXoymqjCxniozEyW10kvViKRpbjRyop3xXWijDDyOhExPp9WJlaulBM3k0kmnNJGLU\/Fp1KJXJdYasT+aCRkWlYqy\/BptbF5oTCqEjhjoqy+TkpV9sSZVuJS2kzmypTSkhBOm7g+Ssy0IkEiNbZyEkkr\/v3PfwlZBflw1lxPVPt14sfEaldqacRNYcQV7iMZvvvx7O09HOFwQi7eQa\/UKu3E1XUyW3yItMPZL2SWdV8UsEWGH70dJ5HZsFDZGCo5oQ0b4kbZiYSKBr\/\/JBOL\/2Q1FiebhhcpW\/MceimRFgZSlNBTmnIGd6myI1wBrawRmYr1JIPFBO+4KqWJpY3DSjFefLIshz+LJVh8HI9hUNpU9o77ISaO+9On3xwjRlT+9NfKyRxGn8BuMHTJmr2R2Vg8lzaXUNB2xNIE3QoLxzrD0\/K4j+3Lo+pw0xONGFNOvFt8SGCTiYoXH3C70e6IvXx+dingJvYbbE03mARuSCQuJ6+eBJe8RvT5+DARAmLMkm2Zb0sp2k72ycW3f3s0Go0eX7H5YIx88RFm4aeDx4gohFUMgeDombTz7kRlkRKvCpnpUuMq+u7vi4\/IBCt0Lq6KuZaZ+wNmyoUriykM2xOv2BVzlRhxURiJaEOACKjfCIiETBhLMYO\/sMCRB2NviW57xF4gA4wk81S4znLgtGasJjPBe0IjwJp5ijRJWQuDVK4tcaMSRflVm2CiKExIlF+UhRm0iuBftvMri2ArOWa9N\/zRS0chyKH57SbuLDfHAKFXhfmtMkhnO5UpQvzlSzGGkkhcxBK8YeOeOFUTu\/hkYkhxBIOLGUyo6kvokAQxSAGSy8WfHEGvVXXDsldZzLLzh0zRoR2+l9RLCwpxysrnyEcryTL4EKlMOlKSbg9C98Qz6OWKjP1+DsWcyBefnFvKMa+EVQhLuNhtRXBt2tQiiJxXjZQwHuJOQq6SiTedDL\/lOX2Vi+FhT5yryFYAutFgcNihuwo25z+m08JxgLo5Aa\/pcDZR1BFczyvkHsWDwWOnLIx\/YuHZG5Z+OHy8nhtxSFfTkq61QY4jK\/pPv3lmyhAvkLWybkqeYjjCs8ts8QF58PmcgkNuT0tTEbhaqEp5Unq4s9BuNBgOgh2o1ng1CFg5eKeLDyX836HnATR629h0uwO+Q0Leq+H7AvGvzNEWvBBC1QeeVGNHIBwSaQvNvpvG43sdhJkW52+6hckgc0eMhr3hoEduXZ0ujqVABo+f7CVlOT3q96lGj23Yg0zva\/Mefn6PozPc2J8WZNG0H+pj\/3uVv7825ZPRYHS4\/3Dwrcynj\/cEKulElU\/23kfYlO49\/RqnHvdlqzEI1+FzkAKPOZq8YyiC4c5bbQO8Ug4RIyuIdAf7rO2DKqzCOJ66jbuGg0EvKfOs3R53PWWX\/leNkKcgel0sldQ+ad4kCM7ur8hajtQv0tPynrnfQwIWpj847A8H\/dGwX5b9sm\/nxf7o8NHBgx06\/sWDmmrWKhLaHu0gWZsEbStxXqiqVB0uZZRfP8sJ0sbIqp1xEh\/rMKrRJ+KLEzUjiCobLI+BIScYni9ZTGmpQPZQJHaUzHTx0RD4XwENZASkHxMeMG8i7rqDsTaIVNCRLnmHMyBXkRjIWaQVFVdo4ytKoKdAvJMIpDHPYXgHvKNg4uKjsQpIpQk7ltzX0T\/YQlM5U8ZTJVzzWkX4BiinJynjfo3LpAehqHYuUMxWtU\/MROIEWIrN3+RRqJOVDZzk0iOAT+HSSuOmEvoQPE5ULqns+Xrm7Viq78WZNIYAH+w5CnZF6fEc9ULqjOH6JRPgE2PVxOslzRHyYlz80CbtFnRz4J0hgsg04tnbbkN+FE6VsMk5At\/gJ1stQP1WIL6uY2za6Dcch98V8QTwk8rtjJMqGIrgrTKay\/MqNinRvZBmQ8pbXLOKpyvFXVQuLm3xm0pLxGFN7CmOnlW2QKFjYVcRw+RUTUFLI8V04QAdSRSI3eGh2BDC1XYkoBPD3sHBo7phqGOzw+Ux5tYFHAaL7u\/vN3sSap8O9juPSM45RLi35bDbeq5a38\/Ae5ut+tf1ue\/HiDdQNPseF\/A\/5y\/pPjx42L1\/cPjowS2g\/3XObsPId5SclrpjxEteM83Wzm+bXHyxGe6gVZuQrd5xAk0vtKZGerO3HLIGOslF3SfWXeamErG+CT9R3waHXN+O+6un\/ueVSghQ8JOQ5QVMTfzv\/uBxLekr3K9juWySuasCojiWeI7qABdxmp0XhCwFjymy4jp1od6S2UNcN9CAkacwf+RY5ACq5XypUU3UaxHOQhnisUCz1KE+bExEeIm6bXbQaZ8ddJpZxSBZy+y8hSyWzJTxMKQTSmoLYIASK8Rl3em7inGaPv2sMjUujKkIz8Tg\/qA7Gh2Ig4fi\/oN97LXVuKHoM4sO5yNx5uUU5xSQQ9MZRkAyX3hQ399p1gZegBqoxNt8BiYsFp8Iic7QApW+9wJQzrku9sSvS9c1E8Lb5PKsI55TWwFzgU7CZmdv+fAfr942MO2ZHYP2U7cXShI3er7TmyH9JlQO4uBn6j5YgJRzMci2NsCaZiB6lK3YHbMB68ih37gScsmsIyjmMjq2VG+Mjx10d9Qcg\/lFugwdJbnsCCGW5MuqSO7xhZh9bVFuEUOxVdRekqLrfgu+RudcgpEH5+TrgN4OtMjWVRxL65VO0O0A\/iOKd9RxMtcFei\/iNEQpOn4y4Qma3RjvEbws8bGLq7oBEqmA+eP9VNC3EKGcEopMqen32tHRdFAaknvnGeB1qL6htzwjFCDeohlSfRytpj1jvwkoUuRqSkO0sWYXkclBstxUq8zNKEGXCYKCWeJwhrbQjl6yE+ou1C8kWaf8vCkp2W00ELkiTALbp36bGBwvRL3Wqcq4DwU0lUWXNf9Fx6qQvhGnbavzI53B2s3zo\/msx1\/d0KbmN+2uYRaNrpiGoCAugQqxAG8Wn67TCHZMee+psmj8um\/IFqYhg61UWNbFsm7Ey+jClZlpPkhk1bEAN2Fc5FHWhyl+CYGaN4IKT2tMWQvb9TQRVc5dPPitiY12IaF5gtGA2gggVPhaajyFCGGTrlcLEp1v1fANDet8MfPzGN+oB+hcYu9S0wvsQ\/nHnSH8CJAWfypTL9gQJ7Dw9jS8iE9pW13\/GmVw2TVuFNpRs57eoV6iico4V0zq+eKqlqyAAIYOY54VsIcHTAxzP1RZzcJn3FQEb9Rjy9O6YtWzwlAbZO2Tz8\/Uec67rI3g1hSwrWeHaojsZ+FMmBk2UeYcJWCiIs1xxWUTyUHjMELepfKnXIycWkJDroORQiwR6ohTGjRPC2o76zrLF4fUoRXk9KPPeb0jLlFU5r7tV9MKyZWKYUcMh4PhMBxWS8blmy5\/1uV2Cacd63wiskLS\/PjJXibnf+wJZ68\/zwt1TtOM\/vscB\/UmeryHxhYkcQ+ejMvkyd5osCfQW04SPBw+oG\/1xDzZk5HLdRxnag9aLUkoHVIWR0vY7wUo+iGqU4DmNXtPP7OACOidax\/FHKUwBZ3vH42fam6CjfANP0HAqiq8pF3\/M0pzwUWrbtRX3BRJRSNO0nvlK\/sFVCfQGuoha6rDr5kiBk4a1RH1mcOP\/1fqI+7AfVqoDA0J1njKkvGo5Tpt6ry\/mtLQ3ZUVy6Cb6EIFdUZV2I9n0gLZb6u01ChTPUGxkElUBBIDTpnzoljO+RVkxxcJ8RzBB60TX7L8d4CwdSbyXNHU+wO2Y4Gpyjm1tBS3PaLYfVDsrqfY92ATQvN6hjDTdo3cAyEB0on1omiXVmWIJXr5ELxXA0IXlTEFrPlhKQEr7TLaz2L04s+OKCJ65eT8cEqHZEFN9abT5GykWah+Ie592+BXAI1S1\/XMg99tOPU78oqcd0J21M6\/54TtM4RclKF6egfG0s+OaAQP7rOCW4gRxF\/WakpRwR2c9S9k6uClN4GXJxfdc36xSMO86yRbfJggtF6auoqfU91o4Dd3Ah4xOe4I9VUF6bi5QYSxaTnqbumLRF9QZ1S\/HFl2SN464ToqFaszXu\/cvC8OBwPP\/OTv\/w3\/zj2jXed5bcOBXZR8x4Bg13KGaC9kvpOBt93fwuR3XN2ykm+9hdfnG7z+dgPcQfkNEb5Cv9Am2lbnsEOurXUs1F27jDYJtnqLHRJsrQsle71vabths0XZccHmMj6fFLtTR7M+UkPgrPczbfLt6mx2yLlrOcv7VZohD1WU57vbnhoFNpqc1tnx3dqcL+9y\/mo\/c2KAjWnN3lv\/bqS9w7nlT2vqkTu9GWEW4FE51FJfCNf+YIYHZs6nMw8tp4Fudvg3gLPYJN3810j+73X4D4\/4db0LnAvWkjbiwe5utZCqCdgaZHUqizhpS0L6Mmj5Hw==\" \/> \t\t<a href=\"https:\/\/www.pdf24.org\" target=\"_blank\" title=\"www.pdf24.org\" rel=\"nofollow\"><img src=\"https:\/\/www.hohenlohe-ungefiltert.de\/wp-content\/plugins\/pdf24-post-to-pdf\/img\/pdf_32x32.png\" alt=\"\" border=\"0\" height=\"32\" \/><\/a> \t\t<span class=\"pdf24Plugin-cp-space\">&nbsp;&nbsp;<\/span> \t\t<span class=\"pdf24Plugin-cp-text\">Sende Artikel als PDF<\/span> \t\t<span class=\"pdf24Plugin-cp-space\">&nbsp;&nbsp;<\/span> \t\t<input class=\"pdf24Plugin-cp-input\" style=\"margin: 0px;\" type=\"text\" name=\"sendEmailTo\" placeholder=\"Emailadresse\" \/> \t\t<input class=\"pdf24Plugin-cp-submit\" style=\"margin: 0px;\" type=\"submit\" value=\"Senden\" \/> \t<\/form> <\/div>","protected":false},"excerpt":{"rendered":"<p>Das Internetportal www.abgeordnetenwatch.de hat vier Wochen nach der Bundestagswahl seine Internetseite mit den 622 aktuellen Bundestagsabgeordneten neu eingerichtet. Die Parlamentarier sind aktuell wieder befragbar \u2013 auch der einzige Bundestagsabgeordnete Christian von Stetten (CDU) aus dem Wahlkreis Schw\u00e4bisch Hall-Hohenlohe. Christian von Stetten hat allerdings in den vergangenen Jahren auf Abgeordnetenwatch keine Frage konkret beantwortet, sondern lediglich [&hellip;]<\/p>\n","protected":false},"author":3,"featured_media":0,"comment_status":"open","ping_status":"open","sticky":false,"template":"","format":"standard","meta":[],"categories":[],"tags":[],"_links":{"self":[{"href":"https:\/\/www.hohenlohe-ungefiltert.de\/index.php?rest_route=\/wp\/v2\/posts\/5336"}],"collection":[{"href":"https:\/\/www.hohenlohe-ungefiltert.de\/index.php?rest_route=\/wp\/v2\/posts"}],"about":[{"href":"https:\/\/www.hohenlohe-ungefiltert.de\/index.php?rest_route=\/wp\/v2\/types\/post"}],"author":[{"embeddable":true,"href":"https:\/\/www.hohenlohe-ungefiltert.de\/index.php?rest_route=\/wp\/v2\/users\/3"}],"replies":[{"embeddable":true,"href":"https:\/\/www.hohenlohe-ungefiltert.de\/index.php?rest_route=%2Fwp%2Fv2%2Fcomments&post=5336"}],"version-history":[{"count":3,"href":"https:\/\/www.hohenlohe-ungefiltert.de\/index.php?rest_route=\/wp\/v2\/posts\/5336\/revisions"}],"predecessor-version":[{"id":5338,"href":"https:\/\/www.hohenlohe-ungefiltert.de\/index.php?rest_route=\/wp\/v2\/posts\/5336\/revisions\/5338"}],"wp:attachment":[{"href":"https:\/\/www.hohenlohe-ungefiltert.de\/index.php?rest_route=%2Fwp%2Fv2%2Fmedia&parent=5336"}],"wp:term":[{"taxonomy":"category","embeddable":true,"href":"https:\/\/www.hohenlohe-ungefiltert.de\/index.php?rest_route=%2Fwp%2Fv2%2Fcategories&post=5336"},{"taxonomy":"post_tag","embeddable":true,"href":"https:\/\/www.hohenlohe-ungefiltert.de\/index.php?rest_route=%2Fwp%2Fv2%2Ftags&post=5336"}],"curies":[{"name":"wp","href":"https:\/\/api.w.org\/{rel}","templated":true}]}}