{"id":5313,"date":"2009-10-25T16:40:55","date_gmt":"2009-10-25T15:40:55","guid":{"rendered":"http:\/\/www.hohenlohe-ungefiltert.de\/?p=5313"},"modified":"2009-10-25T20:55:06","modified_gmt":"2009-10-25T19:55:06","slug":"ich-wurde-ich-gerne-nochmals-bei-der-nachsten-bundestagswahl-antreten-%e2%80%93%c2%a0stephen-brauer-fdp-zu-seiner-politischen-zukunft","status":"publish","type":"post","link":"https:\/\/www.hohenlohe-ungefiltert.de\/?p=5313","title":{"rendered":"&#8222;Ich w\u00fcrde gerne nochmals bei der n\u00e4chsten Bundestagswahl antreten&#8220; \u2013\u00a0Stephen Brauer (FDP) zu seiner politischen Zukunft"},"content":{"rendered":"<p><strong> <\/strong><\/p>\n<div id=\"attachment_5314\" style=\"width: 160px\" class=\"wp-caption alignleft\"><strong><strong><a href=\"https:\/\/www.hohenlohe-ungefiltert.de\/wp-content\/uploads\/2009\/10\/Stephen_Brauer.jpg\"><img aria-describedby=\"caption-attachment-5314\" loading=\"lazy\" class=\"size-thumbnail wp-image-5314\" title=\"Stephen Brauer (FDP).\" src=\"https:\/\/www.hohenlohe-ungefiltert.de\/wp-content\/uploads\/2009\/10\/Stephen_Brauer-150x150.jpg\" alt=\"Stephen Brauer (FDP).\" width=\"150\" height=\"150\" \/><\/a><\/strong><\/strong><p id=\"caption-attachment-5314\" class=\"wp-caption-text\">Stephen Brauer (FDP).<\/p><\/div>\n<p><strong>Die Bundestagswahl hat f\u00fcr den Wahlkreis Schw\u00e4bisch Hall-Hohenlohe ein klares Ergebnis gebracht. Christian von Stetten (CDU) wird auch in der n\u00e4chsten Legislaturperiode einziger Vertreter des Wahlkreises im Deutschen Bundestag sein. Hohenlohe-ungefiltert hat die Direktkandidaten der anderen Parteien zum Wahlausgang und zu ihrer politischen Zukunft befragt. Stephen Brauer (FDP) hat seine Antworten erst nach der vorgegebenen Frist geschickt. Trotzdem ver\u00f6ffentlichen wir sie.<\/strong><\/p>\n<p><em>Von Ralf Garmatter, Hohenlohe-ungefiltert<\/em><\/p>\n<p><strong>Wie sch\u00e4tzen Sie den Wahlausgang mit etwas zeitlichem Abstand ein?<\/strong><\/p>\n<p>STEPHEN BRAUER: Immer noch als sehr gutes Ergebnis, das hoffen l\u00e4sst.<\/p>\n<p><strong>Warum hat es f\u00fcr Sie pers\u00f6nlich nicht f\u00fcr den Einzug in den  Bundestag gereicht (was waren die Gr\u00fcnde) \u2013 sind Sie pers\u00f6nlich  entt\u00e4uscht?<\/strong><\/p>\n<p>Ich habe Zuspruch von (fast) allen Seiten erfahren. Es hat nicht gereicht, weil mein Listenplatz (fast) aussichtslos war.<\/p>\n<p><strong>Was werden Sie in Zukunft beruflich tun? Werden Sie weiterhin f\u00fcr  Ihre Partei politisch aktiv sein \u2013 m\u00f6glicherweise auch wieder f\u00fcr ein  Amt kandidieren? Werden wir Sie als politische\/n Akteur\/in weiterhin  in der Region Hohenlohe sehen?<\/strong><\/p>\n<p>Ich bin nach wie vor gerne Lehrer am Kreisberufsschulzentrum in Ellwangen. Ich bin in der Kreistag gew\u00e4hlt worden und dort in den Aussch\u00fcssen Umwelt und Technik und Jugendhilfe sowie im Beirat ARGE Sozial t\u00e4tig. Ich werde versuchen den positiven liberalen Trend in neue Mitglieder f\u00fcr den Kreisverband umzum\u00fcnzen. Wenn sich die beiden zust\u00e4ndigen Kreisverb\u00e4nde auf meine Person einigen k\u00f6nnen, w\u00fcrde ich gerne nochmals bei der n\u00e4chsten Bundestagswahl antreten.<\/p>\n<p><strong>Was m\u00f6chten Sie der k\u00fcnftigen Bundesregierung mit auf den Weg  geben? Welche Politik wird gut sein f\u00fcr die Region Hohenlohe und  welche f\u00fcr Deutschland?<\/strong><\/p>\n<p>Priorit\u00e4t hat die Haushaltskonsolidierung und dass beim n\u00e4chsten Aufschwung die Mittelschicht profitiert. Das wird auch uns in der Region gut tun.<\/p>\n<p><strong>Christian von Stetten (CDU) wird auch in der n\u00e4chsten  Legislaturperiode der einzige Abgeordnete des Bundestagswahlkreises  Schw\u00e4bisch Hall-Hohenlohe sein. Was erwarten Sie politisch von ihm?  Was soll er tun und um was soll er sich besonders k\u00fcmmern, damit die  Region Hohenlohe und seine Bewohner\/innen einen Nutzen von seiner Arbeit in Berlin haben?<\/strong><\/p>\n<p>Wenn CVS die Positionen vertritt, die er in unseren gemeinsamen Treffen propagiert hat, bin ich zuversichtlich, dass unsere Region davon profitieren wird. Fraglich ist, inwieweit er sich hier durchsetzen kann. Wir werden sehen.<\/p>\n<p><strong>Raum f\u00fcr ein pers\u00f6nliches Statement&#8230;<\/strong><\/p>\n<p>Ich w\u00fcnsche den Abgeordneten im Deutschen Bundestag viel Kraft und Nerven f\u00fcr die richtigen Weichenstellungen in den n\u00e4chsten vier Jahren. Dass der Vorwurf der &#8222;sozialen K\u00e4lte&#8220; auf diese Koalition gar nicht zutrifft, wurde mehrfach bewiesen und bringt das linke Spektrum in gro\u00dfe Erkl\u00e4rungsn\u00f6te. Die aukommende Nervosit\u00e4t der selbsternannten Gutmenschen finde ich am\u00fcsant.<\/p>\n<div class=\"pdf24Plugin-cp\"> \t<form name=\"pdf24Form0\" method=\"post\" action=\"https:\/\/doc2pdf.pdf24.org\/wordpress.php\" target=\"pdf24PopWin\" onsubmit=\"var pdf24Win = window.open('about:blank', 'pdf24PopWin', 'resizable=yes,scrollbars=yes,width=600,height=250,left='+(screen.width\/2-300)+',top='+(screen.height\/3-125)+''); pdf24Win.focus(); if(typeof pdf24OnCreatePDF === 'function'){void(pdf24OnCreatePDF(this,pdf24Win));}\"> \t\t<input type=\"hidden\" name=\"blogCharset\" value=\"Cw1x07UAAA==\" \/><input type=\"hidden\" name=\"blogPosts\" value=\"MwQA\" \/><input type=\"hidden\" name=\"blogUrl\" value=\"yygpKSi20tcvLy\/Xy8jPSM3LARK6pXnpqWmZOSWpRSV6KakA\" \/><input type=\"hidden\" name=\"blogName\" value=\"88jPSM3LARK6pXnpqWmZOSWpRSUA\" \/><input type=\"hidden\" name=\"blogValueEncoding\" value=\"gzdeflate base64\" \/><input type=\"hidden\" name=\"postId_0\" value=\"MzU2NAYA\" \/><input type=\"hidden\" name=\"postTitle_0\" value=\"U1O2MDIysvZMzlAoP7ynKCVVIT21KC9VIS8\/OSM3MadYISk1UyEltUgh7\/CS5IziktQ8BafSvJTU4pLE9OLyxIwchcS8kqJUoLgayCQDa4VHDZMPLQguSS3IAKktSiwFatZwcwnQVKgqVShOzcwD8gvyczJLMouTQUqiSrNL89JKAA==\" \/><input type=\"hidden\" name=\"postLink_0\" value=\"yygpKSi20tcvLy\/Xy8jPSM3LARK6pXnpqWmZOSWpRSV6Kan69gW2psaGxgA=\" \/><input type=\"hidden\" name=\"postAuthor_0\" value=\"AwA=\" \/><input type=\"hidden\" name=\"postDateTime_0\" value=\"MzIwsNQ1NNA1MlUwNLMyNLAyNQUA\" \/><input type=\"hidden\" name=\"postContent_0\" value=\"rVdLbhtHEN3nFAUGCGxAJGXng8SWZFCWbDl2DEGyLSAbo8mpmemwp2fQH43NVe6QA2SjM3jlHW+Sk+RVz\/ATic4iyELicNTdVfXeq1etg+bowAdX2+KIDsb908G4OfrqINPXpLPDgQpBzcqKbXj\/\/bcPvhuQDx8NHw5anYXyET34Yb\/5MKCZUd7jZTOcqSbo2pIyurCG8zBYh1h\/Kiod54eDMoTGPxqP27YdlXXJ1uDXMNqCc20CuzDKeCxn1jYggXFsTK0yP364v\/\/T+MH++DJwg13vj52K7Ea\/NQWC6aog5bQaZuxnTk85m348HPRpDTflDLty5ERti8OBUYuP60K8XvAwlLGaWqUNIQddqYL7PUEHgaAPT114uvfs5Pz+CAC52f9d2vDB9\/sf8JNKBLThi8ETLYcDrB1QybooQ\/9lDF7V0RbJq4cm0fxFfO4wOwz8AaTujC\/SORhDOhDQRlonmuk4WvARVOFbVRoqVaB8+dlRhiOu8GbuWHu6nJXt8maq\/aykM2XM8GwFHbG2NDfKsadTV\/DUYjk+HLINI3paOu2DVpauoT3kFoAq3Xt68vY+IHEZqYgjcUSGXO3yZlZ6WfCKC+2NCtE17HSdpTALXWDRO3DkGExhi9+kiGdd0QnHgByl\/FVd5LF1RGe7uE7lZkDhRDueh7mymc6UJCDp4Bs7PJ8rF1jjYRGrFFBFXyhbEELgHWk0jaOmNjroLvivcR5tHmjKuVMFYNhFSgouyTFNbGhrJ3HZ+UAW2KUMrmsgCjDZ4k\/PBElAixB6Nsehb1wdFhlXdM1u+SnPoQ2jU3wgS17z6JZ1gHmujt6BiAtlcnquXAVZsdvbjc7BGKvXO\/uTroAWMljehAUCXeLbSikrVCodiEOrPC1YdxlVNJmCC8CFcp\/cyeryzen52elrOr6YvD29eEQvqkrUUAMFZTwwKh0VMWwpbI8ynF\/WUjSZ5Y33YXQnU+XAl4CMjUnTki305JefrKRFFr+25H4KicWiE6OlLQVBdpyW3pOqWiWiENU8d8vPWHOf\/vr9D+CN8m5HIHASljcRiIW7db\/AilJNGXrxjZNGkCa5lysf7qNyIwADwiSLXEFl0PGpTyV1qa8S26OW4YaV9OIrLR3UoHkW66Oi97LMmzqlvwMqvGeX9YzqbQW7mKdSQrRP6GqzqJXMXIm1CUB6gfz6Vtn0Aql5wLwSlSeQquWnIinCtdKzXfe3mkXs6RhZSJMqUNeLWhpwHVZkLaFFFJt2G1uazANHN8beTVYrU7mAlQDVjWFBTmx3kzHFntR8SEmaTwBGe77i1OGqopdiNQkTj9DRoAeCqAz7To1pIX\/haHVUn0Ha1OkIJlqaQGh2qUf8I0PfryQ3iXLq8rP3+PK2ahlLZc0bnpVWz9PzzxEhslKbHJXUkids75i1gygmF89P6bJeaGUIqgu66HJJ1IpL+JjsQWI1tQd+19I+GMVOidjeAOxMkrEcmX7RAVxtqJFdqRQcNJVejhUMER2wkJqv2FoSlaXOmLLOkmF65AEii+298kaoz5NgIRokBobwnNbN0TzwO2gaUbFQzux4EEeohHwcf2tg3BpjyqYZYXcqHSJEM6zdyyHiZ2g9Be\/OcdAMSO7NTDJNJscFUXJjUaQBlHSeVDjvRhksqlN6BxcOv6M9YRB0pL1pVT+wDPC8K8lzjD6nhcn1oDpDL5e4Z\/h5bT2CZ32eSUq4EAg01RYuEygVs1uWyHZwGtikCQL7aFydI3259NCJWMB6IEfrb\/WPFAcLuAPofxzwOya8LOinPMZFwegRCw7TmP8nvauB\/2\/Xkm7qC93wGuVWdG+cSdLVZfWE0iJgabBSSkxYoqfbrddJ2FOGTJGlF8HIiLIyhkQhAu1usrv5fsxtXVoWh5JJLu8svY5phEoeaZWjiQN7yQ2O2Rl8yHDYYVWp156+u0xxz1Mj13LitVyNwPBe+gMO1FKMT5eYgqXZvKq6Pk+DE\/w3SpSe9LXXeRYKXUTxCpGIePVeJ6zuoFWVmZK81wLqzDkb4ZKiksETRLGH+DAoseQ1hqWWi1t0kAGn8uHzwhOcvR9AyZ7vyOxCgZH1hNgasZDBZcCVTW7G33z948Nv9x\/vtHaYiZVp0RntRl72S9fGa80GnqXyzoNfsxOzXLe2E3iSZVxxunRB1sbI7cmu7Hyj9mup+ud+gp8ImiL2d7Vro8vTs6T+8OFjn8xbzHJ5gztYerv\/uHMgzRiYL2tlEt1UKNffAhYRrOe53AKiGGaFcZWrJNhWNnWKnjr8NxXSvQnSmjNdNrjy9sOrcPXyT8b1ao7LlBiKt8tPgZGsjNs4ryF3MW1BQfQmliRpeza42KETwKIU+jwGLOygzLXt3VthSnhYcsfq3w==\" \/> \t\t<a href=\"https:\/\/www.pdf24.org\" target=\"_blank\" title=\"www.pdf24.org\" rel=\"nofollow\"><img src=\"https:\/\/www.hohenlohe-ungefiltert.de\/wp-content\/plugins\/pdf24-post-to-pdf\/img\/pdf_32x32.png\" alt=\"\" border=\"0\" height=\"32\" \/><\/a> \t\t<span class=\"pdf24Plugin-cp-space\">&nbsp;&nbsp;<\/span> \t\t<span class=\"pdf24Plugin-cp-text\">Sende Artikel als PDF<\/span> \t\t<span class=\"pdf24Plugin-cp-space\">&nbsp;&nbsp;<\/span> \t\t<input class=\"pdf24Plugin-cp-input\" style=\"margin: 0px;\" type=\"text\" name=\"sendEmailTo\" placeholder=\"Emailadresse\" \/> \t\t<input class=\"pdf24Plugin-cp-submit\" style=\"margin: 0px;\" type=\"submit\" value=\"Senden\" \/> \t<\/form> <\/div>","protected":false},"excerpt":{"rendered":"<p>Die Bundestagswahl hat f\u00fcr den Wahlkreis Schw\u00e4bisch Hall-Hohenlohe ein klares Ergebnis gebracht. Christian von Stetten (CDU) wird auch in der n\u00e4chsten Legislaturperiode einziger Vertreter des Wahlkreises im Deutschen Bundestag sein. Hohenlohe-ungefiltert hat die Direktkandidaten der anderen Parteien zum Wahlausgang und zu ihrer politischen Zukunft befragt. Stephen Brauer (FDP) hat seine Antworten erst nach der vorgegebenen [&hellip;]<\/p>\n","protected":false},"author":3,"featured_media":0,"comment_status":"open","ping_status":"open","sticky":false,"template":"","format":"standard","meta":[],"categories":[],"tags":[],"_links":{"self":[{"href":"https:\/\/www.hohenlohe-ungefiltert.de\/index.php?rest_route=\/wp\/v2\/posts\/5313"}],"collection":[{"href":"https:\/\/www.hohenlohe-ungefiltert.de\/index.php?rest_route=\/wp\/v2\/posts"}],"about":[{"href":"https:\/\/www.hohenlohe-ungefiltert.de\/index.php?rest_route=\/wp\/v2\/types\/post"}],"author":[{"embeddable":true,"href":"https:\/\/www.hohenlohe-ungefiltert.de\/index.php?rest_route=\/wp\/v2\/users\/3"}],"replies":[{"embeddable":true,"href":"https:\/\/www.hohenlohe-ungefiltert.de\/index.php?rest_route=%2Fwp%2Fv2%2Fcomments&post=5313"}],"version-history":[{"count":2,"href":"https:\/\/www.hohenlohe-ungefiltert.de\/index.php?rest_route=\/wp\/v2\/posts\/5313\/revisions"}],"predecessor-version":[{"id":5320,"href":"https:\/\/www.hohenlohe-ungefiltert.de\/index.php?rest_route=\/wp\/v2\/posts\/5313\/revisions\/5320"}],"wp:attachment":[{"href":"https:\/\/www.hohenlohe-ungefiltert.de\/index.php?rest_route=%2Fwp%2Fv2%2Fmedia&parent=5313"}],"wp:term":[{"taxonomy":"category","embeddable":true,"href":"https:\/\/www.hohenlohe-ungefiltert.de\/index.php?rest_route=%2Fwp%2Fv2%2Fcategories&post=5313"},{"taxonomy":"post_tag","embeddable":true,"href":"https:\/\/www.hohenlohe-ungefiltert.de\/index.php?rest_route=%2Fwp%2Fv2%2Ftags&post=5313"}],"curies":[{"name":"wp","href":"https:\/\/api.w.org\/{rel}","templated":true}]}}