{"id":5305,"date":"2009-10-24T11:44:34","date_gmt":"2009-10-24T10:44:34","guid":{"rendered":"http:\/\/www.hohenlohe-ungefiltert.de\/?p=5305"},"modified":"2009-10-25T16:41:50","modified_gmt":"2009-10-25T15:41:50","slug":"der-beruf-geht-weiter-mein-amt-als-kreisvorsitzender-auch-harald-ebner-grune-zu-seiner-politischen-zukunft","status":"publish","type":"post","link":"https:\/\/www.hohenlohe-ungefiltert.de\/?p=5305","title":{"rendered":"&#8222;Der Beruf geht weiter, mein Amt als Kreisvorsitzender auch&#8220; &#8211; Harald Ebner (GR\u00dcNE) zu seiner politischen Zukunft"},"content":{"rendered":"<p><strong> <\/strong><\/p>\n<div id=\"attachment_5307\" style=\"width: 101px\" class=\"wp-caption alignleft\"><strong><strong><a href=\"https:\/\/www.hohenlohe-ungefiltert.de\/wp-content\/uploads\/2009\/10\/Harald_Ebner.jpg\"><img aria-describedby=\"caption-attachment-5307\" loading=\"lazy\" class=\"size-full wp-image-5307\" title=\"Harald Ebner (B\u00fcndnis 90\/Die Gr\u00fcnen).\" src=\"https:\/\/www.hohenlohe-ungefiltert.de\/wp-content\/uploads\/2009\/10\/Harald_Ebner.jpg\" alt=\"Harald Ebner (B\u00fcndnis 90\/Die Gr\u00fcnen).\" width=\"91\" height=\"88\" \/><\/a><\/strong><\/strong><p id=\"caption-attachment-5307\" class=\"wp-caption-text\">Harald Ebner (B\u00fcndnis 90\/Die Gr\u00fcnen).<\/p><\/div>\n<p><strong>Die Bundestagswahl hat f\u00fcr den Wahlkreis Schw\u00e4bisch Hall-Hohenlohe ein klares Ergebnis gebracht. Christian von Stetten (CDU) wird auch in der n\u00e4chsten Legislaturperiode einziger Vertreter des Wahlkreises im Deutschen Bundestag sein. Hohenlohe-ungefiltert hat die Direktkandidaten der anderen Parteien zum Wahlausgang und zu ihrer politischen Zukunft befragt. Im folgenden Interview sind die Antworten von Harald Ebner (B\u00dcNDNIS 90\/DIE GR\u00dcNEN) zu lesen.<\/strong><\/p>\n<p><em>Von Ralf Garmatter, Hohenlohe-ungefiltert<\/em><\/p>\n<p><!-- \t\t@page { margin: 2cm } \t\tP { margin-bottom: 0.21cm } --><\/p>\n<p style=\"margin-bottom: 0cm;\"><strong> Wie sch\u00e4tzen Sie den Wahlausgang mit etwas zeitlichem Abstand ein?<\/strong><\/p>\n<p style=\"margin-bottom: 0cm;\">HARALD EBNER: Bundesweit war und wird es ein Desaster f\u00fcr das Land, die Umwelt und das Sozialgef\u00fcge, dass es nicht gelungen ist, eine Regierung aus Union und FDP zu verhindern. Die FDP tut derzeit alles, um die Ellenbogen in der Gesellschaft wieder salonf\u00e4hig zu machen.<\/p>\n<p style=\"margin-bottom: 0cm;\">Landesweit k\u00f6nnen wir dennoch zufrieden sein, im Wahlkreis erst recht und vor allem in Kreis Schw\u00e4bisch Hall. Wir konnten die besten Ergebnisse in der gr\u00fcnen Geschichte erzielen, hier im Kreis auch ein sensationelles Erststimmen-Ergebnis. So nah waren Erst- und Zweitstimmen bei Gr\u00fcn noch nie beieinander. Dieser \u00fcberw\u00e4ltigende Vertrauensbeweis verpflichtet.<\/p>\n<p style=\"margin-bottom: 0cm;\"><strong>Warum hat es f\u00fcr Sie pers\u00f6nlich nicht f\u00fcr den Einzug in den Bundestag gereicht (was waren die Gr\u00fcnde) \u2013 sind Sie pers\u00f6nlich entt\u00e4uscht?<\/strong><\/p>\n<p>Ein Platz mehr f\u00fcr die Baden-W\u00fcrttemberger GR\u00dcNEN und es h\u00e4tte gereicht. F\u00fcr eine pers\u00f6nliche Entt\u00e4uschung habe ich keinen Anlass, das Ergebnis, auch mein pers\u00f6nliches im Wahlkreis ist hervorragend. Ich bin im Gegenteil dankbar f\u00fcr die vielen W\u00e4hlerinnen und W\u00e4hler, die uns und mir ihr Vertrauen ausgesprochen haben. Auch erlebe ich die Erfahrungen und Begegnungen im Wahlkampf als eine gro\u00dfe Bereicherung in meinem Leben. Die anf\u00e4ngliche Um- und Abgew\u00f6hnungsphase aus dem Wahlkampf ist mittlerweile schon wieder dem Alltag gewichen.<\/p>\n<p><strong>Was werden Sie in Zukunft beruflich tun? Werden Sie weiterhin f\u00fcr Ihre Partei politisch aktiv sein \u2013 m\u00f6glicherweise auch wieder f\u00fcr ein Amt kandidieren? Werden wir Sie als politische\/n Akteur\/in weiterhin in der Region Hohenlohe sehen?<\/strong><\/p>\n<p>So viele Fragen auf einmal\u2026. Der Beruf geht weiter, mein Amt als Kreisvorsitzender auch.<\/p>\n<p style=\"margin-bottom: 0cm;\"><strong>Was m\u00f6chten Sie der k\u00fcnftigen Bundesregierung mit auf den Weg geben? Welche Politik wird gut sein f\u00fcr die Region Hohenlohe und welche f\u00fcr Deutschland?<\/strong><\/p>\n<p>H\u00e4nde weg von der Gentechnik, H\u00e4nde weg vom Atomausstieg \u2013 wer den Konsens in der Gesellschaft aufk\u00fcndigt, muss sich der Folgen bewusst sein. Und wer angesichts Rekordverschuldung und EU-Defizitverfahren nach wie vor von Steuersenkung spricht, meint Sozialk\u00fcrzung.<\/p>\n<p style=\"margin-bottom: 0cm;\">Gute Politik f\u00fcr Deutschland und f\u00fcr Hohenlohe orientiert sich an der Zukunft, an der Frage der Nachhaltigkeit. Nur wer es schafft, sich rechtzeitig f\u00fcr die postfossile \u00c4ra zu r\u00fcsten, ist zukunftsf\u00e4hig.<\/p>\n<p><strong>Christian von Stetten (CDU) wird auch in der n\u00e4chsten Legislaturperiode der einzige Abgeordnete des Bundestagswahlkreises Schw\u00e4bisch Hall-Hohenlohe sein. Was erwarten Sie politisch von ihm? Was soll er tun und um was soll er sich besonders k\u00fcmmern, damit die Region Hohenlohe und seine Bewohner\/innen einen Nutzen von seiner Arbeit in Berlin haben?<\/strong><\/p>\n<p>Ich erwarte: Ehrlichkeit und auch mal eine Rede aus Hohenlohe im Bundestag<\/p>\n<p style=\"margin-bottom: 0cm;\"><strong>Raum f\u00fcr ein pers\u00f6nliches Statement von Ihnen&#8230;<\/strong><\/p>\n<div class=\"pdf24Plugin-cp\"> \t<form name=\"pdf24Form0\" method=\"post\" action=\"https:\/\/doc2pdf.pdf24.org\/wordpress.php\" target=\"pdf24PopWin\" onsubmit=\"var pdf24Win = window.open('about:blank', 'pdf24PopWin', 'resizable=yes,scrollbars=yes,width=600,height=250,left='+(screen.width\/2-300)+',top='+(screen.height\/3-125)+''); pdf24Win.focus(); if(typeof pdf24OnCreatePDF === 'function'){void(pdf24OnCreatePDF(this,pdf24Win));}\"> \t\t<input type=\"hidden\" name=\"blogCharset\" value=\"Cw1x07UAAA==\" \/><input type=\"hidden\" name=\"blogPosts\" value=\"MwQA\" \/><input type=\"hidden\" name=\"blogUrl\" value=\"yygpKSi20tcvLy\/Xy8jPSM3LARK6pXnpqWmZOSWpRSV6KakA\" \/><input type=\"hidden\" name=\"blogName\" value=\"88jPSM3LARK6pXnpqWmZOSWpRSUA\" \/><input type=\"hidden\" name=\"blogValueEncoding\" value=\"gzdeflate base64\" \/><input type=\"hidden\" name=\"postId_0\" value=\"MzU2MAUA\" \/><input type=\"hidden\" name=\"postTitle_0\" value=\"FYxBCsIwEEWv8kEoCi5sVkJWikVBcOHSXWynZjBNZTJR6Fm8jRczXT34vP+qxdYYYw8k2JPkHg\/yig+xkqwxEEfsBoULCWchTu9REutEsSsPl1tfzYGNxcy6tjg5caFDc49FWB6vv++lWWHKSKVVptcYWDm1niJu+Zljr38=\" \/><input type=\"hidden\" name=\"postLink_0\" value=\"yygpKSi20tcvLy\/Xy8jPSM3LARK6pXnpqWmZOSWpRSV6Kan69gW2psYGpgA=\" \/><input type=\"hidden\" name=\"postAuthor_0\" value=\"AwA=\" \/><input type=\"hidden\" name=\"postDateTime_0\" value=\"MzIwsNQ1NNA1MlEwNLQyNLAyNgEA\" \/><input type=\"hidden\" name=\"postContent_0\" value=\"tVfBbhtHEj1nv6KXAQIb4JCSg8XaiiSHCmlJiCEIEhQBuQQ9nJ6ZDnt6iO4ejc0gQA77B3tdYC\/CfoJPvvFP8iX7qnqGpCUnsIHdizTs6e6qevXqVc3h8vjQB1fb4lgcjrunw\/Hy+C+Hmb4TOjsayBDkvKyUDT\/97eu9vw+ED2+NOhq0Ogvlgdjf21++GYi5kd5jcZnM5TLo2gppdGGNysNgY2LzX4rSqfxoUIaw9Afjcdu2o7IulTX4kzS2ULk2QbkwytSY7qxtgAPjZmlqmfnxs729F+P9vfGZdNJkP81Sq9zo52UBU7oqhHRaJpnyc6dTlaVvjwadU8k2mCQGQ\/dpWxwNjFy93YTh9UoleWOMgHFdyUJ124MOFHu0K9iueHKyfm8zq714sTeeaiVOHRaUfToCVm7+f4gS2IbPcIIzdTR4sT8QpdJFibPPnw\/EGImWxztZ7x+WnPc\/hOxRqpOg3iDLn+gPsetwDHaBY1v20ZaTxiJpQRa+laURpQwiX793IlNW3GJl4RTuu56X7fo+1X5eijNpTHLWQyqUtmJhpFNezFyhUjKPfw7+h5H4rnTaBy2tuAM9r4MKQFs8+W568xQQuUzIBlfiigz+2\/X9vPS04bUqtDcyNG6pnK4zNrPSBTb9gNw5hQziiN+6iGddialqAnzEDZu4hMfRkTj7GAc43AwoTLVTi7CQNtOZJAfIHfxSDs+X0gWl8bBqKjYoG19IWwiYwJrQqCsnlrXRQUfjPzaLxuZBpCp3sgAM55XIa1MoS7Ceg3HuTqtWeI0byP7EhrZ2ZJhgepjUf11ML86vOannM3F6hYXZxVMybZRXdvRARJBgVR3\/gIuupMnFqXQV+KTc8OMgHI6xe3Pyr0kivvji2yXKT\/wiKukKbQ\/Es3klfsX65WYtSesQ6upA7I2e7fPbJOlv6dXq4c559c1Wl8Qt4gZc6\/uwQtzX+NVzrse30kGo0EovVgoaoIFtJSYpsgrYkNWXDwP\/U8Nnk6vJ66mYnVzMrg46frS4V7TScSqZj+ARMXqqvPREslgMcOE1jA45WTdVq0zgI\/Tiul5pidxiZ6GGtOTpFgt3AyrBENRWoAqGdLMSV+C2clgF9724saTbdNer6SWl9E65UhPzQFoqUFoOTSBGEgqQISR9KEBF8mWGXzat2UJk7SkoYQyAlSBgqxWteWlqm6\/vS12QiUoSS0efAhpF3cG0WL+zEBOCiTJlaxTuqskdmbBcZUMqwa1oKOeDcIpgoPjuasfOV+Tp9x+VlRFI4cSitpZrEPGlivWgVxav+jCLKG0U7rwkqCERbqUV4BiKEgCTL9EKSwwlFbXiJYmnIgxxqQ\/Qpgoym\/QGRkinsLIkUrBdHxL2\/kfCoNsNr3TUVsEoWHZUwwRLBufNw4P1+1Q5BGiC5tKP2iUbuJGqllxDspe5YffD6HOq51Y6MIDkC4EwR6mAIJYeWaILO\/5ttHwG\/WyKiN6uOkJSFe98QnUWo8761pGpp+L33\/4ZdeqhATSnsL5vAH94VIjHMCcuIeArUamyryJqNxLmk1v8hCJVgIckvVM0xhnhkCQgnb1nI\/GKTnPt7NgH9zcOUDGVMgU54NeCdlpIKrVMrscNfYaRCxWRYfcq\/yFxUato2g6EhXojcdBvnEpxCNtOFZbQDwxutotU7gR3x\/QTtyg0g7bF1UIxdQtRPRrrebEC09E5tpwgOSiUX7qaewjFAwmYMHmdUV10XPQul6WLukJXncClwnY60wUiq2WOcvMRt8LV638D\/QhpVB+EQ0CgHl8rNkVqI0kmbBEBvqki9ydpodr1u5JM+GUpUYUkXZnatUWgQbAxqjlQ27C217ZXINo7MSYyrtW7+rPDaRBQuazrBnq3j7qGywRKaF+K2+0mqkoWzJiFc7Tirl9vG7KQi4C5mhSK2Vyt38UAyVGOBXs6P\/OOamJSQfF4HtA0BGyMkvqRYYJ22\/LHOLAIqnFjHN361GkVKT619c3M5BWeHhcNpIcpJF4x7+BYTr5U0vz+23+QH1x1QkgAQhRsNDOMbCZ3ySVWPBDXa+qqPMUgus+UFk8QkSb1bRmaDDXIWcY67XCbLkZdmjzl7q0ov2nEyxCHLhmjRWyuBfoYp2FTMo+g4UYcj\/KmbqIzSMVjwM7A1YxIUPDcFNsfinNeWr3AuLP7GvxDsOAtRBwLRIRWRW38vrbUGj7aQREZxZ7pAv27wmmIIZUh9r3iiQ7kbOnSbs68Yf9peEQtk3x5xLioXQapJ6UyWdNNjrObZIoZbKUDXlFB4y4rIxW5WXYTc4ODyi7oGMSBrow5D93kAffcCm8\/KcmnTdjm5CHA7BYvbvNRo79bIIZhmQOXEaOuMof9b2YsP10ghFJSy4MQQ7wvGseAQGQZUjrEN\/FkQCMNhpINH5a1D3ntPQnI+h9O0riCTkRDwJAlZhUN+zjNPNKQ\/9n3Br3vvjlY\/5BBi68O\/uj48Jup\/\/z4k2+kSA0qLGiOdH1hbRWKnNVl9ZL3+BrfwDAPreOMoNG3O8sMHuaimsrbU2ViJnGWOh2V4h9WledOcKLausR3xTi2p9grLxqewckL3uXExKU08wEoKI7RXTt6XIHn3J04pgMxKx3pKuWdLcZmK00\/92axb2zdQrPaYPk5EnUlgclGqj\/s5NcBH3D05czhnCNW+9WXz599vffNh87\/Fw==\" \/> \t\t<a href=\"https:\/\/www.pdf24.org\" target=\"_blank\" title=\"www.pdf24.org\" rel=\"nofollow\"><img src=\"https:\/\/www.hohenlohe-ungefiltert.de\/wp-content\/plugins\/pdf24-post-to-pdf\/img\/pdf_32x32.png\" alt=\"\" border=\"0\" height=\"32\" \/><\/a> \t\t<span class=\"pdf24Plugin-cp-space\">&nbsp;&nbsp;<\/span> \t\t<span class=\"pdf24Plugin-cp-text\">Sende Artikel als PDF<\/span> \t\t<span class=\"pdf24Plugin-cp-space\">&nbsp;&nbsp;<\/span> \t\t<input class=\"pdf24Plugin-cp-input\" style=\"margin: 0px;\" type=\"text\" name=\"sendEmailTo\" placeholder=\"Emailadresse\" \/> \t\t<input class=\"pdf24Plugin-cp-submit\" style=\"margin: 0px;\" type=\"submit\" value=\"Senden\" \/> \t<\/form> <\/div>","protected":false},"excerpt":{"rendered":"<p>Die Bundestagswahl hat f\u00fcr den Wahlkreis Schw\u00e4bisch Hall-Hohenlohe ein klares Ergebnis gebracht. Christian von Stetten (CDU) wird auch in der n\u00e4chsten Legislaturperiode einziger Vertreter des Wahlkreises im Deutschen Bundestag sein. Hohenlohe-ungefiltert hat die Direktkandidaten der anderen Parteien zum Wahlausgang und zu ihrer politischen Zukunft befragt. Im folgenden Interview sind die Antworten von Harald Ebner (B\u00dcNDNIS [&hellip;]<\/p>\n","protected":false},"author":3,"featured_media":0,"comment_status":"open","ping_status":"open","sticky":false,"template":"","format":"standard","meta":[],"categories":[],"tags":[],"_links":{"self":[{"href":"https:\/\/www.hohenlohe-ungefiltert.de\/index.php?rest_route=\/wp\/v2\/posts\/5305"}],"collection":[{"href":"https:\/\/www.hohenlohe-ungefiltert.de\/index.php?rest_route=\/wp\/v2\/posts"}],"about":[{"href":"https:\/\/www.hohenlohe-ungefiltert.de\/index.php?rest_route=\/wp\/v2\/types\/post"}],"author":[{"embeddable":true,"href":"https:\/\/www.hohenlohe-ungefiltert.de\/index.php?rest_route=\/wp\/v2\/users\/3"}],"replies":[{"embeddable":true,"href":"https:\/\/www.hohenlohe-ungefiltert.de\/index.php?rest_route=%2Fwp%2Fv2%2Fcomments&post=5305"}],"version-history":[{"count":3,"href":"https:\/\/www.hohenlohe-ungefiltert.de\/index.php?rest_route=\/wp\/v2\/posts\/5305\/revisions"}],"predecessor-version":[{"id":5316,"href":"https:\/\/www.hohenlohe-ungefiltert.de\/index.php?rest_route=\/wp\/v2\/posts\/5305\/revisions\/5316"}],"wp:attachment":[{"href":"https:\/\/www.hohenlohe-ungefiltert.de\/index.php?rest_route=%2Fwp%2Fv2%2Fmedia&parent=5305"}],"wp:term":[{"taxonomy":"category","embeddable":true,"href":"https:\/\/www.hohenlohe-ungefiltert.de\/index.php?rest_route=%2Fwp%2Fv2%2Fcategories&post=5305"},{"taxonomy":"post_tag","embeddable":true,"href":"https:\/\/www.hohenlohe-ungefiltert.de\/index.php?rest_route=%2Fwp%2Fv2%2Ftags&post=5305"}],"curies":[{"name":"wp","href":"https:\/\/api.w.org\/{rel}","templated":true}]}}