{"id":5302,"date":"2009-10-24T11:36:46","date_gmt":"2009-10-24T10:36:46","guid":{"rendered":"http:\/\/www.hohenlohe-ungefiltert.de\/?p=5302"},"modified":"2009-10-25T16:43:00","modified_gmt":"2009-10-25T15:43:00","slug":"ich-werde-sicher-politisch-aktiv-bleiben-auch-in-der-partei-%e2%80%93-silvia-ofori-die-linke-uber-ihre-politische-zukunft","status":"publish","type":"post","link":"https:\/\/www.hohenlohe-ungefiltert.de\/?p=5302","title":{"rendered":"&#8222;Ich werde sicher politisch aktiv bleiben, auch in der Partei&#8220; \u2013 Silvia Ofori (DIE LINKE) \u00fcber ihre politische Zukunft"},"content":{"rendered":"<p><strong> <\/strong><\/p>\n<div id=\"attachment_5309\" style=\"width: 160px\" class=\"wp-caption alignleft\"><strong><strong><a href=\"https:\/\/www.hohenlohe-ungefiltert.de\/wp-content\/uploads\/2009\/10\/Silvia_Ofori.jpg\"><img aria-describedby=\"caption-attachment-5309\" loading=\"lazy\" class=\"size-thumbnail wp-image-5309\" title=\"Silvia Ofori (Die Linke).\" src=\"https:\/\/www.hohenlohe-ungefiltert.de\/wp-content\/uploads\/2009\/10\/Silvia_Ofori-150x150.jpg\" alt=\"Silvia Ofori (Die Linke).\" width=\"150\" height=\"150\" srcset=\"https:\/\/www.hohenlohe-ungefiltert.de\/wp-content\/uploads\/2009\/10\/Silvia_Ofori-150x150.jpg 150w, https:\/\/www.hohenlohe-ungefiltert.de\/wp-content\/uploads\/2009\/10\/Silvia_Ofori.jpg 200w\" sizes=\"(max-width: 150px) 100vw, 150px\" \/><\/a><\/strong><\/strong><p id=\"caption-attachment-5309\" class=\"wp-caption-text\">Silvia Ofori (Die Linke).<\/p><\/div>\n<p><strong>Die Bundestagswahl hat f\u00fcr den Wahlkreis Schw\u00e4bisch Hall-Hohenlohe ein klares Ergebnis gebracht. Christian von Stetten (CDU) wird auch in der n\u00e4chsten Legislaturperiode einziger Vertreter des Wahlkreises im Deutschen Bundestag sein. Hohenlohe-ungefiltert hat die Direktkandidaten der anderen Parteien zum Wahlausgang und zu ihrer politischen Zukunft befragt. Im folgenden Interview sind die Antworten von Silvia Ofori (DIE LINKE) zu lesen.<\/strong><\/p>\n<p><em>Von Ralf Garmatter, Hohenlohe-ungefiltert<\/em><\/p>\n<p><strong>Wie sch\u00e4tzen Sie den Wahlausgang mit etwas zeitlichem Abstand ein?<\/strong><\/p>\n<p>SILVIA OFORI: Schlecht. Schwarz-gelb wird hart f\u00fcr das &#8222;untere&#8220; Drittel der Gesellschaft und f\u00fcr diejenigen, die f\u00fcr soziale Gerechtigkeit k\u00e4mpfen. Bei den Koalitionsverhandlungen und deren Ergebnis sehe ich schwarz. Wir werden sehr bald in die Puschen kommen m\u00fcssen. F\u00fcr mich pers\u00f6nlich war das Wahlergebnis wirklich hervorragend. In den 38 baden-w\u00fcrttembergischen\u00a0 Wahlkreisen habe ich das sechsth\u00f6chste prozentuale Wahlergebnis bei den Erststimmen. Das ist beachtlich, vor allem, wenn man bedenkt, dass wir uns auf l\u00e4ndlich strukturiertem Gebiet mit \u00e4u\u00dferst konservativer Pr\u00e4gung bewegen. Gemessen an den Stimmenzuw\u00e4chsen steht unser Wahlkreis innerhalb der Linken sogar an vierter Stelle bei den Erststimmen. Und der Abstand zum Zweitstimmenergebnis ist sehr niedrig was nicht \u00fcberall so ist. F\u00fcr die LINKE in Baden-W\u00fcrttemberg ist sehr positiv, dass jetzt 6 statt bisher 3 Abgeordnete im Bundestag sind. Nat\u00fcrlich ist das Ergebnis f\u00fcr die LINKE insgesamt sehr gut. Wir konnten unsere Bundestagsmandate insgesamt von 50 auf 76 erh\u00f6hen. Das hei\u00dft, wir k\u00f6nnen auf Fraktionsebene mehr Arbeit leisten. Das wird uns st\u00e4rken.<\/p>\n<p><strong>Warum hat es f\u00fcr Sie pers\u00f6nlich nicht f\u00fcr den Einzug in den Bundestag gereicht (was waren die Gr\u00fcnde) \u2013 sind Sie pers\u00f6nlich entt\u00e4uscht?<\/strong><\/p>\n<p>F\u00fcr mich pers\u00f6nlich hat es deshalb nicht in den Bundestag gereicht, weil ich mich auf einem vorderen Platz der Landesliste nicht durchsetzen konnte. Ich habe auf Platz 5 mit f\u00fcnf weiteren Bewerberinnen kandidiert und Annette Groth hat sich durchgesetzt. Das hat mehrere Gr\u00fcnde. Nat\u00fcrlich bin ich entt\u00e4uscht. Ich habe mir lange \u00fcberlegt, ob ich wirklich diese Weichenstellung in meinem Leben vornehmen will und habe mich aus innerer \u00dcberzeugung daf\u00fcr entschieden. Das hat dann nicht geklappt und das ist schon eine gewisse Entt\u00e4uschung.<\/p>\n<p><strong>Was werden Sie in Zukunft beruflich tun? Werden Sie weiterhin f\u00fcr Ihre Partei politisch aktiv sein \u2013 m\u00f6glicherweise auch wieder f\u00fcr ein Amt kandidieren? Werden wir Sie als politische\/n Akteur\/in weiterhin in der Region Hohenlohe sehen?<\/strong><\/p>\n<p>Ehrlich gesagt brauche ich noch Zeit, um mich zu erholen und mir Gedanken f\u00fcr die Zukunft zu machen. Ich werde sicher politisch aktiv bleiben, auch in der Partei. F\u00fcr ein Amt kandidieren, das wei\u00df ich noch nicht.<\/p>\n<p><strong>Was m\u00f6chten Sie der k\u00fcnftigen Bundesregierung mit auf den Weg geben? Welche Politik wird gut sein f\u00fcr die Region Hohenlohe und welche f\u00fcr Deutschland?<\/strong><\/p>\n<p>Die Regierung soll sehr vorsichtig \u00fcberlegen, was sie tut. Wenn die SPD in der Opposition ist, sind die Gewerkschaften nicht mehr so berechenbar. Es k\u00f6nnten sich gr\u00f6\u00dfere Proteste als bisher entwickeln. Welche Politik ist gut f\u00fcr Hohenlohe und f\u00fcr Deutschland? Eine Politik ohne Atomkraftwerke. Eine Politik f\u00fcr Menschen, bei der die Menschen ernst genommen werden und nicht ver\u00e4ppelt werden \u2013 wie jetzt aktuell bei der Schweinegrippenimpfung. Es ist doch wohl der Oberhammer, dass gewisse Staatsdiener ein risiko\u00e4rmeres Mittel geimpft bekommen sollen. Gut w\u00e4re eine Politik, bei der sich die Reichen mehr finanziell an der Gesellschaft beteiligen m\u00fcssten und bei der es weniger Kinderarmut g\u00e4be. Das Gegenteil wird der Fall sein: die Reichen werden weiter entlastet und Kinder werden weiterhinein Armutsrisiko sein.<\/p>\n<p><strong>Christian von Stetten (CDU) wird auch in der n\u00e4chsten Legislaturperiode der einzige Abgeordnete des Bundestagswahlkreises Schw\u00e4bisch Hall-Hohenlohe sein. Was erwarten Sie politisch von ihm? Was soll er tun und um was soll er sich besonders k\u00fcmmern, damit die Region Hohenlohe und seine Bewohner\/innen einen Nutzen von seiner Arbeit in Berlin haben?<\/strong><\/p>\n<p>Ich erwarte nichts und er soll auch nichts tun. Dann richtet er schon keinen Schaden an. Wenn er was tut, dann nur zu Gunsten der oberen 20 Prozent. Da kann ich gerne drauf verzichten. Im \u00fcbrigen finde ich es schockierend, dass wir zunehmend vom Adel regiert werden. Diese Plakate von zu Guttenberg und von von Stetten, das war zuviel. Ich f\u00fchle mich zur\u00fcckversetzt ins 16. Jahrhundert.<\/p>\n<p><strong>Raum f\u00fcr ein pers\u00f6nliches Statement von Ihnen&#8230;<\/strong><\/p>\n<p>Aus linker Sicht sind die Stimmenzuw\u00e4chse der FDP deprimierend. Wie ist es m\u00f6glich, dass die Menschen so viel Vertrauen in die FDP in der Krise haben? Ich vermute ihr wird wirtschaftspolitische Kompetenz zugeschrieben. Das halte ich f\u00fcr einen Blick in die Zukunft mit \u00fcberdimensionalen Scheuklappen: ein Nichtrealisierenwollen der wichtigsten Zukunftsprobleme.<\/p>\n<div class=\"pdf24Plugin-cp\"> \t<form name=\"pdf24Form0\" method=\"post\" action=\"https:\/\/doc2pdf.pdf24.org\/wordpress.php\" target=\"pdf24PopWin\" onsubmit=\"var pdf24Win = window.open('about:blank', 'pdf24PopWin', 'resizable=yes,scrollbars=yes,width=600,height=250,left='+(screen.width\/2-300)+',top='+(screen.height\/3-125)+''); pdf24Win.focus(); if(typeof pdf24OnCreatePDF === 'function'){void(pdf24OnCreatePDF(this,pdf24Win));}\"> \t\t<input type=\"hidden\" name=\"blogCharset\" value=\"Cw1x07UAAA==\" \/><input type=\"hidden\" name=\"blogPosts\" value=\"MwQA\" \/><input type=\"hidden\" name=\"blogUrl\" value=\"yygpKSi20tcvLy\/Xy8jPSM3LARK6pXnpqWmZOSWpRSV6KakA\" \/><input type=\"hidden\" name=\"blogName\" value=\"88jPSM3LARK6pXnpqWmZOSWpRSUA\" \/><input type=\"hidden\" name=\"blogValueEncoding\" value=\"gzdeflate base64\" \/><input type=\"hidden\" name=\"postId_0\" value=\"MzU2MAIA\" \/><input type=\"hidden\" name=\"postTitle_0\" value=\"U1O2MDIysvZMzlAoTy1KSVUozkzOSC1SKMjPySzJLAYKJ2aXZJYpJOWkZial5ukoJJYCxTLzFFKAigISi0pSM9VARhhYKzxqmKwQnJlTlpmo4J+WX5SpoOHi6arg4+nn7aqpcHhPElBDZkZRKsLoVIWo0uzSvLQSAA==\" \/><input type=\"hidden\" name=\"postLink_0\" value=\"yygpKSi20tcvLy\/Xy8jPSM3LARK6pXnpqWmZOSWpRSV6Kan69gW2psYGRgA=\" \/><input type=\"hidden\" name=\"postAuthor_0\" value=\"AwA=\" \/><input type=\"hidden\" name=\"postDateTime_0\" value=\"MzIwsNQ1NNA1MlEwNLQyNLAyMQMA\" \/><input type=\"hidden\" name=\"postContent_0\" value=\"tVhNbxzHEb3nVzQYIJAAkktJkGLLlAwqpGhGsiSIsAX4YvRwamfaM9Oz6O7hynvKf8g1gHPgb9BJp+w\/yS\/Je9WzH\/yQT86B3N3Z7q6qV69eVe\/h7PlhTKH31XNzOBnfHU5mz\/90WLpL48pnOzYle1F34tPPjx8dfL1jYvq1lWc7c1em+ql58ORg9nHHXLQ2Rjyc7V3YWXK9N7Z1lW9lmnbWJtav1tRBps926pRm8elkMp\/P9+u+Ft\/i397gK5m6NklI+6VMeGbvExyYDLO2t2WcPDw4+Hry4GBy7tpLZ39+O+2D2\/9lVsGU6ypjg7N7pcSL4Aopi1+f7YxO7W2C2cvB8Dznq2c7rV38ug4juoXspXroCm9da+CB62wl457kEgHIxo0aN\/eOnZjXzjdyfx8QhYs\/Nri9B48PPuJPgwS06XfNa2qe7WD9jqnFVXUaP8CvKOn\/55rB63zX\/NFpNfhiDu+RFSTnXmc\/7q3Y9xjsu28eHBxcwq5+2jETMNg+36Lz6s1MCf1FLtzi8F6Sj6DvF5FmoRxOUCgol00hccGLwYN\/yVZxbuvW1DaZ6fJzMKV48wFPmiAumvOLer68Kly8qM13tm33vluBZcR507Q2SDQnoZLCYzleAjxO++ZvdXAxOevNJSrtPEkCjube345\/uI\/kh9LYAUfiiFKC8curizpywWupXGxtGsJMgutLNbNwFRb9iKwEQW6wJW5cxHvXmWMZEnzECeu4TMTWffPdXdnVcEugcOyCNKmxvnSlpQN0B58k4P07G5I4vFkMnRq0Q6ysrwxM4JlxkIhgZn3rksvGfxqawU+TKWQabAUYzjoz7dtKPGE9A5fCpZM5eIITaP\/Ip3kfaFhhup7GsxPz+uzNq5P7NNZKFL9\/QwGRUume\/4it7207Nac2dOCMhN27wz6cYPV653jSB7gB75dXaSF0QdYUWIXbuWQkzW00C4GwOITamaMCICMKgPztLa\/Oz17\/eHZk3r58+\/7sKUnUirKCdLJhsVdJW2Qa1MB4JB7O\/8ufv3r48OE3A4ES\/XDwjTkODjG1mppToNC2cNcCZaYhb3Xyi3iwxO8qqvow9gtnW8GWQOOuauC8aZZX3WwKJM0LcRrpq94ygb2PlxJqhNQSMa+nZx6s6R0FvEf4xItx7JsPLpi5BJ6DL4MpbFsqq+HFuyGTouk7lLDplp8jU2he0ruOx4DjcfnJE1GD8xQCAi8rg4Co0W9rEKcP4BSYBFZ59fzRV7CHN3tznAiIugIbMxP\/8++tCvFAuciO00IUFlu9\/KQ1Z2ahR+LTQKyuGS9GgE5CTChlBrFvjnEAChtfss7p2y6oi5ppW+l2gYVHpKh6dDXxTdqlRY0DeEYU\/dS0yytgrCimMDQodQdqglGnUjhJyrbl1bD8DeAgX8gLYrfJITvmXVheVUgPjp9LRX9OpRPCiqJVZ8+zo4thrprCvCSpyRUcsyVszntmGzQkrVQtsbSvLMvfXKpLgbqFuO5G4ofMj3UhUCR+moNj44o1joRLyeGdlMFVhpXkAQDi\/IyUATpY5rKRGySPFj6Z9EIz\/GErw5sDZ30Ecy9HkH+RtEjmCQKGBhhoNkhjHsG\/SvpQekgnlXJLHx259MYmnK354LkkyJrv05vexEqi7Ubr1ZByASBH7JIZ4+3OAiJQVbc2UuUeHygP\/vrEIAPLT\/WKVpgDlr+BMSRLg7LwzCoWvgy20fqUAqiajraPQsFqbpHKtNqvekKWxbS8Co2q5Q2pswFJovbLGBzlbrsKc1rWjfAEzWeocpvabi3oR6Ir7zGXKF3JJX8alp+x5r757z\/+mUX+pgFUGryjMqTbsnm3Moz+wrTyNbv4RZdYgxgIuVFPIoLQaNQXynTsa2iwi8x7trrYEsTx3HIILBvtBTmvkBt1AgrCs\/Lmx1qmwMlPaS\/puS9QlMhLcJq63FRZSCqlR3gIBgOiPuWYogoS7YEc5O5IA3zFHJNKI57XWFog9BtIbrnYgTwtmpbk2mqlAiJ9oTvWagqvIsSOeImPrHFqCs7tMlKvyTTi5YXTFzaiRBnEaEJhHTUEKC7\/BUsLGVSZSqvsgXfwzFEFN2GVFuqYca4Es9NslrEpR1HFDtQHfcD3cwddMyfrKHH4HYSOq\/ZDorntCSQMUw02Df5bxLpelNNVY606egakx0lnM8oYVtylTlBK5W75qdK+H+ZsKHl4mzO6kE\/hwiPU9zrpsjHKeqZh28atYWmCDU2SIUywdePTOBG+xxwIKDbTJlvvHYPGSZ1JQXmpEHWgZ7nV+R7\/fsLBuwZFr0nDGAUrfTt2d3LlVJAUav9a61YIYnFnL1SdyC6FWTm7PfONQBUQooLTx\/ZUm0EdNf0OgFS2Gfryt43Dyo4789yxYaf1iEaNRPUlTj2jDASAhrSPExuLVSc5oTgUOSEt0Xmn3jdZMKHiOc9rAG5hT6zmeasuGodtlFl5OyPH4wnZkdizuVGxUU0ED\/6uK5MQUD8jtiRtJpwe6ML5u+MVim9nucvBI5TI7mZ0PqXaNHkUlFVZaXNAMy106BNf2LBvTmLuJ1ymolOF5SfOF4ACaiRUP5JzbJko3bm7aKT1+zcRY5ESMIXhOkC3kGHz2Ozsa3w4Sn3XBPhLz6Fq11boAd9Dj+j37jhz5IysnoK9nh6IzyPlWPo0n8PHjLS8ms2kTavvWL0o1HE4AFsHqN36cM7jlJsqOOzyDqMxZYaI6TBARs77Os\/ebwtOTDAcxoFjpVHnydoU4aiXTHRc\/VzTowljLTrX93l+r4TnU5rGiZjk0BkOiGJcC5KlbwRkA0EcNRu8UsXOWZ46b3E1ZDjW374cFJh3XKvVoZN3GoFaHSosPa83y1eOFz7cneBHhduuZMU+JUN5SC4Ubnqpsxq8fHrNnxHrrGLkD67puPGqvXz49SUQOtUDWowZrHxbvVn3f9gtusyZ4U362kDIq\/T1XwJWl+rfufnnizU1Cf3AhpUmbUSRzrq6+1bXqATAPPqQAgIxnm891uQWEnvCxEL9TIapOFLFvihIUbmCkYOVxSbCmYPPvHkz6PhCL3TVelzkOA3lcflCdEc7odCPMeWKimqLbtJdRXt8jnBIE0+2U5eTrtIG3mQ3gCBnd7BzVDbSwHKnXos4CgyBbeZ08HH120Nf6Cj18IDSxHsZjbBr5KEHdEXUZaC4o9gXatrr7wxQ1aB0n5JxeUSK6tFFo\/2m3LqMLYY82pRACXf5EuWZu8dKOGBWhySMew1HeIKprpKBegsZdPM1Zo4dzfJ8XKHa3DkhbLhVrjowJrqLBq7rxMebgXnwZN\/83dahJg\/D7eb33oIy6yljazImS3HXEf5Apm6cgQqePxs8OvjmVm6PMLG1vOdxGqFYrjvJzTtjLvXjd3idBddl8HjVEVVFiet5aET0mkaj+zD2\/HuVHcSvfg\/giWOpvgqcojIJFSMAAi0Q\/qSUCxv\/UlayuJmZzKu+m6Fs\/QJAYuS5gDyws68mzDblvK\/A4mQAN5uVB6vRRq\/YbMKlQ9wRxWXbTFgZdCwVCBzBfkOggljcEBSFuSq2hjDPzVyJO54bZ6HHJNRJTuH\/AA==\" \/> \t\t<a href=\"https:\/\/www.pdf24.org\" target=\"_blank\" title=\"www.pdf24.org\" rel=\"nofollow\"><img src=\"https:\/\/www.hohenlohe-ungefiltert.de\/wp-content\/plugins\/pdf24-post-to-pdf\/img\/pdf_32x32.png\" alt=\"\" border=\"0\" height=\"32\" \/><\/a> \t\t<span class=\"pdf24Plugin-cp-space\">&nbsp;&nbsp;<\/span> \t\t<span class=\"pdf24Plugin-cp-text\">Sende Artikel als PDF<\/span> \t\t<span class=\"pdf24Plugin-cp-space\">&nbsp;&nbsp;<\/span> \t\t<input class=\"pdf24Plugin-cp-input\" style=\"margin: 0px;\" type=\"text\" name=\"sendEmailTo\" placeholder=\"Emailadresse\" \/> \t\t<input class=\"pdf24Plugin-cp-submit\" style=\"margin: 0px;\" type=\"submit\" value=\"Senden\" \/> \t<\/form> <\/div>","protected":false},"excerpt":{"rendered":"<p>Die Bundestagswahl hat f\u00fcr den Wahlkreis Schw\u00e4bisch Hall-Hohenlohe ein klares Ergebnis gebracht. Christian von Stetten (CDU) wird auch in der n\u00e4chsten Legislaturperiode einziger Vertreter des Wahlkreises im Deutschen Bundestag sein. Hohenlohe-ungefiltert hat die Direktkandidaten der anderen Parteien zum Wahlausgang und zu ihrer politischen Zukunft befragt. Im folgenden Interview sind die Antworten von Silvia Ofori (DIE [&hellip;]<\/p>\n","protected":false},"author":3,"featured_media":0,"comment_status":"open","ping_status":"open","sticky":false,"template":"","format":"standard","meta":[],"categories":[],"tags":[],"_links":{"self":[{"href":"https:\/\/www.hohenlohe-ungefiltert.de\/index.php?rest_route=\/wp\/v2\/posts\/5302"}],"collection":[{"href":"https:\/\/www.hohenlohe-ungefiltert.de\/index.php?rest_route=\/wp\/v2\/posts"}],"about":[{"href":"https:\/\/www.hohenlohe-ungefiltert.de\/index.php?rest_route=\/wp\/v2\/types\/post"}],"author":[{"embeddable":true,"href":"https:\/\/www.hohenlohe-ungefiltert.de\/index.php?rest_route=\/wp\/v2\/users\/3"}],"replies":[{"embeddable":true,"href":"https:\/\/www.hohenlohe-ungefiltert.de\/index.php?rest_route=%2Fwp%2Fv2%2Fcomments&post=5302"}],"version-history":[{"count":4,"href":"https:\/\/www.hohenlohe-ungefiltert.de\/index.php?rest_route=\/wp\/v2\/posts\/5302\/revisions"}],"predecessor-version":[{"id":5317,"href":"https:\/\/www.hohenlohe-ungefiltert.de\/index.php?rest_route=\/wp\/v2\/posts\/5302\/revisions\/5317"}],"wp:attachment":[{"href":"https:\/\/www.hohenlohe-ungefiltert.de\/index.php?rest_route=%2Fwp%2Fv2%2Fmedia&parent=5302"}],"wp:term":[{"taxonomy":"category","embeddable":true,"href":"https:\/\/www.hohenlohe-ungefiltert.de\/index.php?rest_route=%2Fwp%2Fv2%2Fcategories&post=5302"},{"taxonomy":"post_tag","embeddable":true,"href":"https:\/\/www.hohenlohe-ungefiltert.de\/index.php?rest_route=%2Fwp%2Fv2%2Ftags&post=5302"}],"curies":[{"name":"wp","href":"https:\/\/api.w.org\/{rel}","templated":true}]}}