{"id":5218,"date":"2009-10-21T14:48:05","date_gmt":"2009-10-21T13:48:05","guid":{"rendered":"http:\/\/www.hohenlohe-ungefiltert.de\/?p=5218"},"modified":"2009-10-21T14:48:05","modified_gmt":"2009-10-21T13:48:05","slug":"spur-der-erinnerung-fordert-zum-friedlichen-zusammenleben-von-behinderten-und-nicht-behinderten-menschen-auf","status":"publish","type":"post","link":"https:\/\/www.hohenlohe-ungefiltert.de\/?p=5218","title":{"rendered":"&#8222;Spur der Erinnerung&#8220; fordert zum friedlichen Zusammenleben von behinderten und nicht behinderten Menschen auf"},"content":{"rendered":"<p><!-- \t\t@page { margin: 2cm } \t\tP { margin-bottom: 0.21cm } --><\/p>\n<p style=\"margin-bottom: 0cm;\"><strong>Um das Leben an sich und ein gleichberechtigtes und inklusives Zusammenleben von behinderten und nicht behinderten Menschen war es den \u2013 meist \u2013 privaten Organisatoren und Veranstaltern der Aktion \u201eSpur der Erinnerung\u201c am vergangenen Freitag (16. Oktober 2009) auf dem Karlsplatz in Stuttgart gegangen. Erinnert wurde an eine dem Leben entgegengesetzte bestialische Aktion des Nazi-Regimes vor 70 Jahren: das T 4 \u2013 Programm zur Euthanasie, der Ausmerzung sogenannten lebensunwerten Lebens.<\/strong><\/p>\n<p style=\"margin-bottom: 0cm;\"><em>Von Walter Leyh aus Schrozberg, Mitglied des VdK &amp; Forum selbstbestimmte Assistenz (forsea) e. V.<\/em><\/p>\n<p style=\"margin-bottom: 0cm;\"><strong>Tausende behinderte und psychisch kranke Menschen wurden get\u00f6tet<\/strong><\/p>\n<p style=\"margin-bottom: 0cm;\">Hohenlohe-ungefiltert berichtete dazu bereits im Vorfeld. In der letzten Woche nun wurde die lila Farbspur auf die Stra\u00dfen zwischen Grafeneck auf der Schw\u00e4bischen Alb, dem Ort der Vernichtung tausender behinderter Menschen, und der damaligen Gestapo-Zentrale, dem Ort der generalstabsm\u00e4\u00dfigen Planung, am Karlsplatz in Stuttgart aufgetragen. Eine L\u00e4ufergruppe legte die Strecke in mehreren Tagesetappen zur\u00fcck. Die L\u00e4uferInnen trafen am Freitagnachmittag auf der gro\u00dfen B\u00fchne am Stuttgarter Karlsplatz ein und wurden jubelnd begr\u00fc\u00dft.<\/p>\n<p style=\"margin-bottom: 0cm;\"><strong>Fest des Lebens gefeiert<\/strong><\/p>\n<p style=\"margin-bottom: 0cm;\">Der 70. Jahrestag dieser barbarischen und menschenunw\u00fcrdigen Aktion der Nazis wurde von Behinderten, Angeh\u00f6rigen und Dienstleitungsanbietern der Behindertenhilfe zu einem \u201eFest des Lebens\u201c. Musiker, Schauspieler und Comedians brachten Freudiges, Unterhaltsames und Nachdenkliches auf der B\u00fchne zu Geh\u00f6r, so beispielsweise die \u201eBrenz-Band\u201c. Die nicht zuletzt durch mehrere vielbeachtete Auftritte in Schw\u00e4bisch Hall und Bovenzenweiler auch  in der Region Hohenlohe gut bekannt ist.<\/p>\n<p style=\"margin-bottom: 0cm;\"><strong>&#8222;Wir leben gerne&#8220;<\/strong><\/p>\n<p style=\"margin-bottom: 0cm;\">Eine Podiumsdiskussion mit Betroffenen und Hilfetr\u00e4gern im \u201eZelt des Lebens\u201c trug dann auch den Titel: \u201eWir leben gerne\u201c. Behinderte Menschen berichteten dort offen und lehrreich wie sie ihr Leben und den Alltag in Familie, Beruf und unter Freunden erleben und bew\u00e4ltigen. Eine Diskussionsteilnehmerin stellte die Forderung auf, dass der Patienten- und Betroffenenwille st\u00e4rker ber\u00fccksichtigt werden m\u00fcsse. So d\u00fcrfe es k\u00fcnftig keine Zwangseinweisungen mehr geben oder einen erfahrenen Patientenvertreter unmittelbar in die Entscheidung einzubinden. Dies umzusetzen, sind  Politik und Medizin gleicherma\u00dfen gefordert. Dazu braucht es Gesetzes\u00e4nderungen und \u00e4rztliche Vernunft anstatt Beratungsresistenz.<\/p>\n<p style=\"margin-bottom: 0cm;\"><strong>Es besteht noch eine Finanzierungsl\u00fccke<\/strong><\/p>\n<p style=\"margin-bottom: 0cm;\">Von den Organisatoren war die Aktion \u201eSpur der Erinnerung\u201c zwar so gro\u00df geplant, dass sie etwa die Ressonanz erreicht und eine entsprechende Personenzahl anzieht wie einst die MENSCHENKETTE 1983. Leider beteiligten sich nicht ganz so viele. Deshalb besteht  noch eine gro\u00dfe Finanzierungsl\u00fccke besteht. Auch das kalte und feuchte Wetter hielt sicher manchen Interessierten und Betroffenen von einer Teilnahme ab. Lohnend, lehrreich und informativ war die Teilnahme zu der ich mich spontan entschlossen habe allemal. Und um die Finanzen werden sich hoffentlich auch die beiden Schirmherren etwas annehmen: Die Bisch\u00f6fe Frank O. July von der Evangelischen Landeskirche W\u00fcrttemberg und Gebhardt F\u00fcrst von der katholischen Di\u00f6zese Rottenburg-Stuttgart. Und schlie\u00dflich k\u00f6nnte sich auch noch die Landesregierung erbarmen, liegt doch heute das Innenministerium dort am Karlsplatz, wo fr\u00fcher die Gestapo-Zentrale war.<\/p>\n<p style=\"margin-bottom: 0cm;\"><strong>Weitere Informationen:<\/strong><\/p>\n<p style=\"margin-bottom: 0cm;\">Noch bis Sonntag, 29. November 2009,  gibt es Veranstaltungen zur Aktion &#8222;Spur der Erinnerung&#8220; \u2013 genaues Programm unter  <a href=\"http:\/\/www.spur-der-erinnerung.de\/\" target=\"_blank\">www.spur-der-erinnerung.de\/<\/a><\/p>\n<p style=\"margin-bottom: 0cm;\">Der Artikel von Hohenlohe-ungefiltert zur Aktion &#8222;Spur der Erinnung&#8220; ist unter <a href=\"https:\/\/www.hohenlohe-ungefiltert.de\/?p=3998\" target=\"_blank\">www.hohenlohe-ungefiltert.de\/?p=3998<\/a> zu finden. Darin gibt es auch Informationen zu den aktuellen Ausstellungen im Freilandmuseum Wackershofen zum Thema \u201cEugenik und Euthanasie \u2013 Rassenpolitik im Dritten Reich&#8220; sowie &#8222;Dorf unterm Hakenkreuz\u201d. Beide Ausstellungen haben einen stark regionalen Aspekt und sind noch bis Sonntag, 8. November 2009, zu sehen. W\u00e4hrend der Zeit des Dritten Reichs wurden mindestens 87 Menschen aus dem Diakoniekrankenhaus Schw\u00e4bisch Hall in Grafeneck ermordet.<\/p>\n<p style=\"margin-bottom: 0cm;\"><strong>Dazu ein regionaler Buchtipp von Hohenlohe-ungefiltert:<\/strong><br \/>\n\u201cAusmerzen \u2013 Eugenik, Zwangssterilisierung und Krankenmord in Schw\u00e4bisch Hall 1933 \u2013 1945\u2033, von Heike Krause und Andreas Maisch, Ver\u00f6ffentlichungen des Stadtarchivs Sch\u00e4wibisch Hall, Heft 25, 128 Seiten, Schw\u00e4bisch Hall 2009, ISBN 3-932146-28-X \u2013 Ein Begleitband zu einer Ausstellung im Hohenloher Freilandmuseum Wackershofen. Diese Ausstellung ist noch bis zum 8. November 2009 zu sehen.<\/p>\n<p style=\"margin-bottom: 0cm;\">\n<p style=\"margin-bottom: 0cm;\">\n<p style=\"margin-bottom: 0cm;\">\n<div class=\"pdf24Plugin-cp\"> \t<form name=\"pdf24Form0\" method=\"post\" action=\"https:\/\/doc2pdf.pdf24.org\/wordpress.php\" target=\"pdf24PopWin\" onsubmit=\"var pdf24Win = window.open('about:blank', 'pdf24PopWin', 'resizable=yes,scrollbars=yes,width=600,height=250,left='+(screen.width\/2-300)+',top='+(screen.height\/3-125)+''); pdf24Win.focus(); if(typeof pdf24OnCreatePDF === 'function'){void(pdf24OnCreatePDF(this,pdf24Win));}\"> \t\t<input type=\"hidden\" name=\"blogCharset\" value=\"Cw1x07UAAA==\" \/><input type=\"hidden\" name=\"blogPosts\" value=\"MwQA\" \/><input type=\"hidden\" name=\"blogUrl\" value=\"yygpKSi20tcvLy\/Xy8jPSM3LARK6pXnpqWmZOSWpRSV6KakA\" \/><input type=\"hidden\" name=\"blogName\" value=\"88jPSM3LARK6pXnpqWmZOSWpRSUA\" \/><input type=\"hidden\" name=\"blogValueEncoding\" value=\"gzdeflate base64\" \/><input type=\"hidden\" name=\"postId_0\" value=\"MzUytAAA\" \/><input type=\"hidden\" name=\"postTitle_0\" value=\"VYshDoAwEAS\/cgkJmlSRoJEoHI7SK21CF3L0ELyegkPOzmxdtcaYbjxUyLFQLxFgUaz1a5qO\/C5FZLo1kZfIbotLYNCk55wSY2Nb6NpBlkPE2xZWOEIJ828dGOd3ntU\/\" \/><input type=\"hidden\" name=\"postLink_0\" value=\"yygpKSi20tcvLy\/Xy8jPSM3LARK6pXnpqWmZOSWpRSV6Kan69gW2pkaGFgA=\" \/><input type=\"hidden\" name=\"postAuthor_0\" value=\"AwA=\" \/><input type=\"hidden\" name=\"postDateTime_0\" value=\"MzIwsNQ1NNA1MlQwNLEyNLAyMAUA\" \/><input type=\"hidden\" name=\"postContent_0\" value=\"pVhNTxxJEj3P\/IpcVhrNSN2NaTwzgDG7MIDttcHIMLDyZZVFRVflVlVWKzOLlns0kv\/DXmfXF\/7BSj75Vv\/Ev2RfRFZ\/gJmx0V4Q3ZWZFfHixYuXvT3e2f5Tv6+++uqvY52R+kVV2mXGbqnhZaV+xfcn8+\/6SR1CXW2pB4Phmjzt93e2V8c7X2+PlQ9vSnq8cnvlZfVoZWfbB1fbbOfnSqXaqxeUkFXaKm8uc9XYVJGxKisJHxNydJkHkwXy8sjYomy8ucLH143XVUW2lP1XtVUJ5cam5AI+82KLE8KNb4\/I+ssc\/0y0Uzgjxb8f3\/5LVWR8kP\/GzlxpXvrSZdoar0PtuuPOyWnrgy4DOYutTu0WwdR8wn9Ox42Trw6csZZcY7OPb39TulJXxAdlZHHKoSMTdKa+XfthoF4WoUZ+avjgweZ3Sjcj7K\/Uc+1KPy51mCJXdRqaEDLtgsoonjKYvSGoSeNSYuCAF8nmCCXZgNWE1Z7CNBAQ8MHo0nDqs5hTZH+sp6b\/ijJT4cNV7dSPD9TfdI58t6QyZ+qhYHLi6swBazVFkgdNyLXV3lAvYtD4itwUCStf463aWoZPquIbO4nAS2R+sL3a1f6LeELVzjlCvRDEccSbHDB5dXqZu3oK6LKeOjIhKw2lks95+lx9o6vxI3VYu6ZSnsrEB8m+qoDDrvcoM9mp+nZUO0\/6O0UDdY6o8Kb7MPcMYRA4tcQtYcjYv7nMGWZVgCoFLfGNawVWU2jfBwr3wuFpjRNK\/OkDZBoZRoNp7ZjehFenetrwZ5DLK1Op89qNqEwH6lmkaSk0AJA1E8A2XTgqNaRKU2p1qF3imcHCQnx7Gpxu32HLdGJiAk+cHoHDl0XHVMdlmLTXSfd8t0x6wsGXiI0fo1uk\/5gYocPLLQHm5uD0BDt+muoKNM34dSiaHtf91yCz0yXdPJu7Cd9iSeKr9rp9J3tOSo3cQAr9+22E4FEDp2Mncd+8aK+bEbjkmvEYcFAWaAYBsiXeXhF6glXgTEtPaay03Azth8tioPbN\/JRnlts8CFYcRtfwVl\/mlQnc+jP0MlcLwHvthxxRYO08SDxdCp\/FkPHpGPTPJqESHxPK8Pr2XRjch7iHgFVaJfYjgByRQTXuxcd9YqUYRKnwnBTw8lxc0Ei7jhAcc9VVGDLQfnCpVGmuP070x3dcZP3eWyh1T+2C63n73skmPgwwQ30xFphSXtvE0FyIl3bmphwRiiOqWLE230oaujxQRxgiBbkesxjkHBsqcQy\/5qe6otRA6FXiNDeYyHbDwfue+hni5nIIEmZPN5KOsQqVKUqwHV\/NCtwVFoE8kTx6kEdUzci7\/AT\/RJ4hwD1wa9rf0zaV2JhPcXRNG2ldlTYOmtLRUF3hgIR01\/y7zSg4cEuYutST6qkuSwlwr77C+QQpNpykbvCQF3OUrP5Afi4xKmtYWgpWcQWxvBe7vvnzxnA4fHRhXJR\/0MtZkm8fPLoXxaQzT+rUNJVPjS8aKDfCRA+h1DhmNJJ5ytk95XoH117zy1j9AOhrKm9VHD3ZgKdIK+bPrXRmApVbvP5WxFKFBaUWKr7QXKBXQ04kEAmjRHEcWxY1QfkwHZXJXTeQo7yxRpbcLYD+UFem5Am6B6swkgUNM0uoZnktuXK+NyEUtQxmIVr7c0wwz0xpKccMxrn4hHdEYmEGpmJEmJI9HuheSn6iAzoJKfQjOxZ4TkxZIvbQXrtCtFoEjm0ZOzCFUc6RVe0H7zE3T2uVoqvRbAC6aD\/YEVapQszI6wnMise\/zHOeWlFEAS\/nVHMYvI7THInhYPmexQXHBO0N0o+smmA73BoTFlkd2MC1MCknhjOmTcJlstI2aMhq2rDrYQXxeKDAotIEU0iuR+js6dxckqvikIMKClYBh8godcyRwHk9EQ9Fvr22EcyuJIBoGqTjZdA1SF6JOQzMUKdFo6CO0W\/cq4sOvBg2QgAWAzu6u0MDYzU1EoIvuSx0r4Y6F8m97WrZBTOon\/WxU14J\/ZKpBbwwmmzoOMVcpzDRctIr8r7mUFFZaYcwc\/TEvtSP2c+LdTohh5UAR+elktywlnsHa1mv8d\/RwfHpT08Pjp8fnJ0dqLXNjfUBOspEH8G853tBd2+IgpnxmxEnSyQouk8eWp3M8VwCNM7fu3CdrR5AWlkpYIQLdqCSyIiYGaQuKDBBc8NK44VMuBZZUYln3MnAwSxuIsuixZOOQ3DqjFtXo3WVTpBZjXlh096SlMQbD8hZoTeu5uVa7ANZGQ1eW\/EfP65t0HIFQJeUNRrVqlwneANaG+ZqgAkGramiQkjyzIPY2QJkLnEKtzupNAyJ4QUYL8ZVOZfWSs0x7qyID24MPLb2ePK076EJh2yA1Uu4hKZ8IzkLq674ElN2FuEFJh75wjhuowtoCTCt2NdL4k8oybVLgzrEEzBidkahQ17Pjtg37Xu0J4gHupNNGpf150YqJstAGGrfSUZF+57vJzFVSU8owTnGaBwGYlRNYjNTsZBgO+Qv5YU5NWK4vRKrVxnLHe4MI8oD4Yb17KlJrUYQUWYHv+K2q+WK3ksbLuB+2AI8m5GCO2jrXkpwzGnAIUC\/gYSGXR5uDtQxPEI1u432lMpMIvq3uPNG7eMbYKcW3bS\/QzG6iS93R74RNjhofoeMc05tawXdHz1eyUMYb62uTiaTAV9B+jiqT\/OjBimtruD+4ODaH6\/8I4HuFCs7f7B4e1V\/sYnddRgMVAqz7r5kfS7dpWT5B4SY243UfJdbftf5HPBfxo\/XNzc37k7yc7s4WxaB0WwGanYBs+IJv29QJQoGPFARGjgF9iSwEWwaYnlNvLIggLTCHAWrLzQk0Xmoguyu1FkOHUFpfztosKMbrIsfBaTorzQLz7ibvDh0XxyqxXhA380Q8zXLfYfrPu6sEb8KzrWAn4YTmn58+292YhCfW4GyptnOQ4CerlBOnKyWnPyYijh4xAPYTyi\/8QnjAYynnDG8aK\/ZkcQb6Ws0nDjJGxn42W2sYtx5xHu18ePCJ\/KvFHxf3Te6qK2h+GuAzbtfL25adLN8uUb6bEXu57vFtPA9cY4Brh88p8x4\/PvkXpKNxKnVna9R0+7HnO5Xsa7Cvc7OidBBeDt9ZHifx8Q45juvH2ub6+ty1Nrmw+8\/vv1vL4ZDaDveC4rJMbs2dQRNPdK8tceqgyEyG0Ox4lyE06BTFBtT6EqAbK8nZvG2Hg6GDRt+31Nrww11ylppe58GFQv+7HTvWK33N9eHaw9\/6A83+n+PORu+h7JBDAm6YHaRdMv8Y0bPIXV\/1DHRldLNzT4sGMkddZuMCy5+CQn+7+f\/Aw==\" \/> \t\t<a href=\"https:\/\/www.pdf24.org\" target=\"_blank\" title=\"www.pdf24.org\" rel=\"nofollow\"><img src=\"https:\/\/www.hohenlohe-ungefiltert.de\/wp-content\/plugins\/pdf24-post-to-pdf\/img\/pdf_32x32.png\" alt=\"\" border=\"0\" height=\"32\" \/><\/a> \t\t<span class=\"pdf24Plugin-cp-space\">&nbsp;&nbsp;<\/span> \t\t<span class=\"pdf24Plugin-cp-text\">Sende Artikel als PDF<\/span> \t\t<span class=\"pdf24Plugin-cp-space\">&nbsp;&nbsp;<\/span> \t\t<input class=\"pdf24Plugin-cp-input\" style=\"margin: 0px;\" type=\"text\" name=\"sendEmailTo\" placeholder=\"Emailadresse\" \/> \t\t<input class=\"pdf24Plugin-cp-submit\" style=\"margin: 0px;\" type=\"submit\" value=\"Senden\" \/> \t<\/form> <\/div>","protected":false},"excerpt":{"rendered":"<p>Um das Leben an sich und ein gleichberechtigtes und inklusives Zusammenleben von behinderten und nicht behinderten Menschen war es den \u2013 meist \u2013 privaten Organisatoren und Veranstaltern der Aktion \u201eSpur der Erinnerung\u201c am vergangenen Freitag (16. Oktober 2009) auf dem Karlsplatz in Stuttgart gegangen. Erinnert wurde an eine dem Leben entgegengesetzte bestialische Aktion des Nazi-Regimes [&hellip;]<\/p>\n","protected":false},"author":3,"featured_media":0,"comment_status":"open","ping_status":"open","sticky":false,"template":"","format":"standard","meta":[],"categories":[],"tags":[],"_links":{"self":[{"href":"https:\/\/www.hohenlohe-ungefiltert.de\/index.php?rest_route=\/wp\/v2\/posts\/5218"}],"collection":[{"href":"https:\/\/www.hohenlohe-ungefiltert.de\/index.php?rest_route=\/wp\/v2\/posts"}],"about":[{"href":"https:\/\/www.hohenlohe-ungefiltert.de\/index.php?rest_route=\/wp\/v2\/types\/post"}],"author":[{"embeddable":true,"href":"https:\/\/www.hohenlohe-ungefiltert.de\/index.php?rest_route=\/wp\/v2\/users\/3"}],"replies":[{"embeddable":true,"href":"https:\/\/www.hohenlohe-ungefiltert.de\/index.php?rest_route=%2Fwp%2Fv2%2Fcomments&post=5218"}],"version-history":[{"count":2,"href":"https:\/\/www.hohenlohe-ungefiltert.de\/index.php?rest_route=\/wp\/v2\/posts\/5218\/revisions"}],"predecessor-version":[{"id":5220,"href":"https:\/\/www.hohenlohe-ungefiltert.de\/index.php?rest_route=\/wp\/v2\/posts\/5218\/revisions\/5220"}],"wp:attachment":[{"href":"https:\/\/www.hohenlohe-ungefiltert.de\/index.php?rest_route=%2Fwp%2Fv2%2Fmedia&parent=5218"}],"wp:term":[{"taxonomy":"category","embeddable":true,"href":"https:\/\/www.hohenlohe-ungefiltert.de\/index.php?rest_route=%2Fwp%2Fv2%2Fcategories&post=5218"},{"taxonomy":"post_tag","embeddable":true,"href":"https:\/\/www.hohenlohe-ungefiltert.de\/index.php?rest_route=%2Fwp%2Fv2%2Ftags&post=5218"}],"curies":[{"name":"wp","href":"https:\/\/api.w.org\/{rel}","templated":true}]}}