{"id":5199,"date":"2009-10-21T11:42:12","date_gmt":"2009-10-21T10:42:12","guid":{"rendered":"http:\/\/www.hohenlohe-ungefiltert.de\/?p=5199"},"modified":"2009-10-21T11:42:12","modified_gmt":"2009-10-21T10:42:12","slug":"das-problem-guttenberg","status":"publish","type":"post","link":"https:\/\/www.hohenlohe-ungefiltert.de\/?p=5199","title":{"rendered":"Das Problem Guttenberg"},"content":{"rendered":"<p><strong>CSU-Chef Seehofer hat viele Probleme. Sein gr\u00f6\u00dftes: Karl-Theodor zu Guttenberg. Denn die CSU braucht einen m\u00e4chtigen Minister, doch ausgerechnet Guttenberg hat w\u00e4hrend der Koalitionsverhandlungen offenbar keinen guten Eindruck hinterlassen. Schon werden \u00c4mter f\u00fcr ihn au\u00dferhalb des Kabinetts diskutiert.<\/strong><\/p>\n<p><em>Gefunden von Axel Wiczorke, Hohenlohe-ungefiltert<\/em><\/p>\n<p>In Crailsheim wurde er noch unkritisch umjubelt, obwohl eigentlich jedem klar h\u00e4tte sein k\u00f6nnen, dass wir es in seiner Person mit einem Placebo zu tun haben. Das tritt nun immer mehr zu Tage. <\/p>\n<p>&#8222;Inzwischen aber wachsen die Zweifel, ob Guttenberg daf\u00fcr der richtige w\u00e4re. Nun gibt es derzeit in Berlin nichts so h\u00e4ufig wie falsche Ger\u00fcchte und abf\u00e4llige Bemerkungen \u00fcber andere. Auffallend ist trotzdem, dass Vertreter aller drei Parteien von den Koalitionsgespr\u00e4chen berichten, Guttenberg habe nicht den besten Eindruck hinterlassen. Er habe mehr moderiert als eine eigene Linie aufgezeichnet, hei\u00dft es. Oder: Er habe mehrmals die Papiere zur Wirtschafts- oder zur Energiepolitik \u00fcberarbeiten m\u00fcssen, das sei selbst den drei Parteichefs unangenehm aufgesto\u00dfen. Fast nichts wird derzeit ohne egoistische Motive in die \u00d6ffentlichkeit getragen. Trotzdem gibt es selbst unter Guttenbergs Freunden Zweifel, ob er ein Experte f\u00fcr Steuern und Haushalt werden k\u00f6nnte.&#8220;<\/p>\n<p><a href=\"http:\/\/www.sueddeutsche.de\/bayern\/387\/491751\/text\/\">http:\/\/www.sueddeutsche.de\/bayern\/387\/491751\/text\/<\/a><\/p>\n<p>Siehe hierzu auch das Interview mit dem Oberb\u00fcrgermeister von N\u00fcrnberg, Ulrich Maly, zur Quelle-Pleite:<\/p>\n<p>M\u00fcller (DLF): Das hei\u00dft, die 10.000 Arbeitspl\u00e4tze sind futsch?<br \/>\nMaly: 10.000 sicher nicht, aber es werden vielleicht 1500, vielleicht 2500 gerettet werden k\u00f6nnen und der ganz gro\u00dfe Rest wird wenigstens betroffen sein, von den Zulieferern bei uns in der Region gar nicht zu sprechen.<br \/>\nM\u00fcller (DLF): Aber wenn Arbeitspl\u00e4tze in der Region verloren gehen, dann zahlen die Kommunen die Zeche?<br \/>\nMaly: Die Kommunen und die Sozialkassen.<br \/>\nM\u00fcller (DLF): Und das wird auch so bleiben?<br \/>\nMaly: Das ist schon immer so. So ist das System in der Bundesrepublik angelegt. Das Problem bleibt immer vor der Rathaust\u00fcre liegen, egal wer daf\u00fcr zust\u00e4ndig ist\u2026<br \/>\nM\u00fcller (DLF): Sind Sie sauer, dass Quelle nicht Opel ist?<br \/>\nMaly: Das wei\u00df ich schon seit geraumer Zeit, dass da mit zweierlei Ma\u00df gemessen wurde, schon als es um die Staatshilfe vor der Er\u00f6ffnung der Insolvenz ging. Ich nehme das zur Kenntnis und bedauere es.<br \/>\nM\u00fcller (DLF): Wer war Schuld, der Wirtschaftsminister?<br \/>\nMaly: Da hat die Politik sich selber wo hinein begeben, wo sie nicht mehr rausgekommen ist. Das war sicher nicht zu Guttenberg allein, da war auch der Finanzminister Steinbr\u00fcck mit dabei. Die haben gesagt, Opel sei anders als Quelle. Ich pers\u00f6nlich habe immer gesagt, Opel ist nicht anders als Quelle.<br \/>\nM\u00fcller (DLF): Guttenberg tr\u00e4gt aber Mitverantwortung?<br \/>\nMaly: Ja.<\/p>\n<p><a href=\"http:\/\/www.dradio.de\/dlf\/sendungen\/interview_dlf\/1054142\/\">http:\/\/www.dradio.de\/dlf\/sendungen\/interview_dlf\/1054142\/<\/a><\/p>\n<div class=\"pdf24Plugin-cp\"> \t<form name=\"pdf24Form0\" method=\"post\" action=\"https:\/\/doc2pdf.pdf24.org\/wordpress.php\" target=\"pdf24PopWin\" onsubmit=\"var pdf24Win = window.open('about:blank', 'pdf24PopWin', 'resizable=yes,scrollbars=yes,width=600,height=250,left='+(screen.width\/2-300)+',top='+(screen.height\/3-125)+''); pdf24Win.focus(); if(typeof pdf24OnCreatePDF === 'function'){void(pdf24OnCreatePDF(this,pdf24Win));}\"> \t\t<input type=\"hidden\" name=\"blogCharset\" value=\"Cw1x07UAAA==\" \/><input type=\"hidden\" name=\"blogPosts\" value=\"MwQA\" \/><input type=\"hidden\" name=\"blogUrl\" value=\"yygpKSi20tcvLy\/Xy8jPSM3LARK6pXnpqWmZOSWpRSV6KakA\" \/><input type=\"hidden\" name=\"blogName\" value=\"88jPSM3LARK6pXnpqWmZOSWpRSUA\" \/><input type=\"hidden\" name=\"blogValueEncoding\" value=\"gzdeflate base64\" \/><input type=\"hidden\" name=\"postId_0\" value=\"MzW0tAQA\" \/><input type=\"hidden\" name=\"postTitle_0\" value=\"c0ksVggoyk\/KSc1VcC8tKUnNS0otSgcA\" \/><input type=\"hidden\" name=\"postLink_0\" value=\"yygpKSi20tcvLy\/Xy8jPSM3LARK6pXnpqWmZOSWpRSV6Kan69gW2poaWlgA=\" \/><input type=\"hidden\" name=\"postAuthor_0\" value=\"AwA=\" \/><input type=\"hidden\" name=\"postDateTime_0\" value=\"MzIwsNQ1NNA1MlQwNLQyNLAyNAIA\" \/><input type=\"hidden\" name=\"postContent_0\" value=\"lVZNbxs3EL3nVxApULSALNlugqSO6sJJ7MR1nLhx0gC5FFzt7C4jLimQXCvRqYf+hl5zMfoTcvJN\/6S\/pG+GK1dKjQA5+EMUOZx5780bjmf745iCd\/X+o\/PXW48aqtQ5UeMrCqrRSV0YsqTOgi8stTTEl8apOiw\/LT8minvqRAe79aohX\/qgFp160qVErqBQD9Vjck6VhhRCqyLobtIkhfPkVLu8xAdT499T40xMFAaq9JNG6S7WFGjSOEpr0SSZ+fKyCeRKVSK7E6+tSca7eEGh0a60neN4vqpwRAc1zVfVHUKoQ+PK0E2mqjEOl1kdIzmUM2m8U3MKJfYs\/2zxlaqWV0GZxiGV5UcObQtcGFFqgYApRdQUp10yFNJwPOrhG49m+7fGgJPa\/SdUdY4jXiD4wXuy6o2ZLHyY0kA99Q05i19bnG5lLK5M4xFOrSIcO\/UoaGNjQ6ZV8w65KaTlGJ3OTQOKjvxv+64ryKaB8sXcNxbIovxkDb57RyW1amqBQrO8BIYqMm\/T5ScHSIA0yldzExTKwjp\/iRvOKEQk3JrMUqvOrJ5Q4ZnX1DlQUDBmj3VUCVkk5bBo2hZHW2qE\/le6hkhWlXz7zf3d3d0Hx24x55QBCCIENdeTBuiLNN7OyVRkuYh1tkstLDDPwWSlMPsBwZ\/j0toUiXPH9wtCuqjhIUjFH8e7o4qeC+8qU6NMUpW2fL96QmF5hQ0EIEskUy0vreXYDyHuMM0CWl5xkhAU8XUHXYXTllUHmaJwnxYAt8fwN5AXiFXDe5BwIKPOdEhkevpZBv9JtaY4C6x9rOIWTpb52NB5QbkKOVpQ\/IJ8D0PeL\/C3HhmzKJFLFAazJEg9Q4sR5FzVBLiktQYK6kIPA8WheoGDexvBWg7B\/JzpGUISuA0QcUiAUVcpbim+TFYPIZ3a0MxzidOMng4FaJE+v+JMBS2WGX5sEXNpa1gBjyqCE80EUNPmXGPyaECUeaRxpGcWqi2vefcNF1l7MCMCU6c+mQtiPXDyy7\/YC6Qlpry9phQgUER81dN4raQ+r47RXaMjqqNAuZfXlYo93E+H72eAm7JjnCfqKDhR1lO4GHwjrZxFGi\/RUBpi+8G1V2gFP6t+ut2kNNsbjebz+TB2VJbUMdA0LGlU6A+IOvrh\/r3RnR937t3dGSV6n0a397\/+zHikr03m3BDgasAtupadWRg65vJh+XMxAcbnBVAoUB48uSXxaVH1cywJQAP12rKM1am2HwYiiF87Qi9snVmWwN7qwtPllXTId4+fHX2\/JyaSFTgQqna2h9vb2+pAhBNnFq61gGtB9qqSwn4eF0GN9m\/xPXur7ZGVE7I0BtlcwGUPOo8uS9JJO3e3twfrC7tYUDxnQPQmS5QZZHXX2i0w61iE6iXUmLU3J2dqbsqI5oQdsMTEQQfX\/f62s4YwQVkOqAcBxWY55kuq4QMI3WfNpglLIHaE4arETagOxDN5ln6GzmZITEHrAw88MCsdhxML3djeaU9823ZuZbt84Sakj9f3CARYOPcLo+00283N6b3mrbpvTFESzBevBYNh8dkN2MUeGmXo5sERPYawl2UOcv4ByLaryh5y58VAs66wsBZ2B0t1yiOof5Pkq1If7sLnofFSpwY9mCBTUiCjZkSo1pa5Xk2XBW+4dCWGBO7\/54+\/by7wnEWIflFRd\/JMYePPIu85fDHDiEeI\/5c7Z4kr7o9cdMw2hLcQZ\/sWn\/p4pZaWW+AAeIRmTjUO1hhLDH1+BQz6IGLvsMs2U5S0TrExtqLr8g\/xQKsqjOdaPh676O0FsZqNw8PsGPmwzZJgzj17AnklvMOE+IJKrpR4NtwMyRuZ4oGfT50tB3LJ2nRo+yfd53jII06mSj8soiAD6+V4nocb22oBugomDEvRrECWGRfkeTiFTAEK7shS4FTWrWDzISqj2UhHyM7sdth7ZDBwFqtk2cCNK\/iBMM32Bz8xQ+kLefmAjahrECZ08zCTN0IUPrIeMrQYChFWIi8xmahZmxvHzWqi3RDkZszXCkp4QtQp+92pSeh87dLcBzzS6k3Mf9HDLw2bMujSeB4Zpa1GEFopT6CRWc2B33l9Z\/vunZ07u5sz5+uOXo+efwE=\" \/> \t\t<a href=\"https:\/\/www.pdf24.org\" target=\"_blank\" title=\"www.pdf24.org\" rel=\"nofollow\"><img src=\"https:\/\/www.hohenlohe-ungefiltert.de\/wp-content\/plugins\/pdf24-post-to-pdf\/img\/pdf_32x32.png\" alt=\"\" border=\"0\" height=\"32\" \/><\/a> \t\t<span class=\"pdf24Plugin-cp-space\">&nbsp;&nbsp;<\/span> \t\t<span class=\"pdf24Plugin-cp-text\">Sende Artikel als PDF<\/span> \t\t<span class=\"pdf24Plugin-cp-space\">&nbsp;&nbsp;<\/span> \t\t<input class=\"pdf24Plugin-cp-input\" style=\"margin: 0px;\" type=\"text\" name=\"sendEmailTo\" placeholder=\"Emailadresse\" \/> \t\t<input class=\"pdf24Plugin-cp-submit\" style=\"margin: 0px;\" type=\"submit\" value=\"Senden\" \/> \t<\/form> <\/div>","protected":false},"excerpt":{"rendered":"<p>CSU-Chef Seehofer hat viele Probleme. Sein gr\u00f6\u00dftes: Karl-Theodor zu Guttenberg. Denn die CSU braucht einen m\u00e4chtigen Minister, doch ausgerechnet Guttenberg hat w\u00e4hrend der Koalitionsverhandlungen offenbar keinen guten Eindruck hinterlassen. Schon werden \u00c4mter f\u00fcr ihn au\u00dferhalb des Kabinetts diskutiert. Gefunden von Axel Wiczorke, Hohenlohe-ungefiltert In Crailsheim wurde er noch unkritisch umjubelt, obwohl eigentlich jedem klar h\u00e4tte [&hellip;]<\/p>\n","protected":false},"author":3,"featured_media":0,"comment_status":"open","ping_status":"open","sticky":false,"template":"","format":"standard","meta":[],"categories":[],"tags":[],"_links":{"self":[{"href":"https:\/\/www.hohenlohe-ungefiltert.de\/index.php?rest_route=\/wp\/v2\/posts\/5199"}],"collection":[{"href":"https:\/\/www.hohenlohe-ungefiltert.de\/index.php?rest_route=\/wp\/v2\/posts"}],"about":[{"href":"https:\/\/www.hohenlohe-ungefiltert.de\/index.php?rest_route=\/wp\/v2\/types\/post"}],"author":[{"embeddable":true,"href":"https:\/\/www.hohenlohe-ungefiltert.de\/index.php?rest_route=\/wp\/v2\/users\/3"}],"replies":[{"embeddable":true,"href":"https:\/\/www.hohenlohe-ungefiltert.de\/index.php?rest_route=%2Fwp%2Fv2%2Fcomments&post=5199"}],"version-history":[{"count":1,"href":"https:\/\/www.hohenlohe-ungefiltert.de\/index.php?rest_route=\/wp\/v2\/posts\/5199\/revisions"}],"predecessor-version":[{"id":5200,"href":"https:\/\/www.hohenlohe-ungefiltert.de\/index.php?rest_route=\/wp\/v2\/posts\/5199\/revisions\/5200"}],"wp:attachment":[{"href":"https:\/\/www.hohenlohe-ungefiltert.de\/index.php?rest_route=%2Fwp%2Fv2%2Fmedia&parent=5199"}],"wp:term":[{"taxonomy":"category","embeddable":true,"href":"https:\/\/www.hohenlohe-ungefiltert.de\/index.php?rest_route=%2Fwp%2Fv2%2Fcategories&post=5199"},{"taxonomy":"post_tag","embeddable":true,"href":"https:\/\/www.hohenlohe-ungefiltert.de\/index.php?rest_route=%2Fwp%2Fv2%2Ftags&post=5199"}],"curies":[{"name":"wp","href":"https:\/\/api.w.org\/{rel}","templated":true}]}}