{"id":5157,"date":"2009-10-19T21:22:49","date_gmt":"2009-10-19T20:22:49","guid":{"rendered":"http:\/\/www.hohenlohe-ungefiltert.de\/?p=5157"},"modified":"2009-10-19T21:25:26","modified_gmt":"2009-10-19T20:25:26","slug":"drei-kandidaten-fur-den-spd-landesvorsitz-stellen-sich-in-gaildorf-vor","status":"publish","type":"post","link":"https:\/\/www.hohenlohe-ungefiltert.de\/?p=5157","title":{"rendered":"Drei Kandidaten f\u00fcr den SPD-Landesvorsitz stellen sich in Gaildorf vor"},"content":{"rendered":"<p><strong>Claus Schmiedel, Dr. Nils Schmid und Hilde Mattheis stellen sich am Mittwoch, 11. November 2009, in der Limpurghalle Gaildorf den SPD-Mitgliedern aus Nordw\u00fcrttemberg vor. Diese drei Personen wollen Landesvorsitzende\/r der SPD in Baden-W\u00fcrttemberg werden.<\/strong><\/p>\n<p><em>Pressemitteilung des SPD-Kreisverbands Schw\u00e4bisch Hall<\/em><\/p>\n<p><strong>Vier Regionalkonferenzen vor dem Landesparteitag<\/strong><\/p>\n<p>Der Haller SPD Kreisvorsitzende Nik Sakellariou teilte mit, dass er mit seinem Wunsch nach einem landesweiten Parteitermin im Landkreis Schw\u00e4bisch Hall erh\u00f6rt wurde. Der SPD-Landesvorstand hat am Samstag, 17. Oktober 2009, beschlossen, vor dem Landesparteitag am 27. und 28. November 2009 vier Regionalkonferenzen zu veranstalten, in denen sich die Kandidatinnen und Kandidaten f\u00fcr den Landesvorsitz den SPD-Mitgliedern vorstellen k\u00f6nnen. F\u00fcr Nordw\u00fcrttemberg findet die zentrale Konferenz am Mittwoch, 11. November 2009, in der Limpurghalle in Gaildorf statt. Dort k\u00f6nnen die SPD-Mitglieder, die erstmals ihren Landesvorsitzenden in einem Mitgliederentscheid w\u00e4hlen sollen, von 19.30 Uhr an  alle Bewerber kennen lernen und mit ihnen diskutieren.<\/p>\n<p><strong>Eine Auszeichnung f\u00fcr die Arbeit des SPD-Kreisverbands<\/strong><\/p>\n<p>F\u00fcr den SPD-Kreisvorsitzenden Nik Sakellariou und den Gaildorfer Ortsvereinsvorsitzenden ist dies eine gro\u00dfe Ehre, dass Gaildorf ausgew\u00e4hlt wurde und nach dem Besuch von Franz M\u00fcntefering in diesem Jahr in Schrozberg und in Schw\u00e4bisch Hall bereits zum dritten Mal der SPD-Kreisverband Schw\u00e4bisch Hall ins Zentrum der Aufmerksamkeit r\u00fcckt. Sakellariou w\u00f6rtlich: \u201eF\u00fcr die Mitglieder im Landkreis ist das eine gro\u00dfe Ehre und f\u00fcr den gesamten SPD-Kreisvorstand eine Auszeichnung f\u00fcr seine Arbeit.\u201c<\/p>\n<p><strong>Info:<\/strong><br \/>\nNikolaos \u201eNik\u201c Sakellariou Mitglied des Landtags von Baden-W\u00fcrttemberg (MdL), SPD-Kreisvorsitzender<br \/>\nGeschwister-Scholl-Stra\u00dfe 59\/1,  74523 Schw\u00e4bisch Hall, Telefon 07 91\/88 75, Telefax 07 91\/79 41<\/p>\n<p><strong>Internet:<\/strong> <a href=\"http:\/\/www.nikolaos-sakellariou.de\" target=\"_blank\">www.nikolaos-sakellariou.de<\/a><\/p>\n<div class=\"pdf24Plugin-cp\"> \t<form name=\"pdf24Form0\" method=\"post\" action=\"https:\/\/doc2pdf.pdf24.org\/wordpress.php\" target=\"pdf24PopWin\" onsubmit=\"var pdf24Win = window.open('about:blank', 'pdf24PopWin', 'resizable=yes,scrollbars=yes,width=600,height=250,left='+(screen.width\/2-300)+',top='+(screen.height\/3-125)+''); pdf24Win.focus(); if(typeof pdf24OnCreatePDF === 'function'){void(pdf24OnCreatePDF(this,pdf24Win));}\"> \t\t<input type=\"hidden\" name=\"blogCharset\" value=\"Cw1x07UAAA==\" \/><input type=\"hidden\" name=\"blogPosts\" value=\"MwQA\" \/><input type=\"hidden\" name=\"blogUrl\" value=\"yygpKSi20tcvLy\/Xy8jPSM3LARK6pXnpqWmZOSWpRSV6KakA\" \/><input type=\"hidden\" name=\"blogName\" value=\"88jPSM3LARK6pXnpqWmZOSWpRSUA\" \/><input type=\"hidden\" name=\"blogValueEncoding\" value=\"gzdeflate base64\" \/><input type=\"hidden\" name=\"postId_0\" value=\"MzU0NQcA\" \/><input type=\"hidden\" name=\"postTitle_0\" value=\"cylKzVTwTsxLyUxJLEnNU0g7vKdIIQXICA5w0fUBiqcWl+UXFWeWVCkUl6Tm5ABlijOTMxQy8xTcEzNzUvKL0hSACgA=\" \/><input type=\"hidden\" name=\"postLink_0\" value=\"yygpKSi20tcvLy\/Xy8jPSM3LARK6pXnpqWmZOSWpRSV6Kan69gW2poam5gA=\" \/><input type=\"hidden\" name=\"postAuthor_0\" value=\"AwA=\" \/><input type=\"hidden\" name=\"postDateTime_0\" value=\"MzIwsNQ1NNA1tFQwMrQyNLAysQQA\" \/><input type=\"hidden\" name=\"postContent_0\" value=\"nVVNb9tGEL3nVwx8agFJtJwYsgxFgF3HSWM7Mao2AXIJVuaIXJBcCrtLs9ApP6RoL\/0NOfmmf5Jf0jdLyrI+kkMvBjnmzLx5895oNB+PnLelSca\/5KpyNLlLC80x5x26sD16p\/M2FlNlYnqj85jpRnmfsnbkPOc5G3L6LiVV0I32vi7v0g71+0gu77mYsqWjw8Nhh7ShGC\/XuphXNkkVMum1QsHSzvAfQ5Pbiy4qJLkAsIYEz7vSxvXywXofSiV0XwLWhWbHFFvWdMvWlQbZdRmgXCsTs8NXTvsF4zmyoS2KC4JzhU7dj08r1mwR642ilohRNB8\/G4EYLsa3lp3jAmOxziuToJQLOK\/Q292znaJdYKhe\/jvVDjS8wWCjCLmPddq6HzRg\/MaJLo3Ks9LM2LIBRBkJdYsW+lxZNPMq2QF0gXyp3k7TQFgPimVlNFEZVqKsLisSzJ4J6DsUK+cIiXghx9qg3cfKCF6j8KeJ5AFAje5AddvgYFuANt2gy6TlzrSomy6\/Wk91BSaxnQZgd70KjydKlReNTFSB9wQSGfTofebLtUKmjJJ5CcZN53usSIkjZIoaj062REb33+N4URG2pQxagxPTqtGstBtrpis00rHy2khY6q8ieJ1BMUGkG\/raK9swcOOLbPlVivXoUtJ3tDzTqOVDc2D0VsERVyvQ\/8tPiD1aCqN6j22U2EwLJLTaxNsJMZjIFwpe16ndZyIjlRuRrFMBGftinAbIIQ13IHhQdmeoP+w9P6Q\/UkvKEAV05wyvyQAZBzRQ8opq0aVOG4guq7yW8r1tC70CAjqr3IKxNCN+bPaCCc5QGDX2+nPHSZerba4\/fTrrtpEEoMRX1GKC99ZLeVCyRZML+3SBLEpsufyH6RVIbS34uB0ct4QDb61vQpdgRlH9ObsKj0LkJWS7oJvlg\/GM1hpT67BJHCZ6q0AwXuFJWy6CqqROE9l06VTgegcrFDidctIMLnm+uo4blO1mY1D6JCKVbGScVbOCbeZUkQnvdvlwl0FtT2mr5Sjk2NQpffvy9+VqU2sBbZ6VQJ3aZS4M9Oi\/hNHSb68uHBjerw7XxIM+et++\/LUtql\/NrDxdS2RqKRo\/gwTKXJVOkOMZaRujrWYIepMRcJlc2NaeH5ifbuLrnzt7tWbbdq\/l8tVggG0X1MNG3QnugVBwPIz6HaLBi+Oj5ztr6dDvnPMMfQ8HNOxHJyc0OG6D6s82OBjSi\/7u1F7c59eT00gR6J69PEi9n59GUV3XPdPy0HXr6XsxH5BXNmH\/8uDzFL8a2cH4Bx+PItU47z8=\" \/> \t\t<a href=\"https:\/\/www.pdf24.org\" target=\"_blank\" title=\"www.pdf24.org\" rel=\"nofollow\"><img src=\"https:\/\/www.hohenlohe-ungefiltert.de\/wp-content\/plugins\/pdf24-post-to-pdf\/img\/pdf_32x32.png\" alt=\"\" border=\"0\" height=\"32\" \/><\/a> \t\t<span class=\"pdf24Plugin-cp-space\">&nbsp;&nbsp;<\/span> \t\t<span class=\"pdf24Plugin-cp-text\">Sende Artikel als PDF<\/span> \t\t<span class=\"pdf24Plugin-cp-space\">&nbsp;&nbsp;<\/span> \t\t<input class=\"pdf24Plugin-cp-input\" style=\"margin: 0px;\" type=\"text\" name=\"sendEmailTo\" placeholder=\"Emailadresse\" \/> \t\t<input class=\"pdf24Plugin-cp-submit\" style=\"margin: 0px;\" type=\"submit\" value=\"Senden\" \/> \t<\/form> <\/div>","protected":false},"excerpt":{"rendered":"<p>Claus Schmiedel, Dr. Nils Schmid und Hilde Mattheis stellen sich am Mittwoch, 11. November 2009, in der Limpurghalle Gaildorf den SPD-Mitgliedern aus Nordw\u00fcrttemberg vor. Diese drei Personen wollen Landesvorsitzende\/r der SPD in Baden-W\u00fcrttemberg werden. Pressemitteilung des SPD-Kreisverbands Schw\u00e4bisch Hall Vier Regionalkonferenzen vor dem Landesparteitag Der Haller SPD Kreisvorsitzende Nik Sakellariou teilte mit, dass er mit [&hellip;]<\/p>\n","protected":false},"author":3,"featured_media":0,"comment_status":"open","ping_status":"open","sticky":false,"template":"","format":"standard","meta":[],"categories":[],"tags":[],"_links":{"self":[{"href":"https:\/\/www.hohenlohe-ungefiltert.de\/index.php?rest_route=\/wp\/v2\/posts\/5157"}],"collection":[{"href":"https:\/\/www.hohenlohe-ungefiltert.de\/index.php?rest_route=\/wp\/v2\/posts"}],"about":[{"href":"https:\/\/www.hohenlohe-ungefiltert.de\/index.php?rest_route=\/wp\/v2\/types\/post"}],"author":[{"embeddable":true,"href":"https:\/\/www.hohenlohe-ungefiltert.de\/index.php?rest_route=\/wp\/v2\/users\/3"}],"replies":[{"embeddable":true,"href":"https:\/\/www.hohenlohe-ungefiltert.de\/index.php?rest_route=%2Fwp%2Fv2%2Fcomments&post=5157"}],"version-history":[{"count":3,"href":"https:\/\/www.hohenlohe-ungefiltert.de\/index.php?rest_route=\/wp\/v2\/posts\/5157\/revisions"}],"predecessor-version":[{"id":5160,"href":"https:\/\/www.hohenlohe-ungefiltert.de\/index.php?rest_route=\/wp\/v2\/posts\/5157\/revisions\/5160"}],"wp:attachment":[{"href":"https:\/\/www.hohenlohe-ungefiltert.de\/index.php?rest_route=%2Fwp%2Fv2%2Fmedia&parent=5157"}],"wp:term":[{"taxonomy":"category","embeddable":true,"href":"https:\/\/www.hohenlohe-ungefiltert.de\/index.php?rest_route=%2Fwp%2Fv2%2Fcategories&post=5157"},{"taxonomy":"post_tag","embeddable":true,"href":"https:\/\/www.hohenlohe-ungefiltert.de\/index.php?rest_route=%2Fwp%2Fv2%2Ftags&post=5157"}],"curies":[{"name":"wp","href":"https:\/\/api.w.org\/{rel}","templated":true}]}}