{"id":5134,"date":"2009-10-17T23:07:03","date_gmt":"2009-10-17T22:07:03","guid":{"rendered":"http:\/\/www.hohenlohe-ungefiltert.de\/?p=5134"},"modified":"2009-10-19T10:16:26","modified_gmt":"2009-10-19T09:16:26","slug":"misslungener-auftritt-der-sozialministerin-monika-stolz-beim-politischen-muswiesenausklang","status":"publish","type":"post","link":"https:\/\/www.hohenlohe-ungefiltert.de\/?p=5134","title":{"rendered":"Misslungener Auftritt der Sozialministerin Monika Stolz beim politischen Muswiesenausklang"},"content":{"rendered":"<p><strong> <\/strong><\/p>\n<div id=\"attachment_5139\" style=\"width: 210px\" class=\"wp-caption alignleft\"><strong><strong><a href=\"https:\/\/www.hohenlohe-ungefiltert.de\/wp-content\/uploads\/2009\/10\/Monika_Stolz1.jpg\"><img aria-describedby=\"caption-attachment-5139\" loading=\"lazy\" class=\"size-medium wp-image-5139\" title=\"Monika_Stolz\" src=\"https:\/\/www.hohenlohe-ungefiltert.de\/wp-content\/uploads\/2009\/10\/Monika_Stolz1-200x300.jpg\" alt=\"Monika Stolz, baden-w\u00fcrttembergische Arbeits- und Sozialministerin.\" width=\"200\" height=\"300\" srcset=\"https:\/\/www.hohenlohe-ungefiltert.de\/wp-content\/uploads\/2009\/10\/Monika_Stolz1-200x300.jpg 200w, https:\/\/www.hohenlohe-ungefiltert.de\/wp-content\/uploads\/2009\/10\/Monika_Stolz1.jpg 591w\" sizes=\"(max-width: 200px) 100vw, 200px\" \/><\/a><\/strong><\/strong><p id=\"caption-attachment-5139\" class=\"wp-caption-text\">Dr. Monika Stolz (CDU), baden-w\u00fcrttembergische Arbeits- und Sozialministerin.<\/p><\/div>\n<p><strong>Eine ungl\u00fcckliche Figur machte Dr. Monika Stolz bei der Mittelstandskundgebung am Donnerstag (15. Oktober 2009) in der Reithalle auf der Muswiese \u2013  einem gro\u00dfen Jahrmarkt im Rot am Seer Teilort Musdorf. Nur wenige der zahlreichen G\u00e4ste in der Reithalle wollten ihre Rede zur Arbeits- und Sozialpolitik h\u00f6ren.<\/strong><\/p>\n<p><em>Kommentar von Ralf Garmatter, Hohenlohe-ungefiltert<\/em><\/p>\n<p><strong>Sperriger Vortragstitel \u2013 langweilige Rede<\/strong><\/p>\n<p>&#8222;Der Arbeitsmarkt im Zeichen der Zeit&#8220; lautete der sperrige Titel ihres Vortrags. Monika Stolz machte mindestens einen gro\u00dfen Fehler: Sie wollte m\u00f6glichst viele  Themengebiete streifen, aber keines vertiefen. Dadurch pl\u00e4tscherte ihre Rede oberfl\u00e4chlich dahin. Au\u00dferdem war sie bem\u00fcht, keiner Personengruppe in der Festhalle weh zu tun \u2013 sie wollte es allen recht machen.  Zum Schluss hatte sie aber kaum jemanden  zufrieden gestellt. Viele waren gefrustet \u2013 sogar viele ihrer Parteifreunde. An den meisten Besucherinnen und Besuchern hatte sie vorbei geredet. Kaum einer derjenigen, die in der hinteren H\u00e4lfte der Musdorfer Reithalle sa\u00dfen, h\u00f6rten konzentriert zu. Nach einigen Anstandsminuten \u2013 in denen Monika Stolz  nette Worte \u00fcber die Muswiese, ihre lange Tradition und ihre Besucher gesagt hatte \u2013 unterhielten sich viele G\u00e4ste lieber mit ihren Sitznachbarn, oder wollten sich einfach nur aufw\u00e4rmen \u2013 w\u00e4hrend drau\u00dfen der erste Schnee  fiel. Monika Stolz schaffte es nicht, die Aufmerksamkeit durch eine interessante und zugespitzte Rede auf sich zu ziehen. Gute politische Unterhaltung sieht  anders aus. Mit der Zeit wirkte die Rednerin sichtlich genervt von dem hohen Ger\u00e4uschpegel in der Halle und war  froh, als sie das Podium wieder verlassen konnte.<\/p>\n<p><strong>Wer ist eigentlich Dr. Monika Stolz?<\/strong><\/p>\n<p>Nun werden  zahlreiche Leserinnen und Leser  fragen: &#8222;Wer ist diese Dr. Monika Stolz und was macht sie eigentlich?&#8220; Eine Kurzumfrage vor der Reithalle in Musdorf brachte ein \u00fcberraschendes Ergebnis. Auf die Fragen &#8222;Welche Funktion hat Dr. Monika Stolz \u2013 und welcher Partei geh\u00f6rt sie an?&#8220; ordneten sie nur etwa f\u00fcnf Prozent der Befragten der baden-w\u00fcrttembergischen Landesregierung zu. Bei der Frage nach der Parteizugeh\u00f6rigkeit wurde die FDP am h\u00e4ufigsten genannt. Sie ist aber CDU-Mitglied.<\/p>\n<p><strong>Volkswirtin, \u00c4rztin und Sozialministerin<br \/>\n<\/strong><\/p>\n<p>Dr. Monika Stolz (CDU) ist seit Februar 2006 Ministerin f\u00fcr Arbeit und Soziales in Baden-W\u00fcrttemberg. Sie ist in Worms geboren, 58 Jahre alt, katholisch, verheiratet und hat vier Kinder. Seit 2001 geh\u00f6rt sie dem baden-w\u00fcrttembergischen Landtag an. Ihr Wahlkreis ist Ulm\/Donau. Von 1991 bis 1999 war sie Vorsitzende der CDU-Fraktion im  Gemeinderat der Stadt Ulm. Seit 1989 geh\u00f6rt sie dem Ulmer Gemeinderat an. Monika Stolz hat zweimal studiert. Ihr Volkswirtschaftsstudium schloss sie 1974 mit dem Diplom ab. Von 1976 bis 1983 studierte sie Medizin. Die Promotion erfolgte 1985. Anschlie\u00dfend war sie als \u00c4rztin t\u00e4tig.<\/p>\n<p><strong>Rednerin scheint nur eine Notbesetzung gewesen zu sein<\/strong><\/p>\n<p>Was hat den Bund der Selbst\u00e4ndigen (BdS) Rot am See bewogen, Monika Stolz zur Mittelstandskundgebung ins &#8222;Festzelt&#8220; eines Volksfestes einzuladen? Genaueres war hierzu nicht zu erfahren. Nur soviel: Kurz nach der Bundestagswahl hat es offensichtlich kaum einen Politiker gegeben, der f\u00fcr die Muswiesenkundgebung zur Verf\u00fcgung stand. Nach einigen Absagen haben sich die \u00f6rtlichen BdS-Verantwortlichen f\u00fcr Monika Stolz entschieden. Ein zweites Mal werden sie dies wahrscheinlich nicht  tun.<\/p>\n<p><strong>K\u00fcnftig besser Arbeitgebervertreter, Unternehmer oder Gewerkschafter sprechen lassen<\/strong><\/p>\n<p>Die Selbstst\u00e4ndigen in Rot am See sollten sich \u00fcberlegen, ob sie nicht besser  einmal prominente Vertreter von Unternehmensverb\u00e4nden, dem Bund der Steuerzahler, von den Gewerkschaften oder erfolgreiche Unternehmer zur Mittelstandskundgebung einladen. Pointiertere Aussagen aus dem Wirtschaftsleben sind von solchen Interessensvertretern  sicher zu erwarten. Davon h\u00e4tten auch die Zuh\u00f6rer mehr als von  einer Politikerin, die \u2013 m\u00f6glicherweise aus einem Harmoniebed\u00fcrfnis heraus \u2013 Zuspitzungen vermeidet und sich beim  Auftritt vor einem gro\u00dfen gemischten Publikum nicht wohl zu f\u00fchlen scheint.<\/p>\n<p><strong>Weitere Informationen zur Mittelstandskundgebung auf der Muswiese:<\/strong><\/p>\n<p>Pressemitteilung des Ministeriums f\u00fcr Arbeit und Soziales in Baden-W\u00fcrttemberg vom 15. Oktober 2009<\/p>\n<p><strong>Arbeits- und Sozialministerin Dr. Monika Stolz: \u201eMittelstand ist das R\u00fcckgrat der Wirtschaft\u201c<\/strong><\/p>\n<p>Arbeitsmarkt im Land vor gro\u00dfen Herausforderungen<\/p>\n<p>15.10.2009 \u201eIn Baden-W\u00fcrttemberg bestimmen kleine und mittlere Unternehmen mit ihrer Dynamik ganz wesentlich die Richtung der wirtschaftlichen Entwicklung. Sie verk\u00f6rpern wirtschaftliche Vitalit\u00e4t, Aufbruch, Innovation und sie tragen dazu bei, dass neue Ideen umgesetzt werden. Ich bin zuversichtlich, dass wir mit dem Engagement und der Leistungsbereitschaft der Unternehmen und Betriebe und der hohen Motivation und Qualifikation der hier arbeitenden Menschen Wachstum, Wohlstand und soziale Sicherheit bewahren und den Wandel in der Arbeitswelt auch sozial gestalten k\u00f6nnen\u201c, sagte Arbeits- und Sozialministerin Dr. Monika Stolz bei der Mittelstandskundgebung des Bundes der Selbst\u00e4ndigen heute (15.10.) in Rot am See.<\/p>\n<p>Die Ministerin erl\u00e4uterte, dass die Landesregierung ein umfangreiches Ma\u00dfnahmenpaket geschn\u00fcrt hat, um die Wirtschaft bei der Bew\u00e4ltigung der Krise zu unterst\u00fctzen. So werden beispielsweise mit dem Infrastrukturprogramm des Landes und dem Konjunkturprogramm des Bundes im Land mehr als zwei Milliarden Euro zus\u00e4tzlich in Schulen, Hochschulen und Forschungseinrichtungen, Stadtsanierungen und das Stra\u00dfennetz investiert. \u201eDiese Programme haben bereits dringend notwendige konjunkturelle Anreize gesetzt, die nat\u00fcrlich auch den Arbeitsmarkt st\u00fctzen. Unser Land kann insoweit auch in der Krise mit Optimismus nach vorne schauen\u201c, so Monika Stolz.<\/p>\n<p>Es w\u00e4re aber entschieden zu kurz gegriffen, sich nur auf das Heute und Jetzt zu beschr\u00e4nken. Um den k\u00fcnftigen Herausforderungen zu begegnen, sei es besonders wichtig, den Blick auf den sich k\u00fcnftig weiter versch\u00e4rfenden Fachkr\u00e4ftemangel zu lenken. \u201eKein Talent, keine Begabung darf verloren gehen. Dies gilt f\u00fcr die \u00c4lteren ebenso wie f\u00fcr die J\u00fcngeren und es gilt in ganz besonderem Ma\u00dfe auch f\u00fcr die Frauen\u201c, sagte Monika Stolz. Die Ressourcen im Bereich qualifizierter Arbeitskr\u00e4fte und von Arbeitskr\u00e4ften mit Qualifikationspotenzial w\u00e4ren noch lange nicht ausgesch\u00f6pft. \u201eHier stehen gro\u00dfe Aufgaben vor uns. Und Bildung ist dabei der Dreh- und Angelpunkt\u201c, hob die Ministerin hervor. Dazu geh\u00f6re auch, die Schw\u00e4cheren nicht im Stich zu lassen und sich st\u00e4rker um das Bildungsverhalten von Zuwanderern und Menschen mit Migrationshintergrund zu k\u00fcmmern. So h\u00e4tten sich in Baden-W\u00fcrttemberg Landesregierung und die sie tragenden Landtagsfraktionen im Rahmen einer Qualit\u00e4tsoffensive Bildung unter anderem f\u00fcr massive Investitionen in den Bildungsbereich entschieden.<\/p>\n<div class=\"pdf24Plugin-cp\"> \t<form name=\"pdf24Form0\" method=\"post\" action=\"https:\/\/doc2pdf.pdf24.org\/wordpress.php\" target=\"pdf24PopWin\" onsubmit=\"var pdf24Win = window.open('about:blank', 'pdf24PopWin', 'resizable=yes,scrollbars=yes,width=600,height=250,left='+(screen.width\/2-300)+',top='+(screen.height\/3-125)+''); pdf24Win.focus(); if(typeof pdf24OnCreatePDF === 'function'){void(pdf24OnCreatePDF(this,pdf24Win));}\"> \t\t<input type=\"hidden\" name=\"blogCharset\" value=\"Cw1x07UAAA==\" \/><input type=\"hidden\" name=\"blogPosts\" value=\"MwQA\" \/><input type=\"hidden\" name=\"blogUrl\" value=\"yygpKSi20tcvLy\/Xy8jPSM3LARK6pXnpqWmZOSWpRSV6KakA\" \/><input type=\"hidden\" name=\"blogName\" value=\"88jPSM3LARK6pXnpqWmZOSWpRSUA\" \/><input type=\"hidden\" name=\"blogValueEncoding\" value=\"gzdeflate base64\" \/><input type=\"hidden\" name=\"postId_0\" value=\"MzU0NgEA\" \/><input type=\"hidden\" name=\"postTitle_0\" value=\"DcnRDYAgDAXAVbqKA\/jFBKgVXyitoSUmTC+fl9vhLkMLK3faxh0dEXQtJJvI0qDw4A6l3RQ1UwqTSQej0WuCgJ8Prx3+gZ01D6+Stfw=\" \/><input type=\"hidden\" name=\"postLink_0\" value=\"yygpKSi20tcvLy\/Xy8jPSM3LARK6pXnpqWmZOSWpRSV6Kan69gW2pobGJgA=\" \/><input type=\"hidden\" name=\"postAuthor_0\" value=\"AwA=\" \/><input type=\"hidden\" name=\"postDateTime_0\" value=\"MzIwsNQ1NNA1NFcwMrYyNLAyMAYA\" \/><input type=\"hidden\" name=\"postContent_0\" value=\"tVnLchy3Fd37K1BMVUqq4lOKbFGm5BJDUaRp2oyoR5U2Lgwb3Q1NN3qCRnOkWXnhP8g2FW\/0DV5pN3\/iL8k5F+ieGQ6tlFPJRpqZbgD3ce6554IHkycHbfCNK56og5306WBn8uSLg8xeK5s93tAh6KuyNi78+GDv\/v6GasOHyjzemNoslI\/Uvb3dyfsNdVXptsWPk60rPQm2cUpXtnCVycPGcMTwv1alN\/njjTKESftoZ2c6nW6XTWlchX+2OleY3FbB+LCdmR3u2bgAA3a6SdXorN25t7u7v7O3u3PeODvWP16Gpprtbb+bFDjL1oXS3uqtzLRX3o5MNvrweCNZtbXwZit6ww2tKx5vVHr2YfCjtTOzVZvMdrXC+bbWhUkLgg10f\/loxMRf\/Y+92cKv7+\/v7opXCGboj1TyfFONdGbc1nT+yYdg6pHxhW2vSqOe+pGxod1SncvUZTOzuqqtsy0MsG57Q0neHm9g+w1VGluU2Pk+v8CH1oT\/oxsKn6eb6n+edPVgf28K+5EzpO5Ord9v9eDcBTjvqr3d3WscLN821A4Arp8sob3\/MBG8\/y5S1iC+Fcx7oPvIb6vl1Kg7fz16dfe\/TRCL72AHxYcSXBTnM+sM3i+q+aercWW5zbEtOq9q2BiMWrMBR6jMeHVucXjVBu2ydowDCzPCNkrX6qhxzng8KdSdvQfb6odxaGAko7R\/V1kny1\/A0lJXlVG6y+OGXTu1pjXqt5\/+oZSBXbUqfDP\/xTj1rS59rf04KFurF03gMZcGi14aWzU+cHHW+HxbfQ\/Tp8bZwsimM11W3tAtp57PPyIU6wZMmwrocMqCOvBzZtQMm9wSzElT2WDHqpz\/6g0DukJriKmpn5w1NTOrvboGVb3QVa6ea9iOYPlNdXIbKg92sG7YI+15OTHewwuvXsM\/r4sW9GAqCU6lXTGF43SS9q4Z8uc\/Pbx3797XR2ZwYwje2xQMhgCfg7y6+zX27IIJMWhtOlu9lCMZl3Yw4wYcEkyAM7AiothK5tyQuWNTVsY\/Upe2D7Sq578WRFob1LU1SIB6WRoEDQiyNAHOGJsbt6k0YTPmhq26RqSswc\/b6khnnb8q1aSafwxEvmdah+wRbDkeXZU8RWW6BPrV0w72+AygmiI5LcwZmXr+qQyb8QSvLgDaBrYXvptMBpwcw62EE1MCGSp0TrLQLjyCeXzDKW8QDYkJ7VRvQfKXMKNrW1USArIoeqXx7J2pUT5Yh31zbw0\/Fgwjdt1WryU4sFZ+zX2HByEe3RQEmDyn37BdIwY29wZoNXCWtjtVGxa\/U4em7Rgm65gaArr\/xS3Zdd0QKzjKwxCcf0YTY2gQiHdSVEhKZofYILAAMLY8mX+s8oSeVIorJdZqgmFTKocGjRs3Q5XAZdTurEPZImQ8i0fA+kgrAFXHt+mynEjrV9CnnKH1bxoiYP6JgaV5PZVsRlSwXgBmj34sAoIBkAd9FBh0XYQUCx7X0bESAeb5LWEUo504pLKGZ9U2yEYO8A4zBx9G2sPNhnHoaUVWw7WcLjowCwhvOv\/o6+QZPnOLTGVed1IzXE0CNQSPMyiQHIffKDzgXud5BJ\/DESFm5mmX18aPW10D1UHFQmESVcxV22r8LyGYdXB7AsNDKhwysVgLlM+sEQw\/RwZUJD7pMa8kMFANJHugBnBXxLBHCXQkBx6auAWKAKxjxC4c4AhAOSBIYSLVxl8HIUrWpbRs9dz4+ccOZ01MQfKJ4TgRGNFqVq\/KfVOCHqpWgJvpVl00UVKxiDzJgj01Ig0Wb9+k1zd4CbWByMCKaM7NTvfNGq1+j8qfkkNYsENjUd8BaUulJV9pIpSde6QSF\/cHZtLi1rpq9KyNdCpOLSz7pudo6dVnnZ91tezOir3RyxCuVH9q5CM1I\/mxNLxmBsnT6pkH2UIZkBZzyc+xmLuwthIl0LmxVAwKY93mWCewW17uOQhplSqPVOcG4xsPAMR6MFIGJky1yuefXK4ufEM6EF8ODX0LqQx+R+o49R1B13pTgEIIRZLIYZIm4otiOcrXaBfRTsNsIYUx7ZDH6PnRBeVECdTlthC+RCQ0YLMtXYtZE8qG+NoCvNG7TLYGqNdNNQbpoEeh\/uc\/+xk+3KrDDkYeQvGLNXDdLvbk9JYGH5uR77SoqC9RZf12jGDf5ZfOQ47x7FCi92YpeguX8Bi0WbdwdtR4kvODh6KzDGcCNEUdSpQ9or3JcoKg95r9h2cQDuBDr87Y9mH4JU+HZXsr2WdRfzaBlIgaJHNaevUGBTVGRbVi3auq3oGO1Mjqa+Bvb39\/T43wDB\/2hwYOSdKCvghpSTQThNxHyELrgEvQAWmhjti6DDqTvZPFe\/sP99csxmO8uryUJq6khv7PoMBqXUGtdBnbWPRigIHQc2jlKXgJX6umjXS1t\/\/VX6R18LQjiyGkBsB6R7\/6Mjn68P6wd+zP55gaZ5QyR\/iCkqkbcRRip6lQMFzygK2fZ1nDTpINoSJV9qgMUE22WEPwgqGRHzSLWKSknO+bMAJrhRkLrTBTQ2JFjwAu3RqO32jROqI\/DgkWCbypRi3OdZk0+DuH2eXdJR0PKTZtRFyshJky\/HfGDAuhmbiKAm2GRt0TTZSLkoicWkoU6ayrCMRvkFeAin1QQoMODzaN\/ZMeIZasABfniLZh038klLugEzplON20U0BWfMVuTQ5puuht4147OXQmmRpEZcB6kVD4InW7LFbcknv0\/DWMmX8qpM\/S\/ZsiadQKY5fgpiQyuBuhXEWJjyBvYRP0+2kz\/CjHrkQZxIuMi\/jcZosRZDNs50B3andSG1aCVvqID3EzBo6SeA1OZ2R24Ay5bdthEGEAPKW8NzIQiZxwpmTJiWp6DnhBvkj1yChCSQ0LYjtfZ00YFsG1BC\/4sIStdlmHSSOsjGCtGcVeJD4kKxleVvUE5cXsoaxe99aKUFkY7Fr4MeKhMaX1EtyDAcYoEehj1Ddu1TUX3Y3Fm4TEcjA+g30GX0u2LhrUqRCEp\/JrIyKgw8ScNwsaqkwECeyjNQiJBPU0ScLoS\/QS2oaREhNg3pTNU2YuLkSTDEGOSHB728kwDClswH5kGb6WpoYB+TaNDVQM\/fSHrUH2RqyNw\/4J5mQAE6ZmAGmODqfwFp9z3dtOtCrnZseGBHrOUjuSzAJdYHzIGUwVIYg0Wr1DKEzN1kPzL7pRZceo0Jj7aYM6hreojZJTXCLAW0SjlUifurzhSG85LX4uUzevNh6t4fdCwl9zua24hOps6O4d2vMf6+\/wu1Y3L11u+vHZe6I1nfcI4f\/XkoNRxoLlX\/DKqOh76wJtv\/30zzU\/b15DsPtLjvrsnEimEddM9BxLPa6EM3u723SDdpze6jSKN1jeu6hxZeKFVsYOGyqma6lkh4nNq6MPTtd2rArtZkpaWmRuGVYIi5gNrxbdPFHoMxCqvRozXVFOAY1jVMGExXPjbQzxQaMKUDebBCc0HAXVqXPNtR6GUdJQiAI80wAiYrXJEGOyA5Go08xwtqgLacIhkTIEB2FPwu5gwdB70koYMoiMZ67A5ryXUj1FfcerAXjQIoDMjJgsT5bDFa8KOKePzLA0zmnnUB9LLvytg5s5QCO\/xMsB\/KMl70YuOc6Ni9LvjeblT1dvQoGWCVQShghtxJT0UBLxEAbSkNPhXIu9hrEwwQoTSIicFLeQSxQtrI\/EcDIDJjcVZ\/z\/cEv6h+87Wa9REdwmdErD8flOxPDd1ca0vdzDlgQ9+hNGEV4MmpRKQvLmvMOpDmOgdql5sF3Pf3GaaZvoMZgRMbgqHcuEGmUTb8tGizodXDs00\/nHCr26h\/yZJzMDiHINAn8+UWUD7E0vCLAUdIx4RBLvgQZmxJQZfDcOnUcPBTvUtcQo2p\/SWKuzxr3jcHnjrRTJniCGpkJJghhVldVy\/LPON7CvRVnNpGoRjcursqvYik8awCt+kfOOG0oWYh1B86m0+aKMA612NlFOtA7MdoliJCthYJ1h62vSi0h8MNCRDPAXyWqT9FeqIpUhgwWFt2vC1AgKeAWRfDUc0Z86vDozKlVz7IxOI8heXIm9lQpvmTMXSXjlKFQkPmNMqZTCDRVbXJgKI2aQaflhAmq0bY02KhIWpAuCJAK6viyaFcQPuHzW8m7KpwvLJZlIZIypiSFovc3lqlZ6cLrdkhieCPQZ0W+FtITWsINHcYzFj1q8HCedeFsPiItwipMjgAGAA7s08cJpylzaYjPOGgjeOHXcJPb6rZUIWrkVggFwKY+EdIx4jGEP5FjNK0IRAUCNmIdUn7HIXoKRXH9JjFIpdKx77XO5Zmri9axclhEbqrAgo0Hdz3+u4hUpFRgiDR2wePgtDCxMT2\/9WhwqTal3FOXC2jYxwcNiTLrdCrGtJFGGxBcQF03nr4yMw4dGqEL9PVL1LArHHmYpEGIJNdzqz7FzrpB8O2nwu9CtwMQB89g9XrZGYYVsCgvNf53ksXpO2BRAdOXwJwJ2xUJqiHKgcy0Rjq5jq0wGPREbPVMdeVNG4n7KfE1YVhKBEmI+W+VRtBDsSOWKrMYhP4YwVhzoYsq\/EUj4o7mI0WVI95\/p+nCQlyR1zyGONAp4J\/uom8vYaRi0t91ULkOpBLh0aHmM3rmlWGLk4r154eMtLHEKJvGRYHuJ3SZau0Xu3OwFQlvWLMmIbHHB0ubpRiSC4IV0iCTQJZ\/UJm0aX6\/NEHih\/ni1CwAK6mrEhK+cRkbsN43TTR+QUULZ8lgpjPJv\" \/> \t\t<a href=\"https:\/\/www.pdf24.org\" target=\"_blank\" title=\"www.pdf24.org\" rel=\"nofollow\"><img src=\"https:\/\/www.hohenlohe-ungefiltert.de\/wp-content\/plugins\/pdf24-post-to-pdf\/img\/pdf_32x32.png\" alt=\"\" border=\"0\" height=\"32\" \/><\/a> \t\t<span class=\"pdf24Plugin-cp-space\">&nbsp;&nbsp;<\/span> \t\t<span class=\"pdf24Plugin-cp-text\">Sende Artikel als PDF<\/span> \t\t<span class=\"pdf24Plugin-cp-space\">&nbsp;&nbsp;<\/span> \t\t<input class=\"pdf24Plugin-cp-input\" style=\"margin: 0px;\" type=\"text\" name=\"sendEmailTo\" placeholder=\"Emailadresse\" \/> \t\t<input class=\"pdf24Plugin-cp-submit\" style=\"margin: 0px;\" type=\"submit\" value=\"Senden\" \/> \t<\/form> <\/div>","protected":false},"excerpt":{"rendered":"<p>Eine ungl\u00fcckliche Figur machte Dr. Monika Stolz bei der Mittelstandskundgebung am Donnerstag (15. Oktober 2009) in der Reithalle auf der Muswiese \u2013 einem gro\u00dfen Jahrmarkt im Rot am Seer Teilort Musdorf. Nur wenige der zahlreichen G\u00e4ste in der Reithalle wollten ihre Rede zur Arbeits- und Sozialpolitik h\u00f6ren. Kommentar von Ralf Garmatter, Hohenlohe-ungefiltert Sperriger Vortragstitel \u2013 [&hellip;]<\/p>\n","protected":false},"author":3,"featured_media":0,"comment_status":"open","ping_status":"open","sticky":false,"template":"","format":"standard","meta":[],"categories":[],"tags":[],"_links":{"self":[{"href":"https:\/\/www.hohenlohe-ungefiltert.de\/index.php?rest_route=\/wp\/v2\/posts\/5134"}],"collection":[{"href":"https:\/\/www.hohenlohe-ungefiltert.de\/index.php?rest_route=\/wp\/v2\/posts"}],"about":[{"href":"https:\/\/www.hohenlohe-ungefiltert.de\/index.php?rest_route=\/wp\/v2\/types\/post"}],"author":[{"embeddable":true,"href":"https:\/\/www.hohenlohe-ungefiltert.de\/index.php?rest_route=\/wp\/v2\/users\/3"}],"replies":[{"embeddable":true,"href":"https:\/\/www.hohenlohe-ungefiltert.de\/index.php?rest_route=%2Fwp%2Fv2%2Fcomments&post=5134"}],"version-history":[{"count":7,"href":"https:\/\/www.hohenlohe-ungefiltert.de\/index.php?rest_route=\/wp\/v2\/posts\/5134\/revisions"}],"predecessor-version":[{"id":5137,"href":"https:\/\/www.hohenlohe-ungefiltert.de\/index.php?rest_route=\/wp\/v2\/posts\/5134\/revisions\/5137"}],"wp:attachment":[{"href":"https:\/\/www.hohenlohe-ungefiltert.de\/index.php?rest_route=%2Fwp%2Fv2%2Fmedia&parent=5134"}],"wp:term":[{"taxonomy":"category","embeddable":true,"href":"https:\/\/www.hohenlohe-ungefiltert.de\/index.php?rest_route=%2Fwp%2Fv2%2Fcategories&post=5134"},{"taxonomy":"post_tag","embeddable":true,"href":"https:\/\/www.hohenlohe-ungefiltert.de\/index.php?rest_route=%2Fwp%2Fv2%2Ftags&post=5134"}],"curies":[{"name":"wp","href":"https:\/\/api.w.org\/{rel}","templated":true}]}}