{"id":4981,"date":"2009-10-11T19:26:23","date_gmt":"2009-10-11T18:26:23","guid":{"rendered":"http:\/\/www.hohenlohe-ungefiltert.de\/?p=4981"},"modified":"2009-10-11T19:31:24","modified_gmt":"2009-10-11T18:31:24","slug":"bernhard-loffler-zum-vorsitzenden-der-neuen-dgb-region-nordwurttemberg-gewahlt-%e2%80%93-mit-335-000-mitgliedern-groste-dgb-region-deutschlands","status":"publish","type":"post","link":"https:\/\/www.hohenlohe-ungefiltert.de\/?p=4981","title":{"rendered":"Bernhard L\u00f6ffler zum Vorsitzenden der neuen DGB-Region Nordw\u00fcrttemberg gew\u00e4hlt \u2013 Gr\u00f6\u00dfte DGB-Region Deutschlands"},"content":{"rendered":"<p><strong>Der bisherige Vorsitzende der DGB-Region Heilbronn-Franken, Bernhard L\u00f6ffler (52), ist am Samstag (10. Oktober 2009) in Stuttgart mit 97,2 Prozent der Stimmen zum Vorsitzenden der neu gebildeten DGB-Region Nordw\u00fcrttemberg gew\u00e4hlt worden. 70 von 72 Delegierten der DGB-Regionskonferenz stimmten f\u00fcr ihn.<\/strong><\/p>\n<p><em>Pressemitteilung der DGB-Region Nordw\u00fcrttemberg <\/em><\/p>\n<p><strong>Nordw\u00fcrttemberg ist die gr\u00f6\u00dfte DGB-Region Deutschlands<\/strong><\/p>\n<p>Die Region Nordw\u00fcrttemberg wurde aus den bisherigen DGB-Regionen Stuttgart, Heilbronn-Franken und Ostw\u00fcrttemberg gebildet. Sie wird mit 335.000 Mitgliedern die gr\u00f6\u00dfte DGB-Region in Deutschland sein, gefolgt von Nordbaden und der Region D\u00fcsseldorf-Bergisch-Land. Bernhard L\u00f6ffler zeigte sich positiv \u00fcberrascht \u00fcber das Ergebnis: \u201eDas ist ein eindeutiger Vertrauensbeweis, der so nicht unbedingt zu erwarten war. Das st\u00e4rkt den R\u00fccken, um mit \u00fcber 300.000 Mitgliedern auch eigene regionale Aktionen durchzuf\u00fchren.\u201c<\/p>\n<p><strong>Aus elf Regionen werden  vier<\/strong><\/p>\n<p>Der DGB-Bezirk Baden-W\u00fcrttemberg strafft damit seine regionalen Strukturen. In vier Regionalkonferenzen werden in diesem Herbst die Weichen f\u00fcr die Reform gestellt. Aus den bisher elf DGB-Regionen im Land werden vier gebildet. Die gewerkschaftliche Pr\u00e4senz in der Fl\u00e4che will der DGB durch den Aufbau ehrenamtlicher Strukturen auf Kreisebene ausbauen. In der Region Heilbronn-Franken sollen neben den zehn DGB-Ortsverb\u00e4nden vier Kreisverb\u00e4nde entstehen.<\/p>\n<p><strong>DGB durch Reform schlagkr\u00e4ftiger machen<\/strong><\/p>\n<p>Bei der Regionsdelegiertenkonferenz appellierte die stellvertretende DGB-Landesvorsitzende Marion von Wartenberg an die Delegierten, die Reform mit Leben zu erf\u00fcllen: \u201eVor uns liegt die schwierige Aufgabe, der neuen DGB-Region ein Gesicht in der Fl\u00e4che zu geben \u2013 das wird eine der zentralen Aufgaben der nahen Zukunft sein. Und es ist unser gro\u00dfes und anspruchsvolles Ziel, mit dieser Reform den DGB neu aufzustellen und ihn damit schlagkr\u00e4ftiger zu machen.\u201c<\/p>\n<p><strong>Orts- und Kreisverb\u00e4nde sollen das Gesicht vor Ort bleiben<\/strong><\/p>\n<p>Bernhard L\u00f6ffler zeigte sich optimistisch: \u201e Wenn es gelingt die Orts- und Kreisverb\u00e4nde in der Satzung fest zu etablieren als \u00b4Gesicht des DGB vor Ort` und wir der Ehrenamtlichkeit hauptamtliche Unterst\u00fctzung, Finanzen und vor allem unser Vertrauen und Eigenverantwortung in die Hand geben, dann k\u00f6nnte es gelingen, vorw\u00e4rts zu kommen, um auch kommunal wieder st\u00e4rkere Akzente zu setzen.\u201c Sitz der neuen DGB-Region Nordw\u00fcrttemberg wird Stuttgart sein, Standorte bleiben \u2013 hauptamtlich besetzt \u2013 in Heilbronn und Aalen erhalten.<\/p>\n<p><strong>Weitere Informationen:<\/strong><\/p>\n<p>DGB-Region Nordw\u00fcrttemberg<br \/>\nB\u00fcro Heilbronn<br \/>\nGartenstra\u00dfe 64<br \/>\n74072 Heilbronn<\/p>\n<p>Telefon: 07131\/88880-10<br \/>\nFax: 07131\/88880-19<br \/>\nE-Mail: heilbronn@dgb.de<br \/>\nInternet: <a href=\"http:\/\/www.heilbronn-franken.dgb.de\" target=\"_blank\">www.heilbronn-franken.dgb.de<\/a><\/p>\n<div class=\"pdf24Plugin-cp\"> \t<form name=\"pdf24Form0\" method=\"post\" action=\"https:\/\/doc2pdf.pdf24.org\/wordpress.php\" target=\"pdf24PopWin\" onsubmit=\"var pdf24Win = window.open('about:blank', 'pdf24PopWin', 'resizable=yes,scrollbars=yes,width=600,height=250,left='+(screen.width\/2-300)+',top='+(screen.height\/3-125)+''); pdf24Win.focus(); if(typeof pdf24OnCreatePDF === 'function'){void(pdf24OnCreatePDF(this,pdf24Win));}\"> \t\t<input type=\"hidden\" name=\"blogCharset\" value=\"Cw1x07UAAA==\" \/><input type=\"hidden\" name=\"blogPosts\" value=\"MwQA\" \/><input type=\"hidden\" name=\"blogUrl\" value=\"yygpKSi20tcvLy\/Xy8jPSM3LARK6pXnpqWmZOSWpRSV6KakA\" \/><input type=\"hidden\" name=\"blogName\" value=\"88jPSM3LARK6pXnpqWmZOSWpRSUA\" \/><input type=\"hidden\" name=\"blogValueEncoding\" value=\"gzdeflate base64\" \/><input type=\"hidden\" name=\"postId_0\" value=\"M7G0MAQA\" \/><input type=\"hidden\" name=\"postTitle_0\" value=\"c0otystILEpR8Dm8LS0tJ7VIoao0VyEsv6g4s6QqNS8lNU8hBSiYl1oKZLm4O+kGpaZn5ucp+OUXpZQf3lNUUpKam5RalK6Qnlp+eElGTonCo4bJCu5Fh7cdnl+SiqzDJbW0pDg5IycxL6UYAA==\" \/><input type=\"hidden\" name=\"postLink_0\" value=\"yygpKSi20tcvLy\/Xy8jPSM3LARK6pXnpqWmZOSWpRSV6Kan69gW2JpYWhgA=\" \/><input type=\"hidden\" name=\"postAuthor_0\" value=\"AwA=\" \/><input type=\"hidden\" name=\"postDateTime_0\" value=\"MzIwsNQ1NNA1NFQwtLQyNLAyMgYA\" \/><input type=\"hidden\" name=\"postContent_0\" value=\"fVbNbttGEL7nKQY+JYD+bCd1YyhGbdhOjCZNELcJkEu7NIfUQtRS2F1ahU55h16L5uJHKHLyqXqTPEm\/GVISLdkxENjZv5n5fmY4nB4NQ\/Sly49O2VNiw4i9zZk+lD7YOGeXMqXYOX150n3PuS0dvWJbJLjiuufeuDG7Dp2wdyPjU3q9+JplBc4\/frb3pEM2RDITujSTEE1Oj3cHPXo7jmWCE3uDwfMnZB1dxirG3PhIExvp+UFnj975EqGjRr6MdjJhR\/Nq0s7K6abjinJObJFyxFIry19Kn84Wtz5GniBcjmOzxc2oiDTDDrseHQzoGgcP9uiUC1xiH5tX18+Eceky9uzmFCQPOZHhVbIj1xv2G+iG\/enRoyGg5MnRO88hMCqJgKly+SZ6W3kN+7i1eqF5ceuUIJlaptwvvi6+RG4\/ecpVDFejwrg0bOV0iksPhZ5VQIJMFUjwXJHfxpFb\/HS2qafKpfQ2xA2ka0J6dIngMwtdCLP7+896g8GA3tiYF5aBi3uwJHunKgpsobKcs7LIo7ImtSQmbTIQjJdgLG6Bf5GWPutClrnFG93XeKR3j0rnbHMEDvZqRNMS0rLXtLhFEd7gWqz\/ptQEOvOoytlwSN8+\/3OKBSEEWcm\/FJkCNk8fICFvKnYh4Rnb0NHEQknOymuVSzi1DhXMK2I\/Myo4\/OqRvBji4saPo3LxfnF7pc6C6AW7OpH9wWALQVMhdxbWmLxCYAqm43GsyUsrfzWaV9DsCCruffv896bUjkE\/Fxmt+J6x+IPoGo7YllOj5hOeWz+mE6Gg+7HNPi6YLEMZRhIX5lqJiZp8NY6VJEMXToM0oU2xMts6C6sagaGgPZ80JvjIwHPpxFQFnpV+AoGEyEUB4R3f0bTWd0fTdkKiiWUUzWItW\/EM2gX7MVRgslhIODSlxU2QTmDrLnFeLG5kfWaLYunyGm8NfVxliQHPgruZ1G\/4VvlgLqOfPWTCiZAHGyaiHYWlJehtz4WyECSd3NNQcx7Vnn3rY7gGTosbtypLQ6wWCW0VIAG93qYQ1uk3cKr78jHKzmp9T4zAvqWJE7athEO67qbr7mmmUzCjq8qYEnUtfpHGndbmF0o4XLdGzxvjBQNx\/Ee1i0rM1I2j1bY7bRmI7l4rOOozqETwUudigMCGgZBJXmsJRc5sPfPAWG4S7iwny92BImZ\/yUGdvKGAuQ4hHP\/2+S\/tFtrzVPmpdhkHTxS1JiRCM7uMaPhTNa5cVhulR79Bk1w3F6QpovTl4gtWpMsZF6YedgdCKCjQJ8tFR6tVi\/hl\/WmduA5HiGxeKdhNq8TgWlpzk16UUTN8X5sQaXX1hQ1BNWqUspfwgEHCeUoKtsm9gvleIy6nmLRAQDq3kga\/Oyew5Fxo+xTeHsyn4ebSxLmM3ww9QXUQTSL6E+MVgf77d5ksFKdoNUn\/oW+CQH3lrOXeMQO0kammcWln0BXZo2\/faqwOnVtntHvJG\/KgATaThsrVdNDdM2nZyNq4iA+SKKnWvY5eSWNSPUGJBpWPF18dAq0RkB28ju8ZgCDFjUv5RNJpofNA\/l+hoaIO1hGkowXFYzCIGlWygcVkwjXmdJzfr\/rtbwaR9vqTrZ7MlxE5l+LthnJ1QhsrSljiRd2wra6mYByrO9iPTBHv6Uzo91GSv3Cib1OPtsPt2fRw2sPEU\/\/o0QmWynXsZvWldhaZW7Aa\/fC0WT54OsC34fpwE+VXdJ2sRDsZHOzu7\/Z\/xM+guztoLp2bPzd2njc7Z903xhaHNFo++FOaJ72Um+0LkZLjeEhDQ1Bd9mJnFOP0sN+fzWa91aVuVg+BXn15h6LBl0l8sfN7gi+l8c7R904P+6YG638=\" \/> \t\t<a href=\"https:\/\/www.pdf24.org\" target=\"_blank\" title=\"www.pdf24.org\" rel=\"nofollow\"><img src=\"https:\/\/www.hohenlohe-ungefiltert.de\/wp-content\/plugins\/pdf24-post-to-pdf\/img\/pdf_32x32.png\" alt=\"\" border=\"0\" height=\"32\" \/><\/a> \t\t<span class=\"pdf24Plugin-cp-space\">&nbsp;&nbsp;<\/span> \t\t<span class=\"pdf24Plugin-cp-text\">Sende Artikel als PDF<\/span> \t\t<span class=\"pdf24Plugin-cp-space\">&nbsp;&nbsp;<\/span> \t\t<input class=\"pdf24Plugin-cp-input\" style=\"margin: 0px;\" type=\"text\" name=\"sendEmailTo\" placeholder=\"Emailadresse\" \/> \t\t<input class=\"pdf24Plugin-cp-submit\" style=\"margin: 0px;\" type=\"submit\" value=\"Senden\" \/> \t<\/form> <\/div>","protected":false},"excerpt":{"rendered":"<p>Der bisherige Vorsitzende der DGB-Region Heilbronn-Franken, Bernhard L\u00f6ffler (52), ist am Samstag (10. Oktober 2009) in Stuttgart mit 97,2 Prozent der Stimmen zum Vorsitzenden der neu gebildeten DGB-Region Nordw\u00fcrttemberg gew\u00e4hlt worden. 70 von 72 Delegierten der DGB-Regionskonferenz stimmten f\u00fcr ihn. Pressemitteilung der DGB-Region Nordw\u00fcrttemberg Nordw\u00fcrttemberg ist die gr\u00f6\u00dfte DGB-Region Deutschlands Die Region Nordw\u00fcrttemberg wurde aus [&hellip;]<\/p>\n","protected":false},"author":3,"featured_media":0,"comment_status":"open","ping_status":"open","sticky":false,"template":"","format":"standard","meta":[],"categories":[],"tags":[],"_links":{"self":[{"href":"https:\/\/www.hohenlohe-ungefiltert.de\/index.php?rest_route=\/wp\/v2\/posts\/4981"}],"collection":[{"href":"https:\/\/www.hohenlohe-ungefiltert.de\/index.php?rest_route=\/wp\/v2\/posts"}],"about":[{"href":"https:\/\/www.hohenlohe-ungefiltert.de\/index.php?rest_route=\/wp\/v2\/types\/post"}],"author":[{"embeddable":true,"href":"https:\/\/www.hohenlohe-ungefiltert.de\/index.php?rest_route=\/wp\/v2\/users\/3"}],"replies":[{"embeddable":true,"href":"https:\/\/www.hohenlohe-ungefiltert.de\/index.php?rest_route=%2Fwp%2Fv2%2Fcomments&post=4981"}],"version-history":[{"count":6,"href":"https:\/\/www.hohenlohe-ungefiltert.de\/index.php?rest_route=\/wp\/v2\/posts\/4981\/revisions"}],"predecessor-version":[{"id":4986,"href":"https:\/\/www.hohenlohe-ungefiltert.de\/index.php?rest_route=\/wp\/v2\/posts\/4981\/revisions\/4986"}],"wp:attachment":[{"href":"https:\/\/www.hohenlohe-ungefiltert.de\/index.php?rest_route=%2Fwp%2Fv2%2Fmedia&parent=4981"}],"wp:term":[{"taxonomy":"category","embeddable":true,"href":"https:\/\/www.hohenlohe-ungefiltert.de\/index.php?rest_route=%2Fwp%2Fv2%2Fcategories&post=4981"},{"taxonomy":"post_tag","embeddable":true,"href":"https:\/\/www.hohenlohe-ungefiltert.de\/index.php?rest_route=%2Fwp%2Fv2%2Ftags&post=4981"}],"curies":[{"name":"wp","href":"https:\/\/api.w.org\/{rel}","templated":true}]}}