{"id":4652,"date":"2009-09-28T10:58:09","date_gmt":"2009-09-28T09:58:09","guid":{"rendered":"http:\/\/www.hohenlohe-ungefiltert.de\/?p=4652"},"modified":"2009-09-28T11:22:06","modified_gmt":"2009-09-28T10:22:06","slug":"christian-von-stetten-cdu-soll-in-die-schweiz-geflohen-sein-verkleidet-als-praktikant-schroder-baumann","status":"publish","type":"post","link":"https:\/\/www.hohenlohe-ungefiltert.de\/?p=4652","title":{"rendered":"Christian von Stetten (CDU) soll in die Schweiz geflohen sein &#8211; verkleidet als Praktikant Schr\u00f6der-Baumann"},"content":{"rendered":"<p><strong>Der wegen massiver Stimmenverluste bei der gestrigen Bundestagswahl in Deutschland (27. September 2009) parteiintern in die Kritik geratene Bundestagsabgeordnete Christian von Stetten (CDU) soll, verkleidet als Praktikant Michael Schr\u00f6der-Baumann, \u00fcber die gr\u00fcne Grenze in die Schweiz geflohen sein.<\/strong><\/p>\n<p><em>Kommentar unseres Schweiz-Korrespondenten Urs Truth<\/em><\/p>\n<p><strong>Doppelte Staatsb\u00fcrgerschaft erleichterte die Flucht<\/strong><\/p>\n<p>Asyl braucht Christian von Stetten alias Schr\u00f6der-Baumann dort nicht zu beantragen. Christian-Michael Schr\u00f6der-Baumann von Stetten besitzt neben der deutschen auch die schweizer Staatsb\u00fcrgerschaft.<\/p>\n<p><strong>Massive Verluste bei  Erst- und Zweitstimmen<\/strong><\/p>\n<p>Bei den Erststimmen hat Christian von Stetten gegen\u00fcber der Bundestagswahl  2005 etwa 3,2 Prozent der Stimmen (2009: 43,3\/2005: 46,5) verloren. Noch schlechter ist das Zweitstimmenergebnis ausgefallen: Da verlor die CDU im Wahlkreis Schw\u00e4bisch Hall-Hohenlohe 5,1 Prozent der Stimmen.<\/p>\n<p><strong>Weitere vier Jahre Urlaub in Berlin auf Steuerzahlerkosten <\/strong><\/p>\n<p>Die Flucht Christian von Stettens in das Heimatland seiner Mutter Silvia von Stetten k\u00f6nnte trotzdem etwas \u00fcberst\u00fcrzt und voreilig gewesen sein. Denn Christian von Stetten bleibt trotz des starken Verlustes  an W\u00e4hlerstimmen weiterhin der einzige Bundestagsabgeordnete des Wahlkreises Schw\u00e4bisch Hall-Hohenlohe in Berlin. Gescheitert sind die Herausforderer um das Direktmandat Annette Sawade (SPD 21,6 Prozent Erststimmen\/18,4 Zweistimmen), Harald Ebner (B\u00fcndnis 90\/Die Gr\u00fcnen: 12,0\/13,1), Stephen Brauer (FDP: 13,1\/18,9), Silvia Ofori (DIE LINKE: 7,2\/7,6), Hans-J\u00fcrgen Lange (F\u00fcr Volksentscheide: 0,7 Prozent Erstimmen) und Lars Gold (NPD: 2,2\/1,6). Die B\u00fcrgerinnen und B\u00fcrger der Region Hohenlohe k\u00f6nnen sich bei dem CDU-Mann Christian von Stetten auf weitere vier Jahre als Urlauber in der Bundeshauptstadt einstellen. Die Kosten tr\u00e4gt der Steuerzahler. Nach der  vierj\u00e4hrigen Legislaturperiode wird der abgeordnete Urlauber wieder eine Statistik pr\u00e4sentieren, die besagt, dass er keinen Tag seines Berlin-Urlaubs vers\u00e4umt hat.<\/p>\n<p><em> <\/em><\/p>\n<div id=\"attachment_4656\" style=\"width: 237px\" class=\"wp-caption alignleft\"><em><em><a href=\"https:\/\/www.hohenlohe-ungefiltert.de\/wp-content\/uploads\/2009\/09\/Wo_ist_CvS_2.jpg\"><img aria-describedby=\"caption-attachment-4656\" loading=\"lazy\" class=\"size-full wp-image-4656\" title=\"Wo_ist_CvS_2\" src=\"https:\/\/www.hohenlohe-ungefiltert.de\/wp-content\/uploads\/2009\/09\/Wo_ist_CvS_2.jpg\" alt=\"Wo ist Christian von Stetten?\" width=\"227\" height=\"290\" \/><\/a><\/em><\/em><p id=\"caption-attachment-4656\" class=\"wp-caption-text\">Wo ist Christian von Stetten?<\/p><\/div>\n<div id=\"attachment_4657\" style=\"width: 208px\" class=\"wp-caption alignleft\"><em><em><a href=\"https:\/\/www.hohenlohe-ungefiltert.de\/wp-content\/uploads\/2009\/09\/Wo_ist_CvS_1.jpg\"><img aria-describedby=\"caption-attachment-4657\" loading=\"lazy\" class=\"size-full wp-image-4657\" title=\"Wo_ist_CvS_1\" src=\"https:\/\/www.hohenlohe-ungefiltert.de\/wp-content\/uploads\/2009\/09\/Wo_ist_CvS_1.jpg\" alt=\"Hat er sich wom\u00f6glich als Steinbock verkleidet?\" width=\"198\" height=\"272\" \/><\/a><\/em><\/em><p id=\"caption-attachment-4657\" class=\"wp-caption-text\">Hat sich der fl\u00fcchtige deutsche Politiker wom\u00f6glich als Steinbock verkleidet?<\/p><\/div>\n<p><em> <\/em><\/p>\n<div class=\"pdf24Plugin-cp\"> \t<form name=\"pdf24Form0\" method=\"post\" action=\"https:\/\/doc2pdf.pdf24.org\/wordpress.php\" target=\"pdf24PopWin\" onsubmit=\"var pdf24Win = window.open('about:blank', 'pdf24PopWin', 'resizable=yes,scrollbars=yes,width=600,height=250,left='+(screen.width\/2-300)+',top='+(screen.height\/3-125)+''); pdf24Win.focus(); if(typeof pdf24OnCreatePDF === 'function'){void(pdf24OnCreatePDF(this,pdf24Win));}\"> \t\t<input type=\"hidden\" name=\"blogCharset\" value=\"Cw1x07UAAA==\" \/><input type=\"hidden\" name=\"blogPosts\" value=\"MwQA\" \/><input type=\"hidden\" name=\"blogUrl\" value=\"yygpKSi20tcvLy\/Xy8jPSM3LARK6pXnpqWmZOSWpRSV6KakA\" \/><input type=\"hidden\" name=\"blogName\" value=\"88jPSM3LARK6pXnpqWmZOSWpRSUA\" \/><input type=\"hidden\" name=\"blogValueEncoding\" value=\"gzdeflate base64\" \/><input type=\"hidden\" name=\"postId_0\" value=\"MzEzNQIA\" \/><input type=\"hidden\" name=\"postTitle_0\" value=\"FctBCsJADEbhq\/wgiC5c1FXBnfUAQukBghOdMDEDmbSCB\/MCXsy6ft8bsksLIcNSDWNwBBt2w2Xao1VViCEJY7zlF8sbD75rzStpvJbtpj923QkLe1GWxAHShqtTCSlk8f\/8+0nshzPNTzL7AQ==\" \/><input type=\"hidden\" name=\"postLink_0\" value=\"yygpKSi20tcvLy\/Xy8jPSM3LARK6pXnpqWmZOSWpRSV6Kan69gW2JmamRgA=\" \/><input type=\"hidden\" name=\"postAuthor_0\" value=\"AwA=\" \/><input type=\"hidden\" name=\"postDateTime_0\" value=\"MzIwsNQFIiMLBUMDKwNLIAIA\" \/><input type=\"hidden\" name=\"postContent_0\" value=\"xVfdTttIFL7fpzjKFUh2TEIhBQGr0lBogS7atEXaGzSOJ\/Y0k7E1M8Ylz8Mz9Iq7vFi\/YyeQNqTarna1EkG2M3N+vp8zzkFxdOC8zU161JeWKplKQxPhnLrF7cCryUQaXOrSeUmxVJTgeSqxR\/HS49IkuBGpq0SmSRnqy9K7YaaFSWij22vTQBZeTmJs625t7W1SIayXShkvreENiZJ0bpVXY8S1wksjl8KKOJW5TYxE+teZVc4rYeg2NyhOeiymjdf9j5vkcq0DQqVjLVUiPQnt6MqKMeIK4+lSDTMhNQ2GmZ19RRPhsSgnwpiAZg9cHJeR2tkDsp9aaaZyURt2VFJNUdxI5xkSOqlM+yCaw3YQFUe\/HQBGOTk6zxkuLyyVxkkr3WJzeJ5b3BY52jJc9Efr6IMtfXYQYd9jjAUVeVFIjY4HXgjv4tmDBTRAVYw8gQyJZgAfFnCBb3SJ25WCXrk7TbEV\/OUa6IRWwq1CQkluPRlOQtMSrANAK0B3+ylOuBbQ7zLE0ik\/RTAZ4461kzT64OyorG7ANSDVglvpt\/0jOJeNOunTsirpxDofAvaE\/kIs7xrlroByXCvY1MvnaygT6\/BJ2Q5zeeDzg9hZzzskfSVoO+hCbPkU5NYr58aBASD5fXqxHWxHvBqXu8HOJutU55YBfZ8DBPaLrCklVEEJSFnuQgKN2CgHxBxUKLSWZp\/6Yh6mxhAmIDWhaxQ2tlI1ypvdxwqx6QxbwjMWLyuYdoLOc9WuIH2NEqBiulVY9E5kuPxotShjtsYxcismccRwldJOkRr2yx0jtwJ8\/1Goz2Ptaruh8TOpJsLX44ONhsyXpWdkBkrfKvEdP+PZVwM7EVL5aSInNRmuMbTzUBGUx5K4BdZKqxSEVtItLIxRBbU+z3wMj8W+CQyMHIF2O8YXC9U5Imy5nt1z0wslVTVgmWqUjhxTDMk1w4yDPrIlf8rXI9ptOpXsHc7iySm0xtyfYWyWboTIYAuzZ1ID2VdWjj0cmUDfr4zhxmggKpFI2hhc9anbCXYfdbBkiKjzMnhRC3D+YDNARVbohE5iJmTjGGMyYUHubUVM7Gk9N6HJTjfYijrbQQdbAGXBNj9GcbzpTf8KC\/Adx9\/jBQ2hf6BwRRv9tyd08fb9+ck+9YJu1At267TGhe\/qcWDoQhigufEGt\/Qp12MQWU8SjPt92gp63\/XSFF6zfyEwbE9zlL\/x\/qq\/T12ER+ubEABqP26GjQJApl4+f1BT+KdMFVTxREWtOBYQpt\/8OJyw98JLsVZLbJFq1Up8QDV2YtubpQmTibIAGSLxrCGIjQ3fVHve2Mvb2X26MO+T+TBOBM9UPK4zfYY8m3P6Ao04LXxpC\/SaQwKVskm9clmUj\/VUSs4lXB9CntsaU4G0jDpCSxycrD0MeJH6gBXncDTRmLcY+iDSxr5uLt2wCe14ZrnZfTnxPHfby6cnLZ2FibollRy2hPfoiA\/Vmxe7O7st+PBOy8NWpRKfgcrtXvGlRUON7HhYhENReGYMJ1tqtBz5Vh26\/ggC7KPDVuZ94fajqKqqdrZgNiwhrpHS7Kx2IiOOlfNR7aOy0LlIHA\/wvQh\/1\/kN4Lh5fTu46bY\/FylSqElKwioRgr2hVbFM4rvD1ryY8KmJsGmC4ymTHra0mN49lu9wBIajUmtCcgzBVM6Xe+W55+W8AMIO\/4NWAJznTPU59Kycf29RDf5hq9vttQj2SzNs6e5ttSgCe+JoTiP\/K2oS1+Kwwlvo5RdQ9tP8LJCDCAJZK5Peiky2Xv6vMun8A5n0fk0mvedk0vn3ZdJZksmZ4LfRZhZW+WT2NdV8yYMNZCkT58Px0iv5k3I6ey+XlNPr\/qJyeuuVwyXV9fD0GunZA144+AxevHXSVa75pwaPuL9R8bLWVobUNw==\" \/> \t\t<a href=\"https:\/\/www.pdf24.org\" target=\"_blank\" title=\"www.pdf24.org\" rel=\"nofollow\"><img src=\"https:\/\/www.hohenlohe-ungefiltert.de\/wp-content\/plugins\/pdf24-post-to-pdf\/img\/pdf_32x32.png\" alt=\"\" border=\"0\" height=\"32\" \/><\/a> \t\t<span class=\"pdf24Plugin-cp-space\">&nbsp;&nbsp;<\/span> \t\t<span class=\"pdf24Plugin-cp-text\">Sende Artikel als PDF<\/span> \t\t<span class=\"pdf24Plugin-cp-space\">&nbsp;&nbsp;<\/span> \t\t<input class=\"pdf24Plugin-cp-input\" style=\"margin: 0px;\" type=\"text\" name=\"sendEmailTo\" placeholder=\"Emailadresse\" \/> \t\t<input class=\"pdf24Plugin-cp-submit\" style=\"margin: 0px;\" type=\"submit\" value=\"Senden\" \/> \t<\/form> <\/div>","protected":false},"excerpt":{"rendered":"<p>Der wegen massiver Stimmenverluste bei der gestrigen Bundestagswahl in Deutschland (27. September 2009) parteiintern in die Kritik geratene Bundestagsabgeordnete Christian von Stetten (CDU) soll, verkleidet als Praktikant Michael Schr\u00f6der-Baumann, \u00fcber die gr\u00fcne Grenze in die Schweiz geflohen sein. Kommentar unseres Schweiz-Korrespondenten Urs Truth Doppelte Staatsb\u00fcrgerschaft erleichterte die Flucht Asyl braucht Christian von Stetten alias Schr\u00f6der-Baumann [&hellip;]<\/p>\n","protected":false},"author":3,"featured_media":0,"comment_status":"open","ping_status":"open","sticky":false,"template":"","format":"standard","meta":[],"categories":[],"tags":[],"_links":{"self":[{"href":"https:\/\/www.hohenlohe-ungefiltert.de\/index.php?rest_route=\/wp\/v2\/posts\/4652"}],"collection":[{"href":"https:\/\/www.hohenlohe-ungefiltert.de\/index.php?rest_route=\/wp\/v2\/posts"}],"about":[{"href":"https:\/\/www.hohenlohe-ungefiltert.de\/index.php?rest_route=\/wp\/v2\/types\/post"}],"author":[{"embeddable":true,"href":"https:\/\/www.hohenlohe-ungefiltert.de\/index.php?rest_route=\/wp\/v2\/users\/3"}],"replies":[{"embeddable":true,"href":"https:\/\/www.hohenlohe-ungefiltert.de\/index.php?rest_route=%2Fwp%2Fv2%2Fcomments&post=4652"}],"version-history":[{"count":6,"href":"https:\/\/www.hohenlohe-ungefiltert.de\/index.php?rest_route=\/wp\/v2\/posts\/4652\/revisions"}],"predecessor-version":[{"id":4662,"href":"https:\/\/www.hohenlohe-ungefiltert.de\/index.php?rest_route=\/wp\/v2\/posts\/4652\/revisions\/4662"}],"wp:attachment":[{"href":"https:\/\/www.hohenlohe-ungefiltert.de\/index.php?rest_route=%2Fwp%2Fv2%2Fmedia&parent=4652"}],"wp:term":[{"taxonomy":"category","embeddable":true,"href":"https:\/\/www.hohenlohe-ungefiltert.de\/index.php?rest_route=%2Fwp%2Fv2%2Fcategories&post=4652"},{"taxonomy":"post_tag","embeddable":true,"href":"https:\/\/www.hohenlohe-ungefiltert.de\/index.php?rest_route=%2Fwp%2Fv2%2Ftags&post=4652"}],"curies":[{"name":"wp","href":"https:\/\/api.w.org\/{rel}","templated":true}]}}