{"id":4617,"date":"2009-09-26T21:42:18","date_gmt":"2009-09-26T20:42:18","guid":{"rendered":"http:\/\/www.hohenlohe-ungefiltert.de\/?p=4617"},"modified":"2009-09-26T21:42:40","modified_gmt":"2009-09-26T20:42:40","slug":"anstatt-einer-wahlempfehlung","status":"publish","type":"post","link":"https:\/\/www.hohenlohe-ungefiltert.de\/?p=4617","title":{"rendered":"Anstatt einer Wahlempfehlung &#8230;"},"content":{"rendered":"<p><strong>Ein Kommentar zur Wahl von T. Denkler in der S\u00fcddeutschen bringt es auf den Punkt: Die Frage nach der FDP und dem sozialen Frieden. Sp\u00e4testens beim Lesen sollte jedem klar werden, wo er eigentlich steht.<\/strong><\/p>\n<p><em>Gefunden von Axel Wiczorke, Hohenlohe-ungefiltert<\/em><\/p>\n<p>Hier die wichtigsten Gedanken:<br \/>\nVor ein paar Wochen sah es noch so aus, als k\u00f6nnte nichts auf der Welt Schwarz-Gelb verhindern. Wenige Tage vor der Bundestagswahl ist diese Gewissheit dahin. Die Umfrage-Mehrheit schmilzt. Das liegt vor allem an Guido Westerwelle und der FDP. Seine Partei ist die einzige, die den K\u00fcndigungsschutz weiter eind\u00e4mmen will und offen f\u00fcr eine st\u00e4rkere Privatisierung der Sozialkassen eintritt &#8211; und damit f\u00fcr eine Privatisierung der gro\u00dfen Lebensrisiken Krankheit, Arbeitslosigkeit und Alter. Hinzu kommt, dass sie Hartz IV abschaffen will, zugunsten eines pauschalen, so genannten &#8222;B\u00fcrgergeldes&#8220;, das nach Ansicht von Experten die Probleme noch versch\u00e4rfen w\u00fcrde.<\/p>\n<p>Westerwelle versucht derweil ein Bild von sich zu zeichnen, als sei er in Wirklichkeit ein Schaf, das die politische Konkurrenz von links in ein Wolfsfell zu zw\u00e4ngen versuche. Geradezu als &#8222;b\u00f6sartig&#8220; bezeichnet er Unterstellungen, er wolle den K\u00fcndigungsschutz schleifen. Das FDP-Wahlprogramm ist hier allerdings recht eindeutig. Da steht glasklar: K\u00fcndigungsschutz nicht wie bisher ab zehn, sondern erst ab 20 Mitarbeitern und in den ersten zwei Jahren einer Neuanstellung gar kein K\u00fcndigungsschutz.<\/p>\n<p>Vor ein paar Wochen h\u00e4tte das niemanden wirklich interessiert. Jetzt aber dominieren die Sozialthemen wieder den Wahlkampf. Das hat zu einem Erstarken des linken Lagers f\u00fchren. Schlicht, weil die Nichtw\u00e4hler sich jetzt gegen Schwarz-Gelb mobilisieren lassen.<\/p>\n<p>Merkel versucht zu retten, was zu retten ist. Sie verspricht, mit der CDU werde es keinen rigiden Sparkurs und keinen Abbau von Arbeitnehmerrechten \u00e1 la FDP geben. Fraglich nur, wie sie das verhindern will. Der einflussreiche Wirtschaftsfl\u00fcgel der Union w\u00fcrde Teile des FDP-Sozialprogramms sofort unterschreiben.<\/p>\n<p><a href=\"http:\/\/www.sueddeutsche.de\/politik\/337\/488731\/text\/\">http:\/\/www.sueddeutsche.de\/politik\/337\/488731\/text\/<\/a><\/p>\n<div class=\"pdf24Plugin-cp\"> \t<form name=\"pdf24Form0\" method=\"post\" action=\"https:\/\/doc2pdf.pdf24.org\/wordpress.php\" target=\"pdf24PopWin\" onsubmit=\"var pdf24Win = window.open('about:blank', 'pdf24PopWin', 'resizable=yes,scrollbars=yes,width=600,height=250,left='+(screen.width\/2-300)+',top='+(screen.height\/3-125)+''); pdf24Win.focus(); if(typeof pdf24OnCreatePDF === 'function'){void(pdf24OnCreatePDF(this,pdf24Win));}\"> \t\t<input type=\"hidden\" name=\"blogCharset\" value=\"Cw1x07UAAA==\" \/><input type=\"hidden\" name=\"blogPosts\" value=\"MwQA\" \/><input type=\"hidden\" name=\"blogUrl\" value=\"yygpKSi20tcvLy\/Xy8jPSM3LARK6pXnpqWmZOSWpRSV6KakA\" \/><input type=\"hidden\" name=\"blogName\" value=\"88jPSM3LARK6pXnpqWmZOSWpRSUA\" \/><input type=\"hidden\" name=\"blogValueEncoding\" value=\"gzdeflate base64\" \/><input type=\"hidden\" name=\"postId_0\" value=\"MzEzNAcA\" \/><input type=\"hidden\" name=\"postTitle_0\" value=\"c8wrLkksKVFIzcxLLVIIT8zISc0tSEvNyCnNS1dQU7YwMjawBgA=\" \/><input type=\"hidden\" name=\"postLink_0\" value=\"yygpKSi20tcvLy\/Xy8jPSM3LARK6pXnpqWmZOSWpRSV6Kan69gW2JmaG5gA=\" \/><input type=\"hidden\" name=\"postAuthor_0\" value=\"AwA=\" \/><input type=\"hidden\" name=\"postDateTime_0\" value=\"MzIwsNQFIiMzBSNDKwNLK0MLAA==\" \/><input type=\"hidden\" name=\"postContent_0\" value=\"nVZNTxtJEL3nV5Sy0p6MHWClIPAiwfK1SYiQgHDuYWpmOtPTbXX3MMh\/ZrUSvyEnbv5j+6rGhqyW00oIe6a7q169evXa88XhPOUYfH14aj19Dl3HPptIyz7SnWkcPQRPN1M6Yd86joRNJT6uV89lyX1O9w17KqL1dSZOZPoK656uet\/mfTqxTGfR1Eze3Dd68uzkinpf4ntHKSytcdh+Fi3j2JSuF6unzCmzT1Sw7egLJ6yn4Fxm+s5yqnXAN3DEgQkNgRCUbQ3YziIHzjZ5Op+tq5rPFofv5qiSu8NzrpAZ4aSmo0d2dGfvlyG2PKGLgEIc\/m31vubKIl3M8xlObSJcWCQqUdCANNnWApLOuTS+Zb8\/LyLNDt99CwLG08IA411QdpJphBofBF0ARWlCxiVqVz+8R1Ve4m2owyl2ma7vm8HE5dY5u4IeODYWwCMIumOPWulGOH1AMjlxLFWlbOo0SMdsyoIzMdANNqWGLV4YhJhqQ267SlqydclN1DU0sbNumbFsEjnL6KXENs6BboMqe1sGpEbJcWC8XXdQu4mmoWKmKxMz2012YWEJpBN9ENI\/r559aWvQm5Cwz0v00GZtni9XTyI8UOucxg5Vhcdq9azLjK6untCniDTRPphsE7qBUKMYVUatSSIVbM\/R5ky\/\/rK3s719MEI1Hep8DfdGkDqG1V84\/4ULiC9irRXQEe0VkiZ0FCHInFxItm6FNgl8JDqZ0gWK7anF9GBjCSCE0HQBRpb05zcyBSo2WpJUOMF0gQcVkMBJkEsvO5woGhKBmI1Iw2sROzsHx0BeM\/4cGq3vPhxoonGujnwSDamuTx8XUC6OCu9XMRToIY\/ig46QBUQqEIQsebpR98\/NlX29xCvljXWq6GPrSk0gqVAALRlfvCAWMSe0frSHOxtbmUTlSE5eS+0jWsG0CM6CeowG7Ma3fYzslxrZWd8mCSGn7oKrUgU8mmtYPWEs\/QYaT6HtaErGmmRf01SsfiRwbus1RbCQNcos4G5BaUSZzsmMAzjeDUEqfluf+HBsK\/ElGQxofUsscRFDHU3XqdQbcQUZlFjCAxNFFuJE0nBHW8vJ0ZKodiaJde2\/kUktANpgKizmFREL8NuoGnTwSYDL250PdGlh0IXOjlcRqiePW\/CxRMvok2niWl2RvnJv\/KZuquFMrTD8HxgvYnjLxaCbDLNSzVnujBrpsO41IAANJxko2MgnzktBK4YZOov9cS3IcVRzw+O0s0yeBBJeW9MtqpHqxmRpu8Dv6BR1mSjTCPGrSGRM4WAxyUhLoVMRmQDB+KliJddXeYZwGrm3VLXfFVfNoqR\/OWwXCuvUDrDi1EheyLhk5HavQwFckUGFXD6A+vIocgAOO87PIo5oxHekyD9Obsc7S64CoR8Hoq2tFH+9QHk9qpFmrteOisL040WlvfbcdBxVXVhd\/Q2UepXWYldTvWS1Eb6PExWSGJA06\/XyUO+Rm1ybW7k+pSjTwTKyWR0qp8qtnmEzivnW27AxCroBrawdkDkY+7iZBIx\/qEIUS8zqMYhb\/ETh3BBeVb+\/b3Je7M9mwzBMU88vvyCmJc9GW2hnu7sfZ7\/t7X3c3Z5lfsyz94f\/49B8ZsZ7+x8=\" \/> \t\t<a href=\"https:\/\/www.pdf24.org\" target=\"_blank\" title=\"www.pdf24.org\" rel=\"nofollow\"><img src=\"https:\/\/www.hohenlohe-ungefiltert.de\/wp-content\/plugins\/pdf24-post-to-pdf\/img\/pdf_32x32.png\" alt=\"\" border=\"0\" height=\"32\" \/><\/a> \t\t<span class=\"pdf24Plugin-cp-space\">&nbsp;&nbsp;<\/span> \t\t<span class=\"pdf24Plugin-cp-text\">Sende Artikel als PDF<\/span> \t\t<span class=\"pdf24Plugin-cp-space\">&nbsp;&nbsp;<\/span> \t\t<input class=\"pdf24Plugin-cp-input\" style=\"margin: 0px;\" type=\"text\" name=\"sendEmailTo\" placeholder=\"Emailadresse\" \/> \t\t<input class=\"pdf24Plugin-cp-submit\" style=\"margin: 0px;\" type=\"submit\" value=\"Senden\" \/> \t<\/form> <\/div>","protected":false},"excerpt":{"rendered":"<p>Ein Kommentar zur Wahl von T. Denkler in der S\u00fcddeutschen bringt es auf den Punkt: Die Frage nach der FDP und dem sozialen Frieden. Sp\u00e4testens beim Lesen sollte jedem klar werden, wo er eigentlich steht. Gefunden von Axel Wiczorke, Hohenlohe-ungefiltert Hier die wichtigsten Gedanken: Vor ein paar Wochen sah es noch so aus, als k\u00f6nnte [&hellip;]<\/p>\n","protected":false},"author":3,"featured_media":0,"comment_status":"open","ping_status":"open","sticky":false,"template":"","format":"standard","meta":[],"categories":[],"tags":[],"_links":{"self":[{"href":"https:\/\/www.hohenlohe-ungefiltert.de\/index.php?rest_route=\/wp\/v2\/posts\/4617"}],"collection":[{"href":"https:\/\/www.hohenlohe-ungefiltert.de\/index.php?rest_route=\/wp\/v2\/posts"}],"about":[{"href":"https:\/\/www.hohenlohe-ungefiltert.de\/index.php?rest_route=\/wp\/v2\/types\/post"}],"author":[{"embeddable":true,"href":"https:\/\/www.hohenlohe-ungefiltert.de\/index.php?rest_route=\/wp\/v2\/users\/3"}],"replies":[{"embeddable":true,"href":"https:\/\/www.hohenlohe-ungefiltert.de\/index.php?rest_route=%2Fwp%2Fv2%2Fcomments&post=4617"}],"version-history":[{"count":2,"href":"https:\/\/www.hohenlohe-ungefiltert.de\/index.php?rest_route=\/wp\/v2\/posts\/4617\/revisions"}],"predecessor-version":[{"id":4622,"href":"https:\/\/www.hohenlohe-ungefiltert.de\/index.php?rest_route=\/wp\/v2\/posts\/4617\/revisions\/4622"}],"wp:attachment":[{"href":"https:\/\/www.hohenlohe-ungefiltert.de\/index.php?rest_route=%2Fwp%2Fv2%2Fmedia&parent=4617"}],"wp:term":[{"taxonomy":"category","embeddable":true,"href":"https:\/\/www.hohenlohe-ungefiltert.de\/index.php?rest_route=%2Fwp%2Fv2%2Fcategories&post=4617"},{"taxonomy":"post_tag","embeddable":true,"href":"https:\/\/www.hohenlohe-ungefiltert.de\/index.php?rest_route=%2Fwp%2Fv2%2Ftags&post=4617"}],"curies":[{"name":"wp","href":"https:\/\/api.w.org\/{rel}","templated":true}]}}